{"id":1279,"date":"2023-12-18T11:41:08","date_gmt":"2023-12-18T14:41:08","guid":{"rendered":"https:\/\/fmgente.com.ar\/?p=1279"},"modified":"2023-12-18T11:41:08","modified_gmt":"2023-12-18T14:41:08","slug":"la-upc-tiene-un-equipo-de-acompanamiento-gratuito-para-sus-estudiantes","status":"publish","type":"post","link":"https:\/\/fmgente.com.ar\/web\/la-upc-tiene-un-equipo-de-acompanamiento-gratuito-para-sus-estudiantes\/","title":{"rendered":"La UPC tiene un equipo de acompa\u00f1amiento gratuito para sus estudiantes"},"content":{"rendered":"<article id=\"post-579922\" class=\"post-579922 post type-post status-publish format-standard has-post-thumbnail hentry category-informacion-general category-no-home ast-article-single\">\n<div class=\"ast-post-format- single-layout-1\">\n<div class=\"entry-content clear\">\n<p>O.V.O.E (Orientaci\u00f3n Vocacional, Ocupacional y Educativa) es un programa gratuito para estudiantes de la universidad Provincial de C\u00f3rdoba (UPC), all\u00ed, los estudiantes encuentran un equipo interdisciplinario que te acompa\u00f1a y orienta en torno a inquietudes, dificultades y problem\u00e1ticas que afecten el transitar universitario.<\/p>\n<p>Los alumnos pueden hablar sobre tem\u00e1ticas afines a su itinerario formativo,camino por la facultad, abordar asuntos vocacionales, dificultades con los ex\u00e1menes, situaciones emocionales, conocer o mejorar estrategias de aprendizaje, entre otros.<\/p>\n<p><strong>\u00bfDe qu\u00e9 se trata el O.V.O.E.?<\/strong><\/p>\n<p>Es un espacio para los estudiantes de la UPC donde podr\u00e1n plantear inquietudes y problem\u00e1ticas que est\u00e1n atravesando y que creen que les afecta en sus estudios.<\/p>\n<p><strong>\u00bfSobre qu\u00e9 temas puedo hablar con las profesionales del O.V.O.E?<\/strong><\/p>\n<p>Pod\u00e9s hablar sobre tem\u00e1ticas afines a\u00a0 tu\u00a0 itinerario formativo, a tu camino por la facultad, conocer o mejorar estrategias de aprendizaje, abordar asuntos vocacionales o dificultades con los ex\u00e1menes, entre otros<\/p>\n<p><strong>\u00bfQu\u00e9 modalidades de atenci\u00f3n tiene el programa?<\/strong><\/p>\n<p>Presencial o virtual<\/p>\n<p><strong>\u00bfQui\u00e9nes son?<\/strong><\/p>\n<p>Un equipo interdisciplinario integrado por: Mgter. Esp.\u00a0 Viviana Pasquale \u2013 Lic. Victoria Romero \u2013 Esp. Carolina Trigueros -Lic. Sara M\u00e9ndez -Esp. Carolina Ach\u00e1val<\/p>\n<p><strong>Forma de contacto<\/strong><\/p>\n<p>Para mayor informaci\u00f3n, pod\u00e9s escribir a programaovoe@upc.edu.ar<\/p>\n<\/div>\n<\/div>\n<\/article>\n<p><script async src=\"https:\/\/pagead2.googlesyndication.com\/pagead\/js\/adsbygoogle.js?client=ca-pub-6190387823963118\" crossorigin=\"anonymous\"><\/script><br \/>\n<!-- publi horizontal --><br \/>\n<ins class=\"adsbygoogle\" style=\"display: block;\" data-ad-client=\"ca-pub-6190387823963118\" data-ad-slot=\"1318105772\" data-ad-format=\"auto\" data-full-width-responsive=\"true\"><\/ins><br \/>\n<script>\n     (adsbygoogle = window.adsbygoogle || []).push({});\n<\/script><\/p>\n","protected":false},"excerpt":{"rendered":"<p>O.V.O.E (Orientaci\u00f3n Vocacional, Ocupacional y Educativa) es un programa gratuito para estudiantes de la universidad<\/p>\n","protected":false},"author":2,"featured_media":1280,"comment_status":"closed","ping_status":"closed","sticky":false,"template":"","format":"standard","meta":{"footnotes":""},"categories":[11],"tags":[1150,617,1151,1149,1148],"class_list":["post-1279","post","type-post","status-publish","format-standard","has-post-thumbnail","hentry","category-destacadas","tag-equipode-acompanamiento","tag-estudiantes","tag-ovoe","tag-universidad-provincial-de-cordoba","tag-upc"],"yoast_head":"<!-- This site is optimized with the Yoast SEO plugin v27.4 - https:\/\/yoast.com\/product\/yoast-seo-wordpress\/ -->\n<title>La UPC tiene un equipo de acompa\u00f1amiento gratuito para sus estudiantes - Fm Gente<\/title>\n<meta name=\"robots\" content=\"index, follow, max-snippet:-1, max-image-preview:large, max-video-preview:-1\" \/>\n<link rel=\"canonical\" href=\"https:\/\/fmgente.com.ar\/web\/la-upc-tiene-un-equipo-de-acompanamiento-gratuito-para-sus-estudiantes\/\" \/>\n<meta property=\"og:locale\" content=\"es_ES\" \/>\n<meta property=\"og:type\" content=\"article\" \/>\n<meta property=\"og:title\" content=\"La UPC tiene un equipo de acompa\u00f1amiento gratuito para sus estudiantes - Fm Gente\" \/>\n<meta property=\"og:description\" content=\"O.V.O.E (Orientaci\u00f3n Vocacional, Ocupacional y Educativa) es un programa gratuito para estudiantes de la universidad\" \/>\n<meta property=\"og:url\" content=\"https:\/\/fmgente.com.ar\/web\/la-upc-tiene-un-equipo-de-acompanamiento-gratuito-para-sus-estudiantes\/\" \/>\n<meta property=\"og:site_name\" content=\"Fm Gente\" \/>\n<meta property=\"article:published_time\" content=\"2023-12-18T14:41:08+00:00\" \/>\n<meta property=\"og:image\" content=\"https:\/\/fmgente.com.ar\/web\/wp-content\/uploads\/2023\/12\/UPC-frente-scaled.jpg\" \/>\n\t<meta property=\"og:image:width\" content=\"2560\" \/>\n\t<meta property=\"og:image:height\" content=\"1707\" \/>\n\t<meta property=\"og:image:type\" content=\"image\/jpeg\" \/>\n<meta name=\"author\" content=\"Adri\u00e1n Hern\u00e1ndez\" \/>\n<meta name=\"twitter:card\" content=\"summary_large_image\" \/>\n<meta name=\"twitter:label1\" content=\"Escrito por\" \/>\n\t<meta name=\"twitter:data1\" content=\"Adri\u00e1n Hern\u00e1ndez\" \/>\n\t<meta name=\"twitter:label2\" content=\"Tiempo de lectura\" \/>\n\t<meta name=\"twitter:data2\" content=\"2 minutos\" \/>\n<script type=\"application\/ld+json\" class=\"yoast-schema-graph\">{\"@context\":\"https:\\\/\\\/schema.org\",\"@graph\":[{\"@type\":\"Article\",\"@id\":\"https:\\\/\\\/fmgente.com.ar\\\/web\\\/la-upc-tiene-un-equipo-de-acompanamiento-gratuito-para-sus-estudiantes\\\/#article\",\"isPartOf\":{\"@id\":\"https:\\\/\\\/fmgente.com.ar\\\/web\\\/la-upc-tiene-un-equipo-de-acompanamiento-gratuito-para-sus-estudiantes\\\/\"},\"author\":{\"name\":\"Adri\u00e1n Hern\u00e1ndez\",\"@id\":\"https:\\\/\\\/fmgente.com.ar\\\/web\\\/#\\\/schema\\\/person\\\/ba03fa75c17effdaafbd6daa1d78c508\"},\"headline\":\"La UPC tiene un equipo de acompa\u00f1amiento gratuito para sus estudiantes\",\"datePublished\":\"2023-12-18T14:41:08+00:00\",\"mainEntityOfPage\":{\"@id\":\"https:\\\/\\\/fmgente.com.ar\\\/web\\\/la-upc-tiene-un-equipo-de-acompanamiento-gratuito-para-sus-estudiantes\\\/\"},\"wordCount\":234,\"publisher\":{\"@id\":\"https:\\\/\\\/fmgente.com.ar\\\/web\\\/#organization\"},\"image\":{\"@id\":\"https:\\\/\\\/fmgente.com.ar\\\/web\\\/la-upc-tiene-un-equipo-de-acompanamiento-gratuito-para-sus-estudiantes\\\/#primaryimage\"},\"thumbnailUrl\":\"https:\\\/\\\/fmgente.com.ar\\\/web\\\/wp-content\\\/uploads\\\/2023\\\/12\\\/UPC-frente-scaled.jpg\",\"keywords\":[\"equipode acompa\u00f1amiento\",\"estudiantes\",\"OVOE\",\"Universidad Provincial de C\u00f3rdoba\",\"UPC\"],\"articleSection\":[\"DESTACADAS\"],\"inLanguage\":\"es\"},{\"@type\":\"WebPage\",\"@id\":\"https:\\\/\\\/fmgente.com.ar\\\/web\\\/la-upc-tiene-un-equipo-de-acompanamiento-gratuito-para-sus-estudiantes\\\/\",\"url\":\"https:\\\/\\\/fmgente.com.ar\\\/web\\\/la-upc-tiene-un-equipo-de-acompanamiento-gratuito-para-sus-estudiantes\\\/\",\"name\":\"La UPC tiene un equipo de acompa\u00f1amiento gratuito para sus estudiantes - Fm Gente\",\"isPartOf\":{\"@id\":\"https:\\\/\\\/fmgente.com.ar\\\/web\\\/#website\"},\"primaryImageOfPage\":{\"@id\":\"https:\\\/\\\/fmgente.com.ar\\\/web\\\/la-upc-tiene-un-equipo-de-acompanamiento-gratuito-para-sus-estudiantes\\\/#primaryimage\"},\"image\":{\"@id\":\"https:\\\/\\\/fmgente.com.ar\\\/web\\\/la-upc-tiene-un-equipo-de-acompanamiento-gratuito-para-sus-estudiantes\\\/#primaryimage\"},\"thumbnailUrl\":\"https:\\\/\\\/fmgente.com.ar\\\/web\\\/wp-content\\\/uploads\\\/2023\\\/12\\\/UPC-frente-scaled.jpg\",\"datePublished\":\"2023-12-18T14:41:08+00:00\",\"inLanguage\":\"es\",\"potentialAction\":[{\"@type\":\"ReadAction\",\"target\":[\"https:\\\/\\\/fmgente.com.ar\\\/web\\\/la-upc-tiene-un-equipo-de-acompanamiento-gratuito-para-sus-estudiantes\\\/\"]}]},{\"@type\":\"ImageObject\",\"inLanguage\":\"es\",\"@id\":\"https:\\\/\\\/fmgente.com.ar\\\/web\\\/la-upc-tiene-un-equipo-de-acompanamiento-gratuito-para-sus-estudiantes\\\/#primaryimage\",\"url\":\"https:\\\/\\\/fmgente.com.ar\\\/web\\\/wp-content\\\/uploads\\\/2023\\\/12\\\/UPC-frente-scaled.jpg\",\"contentUrl\":\"https:\\\/\\\/fmgente.com.ar\\\/web\\\/wp-content\\\/uploads\\\/2023\\\/12\\\/UPC-frente-scaled.jpg\",\"width\":2560,\"height\":1707},{\"@type\":\"WebSite\",\"@id\":\"https:\\\/\\\/fmgente.com.ar\\\/web\\\/#website\",\"url\":\"https:\\\/\\\/fmgente.com.ar\\\/web\\\/\",\"name\":\"Fm Gente\",\"description\":\"- Jes\u00fas Mar\u00eda\",\"publisher\":{\"@id\":\"https:\\\/\\\/fmgente.com.ar\\\/web\\\/#organization\"},\"potentialAction\":[{\"@type\":\"SearchAction\",\"target\":{\"@type\":\"EntryPoint\",\"urlTemplate\":\"https:\\\/\\\/fmgente.com.ar\\\/web\\\/?s={search_term_string}\"},\"query-input\":{\"@type\":\"PropertyValueSpecification\",\"valueRequired\":true,\"valueName\":\"search_term_string\"}}],\"inLanguage\":\"es\"},{\"@type\":\"Organization\",\"@id\":\"https:\\\/\\\/fmgente.com.ar\\\/web\\\/#organization\",\"name\":\"Fm Gente\",\"url\":\"https:\\\/\\\/fmgente.com.ar\\\/web\\\/\",\"logo\":{\"@type\":\"ImageObject\",\"inLanguage\":\"es\",\"@id\":\"https:\\\/\\\/fmgente.com.ar\\\/web\\\/#\\\/schema\\\/logo\\\/image\\\/\",\"url\":\"https:\\\/\\\/fmgente.com.ar\\\/web\\\/wp-content\\\/uploads\\\/2023\\\/07\\\/cropped-cropped-logo-sombra2.png\",\"contentUrl\":\"https:\\\/\\\/fmgente.com.ar\\\/web\\\/wp-content\\\/uploads\\\/2023\\\/07\\\/cropped-cropped-logo-sombra2.png\",\"width\":1782,\"height\":1782,\"caption\":\"Fm Gente\"},\"image\":{\"@id\":\"https:\\\/\\\/fmgente.com.ar\\\/web\\\/#\\\/schema\\\/logo\\\/image\\\/\"}},{\"@type\":\"Person\",\"@id\":\"https:\\\/\\\/fmgente.com.ar\\\/web\\\/#\\\/schema\\\/person\\\/ba03fa75c17effdaafbd6daa1d78c508\",\"name\":\"Adri\u00e1n Hern\u00e1ndez\",\"url\":\"https:\\\/\\\/fmgente.com.ar\\\/web\\\/author\\\/c1601891\\\/\"}]}<\/script>\n<!-- \/ Yoast SEO plugin. -->","yoast_head_json":{"title":"La UPC tiene un equipo de acompa\u00f1amiento gratuito para sus estudiantes - Fm Gente","robots":{"index":"index","follow":"follow","max-snippet":"max-snippet:-1","max-image-preview":"max-image-preview:large","max-video-preview":"max-video-preview:-1"},"canonical":"https:\/\/fmgente.com.ar\/web\/la-upc-tiene-un-equipo-de-acompanamiento-gratuito-para-sus-estudiantes\/","og_locale":"es_ES","og_type":"article","og_title":"La UPC tiene un equipo de acompa\u00f1amiento gratuito para sus estudiantes - Fm Gente","og_description":"O.V.O.E (Orientaci\u00f3n Vocacional, Ocupacional y Educativa) es un programa gratuito para estudiantes de la universidad","og_url":"https:\/\/fmgente.com.ar\/web\/la-upc-tiene-un-equipo-de-acompanamiento-gratuito-para-sus-estudiantes\/","og_site_name":"Fm Gente","article_published_time":"2023-12-18T14:41:08+00:00","og_image":[{"width":2560,"height":1707,"url":"https:\/\/fmgente.com.ar\/web\/wp-content\/uploads\/2023\/12\/UPC-frente-scaled.jpg","type":"image\/jpeg"}],"author":"Adri\u00e1n Hern\u00e1ndez","twitter_card":"summary_large_image","twitter_misc":{"Escrito por":"Adri\u00e1n Hern\u00e1ndez","Tiempo de lectura":"2 minutos"},"schema":{"@context":"https:\/\/schema.org","@graph":[{"@type":"Article","@id":"https:\/\/fmgente.com.ar\/web\/la-upc-tiene-un-equipo-de-acompanamiento-gratuito-para-sus-estudiantes\/#article","isPartOf":{"@id":"https:\/\/fmgente.com.ar\/web\/la-upc-tiene-un-equipo-de-acompanamiento-gratuito-para-sus-estudiantes\/"},"author":{"name":"Adri\u00e1n Hern\u00e1ndez","@id":"https:\/\/fmgente.com.ar\/web\/#\/schema\/person\/ba03fa75c17effdaafbd6daa1d78c508"},"headline":"La UPC tiene un equipo de acompa\u00f1amiento gratuito para sus estudiantes","datePublished":"2023-12-18T14:41:08+00:00","mainEntityOfPage":{"@id":"https:\/\/fmgente.com.ar\/web\/la-upc-tiene-un-equipo-de-acompanamiento-gratuito-para-sus-estudiantes\/"},"wordCount":234,"publisher":{"@id":"https:\/\/fmgente.com.ar\/web\/#organization"},"image":{"@id":"https:\/\/fmgente.com.ar\/web\/la-upc-tiene-un-equipo-de-acompanamiento-gratuito-para-sus-estudiantes\/#primaryimage"},"thumbnailUrl":"https:\/\/fmgente.com.ar\/web\/wp-content\/uploads\/2023\/12\/UPC-frente-scaled.jpg","keywords":["equipode acompa\u00f1amiento","estudiantes","OVOE","Universidad Provincial de C\u00f3rdoba","UPC"],"articleSection":["DESTACADAS"],"inLanguage":"es"},{"@type":"WebPage","@id":"https:\/\/fmgente.com.ar\/web\/la-upc-tiene-un-equipo-de-acompanamiento-gratuito-para-sus-estudiantes\/","url":"https:\/\/fmgente.com.ar\/web\/la-upc-tiene-un-equipo-de-acompanamiento-gratuito-para-sus-estudiantes\/","name":"La UPC tiene un equipo de acompa\u00f1amiento gratuito para sus estudiantes - Fm Gente","isPartOf":{"@id":"https:\/\/fmgente.com.ar\/web\/#website"},"primaryImageOfPage":{"@id":"https:\/\/fmgente.com.ar\/web\/la-upc-tiene-un-equipo-de-acompanamiento-gratuito-para-sus-estudiantes\/#primaryimage"},"image":{"@id":"https:\/\/fmgente.com.ar\/web\/la-upc-tiene-un-equipo-de-acompanamiento-gratuito-para-sus-estudiantes\/#primaryimage"},"thumbnailUrl":"https:\/\/fmgente.com.ar\/web\/wp-content\/uploads\/2023\/12\/UPC-frente-scaled.jpg","datePublished":"2023-12-18T14:41:08+00:00","inLanguage":"es","potentialAction":[{"@type":"ReadAction","target":["https:\/\/fmgente.com.ar\/web\/la-upc-tiene-un-equipo-de-acompanamiento-gratuito-para-sus-estudiantes\/"]}]},{"@type":"ImageObject","inLanguage":"es","@id":"https:\/\/fmgente.com.ar\/web\/la-upc-tiene-un-equipo-de-acompanamiento-gratuito-para-sus-estudiantes\/#primaryimage","url":"https:\/\/fmgente.com.ar\/web\/wp-content\/uploads\/2023\/12\/UPC-frente-scaled.jpg","contentUrl":"https:\/\/fmgente.com.ar\/web\/wp-content\/uploads\/2023\/12\/UPC-frente-scaled.jpg","width":2560,"height":1707},{"@type":"WebSite","@id":"https:\/\/fmgente.com.ar\/web\/#website","url":"https:\/\/fmgente.com.ar\/web\/","name":"Fm Gente","description":"- Jes\u00fas Mar\u00eda","publisher":{"@id":"https:\/\/fmgente.com.ar\/web\/#organization"},"potentialAction":[{"@type":"SearchAction","target":{"@type":"EntryPoint","urlTemplate":"https:\/\/fmgente.com.ar\/web\/?s={search_term_string}"},"query-input":{"@type":"PropertyValueSpecification","valueRequired":true,"valueName":"search_term_string"}}],"inLanguage":"es"},{"@type":"Organization","@id":"https:\/\/fmgente.com.ar\/web\/#organization","name":"Fm Gente","url":"https:\/\/fmgente.com.ar\/web\/","logo":{"@type":"ImageObject","inLanguage":"es","@id":"https:\/\/fmgente.com.ar\/web\/#\/schema\/logo\/image\/","url":"https:\/\/fmgente.com.ar\/web\/wp-content\/uploads\/2023\/07\/cropped-cropped-logo-sombra2.png","contentUrl":"https:\/\/fmgente.com.ar\/web\/wp-content\/uploads\/2023\/07\/cropped-cropped-logo-sombra2.png","width":1782,"height":1782,"caption":"Fm Gente"},"image":{"@id":"https:\/\/fmgente.com.ar\/web\/#\/schema\/logo\/image\/"}},{"@type":"Person","@id":"https:\/\/fmgente.com.ar\/web\/#\/schema\/person\/ba03fa75c17effdaafbd6daa1d78c508","name":"Adri\u00e1n Hern\u00e1ndez","url":"https:\/\/fmgente.com.ar\/web\/author\/c1601891\/"}]}},"_links":{"self":[{"href":"https:\/\/fmgente.com.ar\/web\/wp-json\/wp\/v2\/posts\/1279","targetHints":{"allow":["GET"]}}],"collection":[{"href":"https:\/\/fmgente.com.ar\/web\/wp-json\/wp\/v2\/posts"}],"about":[{"href":"https:\/\/fmgente.com.ar\/web\/wp-json\/wp\/v2\/types\/post"}],"author":[{"embeddable":true,"href":"https:\/\/fmgente.com.ar\/web\/wp-json\/wp\/v2\/users\/2"}],"replies":[{"embeddable":true,"href":"https:\/\/fmgente.com.ar\/web\/wp-json\/wp\/v2\/comments?post=1279"}],"version-history":[{"count":1,"href":"https:\/\/fmgente.com.ar\/web\/wp-json\/wp\/v2\/posts\/1279\/revisions"}],"predecessor-version":[{"id":1281,"href":"https:\/\/fmgente.com.ar\/web\/wp-json\/wp\/v2\/posts\/1279\/revisions\/1281"}],"wp:featuredmedia":[{"embeddable":true,"href":"https:\/\/fmgente.com.ar\/web\/wp-json\/wp\/v2\/media\/1280"}],"wp:attachment":[{"href":"https:\/\/fmgente.com.ar\/web\/wp-json\/wp\/v2\/media?parent=1279"}],"wp:term":[{"taxonomy":"category","embeddable":true,"href":"https:\/\/fmgente.com.ar\/web\/wp-json\/wp\/v2\/categories?post=1279"},{"taxonomy":"post_tag","embeddable":true,"href":"https:\/\/fmgente.com.ar\/web\/wp-json\/wp\/v2\/tags?post=1279"}],"curies":[{"name":"wp","href":"https:\/\/api.w.org\/{rel}","templated":true}]}}