{"id":1272,"date":"2023-12-14T07:23:25","date_gmt":"2023-12-14T10:23:25","guid":{"rendered":"https:\/\/fmgente.com.ar\/?p=1272"},"modified":"2023-12-14T07:23:25","modified_gmt":"2023-12-14T10:23:25","slug":"federico-zarate-puso-en-funciones-a-subsecretarios-y-directores","status":"publish","type":"post","link":"https:\/\/fmgente.com.ar\/web\/federico-zarate-puso-en-funciones-a-subsecretarios-y-directores\/","title":{"rendered":"Federico Z\u00e1rate puso en funciones a subsecretarios y directores"},"content":{"rendered":"<p>El intendente Federico Z\u00e1rate tom\u00f3 juramento en la ma\u00f1ana de hoy a Subsecretarios y Directores que se suman al gabinete municipal. El acto administrativo de asunci\u00f3n y jura se llev\u00f3 a cabo en el Nido de Sierras y Parques con la presencia de secretarios, equipos de trabajo y familiares de los jurantes.<\/p>\n<p>&nbsp;<\/p>\n<p>Juraron:<\/p>\n<p>Betina Mar\u00eda Larrosa como Subsecretaria de Gobierno.<br \/>\nRicardo Jos\u00e9 Zoldano Garc\u00eda como Subsecretario de Salud y Calidad de Vida.<br \/>\nMariana Soledad Kinen como Subsecretaria de Obras P\u00fablicas.<br \/>\nOscar Osvaldo Peralta como Subsecretario de Gesti\u00f3n Ambiental, Higiene Urbana y Servicios P\u00fablicos.<br \/>\nMelisa Natal\u00ed Soler como Directora de Turismo.<br \/>\nC\u00e9sar Enrique Rizzi como Director de Cultura.<br \/>\nAgust\u00edn Sosa en la Direcci\u00f3n de Pol\u00edticas Sociales.<br \/>\nPablo Jos\u00e9 Fassi en la Direcci\u00f3n de Recursos Tributarios.<br \/>\nH\u00e9ctor Osvaldo Cejas en la Direcci\u00f3n de Tr\u00e1nsito, Control Urbano y Gesti\u00f3n Integral de Riesgos.<\/p>\n<p>El equipo integra a personas que vienen ejerciendo sus funciones en la gesti\u00f3n anterior, renovando su compromiso y responsabilidad para trabajar por la ciudad cuatro a\u00f1os m\u00e1s y a nuevos referentes en la Subsecretar\u00eda de Salud y Calidad de Vida y las direcciones de Cultura y Pol\u00edticas Sociales.<\/p>\n<p>&nbsp;<\/p>\n<p><img loading=\"lazy\" decoding=\"async\" class=\"alignnone size-full wp-image-82883\" src=\"https:\/\/www.radiocadenanorte.com\/wp-content\/uploads\/2023\/12\/3e38779d-3798-4c75-aeae-a825ec8e2540.jpg\" sizes=\"auto, (max-width: 1600px) 100vw, 1600px\" srcset=\"https:\/\/www.radiocadenanorte.com\/wp-content\/uploads\/2023\/12\/3e38779d-3798-4c75-aeae-a825ec8e2540.jpg 1600w, https:\/\/www.radiocadenanorte.com\/wp-content\/uploads\/2023\/12\/3e38779d-3798-4c75-aeae-a825ec8e2540-300x225.jpg 300w, https:\/\/www.radiocadenanorte.com\/wp-content\/uploads\/2023\/12\/3e38779d-3798-4c75-aeae-a825ec8e2540-1024x768.jpg 1024w, https:\/\/www.radiocadenanorte.com\/wp-content\/uploads\/2023\/12\/3e38779d-3798-4c75-aeae-a825ec8e2540-768x576.jpg 768w, https:\/\/www.radiocadenanorte.com\/wp-content\/uploads\/2023\/12\/3e38779d-3798-4c75-aeae-a825ec8e2540-1536x1152.jpg 1536w\" alt=\"\" width=\"1600\" height=\"1200\" \/>\u00a0<img loading=\"lazy\" decoding=\"async\" class=\"alignnone size-full wp-image-82884\" src=\"https:\/\/www.radiocadenanorte.com\/wp-content\/uploads\/2023\/12\/4aa94fea-1876-4529-a8e9-d3387aca8d03.jpg\" sizes=\"auto, (max-width: 1600px) 100vw, 1600px\" srcset=\"https:\/\/www.radiocadenanorte.com\/wp-content\/uploads\/2023\/12\/4aa94fea-1876-4529-a8e9-d3387aca8d03.jpg 1600w, https:\/\/www.radiocadenanorte.com\/wp-content\/uploads\/2023\/12\/4aa94fea-1876-4529-a8e9-d3387aca8d03-300x225.jpg 300w, https:\/\/www.radiocadenanorte.com\/wp-content\/uploads\/2023\/12\/4aa94fea-1876-4529-a8e9-d3387aca8d03-1024x768.jpg 1024w, https:\/\/www.radiocadenanorte.com\/wp-content\/uploads\/2023\/12\/4aa94fea-1876-4529-a8e9-d3387aca8d03-768x576.jpg 768w, https:\/\/www.radiocadenanorte.com\/wp-content\/uploads\/2023\/12\/4aa94fea-1876-4529-a8e9-d3387aca8d03-1536x1152.jpg 1536w\" alt=\"\" width=\"1600\" height=\"1200\" \/>\u00a0<img loading=\"lazy\" decoding=\"async\" class=\"alignnone size-full wp-image-82885\" src=\"https:\/\/www.radiocadenanorte.com\/wp-content\/uploads\/2023\/12\/7a8441fc-92d9-41ab-a859-7a49d6b4ec67.jpg\" sizes=\"auto, (max-width: 1600px) 100vw, 1600px\" srcset=\"https:\/\/www.radiocadenanorte.com\/wp-content\/uploads\/2023\/12\/7a8441fc-92d9-41ab-a859-7a49d6b4ec67.jpg 1600w, https:\/\/www.radiocadenanorte.com\/wp-content\/uploads\/2023\/12\/7a8441fc-92d9-41ab-a859-7a49d6b4ec67-300x225.jpg 300w, https:\/\/www.radiocadenanorte.com\/wp-content\/uploads\/2023\/12\/7a8441fc-92d9-41ab-a859-7a49d6b4ec67-1024x768.jpg 1024w, https:\/\/www.radiocadenanorte.com\/wp-content\/uploads\/2023\/12\/7a8441fc-92d9-41ab-a859-7a49d6b4ec67-768x576.jpg 768w, https:\/\/www.radiocadenanorte.com\/wp-content\/uploads\/2023\/12\/7a8441fc-92d9-41ab-a859-7a49d6b4ec67-1536x1152.jpg 1536w\" alt=\"\" width=\"1600\" height=\"1200\" \/>\u00a0<img loading=\"lazy\" decoding=\"async\" class=\"alignnone size-full wp-image-82886\" src=\"https:\/\/www.radiocadenanorte.com\/wp-content\/uploads\/2023\/12\/7dc095db-6ea0-4719-adb2-be18b9f6e331.jpg\" sizes=\"auto, (max-width: 1600px) 100vw, 1600px\" srcset=\"https:\/\/www.radiocadenanorte.com\/wp-content\/uploads\/2023\/12\/7dc095db-6ea0-4719-adb2-be18b9f6e331.jpg 1600w, https:\/\/www.radiocadenanorte.com\/wp-content\/uploads\/2023\/12\/7dc095db-6ea0-4719-adb2-be18b9f6e331-300x225.jpg 300w, https:\/\/www.radiocadenanorte.com\/wp-content\/uploads\/2023\/12\/7dc095db-6ea0-4719-adb2-be18b9f6e331-1024x768.jpg 1024w, https:\/\/www.radiocadenanorte.com\/wp-content\/uploads\/2023\/12\/7dc095db-6ea0-4719-adb2-be18b9f6e331-768x576.jpg 768w, https:\/\/www.radiocadenanorte.com\/wp-content\/uploads\/2023\/12\/7dc095db-6ea0-4719-adb2-be18b9f6e331-1536x1152.jpg 1536w\" alt=\"\" width=\"1600\" height=\"1200\" \/>\u00a0<img loading=\"lazy\" decoding=\"async\" class=\"alignnone size-full wp-image-82887\" src=\"https:\/\/www.radiocadenanorte.com\/wp-content\/uploads\/2023\/12\/27c960bc-c332-4681-8c53-e1b8bcdcdda1.jpg\" sizes=\"auto, (max-width: 1600px) 100vw, 1600px\" srcset=\"https:\/\/www.radiocadenanorte.com\/wp-content\/uploads\/2023\/12\/27c960bc-c332-4681-8c53-e1b8bcdcdda1.jpg 1600w, https:\/\/www.radiocadenanorte.com\/wp-content\/uploads\/2023\/12\/27c960bc-c332-4681-8c53-e1b8bcdcdda1-300x225.jpg 300w, https:\/\/www.radiocadenanorte.com\/wp-content\/uploads\/2023\/12\/27c960bc-c332-4681-8c53-e1b8bcdcdda1-1024x768.jpg 1024w, https:\/\/www.radiocadenanorte.com\/wp-content\/uploads\/2023\/12\/27c960bc-c332-4681-8c53-e1b8bcdcdda1-768x576.jpg 768w, https:\/\/www.radiocadenanorte.com\/wp-content\/uploads\/2023\/12\/27c960bc-c332-4681-8c53-e1b8bcdcdda1-1536x1152.jpg 1536w\" alt=\"\" width=\"1600\" height=\"1200\" \/>\u00a0<img loading=\"lazy\" decoding=\"async\" class=\"alignnone size-full wp-image-82888\" src=\"https:\/\/www.radiocadenanorte.com\/wp-content\/uploads\/2023\/12\/78fba4e6-2493-4a9e-b98f-2c879729241e.jpg\" sizes=\"auto, (max-width: 1600px) 100vw, 1600px\" srcset=\"https:\/\/www.radiocadenanorte.com\/wp-content\/uploads\/2023\/12\/78fba4e6-2493-4a9e-b98f-2c879729241e.jpg 1600w, https:\/\/www.radiocadenanorte.com\/wp-content\/uploads\/2023\/12\/78fba4e6-2493-4a9e-b98f-2c879729241e-300x225.jpg 300w, https:\/\/www.radiocadenanorte.com\/wp-content\/uploads\/2023\/12\/78fba4e6-2493-4a9e-b98f-2c879729241e-1024x768.jpg 1024w, https:\/\/www.radiocadenanorte.com\/wp-content\/uploads\/2023\/12\/78fba4e6-2493-4a9e-b98f-2c879729241e-768x576.jpg 768w, https:\/\/www.radiocadenanorte.com\/wp-content\/uploads\/2023\/12\/78fba4e6-2493-4a9e-b98f-2c879729241e-1536x1152.jpg 1536w\" alt=\"\" width=\"1600\" height=\"1200\" \/>\u00a0<img loading=\"lazy\" decoding=\"async\" class=\"alignnone size-full wp-image-82889\" src=\"https:\/\/www.radiocadenanorte.com\/wp-content\/uploads\/2023\/12\/44712e9a-6d8e-4832-978f-bf8b4298c3ac.jpg\" sizes=\"auto, (max-width: 1600px) 100vw, 1600px\" srcset=\"https:\/\/www.radiocadenanorte.com\/wp-content\/uploads\/2023\/12\/44712e9a-6d8e-4832-978f-bf8b4298c3ac.jpg 1600w, https:\/\/www.radiocadenanorte.com\/wp-content\/uploads\/2023\/12\/44712e9a-6d8e-4832-978f-bf8b4298c3ac-300x225.jpg 300w, https:\/\/www.radiocadenanorte.com\/wp-content\/uploads\/2023\/12\/44712e9a-6d8e-4832-978f-bf8b4298c3ac-1024x768.jpg 1024w, https:\/\/www.radiocadenanorte.com\/wp-content\/uploads\/2023\/12\/44712e9a-6d8e-4832-978f-bf8b4298c3ac-768x576.jpg 768w, https:\/\/www.radiocadenanorte.com\/wp-content\/uploads\/2023\/12\/44712e9a-6d8e-4832-978f-bf8b4298c3ac-1536x1152.jpg 1536w\" alt=\"\" width=\"1600\" height=\"1200\" \/>\u00a0<img loading=\"lazy\" decoding=\"async\" class=\"alignnone size-full wp-image-82891\" src=\"https:\/\/www.radiocadenanorte.com\/wp-content\/uploads\/2023\/12\/84240bc4-b760-494d-a678-e0251bb17111.jpg\" sizes=\"auto, (max-width: 1600px) 100vw, 1600px\" srcset=\"https:\/\/www.radiocadenanorte.com\/wp-content\/uploads\/2023\/12\/84240bc4-b760-494d-a678-e0251bb17111.jpg 1600w, https:\/\/www.radiocadenanorte.com\/wp-content\/uploads\/2023\/12\/84240bc4-b760-494d-a678-e0251bb17111-300x225.jpg 300w, https:\/\/www.radiocadenanorte.com\/wp-content\/uploads\/2023\/12\/84240bc4-b760-494d-a678-e0251bb17111-1024x768.jpg 1024w, https:\/\/www.radiocadenanorte.com\/wp-content\/uploads\/2023\/12\/84240bc4-b760-494d-a678-e0251bb17111-768x576.jpg 768w, https:\/\/www.radiocadenanorte.com\/wp-content\/uploads\/2023\/12\/84240bc4-b760-494d-a678-e0251bb17111-1536x1152.jpg 1536w\" alt=\"\" width=\"1600\" height=\"1200\" \/>\u00a0<img loading=\"lazy\" decoding=\"async\" class=\"alignnone size-full wp-image-82892\" src=\"https:\/\/www.radiocadenanorte.com\/wp-content\/uploads\/2023\/12\/aa587137-e0c3-43e8-893b-d10e10dd9c3a.jpg\" sizes=\"auto, (max-width: 1600px) 100vw, 1600px\" srcset=\"https:\/\/www.radiocadenanorte.com\/wp-content\/uploads\/2023\/12\/aa587137-e0c3-43e8-893b-d10e10dd9c3a.jpg 1600w, https:\/\/www.radiocadenanorte.com\/wp-content\/uploads\/2023\/12\/aa587137-e0c3-43e8-893b-d10e10dd9c3a-300x225.jpg 300w, https:\/\/www.radiocadenanorte.com\/wp-content\/uploads\/2023\/12\/aa587137-e0c3-43e8-893b-d10e10dd9c3a-1024x768.jpg 1024w, https:\/\/www.radiocadenanorte.com\/wp-content\/uploads\/2023\/12\/aa587137-e0c3-43e8-893b-d10e10dd9c3a-768x576.jpg 768w, https:\/\/www.radiocadenanorte.com\/wp-content\/uploads\/2023\/12\/aa587137-e0c3-43e8-893b-d10e10dd9c3a-1536x1152.jpg 1536w\" alt=\"\" width=\"1600\" height=\"1200\" \/><\/p>\n<p><script async src=\"https:\/\/pagead2.googlesyndication.com\/pagead\/js\/adsbygoogle.js?client=ca-pub-6190387823963118\" crossorigin=\"anonymous\"><\/script><br \/>\n<!-- publi horizontal --><br \/>\n<ins class=\"adsbygoogle\" style=\"display: block;\" data-ad-client=\"ca-pub-6190387823963118\" data-ad-slot=\"1318105772\" data-ad-format=\"auto\" data-full-width-responsive=\"true\"><\/ins><br \/>\n<script>\n     (adsbygoogle = window.adsbygoogle || []).push({});\n<\/script><\/p>\n","protected":false},"excerpt":{"rendered":"<p>El intendente Federico Z\u00e1rate tom\u00f3 juramento en la ma\u00f1ana de hoy a Subsecretarios y Directores<\/p>\n","protected":false},"author":2,"featured_media":1273,"comment_status":"closed","ping_status":"closed","sticky":false,"template":"","format":"gallery","meta":{"footnotes":""},"categories":[11],"tags":[1140,897,1139,1142,1138,92,1143,1141],"class_list":["post-1272","post","type-post","status-publish","format-gallery","has-post-thumbnail","hentry","category-destacadas","tag-directores","tag-federico-zarate","tag-funcionarios","tag-gabinete-municipal","tag-intendente","tag-jesus-maria","tag-nido-sierras-y-parques","tag-subsecretarios","post_format-post-format-gallery"],"yoast_head":"<!-- This site is optimized with the Yoast SEO plugin v27.4 - https:\/\/yoast.com\/product\/yoast-seo-wordpress\/ -->\n<title>Federico Z\u00e1rate puso en funciones a subsecretarios y directores - Fm Gente<\/title>\n<meta name=\"robots\" content=\"index, follow, max-snippet:-1, max-image-preview:large, max-video-preview:-1\" \/>\n<link rel=\"canonical\" href=\"https:\/\/fmgente.com.ar\/web\/federico-zarate-puso-en-funciones-a-subsecretarios-y-directores\/\" \/>\n<meta property=\"og:locale\" content=\"es_ES\" \/>\n<meta property=\"og:type\" content=\"article\" \/>\n<meta property=\"og:title\" content=\"Federico Z\u00e1rate puso en funciones a subsecretarios y directores - Fm Gente\" \/>\n<meta property=\"og:description\" content=\"El intendente Federico Z\u00e1rate tom\u00f3 juramento en la ma\u00f1ana de hoy a Subsecretarios y Directores\" \/>\n<meta property=\"og:url\" content=\"https:\/\/fmgente.com.ar\/web\/federico-zarate-puso-en-funciones-a-subsecretarios-y-directores\/\" \/>\n<meta property=\"og:site_name\" content=\"Fm Gente\" \/>\n<meta property=\"article:published_time\" content=\"2023-12-14T10:23:25+00:00\" \/>\n<meta property=\"og:image\" content=\"https:\/\/fmgente.com.ar\/web\/wp-content\/uploads\/2023\/12\/59431f91-1ac8-4563-bcbc-201c0d4f1940-768x576-1.jpg\" \/>\n\t<meta property=\"og:image:width\" content=\"768\" \/>\n\t<meta property=\"og:image:height\" content=\"576\" \/>\n\t<meta property=\"og:image:type\" content=\"image\/jpeg\" \/>\n<meta name=\"author\" content=\"Adri\u00e1n Hern\u00e1ndez\" \/>\n<meta name=\"twitter:card\" content=\"summary_large_image\" \/>\n<meta name=\"twitter:label1\" content=\"Escrito por\" \/>\n\t<meta name=\"twitter:data1\" content=\"Adri\u00e1n Hern\u00e1ndez\" \/>\n\t<meta name=\"twitter:label2\" content=\"Tiempo de lectura\" \/>\n\t<meta name=\"twitter:data2\" content=\"3 minutos\" \/>\n<script type=\"application\/ld+json\" class=\"yoast-schema-graph\">{\"@context\":\"https:\\\/\\\/schema.org\",\"@graph\":[{\"@type\":\"Article\",\"@id\":\"https:\\\/\\\/fmgente.com.ar\\\/web\\\/federico-zarate-puso-en-funciones-a-subsecretarios-y-directores\\\/#article\",\"isPartOf\":{\"@id\":\"https:\\\/\\\/fmgente.com.ar\\\/web\\\/federico-zarate-puso-en-funciones-a-subsecretarios-y-directores\\\/\"},\"author\":{\"name\":\"Adri\u00e1n Hern\u00e1ndez\",\"@id\":\"https:\\\/\\\/fmgente.com.ar\\\/web\\\/#\\\/schema\\\/person\\\/ba03fa75c17effdaafbd6daa1d78c508\"},\"headline\":\"Federico Z\u00e1rate puso en funciones a subsecretarios y directores\",\"datePublished\":\"2023-12-14T10:23:25+00:00\",\"mainEntityOfPage\":{\"@id\":\"https:\\\/\\\/fmgente.com.ar\\\/web\\\/federico-zarate-puso-en-funciones-a-subsecretarios-y-directores\\\/\"},\"wordCount\":221,\"publisher\":{\"@id\":\"https:\\\/\\\/fmgente.com.ar\\\/web\\\/#organization\"},\"image\":{\"@id\":\"https:\\\/\\\/fmgente.com.ar\\\/web\\\/federico-zarate-puso-en-funciones-a-subsecretarios-y-directores\\\/#primaryimage\"},\"thumbnailUrl\":\"https:\\\/\\\/fmgente.com.ar\\\/web\\\/wp-content\\\/uploads\\\/2023\\\/12\\\/59431f91-1ac8-4563-bcbc-201c0d4f1940-768x576-1.jpg\",\"keywords\":[\"directores\",\"Federico Z\u00e1rate\",\"funcionarios\",\"gabinete municipal\",\"intendente\",\"Jes\u00fas Mar\u00eda\",\"nido Sierras y Parques\",\"subsecretarios\"],\"articleSection\":[\"DESTACADAS\"],\"inLanguage\":\"es\"},{\"@type\":\"WebPage\",\"@id\":\"https:\\\/\\\/fmgente.com.ar\\\/web\\\/federico-zarate-puso-en-funciones-a-subsecretarios-y-directores\\\/\",\"url\":\"https:\\\/\\\/fmgente.com.ar\\\/web\\\/federico-zarate-puso-en-funciones-a-subsecretarios-y-directores\\\/\",\"name\":\"Federico Z\u00e1rate puso en funciones a subsecretarios y directores - Fm Gente\",\"isPartOf\":{\"@id\":\"https:\\\/\\\/fmgente.com.ar\\\/web\\\/#website\"},\"primaryImageOfPage\":{\"@id\":\"https:\\\/\\\/fmgente.com.ar\\\/web\\\/federico-zarate-puso-en-funciones-a-subsecretarios-y-directores\\\/#primaryimage\"},\"image\":{\"@id\":\"https:\\\/\\\/fmgente.com.ar\\\/web\\\/federico-zarate-puso-en-funciones-a-subsecretarios-y-directores\\\/#primaryimage\"},\"thumbnailUrl\":\"https:\\\/\\\/fmgente.com.ar\\\/web\\\/wp-content\\\/uploads\\\/2023\\\/12\\\/59431f91-1ac8-4563-bcbc-201c0d4f1940-768x576-1.jpg\",\"datePublished\":\"2023-12-14T10:23:25+00:00\",\"inLanguage\":\"es\",\"potentialAction\":[{\"@type\":\"ReadAction\",\"target\":[\"https:\\\/\\\/fmgente.com.ar\\\/web\\\/federico-zarate-puso-en-funciones-a-subsecretarios-y-directores\\\/\"]}]},{\"@type\":\"ImageObject\",\"inLanguage\":\"es\",\"@id\":\"https:\\\/\\\/fmgente.com.ar\\\/web\\\/federico-zarate-puso-en-funciones-a-subsecretarios-y-directores\\\/#primaryimage\",\"url\":\"https:\\\/\\\/fmgente.com.ar\\\/web\\\/wp-content\\\/uploads\\\/2023\\\/12\\\/59431f91-1ac8-4563-bcbc-201c0d4f1940-768x576-1.jpg\",\"contentUrl\":\"https:\\\/\\\/fmgente.com.ar\\\/web\\\/wp-content\\\/uploads\\\/2023\\\/12\\\/59431f91-1ac8-4563-bcbc-201c0d4f1940-768x576-1.jpg\",\"width\":768,\"height\":576},{\"@type\":\"WebSite\",\"@id\":\"https:\\\/\\\/fmgente.com.ar\\\/web\\\/#website\",\"url\":\"https:\\\/\\\/fmgente.com.ar\\\/web\\\/\",\"name\":\"Fm Gente\",\"description\":\"- Jes\u00fas Mar\u00eda\",\"publisher\":{\"@id\":\"https:\\\/\\\/fmgente.com.ar\\\/web\\\/#organization\"},\"potentialAction\":[{\"@type\":\"SearchAction\",\"target\":{\"@type\":\"EntryPoint\",\"urlTemplate\":\"https:\\\/\\\/fmgente.com.ar\\\/web\\\/?s={search_term_string}\"},\"query-input\":{\"@type\":\"PropertyValueSpecification\",\"valueRequired\":true,\"valueName\":\"search_term_string\"}}],\"inLanguage\":\"es\"},{\"@type\":\"Organization\",\"@id\":\"https:\\\/\\\/fmgente.com.ar\\\/web\\\/#organization\",\"name\":\"Fm Gente\",\"url\":\"https:\\\/\\\/fmgente.com.ar\\\/web\\\/\",\"logo\":{\"@type\":\"ImageObject\",\"inLanguage\":\"es\",\"@id\":\"https:\\\/\\\/fmgente.com.ar\\\/web\\\/#\\\/schema\\\/logo\\\/image\\\/\",\"url\":\"https:\\\/\\\/fmgente.com.ar\\\/web\\\/wp-content\\\/uploads\\\/2023\\\/07\\\/cropped-cropped-logo-sombra2.png\",\"contentUrl\":\"https:\\\/\\\/fmgente.com.ar\\\/web\\\/wp-content\\\/uploads\\\/2023\\\/07\\\/cropped-cropped-logo-sombra2.png\",\"width\":1782,\"height\":1782,\"caption\":\"Fm Gente\"},\"image\":{\"@id\":\"https:\\\/\\\/fmgente.com.ar\\\/web\\\/#\\\/schema\\\/logo\\\/image\\\/\"}},{\"@type\":\"Person\",\"@id\":\"https:\\\/\\\/fmgente.com.ar\\\/web\\\/#\\\/schema\\\/person\\\/ba03fa75c17effdaafbd6daa1d78c508\",\"name\":\"Adri\u00e1n Hern\u00e1ndez\",\"url\":\"https:\\\/\\\/fmgente.com.ar\\\/web\\\/author\\\/c1601891\\\/\"}]}<\/script>\n<!-- \/ Yoast SEO plugin. -->","yoast_head_json":{"title":"Federico Z\u00e1rate puso en funciones a subsecretarios y directores - Fm Gente","robots":{"index":"index","follow":"follow","max-snippet":"max-snippet:-1","max-image-preview":"max-image-preview:large","max-video-preview":"max-video-preview:-1"},"canonical":"https:\/\/fmgente.com.ar\/web\/federico-zarate-puso-en-funciones-a-subsecretarios-y-directores\/","og_locale":"es_ES","og_type":"article","og_title":"Federico Z\u00e1rate puso en funciones a subsecretarios y directores - Fm Gente","og_description":"El intendente Federico Z\u00e1rate tom\u00f3 juramento en la ma\u00f1ana de hoy a Subsecretarios y Directores","og_url":"https:\/\/fmgente.com.ar\/web\/federico-zarate-puso-en-funciones-a-subsecretarios-y-directores\/","og_site_name":"Fm Gente","article_published_time":"2023-12-14T10:23:25+00:00","og_image":[{"width":768,"height":576,"url":"https:\/\/fmgente.com.ar\/web\/wp-content\/uploads\/2023\/12\/59431f91-1ac8-4563-bcbc-201c0d4f1940-768x576-1.jpg","type":"image\/jpeg"}],"author":"Adri\u00e1n Hern\u00e1ndez","twitter_card":"summary_large_image","twitter_misc":{"Escrito por":"Adri\u00e1n Hern\u00e1ndez","Tiempo de lectura":"3 minutos"},"schema":{"@context":"https:\/\/schema.org","@graph":[{"@type":"Article","@id":"https:\/\/fmgente.com.ar\/web\/federico-zarate-puso-en-funciones-a-subsecretarios-y-directores\/#article","isPartOf":{"@id":"https:\/\/fmgente.com.ar\/web\/federico-zarate-puso-en-funciones-a-subsecretarios-y-directores\/"},"author":{"name":"Adri\u00e1n Hern\u00e1ndez","@id":"https:\/\/fmgente.com.ar\/web\/#\/schema\/person\/ba03fa75c17effdaafbd6daa1d78c508"},"headline":"Federico Z\u00e1rate puso en funciones a subsecretarios y directores","datePublished":"2023-12-14T10:23:25+00:00","mainEntityOfPage":{"@id":"https:\/\/fmgente.com.ar\/web\/federico-zarate-puso-en-funciones-a-subsecretarios-y-directores\/"},"wordCount":221,"publisher":{"@id":"https:\/\/fmgente.com.ar\/web\/#organization"},"image":{"@id":"https:\/\/fmgente.com.ar\/web\/federico-zarate-puso-en-funciones-a-subsecretarios-y-directores\/#primaryimage"},"thumbnailUrl":"https:\/\/fmgente.com.ar\/web\/wp-content\/uploads\/2023\/12\/59431f91-1ac8-4563-bcbc-201c0d4f1940-768x576-1.jpg","keywords":["directores","Federico Z\u00e1rate","funcionarios","gabinete municipal","intendente","Jes\u00fas Mar\u00eda","nido Sierras y Parques","subsecretarios"],"articleSection":["DESTACADAS"],"inLanguage":"es"},{"@type":"WebPage","@id":"https:\/\/fmgente.com.ar\/web\/federico-zarate-puso-en-funciones-a-subsecretarios-y-directores\/","url":"https:\/\/fmgente.com.ar\/web\/federico-zarate-puso-en-funciones-a-subsecretarios-y-directores\/","name":"Federico Z\u00e1rate puso en funciones a subsecretarios y directores - Fm Gente","isPartOf":{"@id":"https:\/\/fmgente.com.ar\/web\/#website"},"primaryImageOfPage":{"@id":"https:\/\/fmgente.com.ar\/web\/federico-zarate-puso-en-funciones-a-subsecretarios-y-directores\/#primaryimage"},"image":{"@id":"https:\/\/fmgente.com.ar\/web\/federico-zarate-puso-en-funciones-a-subsecretarios-y-directores\/#primaryimage"},"thumbnailUrl":"https:\/\/fmgente.com.ar\/web\/wp-content\/uploads\/2023\/12\/59431f91-1ac8-4563-bcbc-201c0d4f1940-768x576-1.jpg","datePublished":"2023-12-14T10:23:25+00:00","inLanguage":"es","potentialAction":[{"@type":"ReadAction","target":["https:\/\/fmgente.com.ar\/web\/federico-zarate-puso-en-funciones-a-subsecretarios-y-directores\/"]}]},{"@type":"ImageObject","inLanguage":"es","@id":"https:\/\/fmgente.com.ar\/web\/federico-zarate-puso-en-funciones-a-subsecretarios-y-directores\/#primaryimage","url":"https:\/\/fmgente.com.ar\/web\/wp-content\/uploads\/2023\/12\/59431f91-1ac8-4563-bcbc-201c0d4f1940-768x576-1.jpg","contentUrl":"https:\/\/fmgente.com.ar\/web\/wp-content\/uploads\/2023\/12\/59431f91-1ac8-4563-bcbc-201c0d4f1940-768x576-1.jpg","width":768,"height":576},{"@type":"WebSite","@id":"https:\/\/fmgente.com.ar\/web\/#website","url":"https:\/\/fmgente.com.ar\/web\/","name":"Fm Gente","description":"- Jes\u00fas Mar\u00eda","publisher":{"@id":"https:\/\/fmgente.com.ar\/web\/#organization"},"potentialAction":[{"@type":"SearchAction","target":{"@type":"EntryPoint","urlTemplate":"https:\/\/fmgente.com.ar\/web\/?s={search_term_string}"},"query-input":{"@type":"PropertyValueSpecification","valueRequired":true,"valueName":"search_term_string"}}],"inLanguage":"es"},{"@type":"Organization","@id":"https:\/\/fmgente.com.ar\/web\/#organization","name":"Fm Gente","url":"https:\/\/fmgente.com.ar\/web\/","logo":{"@type":"ImageObject","inLanguage":"es","@id":"https:\/\/fmgente.com.ar\/web\/#\/schema\/logo\/image\/","url":"https:\/\/fmgente.com.ar\/web\/wp-content\/uploads\/2023\/07\/cropped-cropped-logo-sombra2.png","contentUrl":"https:\/\/fmgente.com.ar\/web\/wp-content\/uploads\/2023\/07\/cropped-cropped-logo-sombra2.png","width":1782,"height":1782,"caption":"Fm Gente"},"image":{"@id":"https:\/\/fmgente.com.ar\/web\/#\/schema\/logo\/image\/"}},{"@type":"Person","@id":"https:\/\/fmgente.com.ar\/web\/#\/schema\/person\/ba03fa75c17effdaafbd6daa1d78c508","name":"Adri\u00e1n Hern\u00e1ndez","url":"https:\/\/fmgente.com.ar\/web\/author\/c1601891\/"}]}},"_links":{"self":[{"href":"https:\/\/fmgente.com.ar\/web\/wp-json\/wp\/v2\/posts\/1272","targetHints":{"allow":["GET"]}}],"collection":[{"href":"https:\/\/fmgente.com.ar\/web\/wp-json\/wp\/v2\/posts"}],"about":[{"href":"https:\/\/fmgente.com.ar\/web\/wp-json\/wp\/v2\/types\/post"}],"author":[{"embeddable":true,"href":"https:\/\/fmgente.com.ar\/web\/wp-json\/wp\/v2\/users\/2"}],"replies":[{"embeddable":true,"href":"https:\/\/fmgente.com.ar\/web\/wp-json\/wp\/v2\/comments?post=1272"}],"version-history":[{"count":1,"href":"https:\/\/fmgente.com.ar\/web\/wp-json\/wp\/v2\/posts\/1272\/revisions"}],"predecessor-version":[{"id":1274,"href":"https:\/\/fmgente.com.ar\/web\/wp-json\/wp\/v2\/posts\/1272\/revisions\/1274"}],"wp:featuredmedia":[{"embeddable":true,"href":"https:\/\/fmgente.com.ar\/web\/wp-json\/wp\/v2\/media\/1273"}],"wp:attachment":[{"href":"https:\/\/fmgente.com.ar\/web\/wp-json\/wp\/v2\/media?parent=1272"}],"wp:term":[{"taxonomy":"category","embeddable":true,"href":"https:\/\/fmgente.com.ar\/web\/wp-json\/wp\/v2\/categories?post=1272"},{"taxonomy":"post_tag","embeddable":true,"href":"https:\/\/fmgente.com.ar\/web\/wp-json\/wp\/v2\/tags?post=1272"}],"curies":[{"name":"wp","href":"https:\/\/api.w.org\/{rel}","templated":true}]}}