{"id":1269,"date":"2023-12-14T07:19:34","date_gmt":"2023-12-14T10:19:34","guid":{"rendered":"https:\/\/fmgente.com.ar\/?p=1269"},"modified":"2023-12-14T07:19:34","modified_gmt":"2023-12-14T10:19:34","slug":"federico-zarate-asumio-como-intendente-de-jesus-maria","status":"publish","type":"post","link":"https:\/\/fmgente.com.ar\/web\/federico-zarate-asumio-como-intendente-de-jesus-maria\/","title":{"rendered":"Federico Z\u00e1rate asumi\u00f3 como intendente de Jes\u00fas Mar\u00eda"},"content":{"rendered":"<p>Con la Estancia Jesu\u00edtica como marco de una noche muy emotiva, Federico Z\u00e1rate asumi\u00f3 la intendencia de Jes\u00fas Mar\u00eda con un mensaje en el que sell\u00f3 su compromiso con los vecinos y vecinas de la ciudad y la regi\u00f3n. En una ceremonia c\u00e1lida y cercana comparti\u00f3 su mensaje con los vecinos y vecinas. Obras, ambiente, promoci\u00f3n humana, desarrollo econ\u00f3mico y seguridad fueron sus ejes.<\/p>\n<p>&nbsp;<\/p>\n<p>En un contundente discurso marc\u00f3 sus prioridades de gesti\u00f3n basadas en la obra p\u00fablica, la seguridad, el ambiente, la participaci\u00f3n ciudadana, el desarrollo econ\u00f3mico y la generaci\u00f3n de oportunidades para toda la comunidad. Esto \u00faltimo, a partir de la creaci\u00f3n de la Secretar\u00eda de Promoci\u00f3n Humana, sin el aumento de la planta pol\u00edtica, en la que convergen las \u00e1reas de Salud, Educaci\u00f3n, G\u00e9nero, Pol\u00edticas Sociales e Inclusi\u00f3n y Equidad, para profundizar el plan director \u201cMis Primeros 18 a\u00f1os\u201d.<\/p>\n<p>En un gesto de continuidad, reforz\u00f3 la idea de consolidar la buena administraci\u00f3n, el orden, la austeridad, la planificaci\u00f3n y la transparencia, buscando la excelencia en cada servicio brindado por la Municipalidad.<\/p>\n<p>\u201dContinuar con el ritmo de obras, a pesar de la situaci\u00f3n econ\u00f3mica\u201d<br \/>\n\u201cQuiero que sepan que haremos las obras que los vecinos necesitan\u201d, afirm\u00f3 el intendente Z\u00e1rate.<\/p>\n<p>Entre las principales nombr\u00f3 a la nueva planta de captaci\u00f3n de agua en la zona este de la ciudad, \u201cpara ponerle fin a los problemas de abastecimiento en Jes\u00fas Mar\u00eda\u201d, indic\u00f3.<\/p>\n<p>Mencion\u00f3 tambi\u00e9n obras de pavimento, gas y cord\u00f3n cuneta, la culminaci\u00f3n de la nueva terminal y el Centro de Cuidado Infantil en barrio La Costanera.<\/p>\n<p>Adem\u00e1s explic\u00f3 que, gracias a la confianza y el trabajo mancomunado con el sector privado, se pondr\u00e1n en marcha dos nuevos e importantes espacios: un polideportivo con pileta semi ol\u00edmpica en el este, y el Centro de Atenci\u00f3n Primaria de la Salud en barrio Florida Norte.<\/p>\n<p>La seguridad fue otro de sus temas centrales: control, m\u00e1s inversi\u00f3n, m\u00e1s c\u00e1maras, m\u00e1s iluminaci\u00f3n e implementaci\u00f3n del programa Ojos en Alerta ser\u00e1n las acciones principales.<\/p>\n<p>Ambiente<br \/>\n\u201cVamos a profundizar las pol\u00edticas p\u00fablicas para el cuidado y preservaci\u00f3n del ambiente\u201d. En este sentido, expres\u00f3 que se va a trabajar en la erradicaci\u00f3n del basural y en la implementaci\u00f3n de un plan maestro de reforestaci\u00f3n y parquizaci\u00f3n, in\u00e9dito en la ciudad. El mismo comprende la apertura de los Parques y Reservas Ecol\u00f3gicas de Agua Mansa y Riberas Oeste, este \u00faltimo propuesto por los vecinos a partir del Presupuesto Participativo.<\/p>\n<p>Adem\u00e1s se construir\u00e1n m\u00e1s ciclov\u00edas, sendas deportivas y se trabajar\u00e1 en la puesta en valor de los espacios verdes y las plazas de los barrios, con aulas ambientales donde se trabajar\u00e1 en la capacitaci\u00f3n en diferenciaci\u00f3n y la econom\u00eda circular. \u201cAqu\u00ed ni\u00f1os y j\u00f3venes ser\u00e1n claves\u201d, concluy\u00f3.<\/p>\n<p>Z\u00e1rate anunci\u00f3 tambi\u00e9n la profundizaci\u00f3n del programa de loteos para que m\u00e1s familias cumplan el sue\u00f1o de su primer hogar.<\/p>\n<p>Ciudad de oportunidades<br \/>\n\u201cNo existe una ciudad desarrollada si las personas que la forman no tienen oportunidades de desarrollarse\u201d, sostuvo el intendente.<\/p>\n<p>En este marco, mencion\u00f3 la importancia del desarrollo productivo. \u201cComo estado, es nuestro deber generar m\u00e1s y mejores condiciones para invertir, por eso tambi\u00e9n he tomado la decisi\u00f3n de eximir del pago del derecho a la construcci\u00f3n a toda nueva edificaci\u00f3n destinada a uso comercial, como as\u00ed tambi\u00e9n a los comercios ya instalados que tomen la decisi\u00f3n de ampliar sus espacios\u201d, profundiz\u00f3.<\/p>\n<p>Luego de la innovaci\u00f3n del coraz\u00f3n de la ciudad, anunci\u00f3 la modernizaci\u00f3n de los principales corredores comerciales de la ciudad, con iluminaci\u00f3n, limpieza visual y la participaci\u00f3n activa de los comerciantes para perfilar cada uno de estos sectores.<\/p>\n<p>La econom\u00eda del conocimiento, la potenciaci\u00f3n del Hub Tecnol\u00f3gico, y la ampliaci\u00f3n de la Incubadora de Empresas Municipal para sumar a incubados tech, fueron presentados como los ejes para convertir a Jes\u00fas Mar\u00eda en un polo tecnol\u00f3gico y referente en el desarrollo de start ups.<\/p>\n<p>Z\u00e1rate marc\u00f3 la consolidaci\u00f3n de una ciudad tur\u00edstica y de eventos para potenciar el turismo internacional, con esta actividad y la cultura como generadores de m\u00e1s trabajo y desarrollo econ\u00f3mico para la regi\u00f3n.<\/p>\n<p>\u201cAmigos, encabezar\u00e9 un gobierno de cercan\u00eda, de escucha y de di\u00e1logo. Estar\u00e9 presente para cada uno de ustedes. Nos caracterizar\u00e1 la austeridad pero tambi\u00e9n el sentido de la solidaridad\u201d, agreg\u00f3 al referirse al estilo de gesti\u00f3n municipal que comenz\u00f3 el 12 de diciembre.<\/p>\n<p>\u201cDejar\u00e9 de lado todo inter\u00e9s personal y pol\u00edtico para priorizar los intereses de la ciudad y sus vecinos. Lo mismo espero de quienes asumieron y asumen funciones de gobierno. Hoy la ciudad nos necesita a todos unidos, porque as\u00ed lo demanda su historia, su reputaci\u00f3n y mi fe en la pol\u00edtica como transformadora de la sociedad\u201d, indic\u00f3 el funcionario al cerrar su mensaje, en clara alusi\u00f3n al contexto pol\u00edtico.<\/p>\n<p>Al finalizar, mencion\u00f3 al intendente saliente, Luis Picat reconociendo a su gesti\u00f3n como un antes y un despu\u00e9s la ciudad. Cerr\u00f3 su discurso convocando a los vecinos a seguir so\u00f1ando una Jes\u00fas Mar\u00eda cada vez m\u00e1s pujante, productiva, solidaria, moderna, sostenible y con oportunidades para todos.<\/p>\n<p>Jura de los Tribunos de Cuenta y los Secretarios del Gabinete.<br \/>\nEn la misma ceremonia juraron los integrantes del Tribunal de Cuentas de la ciudad y los Secretarios que conforman su Gabinete.<br \/>\nEl intendente Z\u00e1rate tom\u00f3 juramento a Juan Pablo Rold\u00e1n, como Secretario de Gobierno; a Betiana Fern\u00e1ndez Secretaria de Promoci\u00f3n Humana; a Marianela Piazzano como Secretaria de Planificaci\u00f3n de Gesti\u00f3n y Coordinaci\u00f3n Estrat\u00e9gica; a Carina Visintini como Secretaria de Hacienda y Finanzas y a Edgar Difilippo como Secretario de Desarrollo Urbano y Servicios P\u00fablicos.<\/p>\n<p>Adem\u00e1s juraron los nuevos Tribunos de Cuenta de la ciudad; Mar\u00eda del Rosario Pagnutti como Presidenta del Tribunal de Cuentas, y los vocales C\u00e9sar Tom\u00e1s Daniotti Lirusso y Carlos Mart\u00edn Mauri.<\/p>\n<p>&nbsp;<\/p>\n<p>&nbsp;<\/p>\n<p><img loading=\"lazy\" decoding=\"async\" class=\"alignnone size-full wp-image-82871\" src=\"https:\/\/www.radiocadenanorte.com\/wp-content\/uploads\/2023\/12\/1b07f310-e979-4e9d-b197-5015fb2ca21c.jpg\" sizes=\"auto, (max-width: 1600px) 100vw, 1600px\" srcset=\"https:\/\/www.radiocadenanorte.com\/wp-content\/uploads\/2023\/12\/1b07f310-e979-4e9d-b197-5015fb2ca21c.jpg 1600w, https:\/\/www.radiocadenanorte.com\/wp-content\/uploads\/2023\/12\/1b07f310-e979-4e9d-b197-5015fb2ca21c-300x200.jpg 300w, https:\/\/www.radiocadenanorte.com\/wp-content\/uploads\/2023\/12\/1b07f310-e979-4e9d-b197-5015fb2ca21c-1024x684.jpg 1024w, https:\/\/www.radiocadenanorte.com\/wp-content\/uploads\/2023\/12\/1b07f310-e979-4e9d-b197-5015fb2ca21c-768x513.jpg 768w, https:\/\/www.radiocadenanorte.com\/wp-content\/uploads\/2023\/12\/1b07f310-e979-4e9d-b197-5015fb2ca21c-1536x1025.jpg 1536w\" alt=\"\" width=\"1600\" height=\"1068\" \/>\u00a0<img loading=\"lazy\" decoding=\"async\" class=\"alignnone size-full wp-image-82873\" src=\"https:\/\/www.radiocadenanorte.com\/wp-content\/uploads\/2023\/12\/85cb396c-0c89-4241-8d70-5728344186f5.jpg\" sizes=\"auto, (max-width: 1600px) 100vw, 1600px\" srcset=\"https:\/\/www.radiocadenanorte.com\/wp-content\/uploads\/2023\/12\/85cb396c-0c89-4241-8d70-5728344186f5.jpg 1600w, https:\/\/www.radiocadenanorte.com\/wp-content\/uploads\/2023\/12\/85cb396c-0c89-4241-8d70-5728344186f5-300x200.jpg 300w, https:\/\/www.radiocadenanorte.com\/wp-content\/uploads\/2023\/12\/85cb396c-0c89-4241-8d70-5728344186f5-1024x684.jpg 1024w, https:\/\/www.radiocadenanorte.com\/wp-content\/uploads\/2023\/12\/85cb396c-0c89-4241-8d70-5728344186f5-768x513.jpg 768w, https:\/\/www.radiocadenanorte.com\/wp-content\/uploads\/2023\/12\/85cb396c-0c89-4241-8d70-5728344186f5-1536x1025.jpg 1536w\" alt=\"\" width=\"1600\" height=\"1068\" \/>\u00a0<img loading=\"lazy\" decoding=\"async\" class=\"alignnone size-full wp-image-82874\" src=\"https:\/\/www.radiocadenanorte.com\/wp-content\/uploads\/2023\/12\/73561b01-9bed-415f-9954-dd1727cd8807.jpg\" sizes=\"auto, (max-width: 1600px) 100vw, 1600px\" srcset=\"https:\/\/www.radiocadenanorte.com\/wp-content\/uploads\/2023\/12\/73561b01-9bed-415f-9954-dd1727cd8807.jpg 1600w, https:\/\/www.radiocadenanorte.com\/wp-content\/uploads\/2023\/12\/73561b01-9bed-415f-9954-dd1727cd8807-300x225.jpg 300w, https:\/\/www.radiocadenanorte.com\/wp-content\/uploads\/2023\/12\/73561b01-9bed-415f-9954-dd1727cd8807-1024x768.jpg 1024w, https:\/\/www.radiocadenanorte.com\/wp-content\/uploads\/2023\/12\/73561b01-9bed-415f-9954-dd1727cd8807-768x576.jpg 768w, https:\/\/www.radiocadenanorte.com\/wp-content\/uploads\/2023\/12\/73561b01-9bed-415f-9954-dd1727cd8807-1536x1152.jpg 1536w\" alt=\"\" width=\"1600\" height=\"1200\" \/>\u00a0<img loading=\"lazy\" decoding=\"async\" class=\"alignnone size-full wp-image-82875\" src=\"https:\/\/www.radiocadenanorte.com\/wp-content\/uploads\/2023\/12\/c68e8807-9a8a-4c0f-9f89-c10f30dbc405.jpg\" sizes=\"auto, (max-width: 1600px) 100vw, 1600px\" srcset=\"https:\/\/www.radiocadenanorte.com\/wp-content\/uploads\/2023\/12\/c68e8807-9a8a-4c0f-9f89-c10f30dbc405.jpg 1600w, https:\/\/www.radiocadenanorte.com\/wp-content\/uploads\/2023\/12\/c68e8807-9a8a-4c0f-9f89-c10f30dbc405-300x200.jpg 300w, https:\/\/www.radiocadenanorte.com\/wp-content\/uploads\/2023\/12\/c68e8807-9a8a-4c0f-9f89-c10f30dbc405-1024x682.jpg 1024w, https:\/\/www.radiocadenanorte.com\/wp-content\/uploads\/2023\/12\/c68e8807-9a8a-4c0f-9f89-c10f30dbc405-768x512.jpg 768w, https:\/\/www.radiocadenanorte.com\/wp-content\/uploads\/2023\/12\/c68e8807-9a8a-4c0f-9f89-c10f30dbc405-1536x1023.jpg 1536w\" alt=\"\" width=\"1600\" height=\"1066\" \/><\/p>\n<p><script async src=\"https:\/\/pagead2.googlesyndication.com\/pagead\/js\/adsbygoogle.js?client=ca-pub-6190387823963118\" crossorigin=\"anonymous\"><\/script><br \/>\n<!-- publi horizontal --><br \/>\n<ins class=\"adsbygoogle\" style=\"display: block;\" data-ad-client=\"ca-pub-6190387823963118\" data-ad-slot=\"1318105772\" data-ad-format=\"auto\" data-full-width-responsive=\"true\"><\/ins><br \/>\n<script>\n     (adsbygoogle = window.adsbygoogle || []).push({});\n<\/script><\/p>\n","protected":false},"excerpt":{"rendered":"<p>Con la Estancia Jesu\u00edtica como marco de una noche muy emotiva, Federico Z\u00e1rate asumi\u00f3 la<\/p>\n","protected":false},"author":2,"featured_media":1270,"comment_status":"closed","ping_status":"closed","sticky":false,"template":"","format":"gallery","meta":{"footnotes":""},"categories":[11],"tags":[1093,1137,897,1136],"class_list":["post-1269","post","type-post","status-publish","format-gallery","has-post-thumbnail","hentry","category-destacadas","tag-asuncion","tag-estancia-jesuitica","tag-federico-zarate","tag-intendente-de-jesus-maria","post_format-post-format-gallery"],"yoast_head":"<!-- This site is optimized with the Yoast SEO plugin v27.4 - https:\/\/yoast.com\/product\/yoast-seo-wordpress\/ -->\n<title>Federico Z\u00e1rate asumi\u00f3 como intendente de Jes\u00fas Mar\u00eda - Fm Gente<\/title>\n<meta name=\"robots\" content=\"index, follow, max-snippet:-1, max-image-preview:large, max-video-preview:-1\" \/>\n<link rel=\"canonical\" href=\"https:\/\/fmgente.com.ar\/web\/federico-zarate-asumio-como-intendente-de-jesus-maria\/\" \/>\n<meta property=\"og:locale\" content=\"es_ES\" \/>\n<meta property=\"og:type\" content=\"article\" \/>\n<meta property=\"og:title\" content=\"Federico Z\u00e1rate asumi\u00f3 como intendente de Jes\u00fas Mar\u00eda - Fm Gente\" \/>\n<meta property=\"og:description\" content=\"Con la Estancia Jesu\u00edtica como marco de una noche muy emotiva, Federico Z\u00e1rate asumi\u00f3 la\" \/>\n<meta property=\"og:url\" content=\"https:\/\/fmgente.com.ar\/web\/federico-zarate-asumio-como-intendente-de-jesus-maria\/\" \/>\n<meta property=\"og:site_name\" content=\"Fm Gente\" \/>\n<meta property=\"article:published_time\" content=\"2023-12-14T10:19:34+00:00\" \/>\n<meta property=\"og:image\" content=\"https:\/\/fmgente.com.ar\/web\/wp-content\/uploads\/2023\/12\/5c5e242d-d923-4e59-a775-a26e02a420d6-768x512-1.jpg\" \/>\n\t<meta property=\"og:image:width\" content=\"768\" \/>\n\t<meta property=\"og:image:height\" content=\"512\" \/>\n\t<meta property=\"og:image:type\" content=\"image\/jpeg\" \/>\n<meta name=\"author\" content=\"Adri\u00e1n Hern\u00e1ndez\" \/>\n<meta name=\"twitter:card\" content=\"summary_large_image\" \/>\n<meta name=\"twitter:label1\" content=\"Escrito por\" \/>\n\t<meta name=\"twitter:data1\" content=\"Adri\u00e1n Hern\u00e1ndez\" \/>\n\t<meta name=\"twitter:label2\" content=\"Tiempo de lectura\" \/>\n\t<meta name=\"twitter:data2\" content=\"6 minutos\" \/>\n<script type=\"application\/ld+json\" class=\"yoast-schema-graph\">{\"@context\":\"https:\\\/\\\/schema.org\",\"@graph\":[{\"@type\":\"Article\",\"@id\":\"https:\\\/\\\/fmgente.com.ar\\\/web\\\/federico-zarate-asumio-como-intendente-de-jesus-maria\\\/#article\",\"isPartOf\":{\"@id\":\"https:\\\/\\\/fmgente.com.ar\\\/web\\\/federico-zarate-asumio-como-intendente-de-jesus-maria\\\/\"},\"author\":{\"name\":\"Adri\u00e1n Hern\u00e1ndez\",\"@id\":\"https:\\\/\\\/fmgente.com.ar\\\/web\\\/#\\\/schema\\\/person\\\/ba03fa75c17effdaafbd6daa1d78c508\"},\"headline\":\"Federico Z\u00e1rate asumi\u00f3 como intendente de Jes\u00fas Mar\u00eda\",\"datePublished\":\"2023-12-14T10:19:34+00:00\",\"mainEntityOfPage\":{\"@id\":\"https:\\\/\\\/fmgente.com.ar\\\/web\\\/federico-zarate-asumio-como-intendente-de-jesus-maria\\\/\"},\"wordCount\":1078,\"publisher\":{\"@id\":\"https:\\\/\\\/fmgente.com.ar\\\/web\\\/#organization\"},\"image\":{\"@id\":\"https:\\\/\\\/fmgente.com.ar\\\/web\\\/federico-zarate-asumio-como-intendente-de-jesus-maria\\\/#primaryimage\"},\"thumbnailUrl\":\"https:\\\/\\\/fmgente.com.ar\\\/web\\\/wp-content\\\/uploads\\\/2023\\\/12\\\/5c5e242d-d923-4e59-a775-a26e02a420d6-768x512-1.jpg\",\"keywords\":[\"asunci\u00f3n\",\"estancia jesu\u00edtica\",\"Federico Z\u00e1rate\",\"intendente de Jes\u00fas Mar\u00eda\"],\"articleSection\":[\"DESTACADAS\"],\"inLanguage\":\"es\"},{\"@type\":\"WebPage\",\"@id\":\"https:\\\/\\\/fmgente.com.ar\\\/web\\\/federico-zarate-asumio-como-intendente-de-jesus-maria\\\/\",\"url\":\"https:\\\/\\\/fmgente.com.ar\\\/web\\\/federico-zarate-asumio-como-intendente-de-jesus-maria\\\/\",\"name\":\"Federico Z\u00e1rate asumi\u00f3 como intendente de Jes\u00fas Mar\u00eda - Fm Gente\",\"isPartOf\":{\"@id\":\"https:\\\/\\\/fmgente.com.ar\\\/web\\\/#website\"},\"primaryImageOfPage\":{\"@id\":\"https:\\\/\\\/fmgente.com.ar\\\/web\\\/federico-zarate-asumio-como-intendente-de-jesus-maria\\\/#primaryimage\"},\"image\":{\"@id\":\"https:\\\/\\\/fmgente.com.ar\\\/web\\\/federico-zarate-asumio-como-intendente-de-jesus-maria\\\/#primaryimage\"},\"thumbnailUrl\":\"https:\\\/\\\/fmgente.com.ar\\\/web\\\/wp-content\\\/uploads\\\/2023\\\/12\\\/5c5e242d-d923-4e59-a775-a26e02a420d6-768x512-1.jpg\",\"datePublished\":\"2023-12-14T10:19:34+00:00\",\"inLanguage\":\"es\",\"potentialAction\":[{\"@type\":\"ReadAction\",\"target\":[\"https:\\\/\\\/fmgente.com.ar\\\/web\\\/federico-zarate-asumio-como-intendente-de-jesus-maria\\\/\"]}]},{\"@type\":\"ImageObject\",\"inLanguage\":\"es\",\"@id\":\"https:\\\/\\\/fmgente.com.ar\\\/web\\\/federico-zarate-asumio-como-intendente-de-jesus-maria\\\/#primaryimage\",\"url\":\"https:\\\/\\\/fmgente.com.ar\\\/web\\\/wp-content\\\/uploads\\\/2023\\\/12\\\/5c5e242d-d923-4e59-a775-a26e02a420d6-768x512-1.jpg\",\"contentUrl\":\"https:\\\/\\\/fmgente.com.ar\\\/web\\\/wp-content\\\/uploads\\\/2023\\\/12\\\/5c5e242d-d923-4e59-a775-a26e02a420d6-768x512-1.jpg\",\"width\":768,\"height\":512},{\"@type\":\"WebSite\",\"@id\":\"https:\\\/\\\/fmgente.com.ar\\\/web\\\/#website\",\"url\":\"https:\\\/\\\/fmgente.com.ar\\\/web\\\/\",\"name\":\"Fm Gente\",\"description\":\"- Jes\u00fas Mar\u00eda\",\"publisher\":{\"@id\":\"https:\\\/\\\/fmgente.com.ar\\\/web\\\/#organization\"},\"potentialAction\":[{\"@type\":\"SearchAction\",\"target\":{\"@type\":\"EntryPoint\",\"urlTemplate\":\"https:\\\/\\\/fmgente.com.ar\\\/web\\\/?s={search_term_string}\"},\"query-input\":{\"@type\":\"PropertyValueSpecification\",\"valueRequired\":true,\"valueName\":\"search_term_string\"}}],\"inLanguage\":\"es\"},{\"@type\":\"Organization\",\"@id\":\"https:\\\/\\\/fmgente.com.ar\\\/web\\\/#organization\",\"name\":\"Fm Gente\",\"url\":\"https:\\\/\\\/fmgente.com.ar\\\/web\\\/\",\"logo\":{\"@type\":\"ImageObject\",\"inLanguage\":\"es\",\"@id\":\"https:\\\/\\\/fmgente.com.ar\\\/web\\\/#\\\/schema\\\/logo\\\/image\\\/\",\"url\":\"https:\\\/\\\/fmgente.com.ar\\\/web\\\/wp-content\\\/uploads\\\/2023\\\/07\\\/cropped-cropped-logo-sombra2.png\",\"contentUrl\":\"https:\\\/\\\/fmgente.com.ar\\\/web\\\/wp-content\\\/uploads\\\/2023\\\/07\\\/cropped-cropped-logo-sombra2.png\",\"width\":1782,\"height\":1782,\"caption\":\"Fm Gente\"},\"image\":{\"@id\":\"https:\\\/\\\/fmgente.com.ar\\\/web\\\/#\\\/schema\\\/logo\\\/image\\\/\"}},{\"@type\":\"Person\",\"@id\":\"https:\\\/\\\/fmgente.com.ar\\\/web\\\/#\\\/schema\\\/person\\\/ba03fa75c17effdaafbd6daa1d78c508\",\"name\":\"Adri\u00e1n Hern\u00e1ndez\",\"url\":\"https:\\\/\\\/fmgente.com.ar\\\/web\\\/author\\\/c1601891\\\/\"}]}<\/script>\n<!-- \/ Yoast SEO plugin. -->","yoast_head_json":{"title":"Federico Z\u00e1rate asumi\u00f3 como intendente de Jes\u00fas Mar\u00eda - Fm Gente","robots":{"index":"index","follow":"follow","max-snippet":"max-snippet:-1","max-image-preview":"max-image-preview:large","max-video-preview":"max-video-preview:-1"},"canonical":"https:\/\/fmgente.com.ar\/web\/federico-zarate-asumio-como-intendente-de-jesus-maria\/","og_locale":"es_ES","og_type":"article","og_title":"Federico Z\u00e1rate asumi\u00f3 como intendente de Jes\u00fas Mar\u00eda - Fm Gente","og_description":"Con la Estancia Jesu\u00edtica como marco de una noche muy emotiva, Federico Z\u00e1rate asumi\u00f3 la","og_url":"https:\/\/fmgente.com.ar\/web\/federico-zarate-asumio-como-intendente-de-jesus-maria\/","og_site_name":"Fm Gente","article_published_time":"2023-12-14T10:19:34+00:00","og_image":[{"width":768,"height":512,"url":"https:\/\/fmgente.com.ar\/web\/wp-content\/uploads\/2023\/12\/5c5e242d-d923-4e59-a775-a26e02a420d6-768x512-1.jpg","type":"image\/jpeg"}],"author":"Adri\u00e1n Hern\u00e1ndez","twitter_card":"summary_large_image","twitter_misc":{"Escrito por":"Adri\u00e1n Hern\u00e1ndez","Tiempo de lectura":"6 minutos"},"schema":{"@context":"https:\/\/schema.org","@graph":[{"@type":"Article","@id":"https:\/\/fmgente.com.ar\/web\/federico-zarate-asumio-como-intendente-de-jesus-maria\/#article","isPartOf":{"@id":"https:\/\/fmgente.com.ar\/web\/federico-zarate-asumio-como-intendente-de-jesus-maria\/"},"author":{"name":"Adri\u00e1n Hern\u00e1ndez","@id":"https:\/\/fmgente.com.ar\/web\/#\/schema\/person\/ba03fa75c17effdaafbd6daa1d78c508"},"headline":"Federico Z\u00e1rate asumi\u00f3 como intendente de Jes\u00fas Mar\u00eda","datePublished":"2023-12-14T10:19:34+00:00","mainEntityOfPage":{"@id":"https:\/\/fmgente.com.ar\/web\/federico-zarate-asumio-como-intendente-de-jesus-maria\/"},"wordCount":1078,"publisher":{"@id":"https:\/\/fmgente.com.ar\/web\/#organization"},"image":{"@id":"https:\/\/fmgente.com.ar\/web\/federico-zarate-asumio-como-intendente-de-jesus-maria\/#primaryimage"},"thumbnailUrl":"https:\/\/fmgente.com.ar\/web\/wp-content\/uploads\/2023\/12\/5c5e242d-d923-4e59-a775-a26e02a420d6-768x512-1.jpg","keywords":["asunci\u00f3n","estancia jesu\u00edtica","Federico Z\u00e1rate","intendente de Jes\u00fas Mar\u00eda"],"articleSection":["DESTACADAS"],"inLanguage":"es"},{"@type":"WebPage","@id":"https:\/\/fmgente.com.ar\/web\/federico-zarate-asumio-como-intendente-de-jesus-maria\/","url":"https:\/\/fmgente.com.ar\/web\/federico-zarate-asumio-como-intendente-de-jesus-maria\/","name":"Federico Z\u00e1rate asumi\u00f3 como intendente de Jes\u00fas Mar\u00eda - Fm Gente","isPartOf":{"@id":"https:\/\/fmgente.com.ar\/web\/#website"},"primaryImageOfPage":{"@id":"https:\/\/fmgente.com.ar\/web\/federico-zarate-asumio-como-intendente-de-jesus-maria\/#primaryimage"},"image":{"@id":"https:\/\/fmgente.com.ar\/web\/federico-zarate-asumio-como-intendente-de-jesus-maria\/#primaryimage"},"thumbnailUrl":"https:\/\/fmgente.com.ar\/web\/wp-content\/uploads\/2023\/12\/5c5e242d-d923-4e59-a775-a26e02a420d6-768x512-1.jpg","datePublished":"2023-12-14T10:19:34+00:00","inLanguage":"es","potentialAction":[{"@type":"ReadAction","target":["https:\/\/fmgente.com.ar\/web\/federico-zarate-asumio-como-intendente-de-jesus-maria\/"]}]},{"@type":"ImageObject","inLanguage":"es","@id":"https:\/\/fmgente.com.ar\/web\/federico-zarate-asumio-como-intendente-de-jesus-maria\/#primaryimage","url":"https:\/\/fmgente.com.ar\/web\/wp-content\/uploads\/2023\/12\/5c5e242d-d923-4e59-a775-a26e02a420d6-768x512-1.jpg","contentUrl":"https:\/\/fmgente.com.ar\/web\/wp-content\/uploads\/2023\/12\/5c5e242d-d923-4e59-a775-a26e02a420d6-768x512-1.jpg","width":768,"height":512},{"@type":"WebSite","@id":"https:\/\/fmgente.com.ar\/web\/#website","url":"https:\/\/fmgente.com.ar\/web\/","name":"Fm Gente","description":"- Jes\u00fas Mar\u00eda","publisher":{"@id":"https:\/\/fmgente.com.ar\/web\/#organization"},"potentialAction":[{"@type":"SearchAction","target":{"@type":"EntryPoint","urlTemplate":"https:\/\/fmgente.com.ar\/web\/?s={search_term_string}"},"query-input":{"@type":"PropertyValueSpecification","valueRequired":true,"valueName":"search_term_string"}}],"inLanguage":"es"},{"@type":"Organization","@id":"https:\/\/fmgente.com.ar\/web\/#organization","name":"Fm Gente","url":"https:\/\/fmgente.com.ar\/web\/","logo":{"@type":"ImageObject","inLanguage":"es","@id":"https:\/\/fmgente.com.ar\/web\/#\/schema\/logo\/image\/","url":"https:\/\/fmgente.com.ar\/web\/wp-content\/uploads\/2023\/07\/cropped-cropped-logo-sombra2.png","contentUrl":"https:\/\/fmgente.com.ar\/web\/wp-content\/uploads\/2023\/07\/cropped-cropped-logo-sombra2.png","width":1782,"height":1782,"caption":"Fm Gente"},"image":{"@id":"https:\/\/fmgente.com.ar\/web\/#\/schema\/logo\/image\/"}},{"@type":"Person","@id":"https:\/\/fmgente.com.ar\/web\/#\/schema\/person\/ba03fa75c17effdaafbd6daa1d78c508","name":"Adri\u00e1n Hern\u00e1ndez","url":"https:\/\/fmgente.com.ar\/web\/author\/c1601891\/"}]}},"_links":{"self":[{"href":"https:\/\/fmgente.com.ar\/web\/wp-json\/wp\/v2\/posts\/1269","targetHints":{"allow":["GET"]}}],"collection":[{"href":"https:\/\/fmgente.com.ar\/web\/wp-json\/wp\/v2\/posts"}],"about":[{"href":"https:\/\/fmgente.com.ar\/web\/wp-json\/wp\/v2\/types\/post"}],"author":[{"embeddable":true,"href":"https:\/\/fmgente.com.ar\/web\/wp-json\/wp\/v2\/users\/2"}],"replies":[{"embeddable":true,"href":"https:\/\/fmgente.com.ar\/web\/wp-json\/wp\/v2\/comments?post=1269"}],"version-history":[{"count":1,"href":"https:\/\/fmgente.com.ar\/web\/wp-json\/wp\/v2\/posts\/1269\/revisions"}],"predecessor-version":[{"id":1271,"href":"https:\/\/fmgente.com.ar\/web\/wp-json\/wp\/v2\/posts\/1269\/revisions\/1271"}],"wp:featuredmedia":[{"embeddable":true,"href":"https:\/\/fmgente.com.ar\/web\/wp-json\/wp\/v2\/media\/1270"}],"wp:attachment":[{"href":"https:\/\/fmgente.com.ar\/web\/wp-json\/wp\/v2\/media?parent=1269"}],"wp:term":[{"taxonomy":"category","embeddable":true,"href":"https:\/\/fmgente.com.ar\/web\/wp-json\/wp\/v2\/categories?post=1269"},{"taxonomy":"post_tag","embeddable":true,"href":"https:\/\/fmgente.com.ar\/web\/wp-json\/wp\/v2\/tags?post=1269"}],"curies":[{"name":"wp","href":"https:\/\/api.w.org\/{rel}","templated":true}]}}