{"id":1266,"date":"2023-12-14T07:16:38","date_gmt":"2023-12-14T10:16:38","guid":{"rendered":"https:\/\/fmgente.com.ar\/?p=1266"},"modified":"2023-12-14T07:16:38","modified_gmt":"2023-12-14T10:16:38","slug":"quinteros-la-seguridad-sera-prioridad-numero-uno","status":"publish","type":"post","link":"https:\/\/fmgente.com.ar\/web\/quinteros-la-seguridad-sera-prioridad-numero-uno\/","title":{"rendered":"Quinteros: \u201cLa seguridad ser\u00e1 prioridad n\u00famero uno\u201d"},"content":{"rendered":"<article id=\"post-579770\" class=\"post-579770 post type-post status-publish format-standard has-post-thumbnail hentry category-informacion-general category-no-home ast-article-single\">\n<div class=\"ast-post-format- single-layout-1\">\n<div class=\"entry-content clear\">\n<p>El ministro de Seguridad de la Provincia, Juan Pablo Quinteros, present\u00f3 esta ma\u00f1ana a medios period\u00edsticos de C\u00f3rdoba el proyecto de ley para la creaci\u00f3n del Sistema Integrado de Seguridad P\u00fablica y Convivencia Ciudadana.<\/p>\n<p>Este proyecto ya fue enviado por el gobernador Mart\u00edn Llaryora a la Legislatura provincial y es el primero que env\u00eda el Ejecutivo en esta gesti\u00f3n para el inicio del tr\u00e1mite parlamentario y posterior aprobaci\u00f3n.\u00a0<em>\u201cLa seguridad para nosotros es un eje absolutamente fundamental<\/em>\u201d, expres\u00f3 Quinteros.\u00a0<em>\u00abC\u00f3rdoba ser\u00e1 territorio hostil para el narcotr\u00e1fico. La lucha contra el narcotr\u00e1fico es una cuesti\u00f3n de Estado\u201d<\/em>, agreg\u00f3.<\/p>\n<p>En el marco de la conferencia de prensa, el ministro confirm\u00f3 que se gestion\u00f3 una reuni\u00f3n con la ministra de Seguridad de la Naci\u00f3n, Patricia Bullrich, a fines de coordinar la implementaci\u00f3n de las fuerzas federales en la provincia: \u201c<em>Estamos gestionando con el gobernador una reuni\u00f3n con la ministra, con el Poder Judicial de la Naci\u00f3n y con el Foro Federal para poder articular la coordinaci\u00f3n de las fuerzas. Nos vamos a poner a trabajar Estado nacional, provincial y tambi\u00e9n el municipal\u201d.<\/em><\/p>\n<figure class=\"wp-block-gallery has-nested-images columns-default is-cropped wp-block-gallery-1 is-layout-flex wp-block-gallery-is-layout-flex\">\n<figure class=\"wp-block-image size-large\"><a href=\"https:\/\/prensa.cba.gov.ar\/wp-content\/uploads\/2023\/12\/DSC_1247.jpg\"><img loading=\"lazy\" decoding=\"async\" class=\"wp-image-579774\" src=\"https:\/\/prensa.cba.gov.ar\/wp-content\/uploads\/2023\/12\/DSC_1247.jpg\" sizes=\"auto, (max-width: 993px) 100vw, 993px\" srcset=\"https:\/\/prensa.cba.gov.ar\/wp-content\/uploads\/2023\/12\/DSC_1247.jpg 993w, https:\/\/prensa.cba.gov.ar\/wp-content\/uploads\/2023\/12\/DSC_1247-300x200.jpg 300w, https:\/\/prensa.cba.gov.ar\/wp-content\/uploads\/2023\/12\/DSC_1247-768x512.jpg 768w\" alt=\"\" width=\"993\" height=\"662\" data-id=\"579774\" \/><\/a><\/figure>\n<figure class=\"wp-block-image size-full\"><a href=\"https:\/\/prensa.cba.gov.ar\/wp-content\/uploads\/2023\/12\/Ministro-Quinteros.jpg\"><img loading=\"lazy\" decoding=\"async\" class=\"wp-image-579772\" src=\"https:\/\/prensa.cba.gov.ar\/wp-content\/uploads\/2023\/12\/Ministro-Quinteros.jpg\" sizes=\"auto, (max-width: 993px) 100vw, 993px\" srcset=\"https:\/\/prensa.cba.gov.ar\/wp-content\/uploads\/2023\/12\/Ministro-Quinteros.jpg 993w, https:\/\/prensa.cba.gov.ar\/wp-content\/uploads\/2023\/12\/Ministro-Quinteros-300x200.jpg 300w, https:\/\/prensa.cba.gov.ar\/wp-content\/uploads\/2023\/12\/Ministro-Quinteros-768x512.jpg 768w\" alt=\"\" width=\"993\" height=\"662\" data-id=\"579772\" \/><\/a><\/figure>\n<\/figure>\n<figure class=\"wp-block-audio\"><audio src=\"https:\/\/prensa.cba.gov.ar\/wp-content\/uploads\/2023\/12\/Conferencia-de-prensa-Quinteros-tema-seguridad-2.mp3\" controls=\"controls\" data-mce-fragment=\"1\"><\/audio><\/figure>\n<p><em>Audio: Juan Pablo Quinteros.<\/em><\/p>\n<h4 class=\"wp-block-heading\"><strong>Proyecto de seguridad p\u00fablica<\/strong><\/h4>\n<p>Quinteros inici\u00f3 el di\u00e1logo period\u00edstico haciendo un repaso de los\u00a0<a href=\"https:\/\/prensa.cba.gov.ar\/no-home\/llaryora-envia-a-la-legislatura-el-nuevo-proyecto-de-seguridad-publica\/\" target=\"_blank\" rel=\"noreferrer noopener\">principales puntos del proyecto legislativo<\/a>. Se refiri\u00f3 as\u00ed a la creaci\u00f3n de Guardias Locales de Prevenci\u00f3n y Convivencia, la creaci\u00f3n de un instituto de formaci\u00f3n de pol\u00edticas de seguridad y de capacitaci\u00f3n, la implementaci\u00f3n de arma no letales, la articulaci\u00f3n con prestadoras de seguridad privada y la obligatoriedad del narcotest para funcionarios p\u00fablicos, entre otros aspectos.<\/p>\n<p>El ministro se refiri\u00f3 especialmente a la creaci\u00f3n de las guardias locales de prevenci\u00f3n:<em>\u00a0\u201cLos municipios que adhieran a la ley van a recibir apoyo del gobierno de C\u00f3rdoba. Van a recibir m\u00f3viles, armas no letales y capacitaci\u00f3n\u201d.<\/em><\/p>\n<p><iframe loading=\"lazy\" title=\"Quinteros \u201cLa seguridad ser\u00e1 prioridad n\u00famero uno\u201d\" src=\"https:\/\/www.youtube.com\/embed\/9dKDckoGBTU\" width=\"853\" height=\"480\" frameborder=\"0\" allowfullscreen=\"allowfullscreen\" data-mce-fragment=\"1\"><\/iframe>Quinteros aclar\u00f3 que las guardias locales ser\u00e1n\u00a0<em>\u201cauxiliares de la polic\u00eda: pueden usar armas no letales, pueden reducir una persona, la pueden aprender e inmediatamente tienen que entregarle el procedimiento a la fuerza policial, no suplanta en absoluto a la Polic\u00eda de la Provincia de C\u00f3rdoba, que tiene las atribuciones por ley como fuerza de seguridad\u201d.<\/em><\/p>\n<p>Finalmente, sobre posibles protestas ante un eventual panorama de alta conflictividad social, el ministro fue taxativo al se\u00f1alar que<em>\u00a0\u201cno vamos a tolerar hechos de violencia\u201d<\/em>. Quinteros garantiz\u00f3 el derecho a la protesta social, amparado legalmente,\u00a0<em>\u201cpero aquel que quiera llegar a su lugar de trabajo, abrir su negocio, desarrollar su actividad con libertad, nuestro compromiso y obligaci\u00f3n es garantizarle que tambi\u00e9n lo pueda hacer\u201d.<\/em><\/p>\n<figure class=\"wp-block-gallery has-nested-images columns-default is-cropped wp-block-gallery-2 is-layout-flex wp-block-gallery-is-layout-flex\">\n<figure class=\"wp-block-image size-large\"><a href=\"https:\/\/prensa.cba.gov.ar\/wp-content\/uploads\/2023\/12\/WhatsApp-Image-2023-12-13-at-08.54.01.jpeg\"><img loading=\"lazy\" decoding=\"async\" class=\"wp-image-579768\" src=\"https:\/\/prensa.cba.gov.ar\/wp-content\/uploads\/2023\/12\/WhatsApp-Image-2023-12-13-at-08.54.01-1024x683.jpeg\" sizes=\"auto, (max-width: 1024px) 100vw, 1024px\" srcset=\"https:\/\/prensa.cba.gov.ar\/wp-content\/uploads\/2023\/12\/WhatsApp-Image-2023-12-13-at-08.54.01-1024x683.jpeg 1024w, https:\/\/prensa.cba.gov.ar\/wp-content\/uploads\/2023\/12\/WhatsApp-Image-2023-12-13-at-08.54.01-300x200.jpeg 300w, https:\/\/prensa.cba.gov.ar\/wp-content\/uploads\/2023\/12\/WhatsApp-Image-2023-12-13-at-08.54.01-768x512.jpeg 768w, https:\/\/prensa.cba.gov.ar\/wp-content\/uploads\/2023\/12\/WhatsApp-Image-2023-12-13-at-08.54.01.jpeg 1392w\" alt=\"\" width=\"1024\" height=\"683\" data-id=\"579768\" \/><\/a><\/figure>\n<figure class=\"wp-block-image size-large\"><a href=\"https:\/\/prensa.cba.gov.ar\/wp-content\/uploads\/2023\/12\/DSC_1222.jpg\"><img loading=\"lazy\" decoding=\"async\" class=\"wp-image-579773\" src=\"https:\/\/prensa.cba.gov.ar\/wp-content\/uploads\/2023\/12\/DSC_1222.jpg\" sizes=\"auto, (max-width: 993px) 100vw, 993px\" srcset=\"https:\/\/prensa.cba.gov.ar\/wp-content\/uploads\/2023\/12\/DSC_1222.jpg 993w, https:\/\/prensa.cba.gov.ar\/wp-content\/uploads\/2023\/12\/DSC_1222-300x200.jpg 300w, https:\/\/prensa.cba.gov.ar\/wp-content\/uploads\/2023\/12\/DSC_1222-768x512.jpg 768w\" alt=\"\" width=\"993\" height=\"662\" data-id=\"579773\" \/><\/a><\/figure>\n<\/figure>\n<\/div>\n<\/div>\n<\/article>\n<p><script async src=\"https:\/\/pagead2.googlesyndication.com\/pagead\/js\/adsbygoogle.js?client=ca-pub-6190387823963118\" crossorigin=\"anonymous\"><\/script><br \/>\n<!-- publi horizontal --><br \/>\n<ins class=\"adsbygoogle\" style=\"display: block;\" data-ad-client=\"ca-pub-6190387823963118\" data-ad-slot=\"1318105772\" data-ad-format=\"auto\" data-full-width-responsive=\"true\"><\/ins><br \/>\n<script>\n     (adsbygoogle = window.adsbygoogle || []).push({});\n<\/script><\/p>\n","protected":false},"excerpt":{"rendered":"<p>El ministro de Seguridad de la Provincia, Juan Pablo Quinteros, present\u00f3 esta ma\u00f1ana a medios<\/p>\n","protected":false},"author":2,"featured_media":1267,"comment_status":"closed","ping_status":"closed","sticky":false,"template":"","format":"video","meta":{"footnotes":""},"categories":[11],"tags":[1115,899,1129,1128,1113,1135],"class_list":["post-1266","post","type-post","status-publish","format-video","has-post-thumbnail","hentry","category-destacadas","tag-convivencia-ciudadana","tag-gobierno-de-cordoba","tag-juan-pablo-quinteros","tag-ministro-de-seguridad","tag-proyecto-de-ley","tag-sistema-integrado-de-seguridad-publica","post_format-post-format-video"],"yoast_head":"<!-- This site is optimized with the Yoast SEO plugin v27.4 - https:\/\/yoast.com\/product\/yoast-seo-wordpress\/ -->\n<title>Quinteros: \u201cLa seguridad ser\u00e1 prioridad n\u00famero uno\u201d - Fm Gente<\/title>\n<meta name=\"robots\" content=\"index, follow, max-snippet:-1, max-image-preview:large, max-video-preview:-1\" \/>\n<link rel=\"canonical\" href=\"https:\/\/fmgente.com.ar\/web\/quinteros-la-seguridad-sera-prioridad-numero-uno\/\" \/>\n<meta property=\"og:locale\" content=\"es_ES\" \/>\n<meta property=\"og:type\" content=\"article\" \/>\n<meta property=\"og:title\" content=\"Quinteros: \u201cLa seguridad ser\u00e1 prioridad n\u00famero uno\u201d - Fm Gente\" \/>\n<meta property=\"og:description\" content=\"El ministro de Seguridad de la Provincia, Juan Pablo Quinteros, present\u00f3 esta ma\u00f1ana a medios\" \/>\n<meta property=\"og:url\" content=\"https:\/\/fmgente.com.ar\/web\/quinteros-la-seguridad-sera-prioridad-numero-uno\/\" \/>\n<meta property=\"og:site_name\" content=\"Fm Gente\" \/>\n<meta property=\"article:published_time\" content=\"2023-12-14T10:16:38+00:00\" \/>\n<meta property=\"og:image\" content=\"https:\/\/fmgente.com.ar\/web\/wp-content\/uploads\/2023\/12\/WhatsApp-Image-2023-12-13-at-08.54.04.jpeg\" \/>\n\t<meta property=\"og:image:width\" content=\"1392\" \/>\n\t<meta property=\"og:image:height\" content=\"928\" \/>\n\t<meta property=\"og:image:type\" content=\"image\/jpeg\" \/>\n<meta name=\"author\" content=\"Adri\u00e1n Hern\u00e1ndez\" \/>\n<meta name=\"twitter:card\" content=\"summary_large_image\" \/>\n<meta name=\"twitter:label1\" content=\"Escrito por\" \/>\n\t<meta name=\"twitter:data1\" content=\"Adri\u00e1n Hern\u00e1ndez\" \/>\n\t<meta name=\"twitter:label2\" content=\"Tiempo de lectura\" \/>\n\t<meta name=\"twitter:data2\" content=\"3 minutos\" \/>\n<script type=\"application\/ld+json\" class=\"yoast-schema-graph\">{\"@context\":\"https:\\\/\\\/schema.org\",\"@graph\":[{\"@type\":\"Article\",\"@id\":\"https:\\\/\\\/fmgente.com.ar\\\/web\\\/quinteros-la-seguridad-sera-prioridad-numero-uno\\\/#article\",\"isPartOf\":{\"@id\":\"https:\\\/\\\/fmgente.com.ar\\\/web\\\/quinteros-la-seguridad-sera-prioridad-numero-uno\\\/\"},\"author\":{\"name\":\"Adri\u00e1n Hern\u00e1ndez\",\"@id\":\"https:\\\/\\\/fmgente.com.ar\\\/web\\\/#\\\/schema\\\/person\\\/ba03fa75c17effdaafbd6daa1d78c508\"},\"headline\":\"Quinteros: \u201cLa seguridad ser\u00e1 prioridad n\u00famero uno\u201d\",\"datePublished\":\"2023-12-14T10:16:38+00:00\",\"mainEntityOfPage\":{\"@id\":\"https:\\\/\\\/fmgente.com.ar\\\/web\\\/quinteros-la-seguridad-sera-prioridad-numero-uno\\\/\"},\"wordCount\":465,\"publisher\":{\"@id\":\"https:\\\/\\\/fmgente.com.ar\\\/web\\\/#organization\"},\"image\":{\"@id\":\"https:\\\/\\\/fmgente.com.ar\\\/web\\\/quinteros-la-seguridad-sera-prioridad-numero-uno\\\/#primaryimage\"},\"thumbnailUrl\":\"https:\\\/\\\/fmgente.com.ar\\\/web\\\/wp-content\\\/uploads\\\/2023\\\/12\\\/WhatsApp-Image-2023-12-13-at-08.54.04.jpeg\",\"keywords\":[\"Convivencia Ciudadana\",\"Gobierno de C\u00f3rdoba\",\"Juan Pablo Quinteros\",\"ministro de seguridad\",\"proyecto de ley\",\"sistema integrado de seguridad p\u00fablica\"],\"articleSection\":[\"DESTACADAS\"],\"inLanguage\":\"es\"},{\"@type\":\"WebPage\",\"@id\":\"https:\\\/\\\/fmgente.com.ar\\\/web\\\/quinteros-la-seguridad-sera-prioridad-numero-uno\\\/\",\"url\":\"https:\\\/\\\/fmgente.com.ar\\\/web\\\/quinteros-la-seguridad-sera-prioridad-numero-uno\\\/\",\"name\":\"Quinteros: \u201cLa seguridad ser\u00e1 prioridad n\u00famero uno\u201d - Fm Gente\",\"isPartOf\":{\"@id\":\"https:\\\/\\\/fmgente.com.ar\\\/web\\\/#website\"},\"primaryImageOfPage\":{\"@id\":\"https:\\\/\\\/fmgente.com.ar\\\/web\\\/quinteros-la-seguridad-sera-prioridad-numero-uno\\\/#primaryimage\"},\"image\":{\"@id\":\"https:\\\/\\\/fmgente.com.ar\\\/web\\\/quinteros-la-seguridad-sera-prioridad-numero-uno\\\/#primaryimage\"},\"thumbnailUrl\":\"https:\\\/\\\/fmgente.com.ar\\\/web\\\/wp-content\\\/uploads\\\/2023\\\/12\\\/WhatsApp-Image-2023-12-13-at-08.54.04.jpeg\",\"datePublished\":\"2023-12-14T10:16:38+00:00\",\"inLanguage\":\"es\",\"potentialAction\":[{\"@type\":\"ReadAction\",\"target\":[\"https:\\\/\\\/fmgente.com.ar\\\/web\\\/quinteros-la-seguridad-sera-prioridad-numero-uno\\\/\"]}]},{\"@type\":\"ImageObject\",\"inLanguage\":\"es\",\"@id\":\"https:\\\/\\\/fmgente.com.ar\\\/web\\\/quinteros-la-seguridad-sera-prioridad-numero-uno\\\/#primaryimage\",\"url\":\"https:\\\/\\\/fmgente.com.ar\\\/web\\\/wp-content\\\/uploads\\\/2023\\\/12\\\/WhatsApp-Image-2023-12-13-at-08.54.04.jpeg\",\"contentUrl\":\"https:\\\/\\\/fmgente.com.ar\\\/web\\\/wp-content\\\/uploads\\\/2023\\\/12\\\/WhatsApp-Image-2023-12-13-at-08.54.04.jpeg\",\"width\":1392,\"height\":928},{\"@type\":\"WebSite\",\"@id\":\"https:\\\/\\\/fmgente.com.ar\\\/web\\\/#website\",\"url\":\"https:\\\/\\\/fmgente.com.ar\\\/web\\\/\",\"name\":\"Fm Gente\",\"description\":\"- Jes\u00fas Mar\u00eda\",\"publisher\":{\"@id\":\"https:\\\/\\\/fmgente.com.ar\\\/web\\\/#organization\"},\"potentialAction\":[{\"@type\":\"SearchAction\",\"target\":{\"@type\":\"EntryPoint\",\"urlTemplate\":\"https:\\\/\\\/fmgente.com.ar\\\/web\\\/?s={search_term_string}\"},\"query-input\":{\"@type\":\"PropertyValueSpecification\",\"valueRequired\":true,\"valueName\":\"search_term_string\"}}],\"inLanguage\":\"es\"},{\"@type\":\"Organization\",\"@id\":\"https:\\\/\\\/fmgente.com.ar\\\/web\\\/#organization\",\"name\":\"Fm Gente\",\"url\":\"https:\\\/\\\/fmgente.com.ar\\\/web\\\/\",\"logo\":{\"@type\":\"ImageObject\",\"inLanguage\":\"es\",\"@id\":\"https:\\\/\\\/fmgente.com.ar\\\/web\\\/#\\\/schema\\\/logo\\\/image\\\/\",\"url\":\"https:\\\/\\\/fmgente.com.ar\\\/web\\\/wp-content\\\/uploads\\\/2023\\\/07\\\/cropped-cropped-logo-sombra2.png\",\"contentUrl\":\"https:\\\/\\\/fmgente.com.ar\\\/web\\\/wp-content\\\/uploads\\\/2023\\\/07\\\/cropped-cropped-logo-sombra2.png\",\"width\":1782,\"height\":1782,\"caption\":\"Fm Gente\"},\"image\":{\"@id\":\"https:\\\/\\\/fmgente.com.ar\\\/web\\\/#\\\/schema\\\/logo\\\/image\\\/\"}},{\"@type\":\"Person\",\"@id\":\"https:\\\/\\\/fmgente.com.ar\\\/web\\\/#\\\/schema\\\/person\\\/ba03fa75c17effdaafbd6daa1d78c508\",\"name\":\"Adri\u00e1n Hern\u00e1ndez\",\"url\":\"https:\\\/\\\/fmgente.com.ar\\\/web\\\/author\\\/c1601891\\\/\"}]}<\/script>\n<!-- \/ Yoast SEO plugin. -->","yoast_head_json":{"title":"Quinteros: \u201cLa seguridad ser\u00e1 prioridad n\u00famero uno\u201d - Fm Gente","robots":{"index":"index","follow":"follow","max-snippet":"max-snippet:-1","max-image-preview":"max-image-preview:large","max-video-preview":"max-video-preview:-1"},"canonical":"https:\/\/fmgente.com.ar\/web\/quinteros-la-seguridad-sera-prioridad-numero-uno\/","og_locale":"es_ES","og_type":"article","og_title":"Quinteros: \u201cLa seguridad ser\u00e1 prioridad n\u00famero uno\u201d - Fm Gente","og_description":"El ministro de Seguridad de la Provincia, Juan Pablo Quinteros, present\u00f3 esta ma\u00f1ana a medios","og_url":"https:\/\/fmgente.com.ar\/web\/quinteros-la-seguridad-sera-prioridad-numero-uno\/","og_site_name":"Fm Gente","article_published_time":"2023-12-14T10:16:38+00:00","og_image":[{"width":1392,"height":928,"url":"https:\/\/fmgente.com.ar\/web\/wp-content\/uploads\/2023\/12\/WhatsApp-Image-2023-12-13-at-08.54.04.jpeg","type":"image\/jpeg"}],"author":"Adri\u00e1n Hern\u00e1ndez","twitter_card":"summary_large_image","twitter_misc":{"Escrito por":"Adri\u00e1n Hern\u00e1ndez","Tiempo de lectura":"3 minutos"},"schema":{"@context":"https:\/\/schema.org","@graph":[{"@type":"Article","@id":"https:\/\/fmgente.com.ar\/web\/quinteros-la-seguridad-sera-prioridad-numero-uno\/#article","isPartOf":{"@id":"https:\/\/fmgente.com.ar\/web\/quinteros-la-seguridad-sera-prioridad-numero-uno\/"},"author":{"name":"Adri\u00e1n Hern\u00e1ndez","@id":"https:\/\/fmgente.com.ar\/web\/#\/schema\/person\/ba03fa75c17effdaafbd6daa1d78c508"},"headline":"Quinteros: \u201cLa seguridad ser\u00e1 prioridad n\u00famero uno\u201d","datePublished":"2023-12-14T10:16:38+00:00","mainEntityOfPage":{"@id":"https:\/\/fmgente.com.ar\/web\/quinteros-la-seguridad-sera-prioridad-numero-uno\/"},"wordCount":465,"publisher":{"@id":"https:\/\/fmgente.com.ar\/web\/#organization"},"image":{"@id":"https:\/\/fmgente.com.ar\/web\/quinteros-la-seguridad-sera-prioridad-numero-uno\/#primaryimage"},"thumbnailUrl":"https:\/\/fmgente.com.ar\/web\/wp-content\/uploads\/2023\/12\/WhatsApp-Image-2023-12-13-at-08.54.04.jpeg","keywords":["Convivencia Ciudadana","Gobierno de C\u00f3rdoba","Juan Pablo Quinteros","ministro de seguridad","proyecto de ley","sistema integrado de seguridad p\u00fablica"],"articleSection":["DESTACADAS"],"inLanguage":"es"},{"@type":"WebPage","@id":"https:\/\/fmgente.com.ar\/web\/quinteros-la-seguridad-sera-prioridad-numero-uno\/","url":"https:\/\/fmgente.com.ar\/web\/quinteros-la-seguridad-sera-prioridad-numero-uno\/","name":"Quinteros: \u201cLa seguridad ser\u00e1 prioridad n\u00famero uno\u201d - Fm Gente","isPartOf":{"@id":"https:\/\/fmgente.com.ar\/web\/#website"},"primaryImageOfPage":{"@id":"https:\/\/fmgente.com.ar\/web\/quinteros-la-seguridad-sera-prioridad-numero-uno\/#primaryimage"},"image":{"@id":"https:\/\/fmgente.com.ar\/web\/quinteros-la-seguridad-sera-prioridad-numero-uno\/#primaryimage"},"thumbnailUrl":"https:\/\/fmgente.com.ar\/web\/wp-content\/uploads\/2023\/12\/WhatsApp-Image-2023-12-13-at-08.54.04.jpeg","datePublished":"2023-12-14T10:16:38+00:00","inLanguage":"es","potentialAction":[{"@type":"ReadAction","target":["https:\/\/fmgente.com.ar\/web\/quinteros-la-seguridad-sera-prioridad-numero-uno\/"]}]},{"@type":"ImageObject","inLanguage":"es","@id":"https:\/\/fmgente.com.ar\/web\/quinteros-la-seguridad-sera-prioridad-numero-uno\/#primaryimage","url":"https:\/\/fmgente.com.ar\/web\/wp-content\/uploads\/2023\/12\/WhatsApp-Image-2023-12-13-at-08.54.04.jpeg","contentUrl":"https:\/\/fmgente.com.ar\/web\/wp-content\/uploads\/2023\/12\/WhatsApp-Image-2023-12-13-at-08.54.04.jpeg","width":1392,"height":928},{"@type":"WebSite","@id":"https:\/\/fmgente.com.ar\/web\/#website","url":"https:\/\/fmgente.com.ar\/web\/","name":"Fm Gente","description":"- Jes\u00fas Mar\u00eda","publisher":{"@id":"https:\/\/fmgente.com.ar\/web\/#organization"},"potentialAction":[{"@type":"SearchAction","target":{"@type":"EntryPoint","urlTemplate":"https:\/\/fmgente.com.ar\/web\/?s={search_term_string}"},"query-input":{"@type":"PropertyValueSpecification","valueRequired":true,"valueName":"search_term_string"}}],"inLanguage":"es"},{"@type":"Organization","@id":"https:\/\/fmgente.com.ar\/web\/#organization","name":"Fm Gente","url":"https:\/\/fmgente.com.ar\/web\/","logo":{"@type":"ImageObject","inLanguage":"es","@id":"https:\/\/fmgente.com.ar\/web\/#\/schema\/logo\/image\/","url":"https:\/\/fmgente.com.ar\/web\/wp-content\/uploads\/2023\/07\/cropped-cropped-logo-sombra2.png","contentUrl":"https:\/\/fmgente.com.ar\/web\/wp-content\/uploads\/2023\/07\/cropped-cropped-logo-sombra2.png","width":1782,"height":1782,"caption":"Fm Gente"},"image":{"@id":"https:\/\/fmgente.com.ar\/web\/#\/schema\/logo\/image\/"}},{"@type":"Person","@id":"https:\/\/fmgente.com.ar\/web\/#\/schema\/person\/ba03fa75c17effdaafbd6daa1d78c508","name":"Adri\u00e1n Hern\u00e1ndez","url":"https:\/\/fmgente.com.ar\/web\/author\/c1601891\/"}]}},"_links":{"self":[{"href":"https:\/\/fmgente.com.ar\/web\/wp-json\/wp\/v2\/posts\/1266","targetHints":{"allow":["GET"]}}],"collection":[{"href":"https:\/\/fmgente.com.ar\/web\/wp-json\/wp\/v2\/posts"}],"about":[{"href":"https:\/\/fmgente.com.ar\/web\/wp-json\/wp\/v2\/types\/post"}],"author":[{"embeddable":true,"href":"https:\/\/fmgente.com.ar\/web\/wp-json\/wp\/v2\/users\/2"}],"replies":[{"embeddable":true,"href":"https:\/\/fmgente.com.ar\/web\/wp-json\/wp\/v2\/comments?post=1266"}],"version-history":[{"count":1,"href":"https:\/\/fmgente.com.ar\/web\/wp-json\/wp\/v2\/posts\/1266\/revisions"}],"predecessor-version":[{"id":1268,"href":"https:\/\/fmgente.com.ar\/web\/wp-json\/wp\/v2\/posts\/1266\/revisions\/1268"}],"wp:featuredmedia":[{"embeddable":true,"href":"https:\/\/fmgente.com.ar\/web\/wp-json\/wp\/v2\/media\/1267"}],"wp:attachment":[{"href":"https:\/\/fmgente.com.ar\/web\/wp-json\/wp\/v2\/media?parent=1266"}],"wp:term":[{"taxonomy":"category","embeddable":true,"href":"https:\/\/fmgente.com.ar\/web\/wp-json\/wp\/v2\/categories?post=1266"},{"taxonomy":"post_tag","embeddable":true,"href":"https:\/\/fmgente.com.ar\/web\/wp-json\/wp\/v2\/tags?post=1266"}],"curies":[{"name":"wp","href":"https:\/\/api.w.org\/{rel}","templated":true}]}}