{"id":1263,"date":"2023-12-14T07:13:23","date_gmt":"2023-12-14T10:13:23","guid":{"rendered":"https:\/\/fmgente.com.ar\/?p=1263"},"modified":"2023-12-14T07:13:23","modified_gmt":"2023-12-14T10:13:23","slug":"el-viernes-asume-la-nueva-cupula-de-la-policia-de-la-provincia","status":"publish","type":"post","link":"https:\/\/fmgente.com.ar\/web\/el-viernes-asume-la-nueva-cupula-de-la-policia-de-la-provincia\/","title":{"rendered":"El viernes asume la nueva c\u00fapula de la Polic\u00eda de la Provincia"},"content":{"rendered":"<p>El Ministerio de Seguridad de la Provincia de C\u00f3rdoba informa que el pr\u00f3ximo viernes, a las 11 horas, asumir\u00e1n el nuevo Jefe y subjefe de la Polic\u00eda de la Provincia.<\/p>\n<p>El Comisario General Licenciado Leonardo Guti\u00e9rrez ser\u00e1 el nuevo Jefe de la Polic\u00eda de la Provincia y el comisario General Licenciado, Alejandro Mercado, ser\u00e1 el subjefe.<\/p>\n<p>En la ma\u00f1ana de hoy, el ministro de Seguridad, Juan Pablo Quinteros, recibi\u00f3 autoridades policiales salientes, Liliana Zarate Belletti, al subjefe Ariel Lecler y a las entrantes antes mencionadas.<\/p>\n<p>La trayectoria profesional del Comisario General Guti\u00e9rrez abarca la Direcci\u00f3n de Bomberos, donde desempe\u00f1\u00f3 roles significativos en diversos grupos especializados, tales como BRIMAP y DUAR.<\/p>\n<p>Posteriormente, progres\u00f3 en su carrera al asumir el cargo de director en San Carlos Minas y Cruz del Eje, dentro de la Direcci\u00f3n General Departamental Norte.<\/p>\n<p>Su ingreso al Estado Mayor se materializ\u00f3 en la Direcci\u00f3n General de Polic\u00eda Caminera. En etapas subsiguientes y hasta la fecha, ha continuado su carrera como titular de la Direcci\u00f3n General Departamental Sur, acumulando m\u00e1s de cuatro a\u00f1os de servicio en el Estado Mayor de la Polic\u00eda de la Provincia de C\u00f3rdoba.<\/p>\n<p>El comisario General Licenciado Alejandro Mercado tiene 54 a\u00f1os de edad. Primera Promoci\u00f3n de 3 a\u00f1os de Escuela de Polic\u00eda, con 35 a\u00f1os de servicio, llegando con la jerarqu\u00eda de Comisario Inspector a Estado Mayor Policial.<\/p>\n<p>A cargo desde hace siete a\u00f1os de la Direcci\u00f3n General de Investigaciones Criminales.<\/p>\n<p>Sus comienzos fueron en Polic\u00eda Caminera en Laboulaye y fue Instructor de la Escuela de Polic\u00eda.<\/p>\n<p>Cuenta con m\u00e1s de 25 a\u00f1os en la Direcci\u00f3n General de Investigaciones Criminales, Pas\u00f3 por la URD Punilla y la URD San Justo.<\/p>\n<p>Mercado es, adem\u00e1s, Martillero y Corredor Inmobiliario matriculado.<\/p>\n<p><script async src=\"https:\/\/pagead2.googlesyndication.com\/pagead\/js\/adsbygoogle.js?client=ca-pub-6190387823963118\" crossorigin=\"anonymous\"><\/script><br \/>\n<!-- publi horizontal --><br \/>\n<ins class=\"adsbygoogle\" style=\"display: block;\" data-ad-client=\"ca-pub-6190387823963118\" data-ad-slot=\"1318105772\" data-ad-format=\"auto\" data-full-width-responsive=\"true\"><\/ins><br \/>\n<script>\n     (adsbygoogle = window.adsbygoogle || []).push({});\n<\/script><\/p>\n","protected":false},"excerpt":{"rendered":"<p>El Ministerio de Seguridad de la Provincia de C\u00f3rdoba informa que el pr\u00f3ximo viernes, a<\/p>\n","protected":false},"author":2,"featured_media":1264,"comment_status":"closed","ping_status":"closed","sticky":false,"template":"","format":"standard","meta":{"footnotes":""},"categories":[11],"tags":[1133,899,1132,1129,1134,1128,1130,1131],"class_list":["post-1263","post","type-post","status-publish","format-standard","has-post-thumbnail","hentry","category-destacadas","tag-comisario-general","tag-gobierno-de-cordoba","tag-jefe-de-policia","tag-juan-pablo-quinteros","tag-licenciado-leonardo-gutierrez","tag-ministro-de-seguridad","tag-nueva-cupula","tag-policia-de-cordoba"],"yoast_head":"<!-- This site is optimized with the Yoast SEO plugin v27.4 - https:\/\/yoast.com\/product\/yoast-seo-wordpress\/ -->\n<title>El viernes asume la nueva c\u00fapula de la Polic\u00eda de la Provincia - Fm Gente<\/title>\n<meta name=\"robots\" content=\"index, follow, max-snippet:-1, max-image-preview:large, max-video-preview:-1\" \/>\n<link rel=\"canonical\" href=\"https:\/\/fmgente.com.ar\/web\/el-viernes-asume-la-nueva-cupula-de-la-policia-de-la-provincia\/\" \/>\n<meta property=\"og:locale\" content=\"es_ES\" \/>\n<meta property=\"og:type\" content=\"article\" \/>\n<meta property=\"og:title\" content=\"El viernes asume la nueva c\u00fapula de la Polic\u00eda de la Provincia - Fm Gente\" \/>\n<meta property=\"og:description\" content=\"El Ministerio de Seguridad de la Provincia de C\u00f3rdoba informa que el pr\u00f3ximo viernes, a\" \/>\n<meta property=\"og:url\" content=\"https:\/\/fmgente.com.ar\/web\/el-viernes-asume-la-nueva-cupula-de-la-policia-de-la-provincia\/\" \/>\n<meta property=\"og:site_name\" content=\"Fm Gente\" \/>\n<meta property=\"article:published_time\" content=\"2023-12-14T10:13:23+00:00\" \/>\n<meta property=\"og:image\" content=\"https:\/\/fmgente.com.ar\/web\/wp-content\/uploads\/2023\/12\/Policia-de-Cordoba.jpg\" \/>\n\t<meta property=\"og:image:width\" content=\"993\" \/>\n\t<meta property=\"og:image:height\" content=\"663\" \/>\n\t<meta property=\"og:image:type\" content=\"image\/jpeg\" \/>\n<meta name=\"author\" content=\"Adri\u00e1n Hern\u00e1ndez\" \/>\n<meta name=\"twitter:card\" content=\"summary_large_image\" \/>\n<meta name=\"twitter:label1\" content=\"Escrito por\" \/>\n\t<meta name=\"twitter:data1\" content=\"Adri\u00e1n Hern\u00e1ndez\" \/>\n\t<meta name=\"twitter:label2\" content=\"Tiempo de lectura\" \/>\n\t<meta name=\"twitter:data2\" content=\"2 minutos\" \/>\n<script type=\"application\/ld+json\" class=\"yoast-schema-graph\">{\"@context\":\"https:\\\/\\\/schema.org\",\"@graph\":[{\"@type\":\"Article\",\"@id\":\"https:\\\/\\\/fmgente.com.ar\\\/web\\\/el-viernes-asume-la-nueva-cupula-de-la-policia-de-la-provincia\\\/#article\",\"isPartOf\":{\"@id\":\"https:\\\/\\\/fmgente.com.ar\\\/web\\\/el-viernes-asume-la-nueva-cupula-de-la-policia-de-la-provincia\\\/\"},\"author\":{\"name\":\"Adri\u00e1n Hern\u00e1ndez\",\"@id\":\"https:\\\/\\\/fmgente.com.ar\\\/web\\\/#\\\/schema\\\/person\\\/ba03fa75c17effdaafbd6daa1d78c508\"},\"headline\":\"El viernes asume la nueva c\u00fapula de la Polic\u00eda de la Provincia\",\"datePublished\":\"2023-12-14T10:13:23+00:00\",\"mainEntityOfPage\":{\"@id\":\"https:\\\/\\\/fmgente.com.ar\\\/web\\\/el-viernes-asume-la-nueva-cupula-de-la-policia-de-la-provincia\\\/\"},\"wordCount\":324,\"publisher\":{\"@id\":\"https:\\\/\\\/fmgente.com.ar\\\/web\\\/#organization\"},\"image\":{\"@id\":\"https:\\\/\\\/fmgente.com.ar\\\/web\\\/el-viernes-asume-la-nueva-cupula-de-la-policia-de-la-provincia\\\/#primaryimage\"},\"thumbnailUrl\":\"https:\\\/\\\/fmgente.com.ar\\\/web\\\/wp-content\\\/uploads\\\/2023\\\/12\\\/Policia-de-Cordoba.jpg\",\"keywords\":[\"comisario general\",\"Gobierno de C\u00f3rdoba\",\"jefe de polic\u00eda\",\"Juan Pablo Quinteros\",\"Licenciado Leonardo Gutierrez\",\"ministro de seguridad\",\"nueva c\u00fapula\",\"Polic\u00eda de c\u00f3rdoba\"],\"articleSection\":[\"DESTACADAS\"],\"inLanguage\":\"es\"},{\"@type\":\"WebPage\",\"@id\":\"https:\\\/\\\/fmgente.com.ar\\\/web\\\/el-viernes-asume-la-nueva-cupula-de-la-policia-de-la-provincia\\\/\",\"url\":\"https:\\\/\\\/fmgente.com.ar\\\/web\\\/el-viernes-asume-la-nueva-cupula-de-la-policia-de-la-provincia\\\/\",\"name\":\"El viernes asume la nueva c\u00fapula de la Polic\u00eda de la Provincia - Fm Gente\",\"isPartOf\":{\"@id\":\"https:\\\/\\\/fmgente.com.ar\\\/web\\\/#website\"},\"primaryImageOfPage\":{\"@id\":\"https:\\\/\\\/fmgente.com.ar\\\/web\\\/el-viernes-asume-la-nueva-cupula-de-la-policia-de-la-provincia\\\/#primaryimage\"},\"image\":{\"@id\":\"https:\\\/\\\/fmgente.com.ar\\\/web\\\/el-viernes-asume-la-nueva-cupula-de-la-policia-de-la-provincia\\\/#primaryimage\"},\"thumbnailUrl\":\"https:\\\/\\\/fmgente.com.ar\\\/web\\\/wp-content\\\/uploads\\\/2023\\\/12\\\/Policia-de-Cordoba.jpg\",\"datePublished\":\"2023-12-14T10:13:23+00:00\",\"inLanguage\":\"es\",\"potentialAction\":[{\"@type\":\"ReadAction\",\"target\":[\"https:\\\/\\\/fmgente.com.ar\\\/web\\\/el-viernes-asume-la-nueva-cupula-de-la-policia-de-la-provincia\\\/\"]}]},{\"@type\":\"ImageObject\",\"inLanguage\":\"es\",\"@id\":\"https:\\\/\\\/fmgente.com.ar\\\/web\\\/el-viernes-asume-la-nueva-cupula-de-la-policia-de-la-provincia\\\/#primaryimage\",\"url\":\"https:\\\/\\\/fmgente.com.ar\\\/web\\\/wp-content\\\/uploads\\\/2023\\\/12\\\/Policia-de-Cordoba.jpg\",\"contentUrl\":\"https:\\\/\\\/fmgente.com.ar\\\/web\\\/wp-content\\\/uploads\\\/2023\\\/12\\\/Policia-de-Cordoba.jpg\",\"width\":993,\"height\":663},{\"@type\":\"WebSite\",\"@id\":\"https:\\\/\\\/fmgente.com.ar\\\/web\\\/#website\",\"url\":\"https:\\\/\\\/fmgente.com.ar\\\/web\\\/\",\"name\":\"Fm Gente\",\"description\":\"- Jes\u00fas Mar\u00eda\",\"publisher\":{\"@id\":\"https:\\\/\\\/fmgente.com.ar\\\/web\\\/#organization\"},\"potentialAction\":[{\"@type\":\"SearchAction\",\"target\":{\"@type\":\"EntryPoint\",\"urlTemplate\":\"https:\\\/\\\/fmgente.com.ar\\\/web\\\/?s={search_term_string}\"},\"query-input\":{\"@type\":\"PropertyValueSpecification\",\"valueRequired\":true,\"valueName\":\"search_term_string\"}}],\"inLanguage\":\"es\"},{\"@type\":\"Organization\",\"@id\":\"https:\\\/\\\/fmgente.com.ar\\\/web\\\/#organization\",\"name\":\"Fm Gente\",\"url\":\"https:\\\/\\\/fmgente.com.ar\\\/web\\\/\",\"logo\":{\"@type\":\"ImageObject\",\"inLanguage\":\"es\",\"@id\":\"https:\\\/\\\/fmgente.com.ar\\\/web\\\/#\\\/schema\\\/logo\\\/image\\\/\",\"url\":\"https:\\\/\\\/fmgente.com.ar\\\/web\\\/wp-content\\\/uploads\\\/2023\\\/07\\\/cropped-cropped-logo-sombra2.png\",\"contentUrl\":\"https:\\\/\\\/fmgente.com.ar\\\/web\\\/wp-content\\\/uploads\\\/2023\\\/07\\\/cropped-cropped-logo-sombra2.png\",\"width\":1782,\"height\":1782,\"caption\":\"Fm Gente\"},\"image\":{\"@id\":\"https:\\\/\\\/fmgente.com.ar\\\/web\\\/#\\\/schema\\\/logo\\\/image\\\/\"}},{\"@type\":\"Person\",\"@id\":\"https:\\\/\\\/fmgente.com.ar\\\/web\\\/#\\\/schema\\\/person\\\/ba03fa75c17effdaafbd6daa1d78c508\",\"name\":\"Adri\u00e1n Hern\u00e1ndez\",\"url\":\"https:\\\/\\\/fmgente.com.ar\\\/web\\\/author\\\/c1601891\\\/\"}]}<\/script>\n<!-- \/ Yoast SEO plugin. -->","yoast_head_json":{"title":"El viernes asume la nueva c\u00fapula de la Polic\u00eda de la Provincia - Fm Gente","robots":{"index":"index","follow":"follow","max-snippet":"max-snippet:-1","max-image-preview":"max-image-preview:large","max-video-preview":"max-video-preview:-1"},"canonical":"https:\/\/fmgente.com.ar\/web\/el-viernes-asume-la-nueva-cupula-de-la-policia-de-la-provincia\/","og_locale":"es_ES","og_type":"article","og_title":"El viernes asume la nueva c\u00fapula de la Polic\u00eda de la Provincia - Fm Gente","og_description":"El Ministerio de Seguridad de la Provincia de C\u00f3rdoba informa que el pr\u00f3ximo viernes, a","og_url":"https:\/\/fmgente.com.ar\/web\/el-viernes-asume-la-nueva-cupula-de-la-policia-de-la-provincia\/","og_site_name":"Fm Gente","article_published_time":"2023-12-14T10:13:23+00:00","og_image":[{"width":993,"height":663,"url":"https:\/\/fmgente.com.ar\/web\/wp-content\/uploads\/2023\/12\/Policia-de-Cordoba.jpg","type":"image\/jpeg"}],"author":"Adri\u00e1n Hern\u00e1ndez","twitter_card":"summary_large_image","twitter_misc":{"Escrito por":"Adri\u00e1n Hern\u00e1ndez","Tiempo de lectura":"2 minutos"},"schema":{"@context":"https:\/\/schema.org","@graph":[{"@type":"Article","@id":"https:\/\/fmgente.com.ar\/web\/el-viernes-asume-la-nueva-cupula-de-la-policia-de-la-provincia\/#article","isPartOf":{"@id":"https:\/\/fmgente.com.ar\/web\/el-viernes-asume-la-nueva-cupula-de-la-policia-de-la-provincia\/"},"author":{"name":"Adri\u00e1n Hern\u00e1ndez","@id":"https:\/\/fmgente.com.ar\/web\/#\/schema\/person\/ba03fa75c17effdaafbd6daa1d78c508"},"headline":"El viernes asume la nueva c\u00fapula de la Polic\u00eda de la Provincia","datePublished":"2023-12-14T10:13:23+00:00","mainEntityOfPage":{"@id":"https:\/\/fmgente.com.ar\/web\/el-viernes-asume-la-nueva-cupula-de-la-policia-de-la-provincia\/"},"wordCount":324,"publisher":{"@id":"https:\/\/fmgente.com.ar\/web\/#organization"},"image":{"@id":"https:\/\/fmgente.com.ar\/web\/el-viernes-asume-la-nueva-cupula-de-la-policia-de-la-provincia\/#primaryimage"},"thumbnailUrl":"https:\/\/fmgente.com.ar\/web\/wp-content\/uploads\/2023\/12\/Policia-de-Cordoba.jpg","keywords":["comisario general","Gobierno de C\u00f3rdoba","jefe de polic\u00eda","Juan Pablo Quinteros","Licenciado Leonardo Gutierrez","ministro de seguridad","nueva c\u00fapula","Polic\u00eda de c\u00f3rdoba"],"articleSection":["DESTACADAS"],"inLanguage":"es"},{"@type":"WebPage","@id":"https:\/\/fmgente.com.ar\/web\/el-viernes-asume-la-nueva-cupula-de-la-policia-de-la-provincia\/","url":"https:\/\/fmgente.com.ar\/web\/el-viernes-asume-la-nueva-cupula-de-la-policia-de-la-provincia\/","name":"El viernes asume la nueva c\u00fapula de la Polic\u00eda de la Provincia - Fm Gente","isPartOf":{"@id":"https:\/\/fmgente.com.ar\/web\/#website"},"primaryImageOfPage":{"@id":"https:\/\/fmgente.com.ar\/web\/el-viernes-asume-la-nueva-cupula-de-la-policia-de-la-provincia\/#primaryimage"},"image":{"@id":"https:\/\/fmgente.com.ar\/web\/el-viernes-asume-la-nueva-cupula-de-la-policia-de-la-provincia\/#primaryimage"},"thumbnailUrl":"https:\/\/fmgente.com.ar\/web\/wp-content\/uploads\/2023\/12\/Policia-de-Cordoba.jpg","datePublished":"2023-12-14T10:13:23+00:00","inLanguage":"es","potentialAction":[{"@type":"ReadAction","target":["https:\/\/fmgente.com.ar\/web\/el-viernes-asume-la-nueva-cupula-de-la-policia-de-la-provincia\/"]}]},{"@type":"ImageObject","inLanguage":"es","@id":"https:\/\/fmgente.com.ar\/web\/el-viernes-asume-la-nueva-cupula-de-la-policia-de-la-provincia\/#primaryimage","url":"https:\/\/fmgente.com.ar\/web\/wp-content\/uploads\/2023\/12\/Policia-de-Cordoba.jpg","contentUrl":"https:\/\/fmgente.com.ar\/web\/wp-content\/uploads\/2023\/12\/Policia-de-Cordoba.jpg","width":993,"height":663},{"@type":"WebSite","@id":"https:\/\/fmgente.com.ar\/web\/#website","url":"https:\/\/fmgente.com.ar\/web\/","name":"Fm Gente","description":"- Jes\u00fas Mar\u00eda","publisher":{"@id":"https:\/\/fmgente.com.ar\/web\/#organization"},"potentialAction":[{"@type":"SearchAction","target":{"@type":"EntryPoint","urlTemplate":"https:\/\/fmgente.com.ar\/web\/?s={search_term_string}"},"query-input":{"@type":"PropertyValueSpecification","valueRequired":true,"valueName":"search_term_string"}}],"inLanguage":"es"},{"@type":"Organization","@id":"https:\/\/fmgente.com.ar\/web\/#organization","name":"Fm Gente","url":"https:\/\/fmgente.com.ar\/web\/","logo":{"@type":"ImageObject","inLanguage":"es","@id":"https:\/\/fmgente.com.ar\/web\/#\/schema\/logo\/image\/","url":"https:\/\/fmgente.com.ar\/web\/wp-content\/uploads\/2023\/07\/cropped-cropped-logo-sombra2.png","contentUrl":"https:\/\/fmgente.com.ar\/web\/wp-content\/uploads\/2023\/07\/cropped-cropped-logo-sombra2.png","width":1782,"height":1782,"caption":"Fm Gente"},"image":{"@id":"https:\/\/fmgente.com.ar\/web\/#\/schema\/logo\/image\/"}},{"@type":"Person","@id":"https:\/\/fmgente.com.ar\/web\/#\/schema\/person\/ba03fa75c17effdaafbd6daa1d78c508","name":"Adri\u00e1n Hern\u00e1ndez","url":"https:\/\/fmgente.com.ar\/web\/author\/c1601891\/"}]}},"_links":{"self":[{"href":"https:\/\/fmgente.com.ar\/web\/wp-json\/wp\/v2\/posts\/1263","targetHints":{"allow":["GET"]}}],"collection":[{"href":"https:\/\/fmgente.com.ar\/web\/wp-json\/wp\/v2\/posts"}],"about":[{"href":"https:\/\/fmgente.com.ar\/web\/wp-json\/wp\/v2\/types\/post"}],"author":[{"embeddable":true,"href":"https:\/\/fmgente.com.ar\/web\/wp-json\/wp\/v2\/users\/2"}],"replies":[{"embeddable":true,"href":"https:\/\/fmgente.com.ar\/web\/wp-json\/wp\/v2\/comments?post=1263"}],"version-history":[{"count":1,"href":"https:\/\/fmgente.com.ar\/web\/wp-json\/wp\/v2\/posts\/1263\/revisions"}],"predecessor-version":[{"id":1265,"href":"https:\/\/fmgente.com.ar\/web\/wp-json\/wp\/v2\/posts\/1263\/revisions\/1265"}],"wp:featuredmedia":[{"embeddable":true,"href":"https:\/\/fmgente.com.ar\/web\/wp-json\/wp\/v2\/media\/1264"}],"wp:attachment":[{"href":"https:\/\/fmgente.com.ar\/web\/wp-json\/wp\/v2\/media?parent=1263"}],"wp:term":[{"taxonomy":"category","embeddable":true,"href":"https:\/\/fmgente.com.ar\/web\/wp-json\/wp\/v2\/categories?post=1263"},{"taxonomy":"post_tag","embeddable":true,"href":"https:\/\/fmgente.com.ar\/web\/wp-json\/wp\/v2\/tags?post=1263"}],"curies":[{"name":"wp","href":"https:\/\/api.w.org\/{rel}","templated":true}]}}