{"id":1260,"date":"2023-12-14T07:09:38","date_gmt":"2023-12-14T10:09:38","guid":{"rendered":"https:\/\/fmgente.com.ar\/?p=1260"},"modified":"2023-12-14T07:09:38","modified_gmt":"2023-12-14T10:09:38","slug":"ferreyra-recorrio-obras-de-infraestructura-escolar-en-bell-ville","status":"publish","type":"post","link":"https:\/\/fmgente.com.ar\/web\/ferreyra-recorrio-obras-de-infraestructura-escolar-en-bell-ville\/","title":{"rendered":"Ferreyra recorri\u00f3 obras de infraestructura escolar en Bell Ville"},"content":{"rendered":"<article id=\"post-579810\" class=\"post-579810 post type-post status-publish format-standard has-post-thumbnail hentry category-educacion-3 category-informacion-general category-no-home ast-article-single\">\n<div class=\"ast-post-format- single-layout-1\">\n<div class=\"entry-content clear\">\n<p>El ministro de Educaci\u00f3n, Horario Ferreyra, recorri\u00f3 las obras del Instituto Superior Mariano Moreno y de la Escuela ProA de la ciudad de Bell Ville, departamento Uni\u00f3n.<\/p>\n<p><em>\u201cAmbas obras se encuentran avanzadas y se trabaja para habilitar su funcionamiento en el pr\u00f3ximo ciclo lectivo\u201d<\/em>, sostuvo el funcionario.<\/p>\n<figure class=\"wp-block-gallery has-nested-images columns-default is-cropped wp-block-gallery-1 is-layout-flex wp-block-gallery-is-layout-flex\">\n<figure class=\"wp-block-image size-large\"><img loading=\"lazy\" decoding=\"async\" class=\"wp-image-579811\" src=\"https:\/\/prensa.cba.gov.ar\/wp-content\/uploads\/2023\/12\/WhatsApp-Image-2023-12-13-at-15.03.38-1024x768.jpeg\" sizes=\"auto, (max-width: 1024px) 100vw, 1024px\" srcset=\"https:\/\/prensa.cba.gov.ar\/wp-content\/uploads\/2023\/12\/WhatsApp-Image-2023-12-13-at-15.03.38-1024x768.jpeg 1024w, https:\/\/prensa.cba.gov.ar\/wp-content\/uploads\/2023\/12\/WhatsApp-Image-2023-12-13-at-15.03.38-300x225.jpeg 300w, https:\/\/prensa.cba.gov.ar\/wp-content\/uploads\/2023\/12\/WhatsApp-Image-2023-12-13-at-15.03.38-768x576.jpeg 768w, https:\/\/prensa.cba.gov.ar\/wp-content\/uploads\/2023\/12\/WhatsApp-Image-2023-12-13-at-15.03.38-1536x1152.jpeg 1536w, https:\/\/prensa.cba.gov.ar\/wp-content\/uploads\/2023\/12\/WhatsApp-Image-2023-12-13-at-15.03.38.jpeg 1600w\" alt=\"\" width=\"1024\" height=\"768\" data-id=\"579811\" \/><\/figure>\n<figure class=\"wp-block-image size-large\"><img loading=\"lazy\" decoding=\"async\" class=\"wp-image-579814\" src=\"https:\/\/prensa.cba.gov.ar\/wp-content\/uploads\/2023\/12\/WhatsApp-Image-2023-12-13-at-15.03.38-1-1024x768.jpeg\" sizes=\"auto, (max-width: 1024px) 100vw, 1024px\" srcset=\"https:\/\/prensa.cba.gov.ar\/wp-content\/uploads\/2023\/12\/WhatsApp-Image-2023-12-13-at-15.03.38-1-1024x768.jpeg 1024w, https:\/\/prensa.cba.gov.ar\/wp-content\/uploads\/2023\/12\/WhatsApp-Image-2023-12-13-at-15.03.38-1-300x225.jpeg 300w, https:\/\/prensa.cba.gov.ar\/wp-content\/uploads\/2023\/12\/WhatsApp-Image-2023-12-13-at-15.03.38-1-768x576.jpeg 768w, https:\/\/prensa.cba.gov.ar\/wp-content\/uploads\/2023\/12\/WhatsApp-Image-2023-12-13-at-15.03.38-1-1536x1152.jpeg 1536w, https:\/\/prensa.cba.gov.ar\/wp-content\/uploads\/2023\/12\/WhatsApp-Image-2023-12-13-at-15.03.38-1.jpeg 1600w\" alt=\"\" width=\"1024\" height=\"768\" data-id=\"579814\" \/><\/figure>\n<\/figure>\n<p>El ministro estuvo acompa\u00f1ado por el intendente local, Juan Manuel Moroni, y autoridades de las instituciones educativas.<\/p>\n<p>Cabe destacar, que este martes, en Bell Ville,\u00a0<a href=\"https:\/\/prensa.cba.gov.ar\/gobierno\/en-bell-ville-llaryora-anuncio-una-nueva-fiscalia-y-una-base-de-la-fuerza-policial-antinarcotico\/\" target=\"_blank\" rel=\"noreferrer noopener\">el gobernador Mart\u00edn Llaryora firm\u00f3 un convenio con la Comunidad Regional de Bell Ville<\/a>\u00a0por un valor cercano a los 54 millones de pesos para refacciones en la Escuela Normal Superior \u201cJos\u00e9 Figueroa Alcorta\u201d y otros 11 millones para el municipio para obras en establecimientos escolares.<\/p>\n<p><strong>Al mismo tiempo, el gobernador se comprometi\u00f3 a culminar la construcci\u00f3n de la escuela ProA.<\/strong><\/p>\n<figure class=\"wp-block-image aligncenter size-large is-resized\"><img loading=\"lazy\" decoding=\"async\" class=\"wp-image-579812\" src=\"https:\/\/prensa.cba.gov.ar\/wp-content\/uploads\/2023\/12\/WhatsApp-Image-2023-12-13-at-15.03.39-1-1024x768.jpeg\" sizes=\"auto, (max-width: 1024px) 100vw, 1024px\" srcset=\"https:\/\/prensa.cba.gov.ar\/wp-content\/uploads\/2023\/12\/WhatsApp-Image-2023-12-13-at-15.03.39-1-1024x768.jpeg 1024w, https:\/\/prensa.cba.gov.ar\/wp-content\/uploads\/2023\/12\/WhatsApp-Image-2023-12-13-at-15.03.39-1-300x225.jpeg 300w, https:\/\/prensa.cba.gov.ar\/wp-content\/uploads\/2023\/12\/WhatsApp-Image-2023-12-13-at-15.03.39-1-768x576.jpeg 768w, https:\/\/prensa.cba.gov.ar\/wp-content\/uploads\/2023\/12\/WhatsApp-Image-2023-12-13-at-15.03.39-1-1536x1152.jpeg 1536w, https:\/\/prensa.cba.gov.ar\/wp-content\/uploads\/2023\/12\/WhatsApp-Image-2023-12-13-at-15.03.39-1.jpeg 1600w\" alt=\"\" width=\"1024\" height=\"768\" \/><\/figure>\n<\/div>\n<\/div>\n<\/article>\n<p><script async src=\"https:\/\/pagead2.googlesyndication.com\/pagead\/js\/adsbygoogle.js?client=ca-pub-6190387823963118\" crossorigin=\"anonymous\"><\/script><br \/>\n<!-- publi horizontal --><br \/>\n<ins class=\"adsbygoogle\" style=\"display: block;\" data-ad-client=\"ca-pub-6190387823963118\" data-ad-slot=\"1318105772\" data-ad-format=\"auto\" data-full-width-responsive=\"true\"><\/ins><br \/>\n<script>\n     (adsbygoogle = window.adsbygoogle || []).push({});\n<\/script><\/p>\n","protected":false},"excerpt":{"rendered":"<p>El ministro de Educaci\u00f3n, Horario Ferreyra, recorri\u00f3 las obras del Instituto Superior Mariano Moreno y<\/p>\n","protected":false},"author":2,"featured_media":1261,"comment_status":"closed","ping_status":"closed","sticky":false,"template":"","format":"standard","meta":{"footnotes":""},"categories":[11],"tags":[1119,643,899,1125,1127,1124,1126],"class_list":["post-1260","post","type-post","status-publish","format-standard","has-post-thumbnail","hentry","category-destacadas","tag-bell-ville","tag-escuela-proa","tag-gobierno-de-cordoba","tag-horacio-ferreyra","tag-instituto-superior-mariano-moreno","tag-ministro-de-educacion","tag-obras-de-infraestructura"],"yoast_head":"<!-- This site is optimized with the Yoast SEO plugin v27.4 - https:\/\/yoast.com\/product\/yoast-seo-wordpress\/ -->\n<title>Ferreyra recorri\u00f3 obras de infraestructura escolar en Bell Ville - Fm Gente<\/title>\n<meta name=\"robots\" content=\"index, follow, max-snippet:-1, max-image-preview:large, max-video-preview:-1\" \/>\n<link rel=\"canonical\" href=\"https:\/\/fmgente.com.ar\/web\/ferreyra-recorrio-obras-de-infraestructura-escolar-en-bell-ville\/\" \/>\n<meta property=\"og:locale\" content=\"es_ES\" \/>\n<meta property=\"og:type\" content=\"article\" \/>\n<meta property=\"og:title\" content=\"Ferreyra recorri\u00f3 obras de infraestructura escolar en Bell Ville - Fm Gente\" \/>\n<meta property=\"og:description\" content=\"El ministro de Educaci\u00f3n, Horario Ferreyra, recorri\u00f3 las obras del Instituto Superior Mariano Moreno y\" \/>\n<meta property=\"og:url\" content=\"https:\/\/fmgente.com.ar\/web\/ferreyra-recorrio-obras-de-infraestructura-escolar-en-bell-ville\/\" \/>\n<meta property=\"og:site_name\" content=\"Fm Gente\" \/>\n<meta property=\"article:published_time\" content=\"2023-12-14T10:09:38+00:00\" \/>\n<meta property=\"og:image\" content=\"https:\/\/fmgente.com.ar\/web\/wp-content\/uploads\/2023\/12\/ferreyra.jpg\" \/>\n\t<meta property=\"og:image:width\" content=\"1391\" \/>\n\t<meta property=\"og:image:height\" content=\"842\" \/>\n\t<meta property=\"og:image:type\" content=\"image\/jpeg\" \/>\n<meta name=\"author\" content=\"Adri\u00e1n Hern\u00e1ndez\" \/>\n<meta name=\"twitter:card\" content=\"summary_large_image\" \/>\n<meta name=\"twitter:label1\" content=\"Escrito por\" \/>\n\t<meta name=\"twitter:data1\" content=\"Adri\u00e1n Hern\u00e1ndez\" \/>\n\t<meta name=\"twitter:label2\" content=\"Tiempo de lectura\" \/>\n\t<meta name=\"twitter:data2\" content=\"2 minutos\" \/>\n<script type=\"application\/ld+json\" class=\"yoast-schema-graph\">{\"@context\":\"https:\\\/\\\/schema.org\",\"@graph\":[{\"@type\":\"Article\",\"@id\":\"https:\\\/\\\/fmgente.com.ar\\\/web\\\/ferreyra-recorrio-obras-de-infraestructura-escolar-en-bell-ville\\\/#article\",\"isPartOf\":{\"@id\":\"https:\\\/\\\/fmgente.com.ar\\\/web\\\/ferreyra-recorrio-obras-de-infraestructura-escolar-en-bell-ville\\\/\"},\"author\":{\"name\":\"Adri\u00e1n Hern\u00e1ndez\",\"@id\":\"https:\\\/\\\/fmgente.com.ar\\\/web\\\/#\\\/schema\\\/person\\\/ba03fa75c17effdaafbd6daa1d78c508\"},\"headline\":\"Ferreyra recorri\u00f3 obras de infraestructura escolar en Bell Ville\",\"datePublished\":\"2023-12-14T10:09:38+00:00\",\"mainEntityOfPage\":{\"@id\":\"https:\\\/\\\/fmgente.com.ar\\\/web\\\/ferreyra-recorrio-obras-de-infraestructura-escolar-en-bell-ville\\\/\"},\"wordCount\":146,\"publisher\":{\"@id\":\"https:\\\/\\\/fmgente.com.ar\\\/web\\\/#organization\"},\"image\":{\"@id\":\"https:\\\/\\\/fmgente.com.ar\\\/web\\\/ferreyra-recorrio-obras-de-infraestructura-escolar-en-bell-ville\\\/#primaryimage\"},\"thumbnailUrl\":\"https:\\\/\\\/fmgente.com.ar\\\/web\\\/wp-content\\\/uploads\\\/2023\\\/12\\\/ferreyra.jpg\",\"keywords\":[\"Bell Ville\",\"escuela PROA\",\"Gobierno de C\u00f3rdoba\",\"Horacio Ferreyra\",\"instituto superior Mariano Moreno\",\"ministro de educaci\u00f3n\",\"obras de infraestructura\"],\"articleSection\":[\"DESTACADAS\"],\"inLanguage\":\"es\"},{\"@type\":\"WebPage\",\"@id\":\"https:\\\/\\\/fmgente.com.ar\\\/web\\\/ferreyra-recorrio-obras-de-infraestructura-escolar-en-bell-ville\\\/\",\"url\":\"https:\\\/\\\/fmgente.com.ar\\\/web\\\/ferreyra-recorrio-obras-de-infraestructura-escolar-en-bell-ville\\\/\",\"name\":\"Ferreyra recorri\u00f3 obras de infraestructura escolar en Bell Ville - Fm Gente\",\"isPartOf\":{\"@id\":\"https:\\\/\\\/fmgente.com.ar\\\/web\\\/#website\"},\"primaryImageOfPage\":{\"@id\":\"https:\\\/\\\/fmgente.com.ar\\\/web\\\/ferreyra-recorrio-obras-de-infraestructura-escolar-en-bell-ville\\\/#primaryimage\"},\"image\":{\"@id\":\"https:\\\/\\\/fmgente.com.ar\\\/web\\\/ferreyra-recorrio-obras-de-infraestructura-escolar-en-bell-ville\\\/#primaryimage\"},\"thumbnailUrl\":\"https:\\\/\\\/fmgente.com.ar\\\/web\\\/wp-content\\\/uploads\\\/2023\\\/12\\\/ferreyra.jpg\",\"datePublished\":\"2023-12-14T10:09:38+00:00\",\"inLanguage\":\"es\",\"potentialAction\":[{\"@type\":\"ReadAction\",\"target\":[\"https:\\\/\\\/fmgente.com.ar\\\/web\\\/ferreyra-recorrio-obras-de-infraestructura-escolar-en-bell-ville\\\/\"]}]},{\"@type\":\"ImageObject\",\"inLanguage\":\"es\",\"@id\":\"https:\\\/\\\/fmgente.com.ar\\\/web\\\/ferreyra-recorrio-obras-de-infraestructura-escolar-en-bell-ville\\\/#primaryimage\",\"url\":\"https:\\\/\\\/fmgente.com.ar\\\/web\\\/wp-content\\\/uploads\\\/2023\\\/12\\\/ferreyra.jpg\",\"contentUrl\":\"https:\\\/\\\/fmgente.com.ar\\\/web\\\/wp-content\\\/uploads\\\/2023\\\/12\\\/ferreyra.jpg\",\"width\":1391,\"height\":842},{\"@type\":\"WebSite\",\"@id\":\"https:\\\/\\\/fmgente.com.ar\\\/web\\\/#website\",\"url\":\"https:\\\/\\\/fmgente.com.ar\\\/web\\\/\",\"name\":\"Fm Gente\",\"description\":\"- Jes\u00fas Mar\u00eda\",\"publisher\":{\"@id\":\"https:\\\/\\\/fmgente.com.ar\\\/web\\\/#organization\"},\"potentialAction\":[{\"@type\":\"SearchAction\",\"target\":{\"@type\":\"EntryPoint\",\"urlTemplate\":\"https:\\\/\\\/fmgente.com.ar\\\/web\\\/?s={search_term_string}\"},\"query-input\":{\"@type\":\"PropertyValueSpecification\",\"valueRequired\":true,\"valueName\":\"search_term_string\"}}],\"inLanguage\":\"es\"},{\"@type\":\"Organization\",\"@id\":\"https:\\\/\\\/fmgente.com.ar\\\/web\\\/#organization\",\"name\":\"Fm Gente\",\"url\":\"https:\\\/\\\/fmgente.com.ar\\\/web\\\/\",\"logo\":{\"@type\":\"ImageObject\",\"inLanguage\":\"es\",\"@id\":\"https:\\\/\\\/fmgente.com.ar\\\/web\\\/#\\\/schema\\\/logo\\\/image\\\/\",\"url\":\"https:\\\/\\\/fmgente.com.ar\\\/web\\\/wp-content\\\/uploads\\\/2023\\\/07\\\/cropped-cropped-logo-sombra2.png\",\"contentUrl\":\"https:\\\/\\\/fmgente.com.ar\\\/web\\\/wp-content\\\/uploads\\\/2023\\\/07\\\/cropped-cropped-logo-sombra2.png\",\"width\":1782,\"height\":1782,\"caption\":\"Fm Gente\"},\"image\":{\"@id\":\"https:\\\/\\\/fmgente.com.ar\\\/web\\\/#\\\/schema\\\/logo\\\/image\\\/\"}},{\"@type\":\"Person\",\"@id\":\"https:\\\/\\\/fmgente.com.ar\\\/web\\\/#\\\/schema\\\/person\\\/ba03fa75c17effdaafbd6daa1d78c508\",\"name\":\"Adri\u00e1n Hern\u00e1ndez\",\"url\":\"https:\\\/\\\/fmgente.com.ar\\\/web\\\/author\\\/c1601891\\\/\"}]}<\/script>\n<!-- \/ Yoast SEO plugin. -->","yoast_head_json":{"title":"Ferreyra recorri\u00f3 obras de infraestructura escolar en Bell Ville - Fm Gente","robots":{"index":"index","follow":"follow","max-snippet":"max-snippet:-1","max-image-preview":"max-image-preview:large","max-video-preview":"max-video-preview:-1"},"canonical":"https:\/\/fmgente.com.ar\/web\/ferreyra-recorrio-obras-de-infraestructura-escolar-en-bell-ville\/","og_locale":"es_ES","og_type":"article","og_title":"Ferreyra recorri\u00f3 obras de infraestructura escolar en Bell Ville - Fm Gente","og_description":"El ministro de Educaci\u00f3n, Horario Ferreyra, recorri\u00f3 las obras del Instituto Superior Mariano Moreno y","og_url":"https:\/\/fmgente.com.ar\/web\/ferreyra-recorrio-obras-de-infraestructura-escolar-en-bell-ville\/","og_site_name":"Fm Gente","article_published_time":"2023-12-14T10:09:38+00:00","og_image":[{"width":1391,"height":842,"url":"https:\/\/fmgente.com.ar\/web\/wp-content\/uploads\/2023\/12\/ferreyra.jpg","type":"image\/jpeg"}],"author":"Adri\u00e1n Hern\u00e1ndez","twitter_card":"summary_large_image","twitter_misc":{"Escrito por":"Adri\u00e1n Hern\u00e1ndez","Tiempo de lectura":"2 minutos"},"schema":{"@context":"https:\/\/schema.org","@graph":[{"@type":"Article","@id":"https:\/\/fmgente.com.ar\/web\/ferreyra-recorrio-obras-de-infraestructura-escolar-en-bell-ville\/#article","isPartOf":{"@id":"https:\/\/fmgente.com.ar\/web\/ferreyra-recorrio-obras-de-infraestructura-escolar-en-bell-ville\/"},"author":{"name":"Adri\u00e1n Hern\u00e1ndez","@id":"https:\/\/fmgente.com.ar\/web\/#\/schema\/person\/ba03fa75c17effdaafbd6daa1d78c508"},"headline":"Ferreyra recorri\u00f3 obras de infraestructura escolar en Bell Ville","datePublished":"2023-12-14T10:09:38+00:00","mainEntityOfPage":{"@id":"https:\/\/fmgente.com.ar\/web\/ferreyra-recorrio-obras-de-infraestructura-escolar-en-bell-ville\/"},"wordCount":146,"publisher":{"@id":"https:\/\/fmgente.com.ar\/web\/#organization"},"image":{"@id":"https:\/\/fmgente.com.ar\/web\/ferreyra-recorrio-obras-de-infraestructura-escolar-en-bell-ville\/#primaryimage"},"thumbnailUrl":"https:\/\/fmgente.com.ar\/web\/wp-content\/uploads\/2023\/12\/ferreyra.jpg","keywords":["Bell Ville","escuela PROA","Gobierno de C\u00f3rdoba","Horacio Ferreyra","instituto superior Mariano Moreno","ministro de educaci\u00f3n","obras de infraestructura"],"articleSection":["DESTACADAS"],"inLanguage":"es"},{"@type":"WebPage","@id":"https:\/\/fmgente.com.ar\/web\/ferreyra-recorrio-obras-de-infraestructura-escolar-en-bell-ville\/","url":"https:\/\/fmgente.com.ar\/web\/ferreyra-recorrio-obras-de-infraestructura-escolar-en-bell-ville\/","name":"Ferreyra recorri\u00f3 obras de infraestructura escolar en Bell Ville - Fm Gente","isPartOf":{"@id":"https:\/\/fmgente.com.ar\/web\/#website"},"primaryImageOfPage":{"@id":"https:\/\/fmgente.com.ar\/web\/ferreyra-recorrio-obras-de-infraestructura-escolar-en-bell-ville\/#primaryimage"},"image":{"@id":"https:\/\/fmgente.com.ar\/web\/ferreyra-recorrio-obras-de-infraestructura-escolar-en-bell-ville\/#primaryimage"},"thumbnailUrl":"https:\/\/fmgente.com.ar\/web\/wp-content\/uploads\/2023\/12\/ferreyra.jpg","datePublished":"2023-12-14T10:09:38+00:00","inLanguage":"es","potentialAction":[{"@type":"ReadAction","target":["https:\/\/fmgente.com.ar\/web\/ferreyra-recorrio-obras-de-infraestructura-escolar-en-bell-ville\/"]}]},{"@type":"ImageObject","inLanguage":"es","@id":"https:\/\/fmgente.com.ar\/web\/ferreyra-recorrio-obras-de-infraestructura-escolar-en-bell-ville\/#primaryimage","url":"https:\/\/fmgente.com.ar\/web\/wp-content\/uploads\/2023\/12\/ferreyra.jpg","contentUrl":"https:\/\/fmgente.com.ar\/web\/wp-content\/uploads\/2023\/12\/ferreyra.jpg","width":1391,"height":842},{"@type":"WebSite","@id":"https:\/\/fmgente.com.ar\/web\/#website","url":"https:\/\/fmgente.com.ar\/web\/","name":"Fm Gente","description":"- Jes\u00fas Mar\u00eda","publisher":{"@id":"https:\/\/fmgente.com.ar\/web\/#organization"},"potentialAction":[{"@type":"SearchAction","target":{"@type":"EntryPoint","urlTemplate":"https:\/\/fmgente.com.ar\/web\/?s={search_term_string}"},"query-input":{"@type":"PropertyValueSpecification","valueRequired":true,"valueName":"search_term_string"}}],"inLanguage":"es"},{"@type":"Organization","@id":"https:\/\/fmgente.com.ar\/web\/#organization","name":"Fm Gente","url":"https:\/\/fmgente.com.ar\/web\/","logo":{"@type":"ImageObject","inLanguage":"es","@id":"https:\/\/fmgente.com.ar\/web\/#\/schema\/logo\/image\/","url":"https:\/\/fmgente.com.ar\/web\/wp-content\/uploads\/2023\/07\/cropped-cropped-logo-sombra2.png","contentUrl":"https:\/\/fmgente.com.ar\/web\/wp-content\/uploads\/2023\/07\/cropped-cropped-logo-sombra2.png","width":1782,"height":1782,"caption":"Fm Gente"},"image":{"@id":"https:\/\/fmgente.com.ar\/web\/#\/schema\/logo\/image\/"}},{"@type":"Person","@id":"https:\/\/fmgente.com.ar\/web\/#\/schema\/person\/ba03fa75c17effdaafbd6daa1d78c508","name":"Adri\u00e1n Hern\u00e1ndez","url":"https:\/\/fmgente.com.ar\/web\/author\/c1601891\/"}]}},"_links":{"self":[{"href":"https:\/\/fmgente.com.ar\/web\/wp-json\/wp\/v2\/posts\/1260","targetHints":{"allow":["GET"]}}],"collection":[{"href":"https:\/\/fmgente.com.ar\/web\/wp-json\/wp\/v2\/posts"}],"about":[{"href":"https:\/\/fmgente.com.ar\/web\/wp-json\/wp\/v2\/types\/post"}],"author":[{"embeddable":true,"href":"https:\/\/fmgente.com.ar\/web\/wp-json\/wp\/v2\/users\/2"}],"replies":[{"embeddable":true,"href":"https:\/\/fmgente.com.ar\/web\/wp-json\/wp\/v2\/comments?post=1260"}],"version-history":[{"count":1,"href":"https:\/\/fmgente.com.ar\/web\/wp-json\/wp\/v2\/posts\/1260\/revisions"}],"predecessor-version":[{"id":1262,"href":"https:\/\/fmgente.com.ar\/web\/wp-json\/wp\/v2\/posts\/1260\/revisions\/1262"}],"wp:featuredmedia":[{"embeddable":true,"href":"https:\/\/fmgente.com.ar\/web\/wp-json\/wp\/v2\/media\/1261"}],"wp:attachment":[{"href":"https:\/\/fmgente.com.ar\/web\/wp-json\/wp\/v2\/media?parent=1260"}],"wp:term":[{"taxonomy":"category","embeddable":true,"href":"https:\/\/fmgente.com.ar\/web\/wp-json\/wp\/v2\/categories?post=1260"},{"taxonomy":"post_tag","embeddable":true,"href":"https:\/\/fmgente.com.ar\/web\/wp-json\/wp\/v2\/tags?post=1260"}],"curies":[{"name":"wp","href":"https:\/\/api.w.org\/{rel}","templated":true}]}}