{"id":1257,"date":"2023-12-13T05:42:17","date_gmt":"2023-12-13T08:42:17","guid":{"rendered":"https:\/\/fmgente.com.ar\/?p=1257"},"modified":"2023-12-13T05:42:17","modified_gmt":"2023-12-13T08:42:17","slug":"en-bell-ville-llaryora-anuncio-una-nueva-fiscalia-y-una-base-de-la-fuerza-policial-antinarcotico","status":"publish","type":"post","link":"https:\/\/fmgente.com.ar\/web\/en-bell-ville-llaryora-anuncio-una-nueva-fiscalia-y-una-base-de-la-fuerza-policial-antinarcotico\/","title":{"rendered":"En Bell Ville, Llaryora anunci\u00f3 una nueva Fiscal\u00eda y una base de la Fuerza Policial Antinarc\u00f3tico"},"content":{"rendered":"<p>Esta tarde, el gobernador Mart\u00edn Llaryora visit\u00f3 la ciudad de Bell Ville, donde anunci\u00f3 la creaci\u00f3n de una base de la Fuerza Policial Antinarcotr\u00e1fico y una fiscal\u00eda antinarc\u00f3ticos.<\/p>\n<p>En este sentido, el gobernador expres\u00f3 que estas medidas son para cuidar \u201ca Bell Ville y a toda la regi\u00f3n de los narcotraficantes que envenenan a la sociedad y matan a nuestros j\u00f3venes\u201d.<\/p>\n<p>Al igual que en Marcos Ju\u00e1rez, el gobernador dispuso que Bell Ville cuente con una nueva delegaci\u00f3n. Esta medida se da en el marco del env\u00edo a la Legislatura Unicameral del proyecto de Ley Sistema Integrado de Seguridad P\u00fablica y Convivencia Ciudadana.<\/p>\n<p>&nbsp;<\/p>\n<p>En sus primeros d\u00edas como mandatario provincial, Llaryora inform\u00f3 que seguir\u00e1 comprometido \u201ca seguir trabajando como lo viene haciendo C\u00f3rdoba, como lo ven\u00eda haciendo Juan Schiaretti, trabajando en conjunto\u201d.<\/p>\n<p>En esta misma l\u00ednea destac\u00f3 la gesti\u00f3n de conexi\u00f3n de gas a toda la provincia por parte del gobernador saliente. Asimismo, agreg\u00f3 que \u201cel nuevo signo de los tiempos es la conectividad y yo me propongo en mi gesti\u00f3n llevar conectividad e internet a todos lados\u201d.<\/p>\n<p>Estuvieron presentes: el intendente local, Juan Manuel Moroni; el ministro de Educaci\u00f3n, Horacio Ferreyra; los legisladores, Carlos Brinner y Abraham Galo; y el jefe del cuerpo de bomberos, Cristian Gallo.<\/p>\n<p>&nbsp;<\/p>\n<p>Aportes para escuelas<br \/>\nEn la oportunidad se llev\u00f3 a cabo la firma del convenio con la Comunidad Regional de Bell Ville por un valor cercano a los 54 millones de pesos para refacciones en la Escuela Normal Superior \u201cJos\u00e9 Figueroa Alcorta\u201d y otros 11 millones para el municipio para obras en establecimientos escolares.<\/p>\n<p>Luego de la r\u00fabrica, Llaryora destac\u00f3: \u201cLa educaci\u00f3n es el motor de desarrollo, es lo \u00fanico que te permite poder tener un ascenso social, la educaci\u00f3n con nosotros no se va a cortar. Vamos a seguir invirtiendo\u201d.<\/p>\n<p>Los trabajos incluir\u00e1n la reparaci\u00f3n de cubierta de techo, paredes, cielorrasos, impermeabilizaci\u00f3n de azotea, reacondicionamiento en patio exterior, ba\u00f1os y sistema el\u00e9ctrico y pintura en general.<\/p>\n<p>&nbsp;<\/p>\n<p>Fondos a Bomberos Voluntarios<br \/>\nDurante la vista, el primer mandatario provincial anunci\u00f3 un aporte de 30 millones de pesos al cuartel de bomberos voluntarios de Bell Ville.<\/p>\n<p>En referencia a los voluntarios que luchan contra el fuego, el referente provincial expres\u00f3 que los bomberos \u201ctienen una vocaci\u00f3n especial de arriesgar la vida por los dem\u00e1s\u201d y agradeci\u00f3 su compromiso.<\/p>\n<p>Hospital regional<br \/>\nEl gobernador se comprometi\u00f3 tambi\u00e9n a continuar con la construcci\u00f3n del nuevo hospital regional y la escuela ProA.<\/p>\n<p>&nbsp;<\/p>\n<p><script async src=\"https:\/\/pagead2.googlesyndication.com\/pagead\/js\/adsbygoogle.js?client=ca-pub-6190387823963118\" crossorigin=\"anonymous\"><\/script><br \/>\n<!-- publi horizontal --><br \/>\n<ins class=\"adsbygoogle\" style=\"display: block;\" data-ad-client=\"ca-pub-6190387823963118\" data-ad-slot=\"1318105772\" data-ad-format=\"auto\" data-full-width-responsive=\"true\"><\/ins><br \/>\n<script>\n     (adsbygoogle = window.adsbygoogle || []).push({});\n<\/script><\/p>\n","protected":false},"excerpt":{"rendered":"<p>Esta tarde, el gobernador Mart\u00edn Llaryora visit\u00f3 la ciudad de Bell Ville, donde anunci\u00f3 la<\/p>\n","protected":false},"author":2,"featured_media":1258,"comment_status":"closed","ping_status":"closed","sticky":false,"template":"","format":"standard","meta":{"footnotes":""},"categories":[11],"tags":[1122,1121,1119,1123,901,1050,265,47,1120,486],"class_list":["post-1257","post","type-post","status-publish","format-standard","has-post-thumbnail","hentry","category-destacadas","tag-aportes-para-escuelas","tag-base-fpa","tag-bell-ville","tag-fondos-para-bomberos-voluntarios","tag-fuerza-policial-antinarcotrafico","tag-gobernador-de-cordoba","tag-hospital","tag-llaryora","tag-nueva-fiscalia","tag-proa"],"yoast_head":"<!-- This site is optimized with the Yoast SEO plugin v27.4 - https:\/\/yoast.com\/product\/yoast-seo-wordpress\/ -->\n<title>En Bell Ville, Llaryora anunci\u00f3 una nueva Fiscal\u00eda y una base de la Fuerza Policial Antinarc\u00f3tico - Fm Gente<\/title>\n<meta name=\"robots\" content=\"index, follow, max-snippet:-1, max-image-preview:large, max-video-preview:-1\" \/>\n<link rel=\"canonical\" href=\"https:\/\/fmgente.com.ar\/web\/en-bell-ville-llaryora-anuncio-una-nueva-fiscalia-y-una-base-de-la-fuerza-policial-antinarcotico\/\" \/>\n<meta property=\"og:locale\" content=\"es_ES\" \/>\n<meta property=\"og:type\" content=\"article\" \/>\n<meta property=\"og:title\" content=\"En Bell Ville, Llaryora anunci\u00f3 una nueva Fiscal\u00eda y una base de la Fuerza Policial Antinarc\u00f3tico - Fm Gente\" \/>\n<meta property=\"og:description\" content=\"Esta tarde, el gobernador Mart\u00edn Llaryora visit\u00f3 la ciudad de Bell Ville, donde anunci\u00f3 la\" \/>\n<meta property=\"og:url\" content=\"https:\/\/fmgente.com.ar\/web\/en-bell-ville-llaryora-anuncio-una-nueva-fiscalia-y-una-base-de-la-fuerza-policial-antinarcotico\/\" \/>\n<meta property=\"og:site_name\" content=\"Fm Gente\" \/>\n<meta property=\"article:published_time\" content=\"2023-12-13T08:42:17+00:00\" \/>\n<meta property=\"og:image\" content=\"https:\/\/fmgente.com.ar\/web\/wp-content\/uploads\/2023\/12\/llaryora-bell-ville.jpg\" \/>\n\t<meta property=\"og:image:width\" content=\"993\" \/>\n\t<meta property=\"og:image:height\" content=\"656\" \/>\n\t<meta property=\"og:image:type\" content=\"image\/jpeg\" \/>\n<meta name=\"author\" content=\"Adri\u00e1n Hern\u00e1ndez\" \/>\n<meta name=\"twitter:card\" content=\"summary_large_image\" \/>\n<meta name=\"twitter:label1\" content=\"Escrito por\" \/>\n\t<meta name=\"twitter:data1\" content=\"Adri\u00e1n Hern\u00e1ndez\" \/>\n\t<meta name=\"twitter:label2\" content=\"Tiempo de lectura\" \/>\n\t<meta name=\"twitter:data2\" content=\"3 minutos\" \/>\n<script type=\"application\/ld+json\" class=\"yoast-schema-graph\">{\"@context\":\"https:\\\/\\\/schema.org\",\"@graph\":[{\"@type\":\"Article\",\"@id\":\"https:\\\/\\\/fmgente.com.ar\\\/web\\\/en-bell-ville-llaryora-anuncio-una-nueva-fiscalia-y-una-base-de-la-fuerza-policial-antinarcotico\\\/#article\",\"isPartOf\":{\"@id\":\"https:\\\/\\\/fmgente.com.ar\\\/web\\\/en-bell-ville-llaryora-anuncio-una-nueva-fiscalia-y-una-base-de-la-fuerza-policial-antinarcotico\\\/\"},\"author\":{\"name\":\"Adri\u00e1n Hern\u00e1ndez\",\"@id\":\"https:\\\/\\\/fmgente.com.ar\\\/web\\\/#\\\/schema\\\/person\\\/ba03fa75c17effdaafbd6daa1d78c508\"},\"headline\":\"En Bell Ville, Llaryora anunci\u00f3 una nueva Fiscal\u00eda y una base de la Fuerza Policial Antinarc\u00f3tico\",\"datePublished\":\"2023-12-13T08:42:17+00:00\",\"mainEntityOfPage\":{\"@id\":\"https:\\\/\\\/fmgente.com.ar\\\/web\\\/en-bell-ville-llaryora-anuncio-una-nueva-fiscalia-y-una-base-de-la-fuerza-policial-antinarcotico\\\/\"},\"wordCount\":453,\"publisher\":{\"@id\":\"https:\\\/\\\/fmgente.com.ar\\\/web\\\/#organization\"},\"image\":{\"@id\":\"https:\\\/\\\/fmgente.com.ar\\\/web\\\/en-bell-ville-llaryora-anuncio-una-nueva-fiscalia-y-una-base-de-la-fuerza-policial-antinarcotico\\\/#primaryimage\"},\"thumbnailUrl\":\"https:\\\/\\\/fmgente.com.ar\\\/web\\\/wp-content\\\/uploads\\\/2023\\\/12\\\/llaryora-bell-ville.jpg\",\"keywords\":[\"aportes para escuelas\",\"base FPA\",\"Bell Ville\",\"fondos para Bomberos Voluntarios\",\"Fuerza Policial Antinarcotr\u00e1fico\",\"Gobernador de C\u00f3rdoba\",\"hospital\",\"Llaryora\",\"nueva fiscal\u00eda\",\"PROA\"],\"articleSection\":[\"DESTACADAS\"],\"inLanguage\":\"es\"},{\"@type\":\"WebPage\",\"@id\":\"https:\\\/\\\/fmgente.com.ar\\\/web\\\/en-bell-ville-llaryora-anuncio-una-nueva-fiscalia-y-una-base-de-la-fuerza-policial-antinarcotico\\\/\",\"url\":\"https:\\\/\\\/fmgente.com.ar\\\/web\\\/en-bell-ville-llaryora-anuncio-una-nueva-fiscalia-y-una-base-de-la-fuerza-policial-antinarcotico\\\/\",\"name\":\"En Bell Ville, Llaryora anunci\u00f3 una nueva Fiscal\u00eda y una base de la Fuerza Policial Antinarc\u00f3tico - Fm Gente\",\"isPartOf\":{\"@id\":\"https:\\\/\\\/fmgente.com.ar\\\/web\\\/#website\"},\"primaryImageOfPage\":{\"@id\":\"https:\\\/\\\/fmgente.com.ar\\\/web\\\/en-bell-ville-llaryora-anuncio-una-nueva-fiscalia-y-una-base-de-la-fuerza-policial-antinarcotico\\\/#primaryimage\"},\"image\":{\"@id\":\"https:\\\/\\\/fmgente.com.ar\\\/web\\\/en-bell-ville-llaryora-anuncio-una-nueva-fiscalia-y-una-base-de-la-fuerza-policial-antinarcotico\\\/#primaryimage\"},\"thumbnailUrl\":\"https:\\\/\\\/fmgente.com.ar\\\/web\\\/wp-content\\\/uploads\\\/2023\\\/12\\\/llaryora-bell-ville.jpg\",\"datePublished\":\"2023-12-13T08:42:17+00:00\",\"inLanguage\":\"es\",\"potentialAction\":[{\"@type\":\"ReadAction\",\"target\":[\"https:\\\/\\\/fmgente.com.ar\\\/web\\\/en-bell-ville-llaryora-anuncio-una-nueva-fiscalia-y-una-base-de-la-fuerza-policial-antinarcotico\\\/\"]}]},{\"@type\":\"ImageObject\",\"inLanguage\":\"es\",\"@id\":\"https:\\\/\\\/fmgente.com.ar\\\/web\\\/en-bell-ville-llaryora-anuncio-una-nueva-fiscalia-y-una-base-de-la-fuerza-policial-antinarcotico\\\/#primaryimage\",\"url\":\"https:\\\/\\\/fmgente.com.ar\\\/web\\\/wp-content\\\/uploads\\\/2023\\\/12\\\/llaryora-bell-ville.jpg\",\"contentUrl\":\"https:\\\/\\\/fmgente.com.ar\\\/web\\\/wp-content\\\/uploads\\\/2023\\\/12\\\/llaryora-bell-ville.jpg\",\"width\":993,\"height\":656},{\"@type\":\"WebSite\",\"@id\":\"https:\\\/\\\/fmgente.com.ar\\\/web\\\/#website\",\"url\":\"https:\\\/\\\/fmgente.com.ar\\\/web\\\/\",\"name\":\"Fm Gente\",\"description\":\"- Jes\u00fas Mar\u00eda\",\"publisher\":{\"@id\":\"https:\\\/\\\/fmgente.com.ar\\\/web\\\/#organization\"},\"potentialAction\":[{\"@type\":\"SearchAction\",\"target\":{\"@type\":\"EntryPoint\",\"urlTemplate\":\"https:\\\/\\\/fmgente.com.ar\\\/web\\\/?s={search_term_string}\"},\"query-input\":{\"@type\":\"PropertyValueSpecification\",\"valueRequired\":true,\"valueName\":\"search_term_string\"}}],\"inLanguage\":\"es\"},{\"@type\":\"Organization\",\"@id\":\"https:\\\/\\\/fmgente.com.ar\\\/web\\\/#organization\",\"name\":\"Fm Gente\",\"url\":\"https:\\\/\\\/fmgente.com.ar\\\/web\\\/\",\"logo\":{\"@type\":\"ImageObject\",\"inLanguage\":\"es\",\"@id\":\"https:\\\/\\\/fmgente.com.ar\\\/web\\\/#\\\/schema\\\/logo\\\/image\\\/\",\"url\":\"https:\\\/\\\/fmgente.com.ar\\\/web\\\/wp-content\\\/uploads\\\/2023\\\/07\\\/cropped-cropped-logo-sombra2.png\",\"contentUrl\":\"https:\\\/\\\/fmgente.com.ar\\\/web\\\/wp-content\\\/uploads\\\/2023\\\/07\\\/cropped-cropped-logo-sombra2.png\",\"width\":1782,\"height\":1782,\"caption\":\"Fm Gente\"},\"image\":{\"@id\":\"https:\\\/\\\/fmgente.com.ar\\\/web\\\/#\\\/schema\\\/logo\\\/image\\\/\"}},{\"@type\":\"Person\",\"@id\":\"https:\\\/\\\/fmgente.com.ar\\\/web\\\/#\\\/schema\\\/person\\\/ba03fa75c17effdaafbd6daa1d78c508\",\"name\":\"Adri\u00e1n Hern\u00e1ndez\",\"url\":\"https:\\\/\\\/fmgente.com.ar\\\/web\\\/author\\\/c1601891\\\/\"}]}<\/script>\n<!-- \/ Yoast SEO plugin. -->","yoast_head_json":{"title":"En Bell Ville, Llaryora anunci\u00f3 una nueva Fiscal\u00eda y una base de la Fuerza Policial Antinarc\u00f3tico - Fm Gente","robots":{"index":"index","follow":"follow","max-snippet":"max-snippet:-1","max-image-preview":"max-image-preview:large","max-video-preview":"max-video-preview:-1"},"canonical":"https:\/\/fmgente.com.ar\/web\/en-bell-ville-llaryora-anuncio-una-nueva-fiscalia-y-una-base-de-la-fuerza-policial-antinarcotico\/","og_locale":"es_ES","og_type":"article","og_title":"En Bell Ville, Llaryora anunci\u00f3 una nueva Fiscal\u00eda y una base de la Fuerza Policial Antinarc\u00f3tico - Fm Gente","og_description":"Esta tarde, el gobernador Mart\u00edn Llaryora visit\u00f3 la ciudad de Bell Ville, donde anunci\u00f3 la","og_url":"https:\/\/fmgente.com.ar\/web\/en-bell-ville-llaryora-anuncio-una-nueva-fiscalia-y-una-base-de-la-fuerza-policial-antinarcotico\/","og_site_name":"Fm Gente","article_published_time":"2023-12-13T08:42:17+00:00","og_image":[{"width":993,"height":656,"url":"https:\/\/fmgente.com.ar\/web\/wp-content\/uploads\/2023\/12\/llaryora-bell-ville.jpg","type":"image\/jpeg"}],"author":"Adri\u00e1n Hern\u00e1ndez","twitter_card":"summary_large_image","twitter_misc":{"Escrito por":"Adri\u00e1n Hern\u00e1ndez","Tiempo de lectura":"3 minutos"},"schema":{"@context":"https:\/\/schema.org","@graph":[{"@type":"Article","@id":"https:\/\/fmgente.com.ar\/web\/en-bell-ville-llaryora-anuncio-una-nueva-fiscalia-y-una-base-de-la-fuerza-policial-antinarcotico\/#article","isPartOf":{"@id":"https:\/\/fmgente.com.ar\/web\/en-bell-ville-llaryora-anuncio-una-nueva-fiscalia-y-una-base-de-la-fuerza-policial-antinarcotico\/"},"author":{"name":"Adri\u00e1n Hern\u00e1ndez","@id":"https:\/\/fmgente.com.ar\/web\/#\/schema\/person\/ba03fa75c17effdaafbd6daa1d78c508"},"headline":"En Bell Ville, Llaryora anunci\u00f3 una nueva Fiscal\u00eda y una base de la Fuerza Policial Antinarc\u00f3tico","datePublished":"2023-12-13T08:42:17+00:00","mainEntityOfPage":{"@id":"https:\/\/fmgente.com.ar\/web\/en-bell-ville-llaryora-anuncio-una-nueva-fiscalia-y-una-base-de-la-fuerza-policial-antinarcotico\/"},"wordCount":453,"publisher":{"@id":"https:\/\/fmgente.com.ar\/web\/#organization"},"image":{"@id":"https:\/\/fmgente.com.ar\/web\/en-bell-ville-llaryora-anuncio-una-nueva-fiscalia-y-una-base-de-la-fuerza-policial-antinarcotico\/#primaryimage"},"thumbnailUrl":"https:\/\/fmgente.com.ar\/web\/wp-content\/uploads\/2023\/12\/llaryora-bell-ville.jpg","keywords":["aportes para escuelas","base FPA","Bell Ville","fondos para Bomberos Voluntarios","Fuerza Policial Antinarcotr\u00e1fico","Gobernador de C\u00f3rdoba","hospital","Llaryora","nueva fiscal\u00eda","PROA"],"articleSection":["DESTACADAS"],"inLanguage":"es"},{"@type":"WebPage","@id":"https:\/\/fmgente.com.ar\/web\/en-bell-ville-llaryora-anuncio-una-nueva-fiscalia-y-una-base-de-la-fuerza-policial-antinarcotico\/","url":"https:\/\/fmgente.com.ar\/web\/en-bell-ville-llaryora-anuncio-una-nueva-fiscalia-y-una-base-de-la-fuerza-policial-antinarcotico\/","name":"En Bell Ville, Llaryora anunci\u00f3 una nueva Fiscal\u00eda y una base de la Fuerza Policial Antinarc\u00f3tico - Fm Gente","isPartOf":{"@id":"https:\/\/fmgente.com.ar\/web\/#website"},"primaryImageOfPage":{"@id":"https:\/\/fmgente.com.ar\/web\/en-bell-ville-llaryora-anuncio-una-nueva-fiscalia-y-una-base-de-la-fuerza-policial-antinarcotico\/#primaryimage"},"image":{"@id":"https:\/\/fmgente.com.ar\/web\/en-bell-ville-llaryora-anuncio-una-nueva-fiscalia-y-una-base-de-la-fuerza-policial-antinarcotico\/#primaryimage"},"thumbnailUrl":"https:\/\/fmgente.com.ar\/web\/wp-content\/uploads\/2023\/12\/llaryora-bell-ville.jpg","datePublished":"2023-12-13T08:42:17+00:00","inLanguage":"es","potentialAction":[{"@type":"ReadAction","target":["https:\/\/fmgente.com.ar\/web\/en-bell-ville-llaryora-anuncio-una-nueva-fiscalia-y-una-base-de-la-fuerza-policial-antinarcotico\/"]}]},{"@type":"ImageObject","inLanguage":"es","@id":"https:\/\/fmgente.com.ar\/web\/en-bell-ville-llaryora-anuncio-una-nueva-fiscalia-y-una-base-de-la-fuerza-policial-antinarcotico\/#primaryimage","url":"https:\/\/fmgente.com.ar\/web\/wp-content\/uploads\/2023\/12\/llaryora-bell-ville.jpg","contentUrl":"https:\/\/fmgente.com.ar\/web\/wp-content\/uploads\/2023\/12\/llaryora-bell-ville.jpg","width":993,"height":656},{"@type":"WebSite","@id":"https:\/\/fmgente.com.ar\/web\/#website","url":"https:\/\/fmgente.com.ar\/web\/","name":"Fm Gente","description":"- Jes\u00fas Mar\u00eda","publisher":{"@id":"https:\/\/fmgente.com.ar\/web\/#organization"},"potentialAction":[{"@type":"SearchAction","target":{"@type":"EntryPoint","urlTemplate":"https:\/\/fmgente.com.ar\/web\/?s={search_term_string}"},"query-input":{"@type":"PropertyValueSpecification","valueRequired":true,"valueName":"search_term_string"}}],"inLanguage":"es"},{"@type":"Organization","@id":"https:\/\/fmgente.com.ar\/web\/#organization","name":"Fm Gente","url":"https:\/\/fmgente.com.ar\/web\/","logo":{"@type":"ImageObject","inLanguage":"es","@id":"https:\/\/fmgente.com.ar\/web\/#\/schema\/logo\/image\/","url":"https:\/\/fmgente.com.ar\/web\/wp-content\/uploads\/2023\/07\/cropped-cropped-logo-sombra2.png","contentUrl":"https:\/\/fmgente.com.ar\/web\/wp-content\/uploads\/2023\/07\/cropped-cropped-logo-sombra2.png","width":1782,"height":1782,"caption":"Fm Gente"},"image":{"@id":"https:\/\/fmgente.com.ar\/web\/#\/schema\/logo\/image\/"}},{"@type":"Person","@id":"https:\/\/fmgente.com.ar\/web\/#\/schema\/person\/ba03fa75c17effdaafbd6daa1d78c508","name":"Adri\u00e1n Hern\u00e1ndez","url":"https:\/\/fmgente.com.ar\/web\/author\/c1601891\/"}]}},"_links":{"self":[{"href":"https:\/\/fmgente.com.ar\/web\/wp-json\/wp\/v2\/posts\/1257","targetHints":{"allow":["GET"]}}],"collection":[{"href":"https:\/\/fmgente.com.ar\/web\/wp-json\/wp\/v2\/posts"}],"about":[{"href":"https:\/\/fmgente.com.ar\/web\/wp-json\/wp\/v2\/types\/post"}],"author":[{"embeddable":true,"href":"https:\/\/fmgente.com.ar\/web\/wp-json\/wp\/v2\/users\/2"}],"replies":[{"embeddable":true,"href":"https:\/\/fmgente.com.ar\/web\/wp-json\/wp\/v2\/comments?post=1257"}],"version-history":[{"count":1,"href":"https:\/\/fmgente.com.ar\/web\/wp-json\/wp\/v2\/posts\/1257\/revisions"}],"predecessor-version":[{"id":1259,"href":"https:\/\/fmgente.com.ar\/web\/wp-json\/wp\/v2\/posts\/1257\/revisions\/1259"}],"wp:featuredmedia":[{"embeddable":true,"href":"https:\/\/fmgente.com.ar\/web\/wp-json\/wp\/v2\/media\/1258"}],"wp:attachment":[{"href":"https:\/\/fmgente.com.ar\/web\/wp-json\/wp\/v2\/media?parent=1257"}],"wp:term":[{"taxonomy":"category","embeddable":true,"href":"https:\/\/fmgente.com.ar\/web\/wp-json\/wp\/v2\/categories?post=1257"},{"taxonomy":"post_tag","embeddable":true,"href":"https:\/\/fmgente.com.ar\/web\/wp-json\/wp\/v2\/tags?post=1257"}],"curies":[{"name":"wp","href":"https:\/\/api.w.org\/{rel}","templated":true}]}}