{"id":1251,"date":"2023-12-13T05:33:59","date_gmt":"2023-12-13T08:33:59","guid":{"rendered":"https:\/\/fmgente.com.ar\/?p=1251"},"modified":"2023-12-13T05:33:59","modified_gmt":"2023-12-13T08:33:59","slug":"llaryora-envia-a-la-legislatura-el-nuevo-proyecto-de-seguridad-publica","status":"publish","type":"post","link":"https:\/\/fmgente.com.ar\/web\/llaryora-envia-a-la-legislatura-el-nuevo-proyecto-de-seguridad-publica\/","title":{"rendered":"Llaryora env\u00eda a la legislatura el nuevo proyecto de Seguridad P\u00fablica"},"content":{"rendered":"<article id=\"post-579700\" class=\"post-579700 post type-post status-publish format-standard has-post-thumbnail hentry category-informacion-general category-no-home ast-article-single\">\n<div class=\"ast-post-format- single-layout-1\">\n<div class=\"entry-content clear\">\n<p>Este martes, el gobernador de la provincia, Mart\u00edn Llaryora, envi\u00f3 a la Legislatura el proyecto de Ley para la creaci\u00f3n del\u00a0<strong>Sistema Integrado de Seguridad P\u00fablica y Convivencia Ciudadana<\/strong>.<\/p>\n<p>La iniciativa brinda el marco jur\u00eddico necesario para la implementaci\u00f3n de un\u00a0<strong>nuevo modelo de seguridad y convivencia<\/strong>, desde una perspectiva federal, haciendo m\u00e1s \u00e1gil la lucha contra la inseguridad y el narcotr\u00e1fico.<\/p>\n<p>Entre los aspectos destacados se encuentra la creaci\u00f3n de las\u00a0<strong>Guardias Locales de Prevenci\u00f3n y Convivencia<\/strong>, previendo la incorporaci\u00f3n de Agentes Locales capacitados y certificados para el uso de armas no letales, como auxiliares de la Polic\u00eda de C\u00f3rdoba y en el marco de estrategias comunitarias de aproximaci\u00f3n a los vecinos.<\/p>\n<p>Otro aspecto central de la iniciativa es el aumento de un 100 por ciento de las\u00a0<strong>Fiscal\u00edas Antinarc\u00f3ticos<\/strong>, incorporando seis m\u00e1s en las localidades de Villa Dolores, Marcos Ju\u00e1rez, Bell Ville, Carlos Paz, Cruz del Eje y ciudad de C\u00f3rdoba.<\/p>\n<p>En el mismo sentido, se crean 12\u00a0<strong>Fiscal\u00edas Criminales<\/strong>\u00a0de distrito en la ciudad de C\u00f3rdoba, profundizando el plan de territorialidad del Ministerio P\u00fablico Fiscal.<\/p>\n<p>La normativa incorpora las empresas privadas de seguridad al sistema, permitiendo que su personal pueda usar armas no letales, previa capacitaci\u00f3n y certificaci\u00f3n, en la prestaci\u00f3n de servicios al sector p\u00fablico, a las empresas y las organizaciones de la sociedad civil.<\/p>\n<p>Tambi\u00e9n se crea un Instituto que asiste en la planificaci\u00f3n de las pol\u00edticas de seguridad, elabora, controla y eval\u00faa la implementaci\u00f3n de los programas de formaci\u00f3n o capacitaci\u00f3n de las fuerzas provinciales de seguridad, guardias locales y empresas prestadoras de servicios de seguridad, integr\u00e1ndolo al\u00a0<strong>Consejo para la Planificaci\u00f3n Estrat\u00e9gica de C\u00f3rdoba<\/strong>\u00a0\u2013 COPEC, creado en 2008.<\/p>\n<p><strong>GUARDIAS LOCALES DE PREVENCI\u00d3N Y CONVIVENCIA<\/strong><\/p>\n<p>Las municipalidades y comunas pueden adherir a la presente Ley y, sobre esa base, constituir sus respectivas\u00a0<strong>Guardias Locales de Prevenci\u00f3n y Convivencia<\/strong>.<\/p>\n<p>Cada Guardia Local de Prevenci\u00f3n y Convivencia tiene como misi\u00f3n contribuir al desarrollo del capital social de cada localidad, municipalidad o comuna, colaborando en el marco de sus funciones en la prevenci\u00f3n del delito y las contravenciones como auxiliar de la Polic\u00eda de C\u00f3rdoba.<\/p>\n<p>Sus integrantes podr\u00e1n usar armas no letales en el ejercicio de sus tareas.<\/p>\n<p>Entre sus funciones y atributos se encuentran los de disuadir, prevenir y, en su defecto, hacer cesar la comisi\u00f3n de todo tipo de faltas, infracciones o contravenciones, provinciales, municipales o comunales, en el marco de sus competencias materiales y territoriales.<\/p>\n<p><strong>PLAN DE DESARME<\/strong><\/p>\n<p>La ley enviada a la Legislatura Unicameral establece la estimulaci\u00f3n del<strong>\u00a0plan de desarme<\/strong>. Para tal fin, se cambia el criterio vigente y se establece el pago por cada arma que los vecinos entreguen<\/p>\n<p><strong>GESTI\u00d3N PRIVADA DE LA SEGURIDAD<\/strong><\/p>\n<p>Se podr\u00e1n contratar los servicios de empresas prestadoras de seguridad para la<strong>\u00a0custodia o vigilancia de edificios o espacios p\u00fablicos<\/strong>, dependencias oficiales, establecimientos educativos o sanitarios y cualquier otra infraestructura edilicia que sirva para la prestaci\u00f3n de servicios provinciales.<\/p>\n<p>En los casos previstos en la reglamentaci\u00f3n de esta ley, las empresas prestadoras de servicios de seguridad que as\u00ed lo requieran, podr\u00e1n obtener autorizaci\u00f3n para el uso de dispositivos no letales en el ejercicio de las tareas a cargo del personal de su dependencia.<\/p>\n<p>La norma establece expresamente que\u00a0<em>\u201cel personal autorizado al uso de armas no letales debe ajustar su conducta a los protocoles de uso de la fuerza y otros espec\u00edficos sobre la materia, dictados o a dictar a tales fines\u201d.<\/em><\/p>\n<p>Otro aspecto contemplado por el proyecto de ley es que las empresas prestadoras de seguridad podr\u00e1n ser contratadas para la custodia o vigilancia de edificios o espacios p\u00fablicos, dependencias oficiales, establecimientos educativos, entre otros.<\/p>\n<p>Los servicios de las empresas prestadoras de seguridad tambi\u00e9n podr\u00e1n ser requeridos por clubes, sindicatos o gremios que realicen eventos p\u00fablicos, espect\u00e1culos deportivos y recreativos.<\/p>\n<p><strong>NARCOTEST<\/strong><\/p>\n<p>El proyecto de ley fija la realizaci\u00f3n de un certificado negativo expedido por instituci\u00f3n m\u00e9dica que acredite la realizaci\u00f3n de ex\u00e1menes complementarios de presencia de metabolitos de drogas psicotr\u00f3picas ilegales, conocido como Narcotest.<\/p>\n<p>Esta medida alcanzar\u00e1 de manera obligatoria a quienes desempe\u00f1en funciones por elecci\u00f3n popular, Gobernador, Vicegobernador, Legisladores y Tribunos, los Ministros, Secretarios, Directores y Subdirectores, Asesores y toda persona que, por disposici\u00f3n legal o reglamentaria, ejerza funciones de jerarqu\u00eda equivalente a la de los cargos mencionados.<\/p>\n<p><strong>M\u00c1S FISCAL\u00cdAS EN EL INTERIOR PROVINCIAL<\/strong><\/p>\n<p>Se crear\u00e1n seis nuevas Fiscal\u00edas Antinarc\u00f3ticos en las localidades de Villa Dolores, Carlos Paz, Bell Ville, Marcos Ju\u00e1rez, Cruz del Eje y la ciudad de C\u00f3rdoba. Adem\u00e1s, se dotar\u00e1 de presupuesto a la ya existente en la ciudad de San Francisco.<\/p>\n<p>Se crear\u00e1n 12 Fiscal\u00edas Criminales de distrito en la ciudad de C\u00f3rdoba y se crea la figura de auxiliar de los servicios de seguridad, colaboradores que desarrollar\u00e1n tareas espec\u00edficas.<\/p>\n<p><strong>C\u00c1MARAS DE SEGURIDAD VINCULADAS CON LA POLIC\u00cdA<\/strong><\/p>\n<p>Se exigir\u00e1 que todas las c\u00e1maras de seguridad, orientadas hacia el exterior, existentes en bancos, grandes superficies comerciales, edificios p\u00fablicos, estaciones de servicio, espacios p\u00fablicos, etc. est\u00e9n articuladas con el centro de monitoreo de la Polic\u00eda de la Provincia.<\/p>\n<p>La propuesta permitir\u00e1 aumentar r\u00e1pidamente la capacidad de vigilancia en las ciudades, agilizando el acceso de videos como posibles pruebas de delitos en investigaciones.<\/p>\n<\/div>\n<\/div>\n<\/article>\n<p><script async src=\"https:\/\/pagead2.googlesyndication.com\/pagead\/js\/adsbygoogle.js?client=ca-pub-6190387823963118\" crossorigin=\"anonymous\"><\/script><br \/>\n<!-- publi horizontal --><br \/>\n<ins class=\"adsbygoogle\" style=\"display: block;\" data-ad-client=\"ca-pub-6190387823963118\" data-ad-slot=\"1318105772\" data-ad-format=\"auto\" data-full-width-responsive=\"true\"><\/ins><br \/>\n<script>\n     (adsbygoogle = window.adsbygoogle || []).push({});\n<\/script><\/p>\n","protected":false},"excerpt":{"rendered":"<p>Este martes, el gobernador de la provincia, Mart\u00edn Llaryora, envi\u00f3 a la Legislatura el proyecto<\/p>\n","protected":false},"author":2,"featured_media":1252,"comment_status":"closed","ping_status":"closed","sticky":false,"template":"","format":"standard","meta":{"footnotes":""},"categories":[11],"tags":[1115,899,993,47,1113,1114],"class_list":["post-1251","post","type-post","status-publish","format-standard","has-post-thumbnail","hentry","category-destacadas","tag-convivencia-ciudadana","tag-gobierno-de-cordoba","tag-legislatura-de-cordoba","tag-llaryora","tag-proyecto-de-ley","tag-seguridad-publica"],"yoast_head":"<!-- This site is optimized with the Yoast SEO plugin v27.4 - https:\/\/yoast.com\/product\/yoast-seo-wordpress\/ -->\n<title>Llaryora env\u00eda a la legislatura el nuevo proyecto de Seguridad P\u00fablica - Fm Gente<\/title>\n<meta name=\"robots\" content=\"index, follow, max-snippet:-1, max-image-preview:large, max-video-preview:-1\" \/>\n<link rel=\"canonical\" href=\"https:\/\/fmgente.com.ar\/web\/llaryora-envia-a-la-legislatura-el-nuevo-proyecto-de-seguridad-publica\/\" \/>\n<meta property=\"og:locale\" content=\"es_ES\" \/>\n<meta property=\"og:type\" content=\"article\" \/>\n<meta property=\"og:title\" content=\"Llaryora env\u00eda a la legislatura el nuevo proyecto de Seguridad P\u00fablica - Fm Gente\" \/>\n<meta property=\"og:description\" content=\"Este martes, el gobernador de la provincia, Mart\u00edn Llaryora, envi\u00f3 a la Legislatura el proyecto\" \/>\n<meta property=\"og:url\" content=\"https:\/\/fmgente.com.ar\/web\/llaryora-envia-a-la-legislatura-el-nuevo-proyecto-de-seguridad-publica\/\" \/>\n<meta property=\"og:site_name\" content=\"Fm Gente\" \/>\n<meta property=\"article:published_time\" content=\"2023-12-13T08:33:59+00:00\" \/>\n<meta property=\"og:image\" content=\"https:\/\/fmgente.com.ar\/web\/wp-content\/uploads\/2023\/12\/WhatsApp-Image-2023-12-12-at-12.43.45-1.jpg\" \/>\n\t<meta property=\"og:image:width\" content=\"1311\" \/>\n\t<meta property=\"og:image:height\" content=\"820\" \/>\n\t<meta property=\"og:image:type\" content=\"image\/jpeg\" \/>\n<meta name=\"author\" content=\"Adri\u00e1n Hern\u00e1ndez\" \/>\n<meta name=\"twitter:card\" content=\"summary_large_image\" \/>\n<meta name=\"twitter:label1\" content=\"Escrito por\" \/>\n\t<meta name=\"twitter:data1\" content=\"Adri\u00e1n Hern\u00e1ndez\" \/>\n\t<meta name=\"twitter:label2\" content=\"Tiempo de lectura\" \/>\n\t<meta name=\"twitter:data2\" content=\"5 minutos\" \/>\n<script type=\"application\/ld+json\" class=\"yoast-schema-graph\">{\"@context\":\"https:\\\/\\\/schema.org\",\"@graph\":[{\"@type\":\"Article\",\"@id\":\"https:\\\/\\\/fmgente.com.ar\\\/web\\\/llaryora-envia-a-la-legislatura-el-nuevo-proyecto-de-seguridad-publica\\\/#article\",\"isPartOf\":{\"@id\":\"https:\\\/\\\/fmgente.com.ar\\\/web\\\/llaryora-envia-a-la-legislatura-el-nuevo-proyecto-de-seguridad-publica\\\/\"},\"author\":{\"name\":\"Adri\u00e1n Hern\u00e1ndez\",\"@id\":\"https:\\\/\\\/fmgente.com.ar\\\/web\\\/#\\\/schema\\\/person\\\/ba03fa75c17effdaafbd6daa1d78c508\"},\"headline\":\"Llaryora env\u00eda a la legislatura el nuevo proyecto de Seguridad P\u00fablica\",\"datePublished\":\"2023-12-13T08:33:59+00:00\",\"mainEntityOfPage\":{\"@id\":\"https:\\\/\\\/fmgente.com.ar\\\/web\\\/llaryora-envia-a-la-legislatura-el-nuevo-proyecto-de-seguridad-publica\\\/\"},\"wordCount\":949,\"publisher\":{\"@id\":\"https:\\\/\\\/fmgente.com.ar\\\/web\\\/#organization\"},\"image\":{\"@id\":\"https:\\\/\\\/fmgente.com.ar\\\/web\\\/llaryora-envia-a-la-legislatura-el-nuevo-proyecto-de-seguridad-publica\\\/#primaryimage\"},\"thumbnailUrl\":\"https:\\\/\\\/fmgente.com.ar\\\/web\\\/wp-content\\\/uploads\\\/2023\\\/12\\\/WhatsApp-Image-2023-12-12-at-12.43.45-1.jpg\",\"keywords\":[\"Convivencia Ciudadana\",\"Gobierno de C\u00f3rdoba\",\"Legislatura de C\u00f3rdoba\",\"Llaryora\",\"proyecto de ley\",\"Seguridad P\u00fablica\"],\"articleSection\":[\"DESTACADAS\"],\"inLanguage\":\"es\"},{\"@type\":\"WebPage\",\"@id\":\"https:\\\/\\\/fmgente.com.ar\\\/web\\\/llaryora-envia-a-la-legislatura-el-nuevo-proyecto-de-seguridad-publica\\\/\",\"url\":\"https:\\\/\\\/fmgente.com.ar\\\/web\\\/llaryora-envia-a-la-legislatura-el-nuevo-proyecto-de-seguridad-publica\\\/\",\"name\":\"Llaryora env\u00eda a la legislatura el nuevo proyecto de Seguridad P\u00fablica - Fm Gente\",\"isPartOf\":{\"@id\":\"https:\\\/\\\/fmgente.com.ar\\\/web\\\/#website\"},\"primaryImageOfPage\":{\"@id\":\"https:\\\/\\\/fmgente.com.ar\\\/web\\\/llaryora-envia-a-la-legislatura-el-nuevo-proyecto-de-seguridad-publica\\\/#primaryimage\"},\"image\":{\"@id\":\"https:\\\/\\\/fmgente.com.ar\\\/web\\\/llaryora-envia-a-la-legislatura-el-nuevo-proyecto-de-seguridad-publica\\\/#primaryimage\"},\"thumbnailUrl\":\"https:\\\/\\\/fmgente.com.ar\\\/web\\\/wp-content\\\/uploads\\\/2023\\\/12\\\/WhatsApp-Image-2023-12-12-at-12.43.45-1.jpg\",\"datePublished\":\"2023-12-13T08:33:59+00:00\",\"inLanguage\":\"es\",\"potentialAction\":[{\"@type\":\"ReadAction\",\"target\":[\"https:\\\/\\\/fmgente.com.ar\\\/web\\\/llaryora-envia-a-la-legislatura-el-nuevo-proyecto-de-seguridad-publica\\\/\"]}]},{\"@type\":\"ImageObject\",\"inLanguage\":\"es\",\"@id\":\"https:\\\/\\\/fmgente.com.ar\\\/web\\\/llaryora-envia-a-la-legislatura-el-nuevo-proyecto-de-seguridad-publica\\\/#primaryimage\",\"url\":\"https:\\\/\\\/fmgente.com.ar\\\/web\\\/wp-content\\\/uploads\\\/2023\\\/12\\\/WhatsApp-Image-2023-12-12-at-12.43.45-1.jpg\",\"contentUrl\":\"https:\\\/\\\/fmgente.com.ar\\\/web\\\/wp-content\\\/uploads\\\/2023\\\/12\\\/WhatsApp-Image-2023-12-12-at-12.43.45-1.jpg\",\"width\":1311,\"height\":820},{\"@type\":\"WebSite\",\"@id\":\"https:\\\/\\\/fmgente.com.ar\\\/web\\\/#website\",\"url\":\"https:\\\/\\\/fmgente.com.ar\\\/web\\\/\",\"name\":\"Fm Gente\",\"description\":\"- Jes\u00fas Mar\u00eda\",\"publisher\":{\"@id\":\"https:\\\/\\\/fmgente.com.ar\\\/web\\\/#organization\"},\"potentialAction\":[{\"@type\":\"SearchAction\",\"target\":{\"@type\":\"EntryPoint\",\"urlTemplate\":\"https:\\\/\\\/fmgente.com.ar\\\/web\\\/?s={search_term_string}\"},\"query-input\":{\"@type\":\"PropertyValueSpecification\",\"valueRequired\":true,\"valueName\":\"search_term_string\"}}],\"inLanguage\":\"es\"},{\"@type\":\"Organization\",\"@id\":\"https:\\\/\\\/fmgente.com.ar\\\/web\\\/#organization\",\"name\":\"Fm Gente\",\"url\":\"https:\\\/\\\/fmgente.com.ar\\\/web\\\/\",\"logo\":{\"@type\":\"ImageObject\",\"inLanguage\":\"es\",\"@id\":\"https:\\\/\\\/fmgente.com.ar\\\/web\\\/#\\\/schema\\\/logo\\\/image\\\/\",\"url\":\"https:\\\/\\\/fmgente.com.ar\\\/web\\\/wp-content\\\/uploads\\\/2023\\\/07\\\/cropped-cropped-logo-sombra2.png\",\"contentUrl\":\"https:\\\/\\\/fmgente.com.ar\\\/web\\\/wp-content\\\/uploads\\\/2023\\\/07\\\/cropped-cropped-logo-sombra2.png\",\"width\":1782,\"height\":1782,\"caption\":\"Fm Gente\"},\"image\":{\"@id\":\"https:\\\/\\\/fmgente.com.ar\\\/web\\\/#\\\/schema\\\/logo\\\/image\\\/\"}},{\"@type\":\"Person\",\"@id\":\"https:\\\/\\\/fmgente.com.ar\\\/web\\\/#\\\/schema\\\/person\\\/ba03fa75c17effdaafbd6daa1d78c508\",\"name\":\"Adri\u00e1n Hern\u00e1ndez\",\"url\":\"https:\\\/\\\/fmgente.com.ar\\\/web\\\/author\\\/c1601891\\\/\"}]}<\/script>\n<!-- \/ Yoast SEO plugin. -->","yoast_head_json":{"title":"Llaryora env\u00eda a la legislatura el nuevo proyecto de Seguridad P\u00fablica - Fm Gente","robots":{"index":"index","follow":"follow","max-snippet":"max-snippet:-1","max-image-preview":"max-image-preview:large","max-video-preview":"max-video-preview:-1"},"canonical":"https:\/\/fmgente.com.ar\/web\/llaryora-envia-a-la-legislatura-el-nuevo-proyecto-de-seguridad-publica\/","og_locale":"es_ES","og_type":"article","og_title":"Llaryora env\u00eda a la legislatura el nuevo proyecto de Seguridad P\u00fablica - Fm Gente","og_description":"Este martes, el gobernador de la provincia, Mart\u00edn Llaryora, envi\u00f3 a la Legislatura el proyecto","og_url":"https:\/\/fmgente.com.ar\/web\/llaryora-envia-a-la-legislatura-el-nuevo-proyecto-de-seguridad-publica\/","og_site_name":"Fm Gente","article_published_time":"2023-12-13T08:33:59+00:00","og_image":[{"width":1311,"height":820,"url":"https:\/\/fmgente.com.ar\/web\/wp-content\/uploads\/2023\/12\/WhatsApp-Image-2023-12-12-at-12.43.45-1.jpg","type":"image\/jpeg"}],"author":"Adri\u00e1n Hern\u00e1ndez","twitter_card":"summary_large_image","twitter_misc":{"Escrito por":"Adri\u00e1n Hern\u00e1ndez","Tiempo de lectura":"5 minutos"},"schema":{"@context":"https:\/\/schema.org","@graph":[{"@type":"Article","@id":"https:\/\/fmgente.com.ar\/web\/llaryora-envia-a-la-legislatura-el-nuevo-proyecto-de-seguridad-publica\/#article","isPartOf":{"@id":"https:\/\/fmgente.com.ar\/web\/llaryora-envia-a-la-legislatura-el-nuevo-proyecto-de-seguridad-publica\/"},"author":{"name":"Adri\u00e1n Hern\u00e1ndez","@id":"https:\/\/fmgente.com.ar\/web\/#\/schema\/person\/ba03fa75c17effdaafbd6daa1d78c508"},"headline":"Llaryora env\u00eda a la legislatura el nuevo proyecto de Seguridad P\u00fablica","datePublished":"2023-12-13T08:33:59+00:00","mainEntityOfPage":{"@id":"https:\/\/fmgente.com.ar\/web\/llaryora-envia-a-la-legislatura-el-nuevo-proyecto-de-seguridad-publica\/"},"wordCount":949,"publisher":{"@id":"https:\/\/fmgente.com.ar\/web\/#organization"},"image":{"@id":"https:\/\/fmgente.com.ar\/web\/llaryora-envia-a-la-legislatura-el-nuevo-proyecto-de-seguridad-publica\/#primaryimage"},"thumbnailUrl":"https:\/\/fmgente.com.ar\/web\/wp-content\/uploads\/2023\/12\/WhatsApp-Image-2023-12-12-at-12.43.45-1.jpg","keywords":["Convivencia Ciudadana","Gobierno de C\u00f3rdoba","Legislatura de C\u00f3rdoba","Llaryora","proyecto de ley","Seguridad P\u00fablica"],"articleSection":["DESTACADAS"],"inLanguage":"es"},{"@type":"WebPage","@id":"https:\/\/fmgente.com.ar\/web\/llaryora-envia-a-la-legislatura-el-nuevo-proyecto-de-seguridad-publica\/","url":"https:\/\/fmgente.com.ar\/web\/llaryora-envia-a-la-legislatura-el-nuevo-proyecto-de-seguridad-publica\/","name":"Llaryora env\u00eda a la legislatura el nuevo proyecto de Seguridad P\u00fablica - Fm Gente","isPartOf":{"@id":"https:\/\/fmgente.com.ar\/web\/#website"},"primaryImageOfPage":{"@id":"https:\/\/fmgente.com.ar\/web\/llaryora-envia-a-la-legislatura-el-nuevo-proyecto-de-seguridad-publica\/#primaryimage"},"image":{"@id":"https:\/\/fmgente.com.ar\/web\/llaryora-envia-a-la-legislatura-el-nuevo-proyecto-de-seguridad-publica\/#primaryimage"},"thumbnailUrl":"https:\/\/fmgente.com.ar\/web\/wp-content\/uploads\/2023\/12\/WhatsApp-Image-2023-12-12-at-12.43.45-1.jpg","datePublished":"2023-12-13T08:33:59+00:00","inLanguage":"es","potentialAction":[{"@type":"ReadAction","target":["https:\/\/fmgente.com.ar\/web\/llaryora-envia-a-la-legislatura-el-nuevo-proyecto-de-seguridad-publica\/"]}]},{"@type":"ImageObject","inLanguage":"es","@id":"https:\/\/fmgente.com.ar\/web\/llaryora-envia-a-la-legislatura-el-nuevo-proyecto-de-seguridad-publica\/#primaryimage","url":"https:\/\/fmgente.com.ar\/web\/wp-content\/uploads\/2023\/12\/WhatsApp-Image-2023-12-12-at-12.43.45-1.jpg","contentUrl":"https:\/\/fmgente.com.ar\/web\/wp-content\/uploads\/2023\/12\/WhatsApp-Image-2023-12-12-at-12.43.45-1.jpg","width":1311,"height":820},{"@type":"WebSite","@id":"https:\/\/fmgente.com.ar\/web\/#website","url":"https:\/\/fmgente.com.ar\/web\/","name":"Fm Gente","description":"- Jes\u00fas Mar\u00eda","publisher":{"@id":"https:\/\/fmgente.com.ar\/web\/#organization"},"potentialAction":[{"@type":"SearchAction","target":{"@type":"EntryPoint","urlTemplate":"https:\/\/fmgente.com.ar\/web\/?s={search_term_string}"},"query-input":{"@type":"PropertyValueSpecification","valueRequired":true,"valueName":"search_term_string"}}],"inLanguage":"es"},{"@type":"Organization","@id":"https:\/\/fmgente.com.ar\/web\/#organization","name":"Fm Gente","url":"https:\/\/fmgente.com.ar\/web\/","logo":{"@type":"ImageObject","inLanguage":"es","@id":"https:\/\/fmgente.com.ar\/web\/#\/schema\/logo\/image\/","url":"https:\/\/fmgente.com.ar\/web\/wp-content\/uploads\/2023\/07\/cropped-cropped-logo-sombra2.png","contentUrl":"https:\/\/fmgente.com.ar\/web\/wp-content\/uploads\/2023\/07\/cropped-cropped-logo-sombra2.png","width":1782,"height":1782,"caption":"Fm Gente"},"image":{"@id":"https:\/\/fmgente.com.ar\/web\/#\/schema\/logo\/image\/"}},{"@type":"Person","@id":"https:\/\/fmgente.com.ar\/web\/#\/schema\/person\/ba03fa75c17effdaafbd6daa1d78c508","name":"Adri\u00e1n Hern\u00e1ndez","url":"https:\/\/fmgente.com.ar\/web\/author\/c1601891\/"}]}},"_links":{"self":[{"href":"https:\/\/fmgente.com.ar\/web\/wp-json\/wp\/v2\/posts\/1251","targetHints":{"allow":["GET"]}}],"collection":[{"href":"https:\/\/fmgente.com.ar\/web\/wp-json\/wp\/v2\/posts"}],"about":[{"href":"https:\/\/fmgente.com.ar\/web\/wp-json\/wp\/v2\/types\/post"}],"author":[{"embeddable":true,"href":"https:\/\/fmgente.com.ar\/web\/wp-json\/wp\/v2\/users\/2"}],"replies":[{"embeddable":true,"href":"https:\/\/fmgente.com.ar\/web\/wp-json\/wp\/v2\/comments?post=1251"}],"version-history":[{"count":1,"href":"https:\/\/fmgente.com.ar\/web\/wp-json\/wp\/v2\/posts\/1251\/revisions"}],"predecessor-version":[{"id":1253,"href":"https:\/\/fmgente.com.ar\/web\/wp-json\/wp\/v2\/posts\/1251\/revisions\/1253"}],"wp:featuredmedia":[{"embeddable":true,"href":"https:\/\/fmgente.com.ar\/web\/wp-json\/wp\/v2\/media\/1252"}],"wp:attachment":[{"href":"https:\/\/fmgente.com.ar\/web\/wp-json\/wp\/v2\/media?parent=1251"}],"wp:term":[{"taxonomy":"category","embeddable":true,"href":"https:\/\/fmgente.com.ar\/web\/wp-json\/wp\/v2\/categories?post=1251"},{"taxonomy":"post_tag","embeddable":true,"href":"https:\/\/fmgente.com.ar\/web\/wp-json\/wp\/v2\/tags?post=1251"}],"curies":[{"name":"wp","href":"https:\/\/api.w.org\/{rel}","templated":true}]}}