{"id":1248,"date":"2023-12-12T10:51:15","date_gmt":"2023-12-12T13:51:15","guid":{"rendered":"https:\/\/fmgente.com.ar\/?p=1248"},"modified":"2023-12-12T10:51:15","modified_gmt":"2023-12-12T13:51:15","slug":"en-rio-cuarto-llaryora-completo-su-gabinete-de-ministros","status":"publish","type":"post","link":"https:\/\/fmgente.com.ar\/web\/en-rio-cuarto-llaryora-completo-su-gabinete-de-ministros\/","title":{"rendered":"En R\u00edo Cuarto, Llaryora complet\u00f3 su gabinete de ministros"},"content":{"rendered":"<article id=\"post-579652\" class=\"post-579652 post type-post status-publish format-standard has-post-thumbnail hentry category-informacion-general category-no-home ast-article-single\">\n<div class=\"ast-post-format- single-layout-1\">\n<div class=\"entry-content clear\">\n<p>Durante una ceremonia celebrada este lunes en R\u00edo Cuarto, el gobernador Mart\u00edn Llaryora tom\u00f3 el juramento de pr\u00e1ctica a seis integrantes del gabinete provincial.<\/p>\n<p>El acto se realiz\u00f3 en la Sala Mayor del Teatro Municipal de la capital alterna y permiti\u00f3 completar el elenco ministerial luego de que el domingo, en San Francisco, asumieran sus cargos ocho de los titulares de distintas carteras y el fiscal de Estado.<\/p>\n<p>Estuvieron presentes el intendente de R\u00edo Cuarto, Juan Manuel Llamosas y la vicegobernadora, Myrian Prunotto, entre otros funcionarios provinciales y municipales.<\/p>\n<p>Prestaron juramento las ministras de\u00a0<strong>Ambiente y Econom\u00eda Circular<\/strong>, Victoria Flores; de\u00a0<strong>Desarrollo Social y Promoci\u00f3n del Empleo<\/strong>, Laura Jure; los ministros de\u00a0<strong>Bio Agroindustria<\/strong>, Sergio Busso; de\u00a0<strong>Cooperativas y Mutuales<\/strong>, Mart\u00edn Gill; de\u00a0<strong>Infraestructura y Servicios<\/strong>, Fabi\u00e1n L\u00f3pez y de\u00a0<strong>Salud<\/strong>, Ricardo Pieckenstainer.<\/p>\n<p>Tambi\u00e9n el gobernador hizo entrega de los decretos de designaci\u00f3n a los presidentes de la\u00a0<strong>Agencia C\u00f3rdoba Deportes<\/strong>, Agust\u00edn Calleri; y la\u00a0<strong>Agencia C\u00f3rdoba Innovar y Emprender<\/strong>, Manuel Ron.<\/p>\n<p>Llaryora anunci\u00f3 que, por primera vez, una agencia del Gobierno de C\u00f3rdoba estar\u00e1 radicada en el interior provincial.<\/p>\n<p><em>\u00abVamos a cambiar la sede central de una agencia, vamos a empezar a descentralizar en serio\u201d<\/em>, dijo. Precis\u00f3 al respecto que\u00a0<em>\u201cla sede central de la Agencia Innovar y Emprender estar\u00e1 en R\u00edo Cuarto y Manuel Ron, un vecino de la ciudad ser\u00e1 su presidente; ser\u00e1 la delegaci\u00f3n la que est\u00e9 en la ciudad de C\u00f3rdoba\u00bb.<\/em><\/p>\n<p>Se\u00f1al\u00f3 en este sentido que\u00a0<em>\u201cvamos a seguir generando hechos institucionales que muestren que la voluntad de federalismo que nosotros le pedimos al pa\u00eds, la tenemos que tener tambi\u00e9n nosotros en C\u00f3rdoba\u201d.<\/em><\/p>\n<p><strong>Curr\u00edculums abreviados y resumen de trayectorias<\/strong><\/p>\n<figure class=\"wp-block-image size-large\"><img loading=\"lazy\" decoding=\"async\" class=\"wp-image-579663\" src=\"https:\/\/prensa.cba.gov.ar\/wp-content\/uploads\/2023\/12\/WhatsApp-Image-2023-12-11-at-21.26.50-2-1024x683.jpeg\" sizes=\"auto, (max-width: 1024px) 100vw, 1024px\" srcset=\"https:\/\/prensa.cba.gov.ar\/wp-content\/uploads\/2023\/12\/WhatsApp-Image-2023-12-11-at-21.26.50-2-1024x683.jpeg 1024w, https:\/\/prensa.cba.gov.ar\/wp-content\/uploads\/2023\/12\/WhatsApp-Image-2023-12-11-at-21.26.50-2-300x200.jpeg 300w, https:\/\/prensa.cba.gov.ar\/wp-content\/uploads\/2023\/12\/WhatsApp-Image-2023-12-11-at-21.26.50-2-768x512.jpeg 768w, https:\/\/prensa.cba.gov.ar\/wp-content\/uploads\/2023\/12\/WhatsApp-Image-2023-12-11-at-21.26.50-2-1536x1024.jpeg 1536w, https:\/\/prensa.cba.gov.ar\/wp-content\/uploads\/2023\/12\/WhatsApp-Image-2023-12-11-at-21.26.50-2.jpeg 1599w\" alt=\"\" width=\"1024\" height=\"683\" \/><\/figure>\n<h4 class=\"wp-block-heading\"><strong>Ministra de Ambiente y Econom\u00eda Circular: Victoria Flores<\/strong><\/h4>\n<p>Oriunda de la ciudad de San Juan, es abogada por la Universidad Nacional de C\u00f3rdoba, y Magister en Derecho Administrativo por la Universidad Austral.<\/p>\n<p>En el \u00e1mbito p\u00fablico, fue Procuradora Fiscal de la Municipalidad de Villa del Totoral (2007), Procuradora Fiscal de la Municipalidad de Laguna Larga (2012-2014) Concejala por la ciudad de C\u00f3rdoba (2015-2019) y ex presidenta de C\u00f3rdoba Obras y Servicios, en la Municipalidad de C\u00f3rdoba (2019-2023).<\/p>\n<figure class=\"wp-block-image size-large\"><img loading=\"lazy\" decoding=\"async\" class=\"wp-image-579675\" src=\"https:\/\/prensa.cba.gov.ar\/wp-content\/uploads\/2023\/12\/WhatsApp-Image-2023-12-11-at-21.26.50-3-1024x683.jpeg\" sizes=\"auto, (max-width: 1024px) 100vw, 1024px\" srcset=\"https:\/\/prensa.cba.gov.ar\/wp-content\/uploads\/2023\/12\/WhatsApp-Image-2023-12-11-at-21.26.50-3-1024x683.jpeg 1024w, https:\/\/prensa.cba.gov.ar\/wp-content\/uploads\/2023\/12\/WhatsApp-Image-2023-12-11-at-21.26.50-3-300x200.jpeg 300w, https:\/\/prensa.cba.gov.ar\/wp-content\/uploads\/2023\/12\/WhatsApp-Image-2023-12-11-at-21.26.50-3-768x512.jpeg 768w, https:\/\/prensa.cba.gov.ar\/wp-content\/uploads\/2023\/12\/WhatsApp-Image-2023-12-11-at-21.26.50-3-1536x1024.jpeg 1536w, https:\/\/prensa.cba.gov.ar\/wp-content\/uploads\/2023\/12\/WhatsApp-Image-2023-12-11-at-21.26.50-3.jpeg 1599w\" alt=\"\" width=\"1024\" height=\"683\" \/><\/figure>\n<h4 class=\"wp-block-heading\"><strong>Ministra de Desarrollo Social y Promoci\u00f3n del Empleo: Laura Jure<\/strong><\/h4>\n<p>Nacida en la ciudad de Oncativo, en el departamento R\u00edo Segundo, es Contadora P\u00fablica por la Universidad Nacional de C\u00f3rdoba y Mag\u00edster en Pol\u00edtica y Gesti\u00f3n de Desarrollo Local.<\/p>\n<p>Fue ministra de H\u00e1bitat y Econom\u00eda Familiar de C\u00f3rdoba (2022-2023), Presidenta de la Fundaci\u00f3n Banco de C\u00f3rdoba (2019-2023), ministra de Promoci\u00f3n del Empleo y de la Econom\u00eda Familiar (2019-2022), secretaria de Equidad y Promoci\u00f3n del Empleo (2017-2019), miembro del ministerio de Salud de C\u00f3rdoba (2014-2017), del ministerio de Agua, Energ\u00eda y Ambiente de C\u00f3rdoba (2012-2013), consultora en el Banco Interamericano de Desarrollo (2008-2012) y secretaria privada y asesora parlamentaria en la Legislatura de C\u00f3rdoba (1999-2002).<\/p>\n<figure class=\"wp-block-image size-large\"><img loading=\"lazy\" decoding=\"async\" class=\"wp-image-579674\" src=\"https:\/\/prensa.cba.gov.ar\/wp-content\/uploads\/2023\/12\/WhatsApp-Image-2023-12-11-at-21.26.51-1024x753.jpeg\" sizes=\"auto, (max-width: 1024px) 100vw, 1024px\" srcset=\"https:\/\/prensa.cba.gov.ar\/wp-content\/uploads\/2023\/12\/WhatsApp-Image-2023-12-11-at-21.26.51-1024x753.jpeg 1024w, https:\/\/prensa.cba.gov.ar\/wp-content\/uploads\/2023\/12\/WhatsApp-Image-2023-12-11-at-21.26.51-300x221.jpeg 300w, https:\/\/prensa.cba.gov.ar\/wp-content\/uploads\/2023\/12\/WhatsApp-Image-2023-12-11-at-21.26.51-768x565.jpeg 768w, https:\/\/prensa.cba.gov.ar\/wp-content\/uploads\/2023\/12\/WhatsApp-Image-2023-12-11-at-21.26.51.jpeg 1449w\" alt=\"\" width=\"1024\" height=\"753\" \/><\/figure>\n<h4 class=\"wp-block-heading\"><strong>Ministro de Bio Agroindustria: Sergio Busso<\/strong><\/h4>\n<p>De la localidad de Serrano, en el departamento Roque S\u00e1enz Pe\u00f1a, donde fue intendente entre 1983 y 1987. Es abogado y procurador por la facultad de Derecho de la Universidad Nacional de La Plata y en 1987 asumi\u00f3 como diputado provincial.<\/p>\n<p>Fue director Nacional de Emergencias Sociales en la Secretar\u00eda de Desarrollo Social (1993-1994) y miembro del Tribunal de Cuentas de la Provincia de C\u00f3rdoba (1995 a 2003). Fue Secretario de Gobierno de la primera gobernaci\u00f3n de Jos\u00e9\u00a0 Manuel De la Sota y ministro de Seguridad en el siguiente per\u00edodo. Tambi\u00e9n fue secretario de Previsi\u00f3n Social a cargo de la Presidencia de la Caja de Jubilaciones y Pensiones de la Provincia de C\u00f3rdoba. A partir de 2007 ejerci\u00f3 como legislador en la Unicameral, siendo presidente provisorio de la misma y titular del Bloque de Uni\u00f3n por C\u00f3rdoba (UPC).fue ministro de Agricultura y Ganader\u00eda de C\u00f3rdoba durante los dos \u00faltimos gobiernos de Juan Schiaretti.<\/p>\n<figure class=\"wp-block-gallery has-nested-images columns-default is-cropped wp-block-gallery-1 is-layout-flex wp-block-gallery-is-layout-flex\">\n<figure class=\"wp-block-image size-large\"><a href=\"https:\/\/prensa.cba.gov.ar\/wp-content\/uploads\/2023\/12\/WhatsApp-Image-2023-12-11-at-21.26.50-1.jpeg\"><img loading=\"lazy\" decoding=\"async\" class=\"wp-image-579664\" src=\"https:\/\/prensa.cba.gov.ar\/wp-content\/uploads\/2023\/12\/WhatsApp-Image-2023-12-11-at-21.26.50-1-1024x683.jpeg\" sizes=\"auto, (max-width: 1024px) 100vw, 1024px\" srcset=\"https:\/\/prensa.cba.gov.ar\/wp-content\/uploads\/2023\/12\/WhatsApp-Image-2023-12-11-at-21.26.50-1-1024x683.jpeg 1024w, https:\/\/prensa.cba.gov.ar\/wp-content\/uploads\/2023\/12\/WhatsApp-Image-2023-12-11-at-21.26.50-1-300x200.jpeg 300w, https:\/\/prensa.cba.gov.ar\/wp-content\/uploads\/2023\/12\/WhatsApp-Image-2023-12-11-at-21.26.50-1-768x512.jpeg 768w, https:\/\/prensa.cba.gov.ar\/wp-content\/uploads\/2023\/12\/WhatsApp-Image-2023-12-11-at-21.26.50-1-1536x1024.jpeg 1536w, https:\/\/prensa.cba.gov.ar\/wp-content\/uploads\/2023\/12\/WhatsApp-Image-2023-12-11-at-21.26.50-1.jpeg 1599w\" alt=\"\" width=\"1024\" height=\"683\" data-id=\"579664\" \/><\/a><\/figure>\n<figure class=\"wp-block-image size-large\"><a href=\"https:\/\/prensa.cba.gov.ar\/wp-content\/uploads\/2023\/12\/WhatsApp-Image-2023-12-11-at-21.26.50.jpeg\"><img loading=\"lazy\" decoding=\"async\" class=\"wp-image-579665\" src=\"https:\/\/prensa.cba.gov.ar\/wp-content\/uploads\/2023\/12\/WhatsApp-Image-2023-12-11-at-21.26.50-1024x683.jpeg\" sizes=\"auto, (max-width: 1024px) 100vw, 1024px\" srcset=\"https:\/\/prensa.cba.gov.ar\/wp-content\/uploads\/2023\/12\/WhatsApp-Image-2023-12-11-at-21.26.50-1024x683.jpeg 1024w, https:\/\/prensa.cba.gov.ar\/wp-content\/uploads\/2023\/12\/WhatsApp-Image-2023-12-11-at-21.26.50-300x200.jpeg 300w, https:\/\/prensa.cba.gov.ar\/wp-content\/uploads\/2023\/12\/WhatsApp-Image-2023-12-11-at-21.26.50-768x512.jpeg 768w, https:\/\/prensa.cba.gov.ar\/wp-content\/uploads\/2023\/12\/WhatsApp-Image-2023-12-11-at-21.26.50-1536x1024.jpeg 1536w, https:\/\/prensa.cba.gov.ar\/wp-content\/uploads\/2023\/12\/WhatsApp-Image-2023-12-11-at-21.26.50.jpeg 1599w\" alt=\"\" width=\"1024\" height=\"683\" data-id=\"579665\" \/><\/a><\/figure>\n<figure class=\"wp-block-image size-large\"><a href=\"https:\/\/prensa.cba.gov.ar\/wp-content\/uploads\/2023\/12\/WhatsApp-Image-2023-12-11-at-21.25.16-1.jpeg\"><img loading=\"lazy\" decoding=\"async\" class=\"wp-image-579667\" src=\"https:\/\/prensa.cba.gov.ar\/wp-content\/uploads\/2023\/12\/WhatsApp-Image-2023-12-11-at-21.25.16-1-1024x683.jpeg\" sizes=\"auto, (max-width: 1024px) 100vw, 1024px\" srcset=\"https:\/\/prensa.cba.gov.ar\/wp-content\/uploads\/2023\/12\/WhatsApp-Image-2023-12-11-at-21.25.16-1-1024x683.jpeg 1024w, https:\/\/prensa.cba.gov.ar\/wp-content\/uploads\/2023\/12\/WhatsApp-Image-2023-12-11-at-21.25.16-1-300x200.jpeg 300w, https:\/\/prensa.cba.gov.ar\/wp-content\/uploads\/2023\/12\/WhatsApp-Image-2023-12-11-at-21.25.16-1-768x512.jpeg 768w, https:\/\/prensa.cba.gov.ar\/wp-content\/uploads\/2023\/12\/WhatsApp-Image-2023-12-11-at-21.25.16-1.jpeg 1520w\" alt=\"\" width=\"1024\" height=\"683\" data-id=\"579667\" \/><\/a><\/figure>\n<\/figure>\n<h4 class=\"wp-block-heading\"><strong>Ministro de Cooperativas y Mutuales: Mart\u00edn Gill<\/strong><\/h4>\n<p>De la ciudad de Villa Mar\u00eda, en el departamento San Mart\u00edn, fue Intendente de su ciudad natal (2015-2023) y Rector de la Universidad Universidad Nacional Villa Mar\u00eda (2007-2011). Es abogado por la Universidad Cat\u00f3lica de C\u00f3rdoba, fue secretario de Gobierno de la Municipalidad de Villa Mar\u00eda (2003- 2007), Secretario de Pol\u00edticas Universitarias de la Naci\u00f3n (2007), Diputado Nacional (2013), y Secretario de Obras P\u00fablicas de la Naci\u00f3n (2019-2021)<\/p>\n<h4 class=\"wp-block-heading\"><strong>Ministro de Infraestructura y Servicios: Fabian L\u00f3pez<\/strong><\/h4>\n<p>Nacido en la ciudad de C\u00f3rdoba, Ingeniero Civil por la Universidad Nacional de C\u00f3rdoba, Traductor de Alem\u00e1n por la UNC, Master of Science en Ingenier\u00eda Civil por la Universidad de Illinois en EE UU (1993\u20101994).<\/p>\n<p>Fue ministro de Servicios P\u00fablicos de la Provincia de C\u00f3rdoba (2018-2023), ministro de Agua, Ambiente y Servicios P\u00fablicos de la Provincia (2013-2018), subsecretario de Recursos H\u00eddricos de la Naci\u00f3n (2012), director de la Direcci\u00f3n Provincial de Agua y Saneamiento (DiPAS), Ministerio Obras y Servicios P\u00fablicos (2002- 2006), presidente del Directorio Provincial de Agua y Saneamiento (DiPAS), Ministerio de Obras P\u00fablicas, provincia de C\u00f3rdoba (2000- 2002)<\/p>\n<h4 class=\"wp-block-heading\">Ministro de Salud: Ricardo Pieckenstainer<\/h4>\n<p>Oriundo la ciudad de Villa Mar\u00eda, en el departamento San Mart\u00edn, m\u00e9dico cirujano y especialista en medicina interna por la Universidad Nacional de C\u00f3rdoba, Director del Hospital Privado Universitario de C\u00f3rdoba (2020-2023); parte del staff m\u00e9dico del Hospital Universitario de C\u00f3rdoba desde 1997, docente del Hospital Privado Universitario de C\u00f3rdoba (2003-2005).<\/p>\n<p><iframe loading=\"lazy\" title=\"Juramento del gabinete provincial\" src=\"https:\/\/www.youtube.com\/embed\/-h4qmCyU64o\" width=\"853\" height=\"480\" frameborder=\"0\" allowfullscreen=\"allowfullscreen\" data-mce-fragment=\"1\"><\/iframe><\/p>\n<\/div>\n<\/div>\n<\/article>\n<p><script async src=\"https:\/\/pagead2.googlesyndication.com\/pagead\/js\/adsbygoogle.js?client=ca-pub-6190387823963118\" crossorigin=\"anonymous\"><\/script><br \/>\n<!-- publi horizontal --><br \/>\n<ins class=\"adsbygoogle\" style=\"display: block;\" data-ad-client=\"ca-pub-6190387823963118\" data-ad-slot=\"1318105772\" data-ad-format=\"auto\" data-full-width-responsive=\"true\"><\/ins><br \/>\n<script>\n     (adsbygoogle = window.adsbygoogle || []).push({});\n<\/script><\/p>\n","protected":false},"excerpt":{"rendered":"<p>Durante una ceremonia celebrada este lunes en R\u00edo Cuarto, el gobernador Mart\u00edn Llaryora tom\u00f3 el<\/p>\n","protected":false},"author":2,"featured_media":1249,"comment_status":"closed","ping_status":"closed","sticky":false,"template":"","format":"video","meta":{"footnotes":""},"categories":[11],"tags":[1077,1109,1050,47,1108,363,1112],"class_list":["post-1248","post","type-post","status-publish","format-video","has-post-thumbnail","hentry","category-destacadas","tag-ceremonia","tag-gabinete","tag-gobernador-de-cordoba","tag-llaryora","tag-ministros","tag-rio-cuarto","tag-teatro-municipal","post_format-post-format-video"],"yoast_head":"<!-- This site is optimized with the Yoast SEO plugin v27.4 - https:\/\/yoast.com\/product\/yoast-seo-wordpress\/ -->\n<title>En R\u00edo Cuarto, Llaryora complet\u00f3 su gabinete de ministros - Fm Gente<\/title>\n<meta name=\"robots\" content=\"index, follow, max-snippet:-1, max-image-preview:large, max-video-preview:-1\" \/>\n<link rel=\"canonical\" href=\"https:\/\/fmgente.com.ar\/web\/en-rio-cuarto-llaryora-completo-su-gabinete-de-ministros\/\" \/>\n<meta property=\"og:locale\" content=\"es_ES\" \/>\n<meta property=\"og:type\" content=\"article\" \/>\n<meta property=\"og:title\" content=\"En R\u00edo Cuarto, Llaryora complet\u00f3 su gabinete de ministros - Fm Gente\" \/>\n<meta property=\"og:description\" content=\"Durante una ceremonia celebrada este lunes en R\u00edo Cuarto, el gobernador Mart\u00edn Llaryora tom\u00f3 el\" \/>\n<meta property=\"og:url\" content=\"https:\/\/fmgente.com.ar\/web\/en-rio-cuarto-llaryora-completo-su-gabinete-de-ministros\/\" \/>\n<meta property=\"og:site_name\" content=\"Fm Gente\" \/>\n<meta property=\"article:published_time\" content=\"2023-12-12T13:51:15+00:00\" \/>\n<meta property=\"og:image\" content=\"https:\/\/fmgente.com.ar\/web\/wp-content\/uploads\/2023\/12\/WhatsApp-Image-2023-12-11-at-21.25.17.jpeg\" \/>\n\t<meta property=\"og:image:width\" content=\"1599\" \/>\n\t<meta property=\"og:image:height\" content=\"1066\" \/>\n\t<meta property=\"og:image:type\" content=\"image\/jpeg\" \/>\n<meta name=\"author\" content=\"Adri\u00e1n Hern\u00e1ndez\" \/>\n<meta name=\"twitter:card\" content=\"summary_large_image\" \/>\n<meta name=\"twitter:label1\" content=\"Escrito por\" \/>\n\t<meta name=\"twitter:data1\" content=\"Adri\u00e1n Hern\u00e1ndez\" \/>\n\t<meta name=\"twitter:label2\" content=\"Tiempo de lectura\" \/>\n\t<meta name=\"twitter:data2\" content=\"6 minutos\" \/>\n<script type=\"application\/ld+json\" class=\"yoast-schema-graph\">{\"@context\":\"https:\\\/\\\/schema.org\",\"@graph\":[{\"@type\":\"Article\",\"@id\":\"https:\\\/\\\/fmgente.com.ar\\\/web\\\/en-rio-cuarto-llaryora-completo-su-gabinete-de-ministros\\\/#article\",\"isPartOf\":{\"@id\":\"https:\\\/\\\/fmgente.com.ar\\\/web\\\/en-rio-cuarto-llaryora-completo-su-gabinete-de-ministros\\\/\"},\"author\":{\"name\":\"Adri\u00e1n Hern\u00e1ndez\",\"@id\":\"https:\\\/\\\/fmgente.com.ar\\\/web\\\/#\\\/schema\\\/person\\\/ba03fa75c17effdaafbd6daa1d78c508\"},\"headline\":\"En R\u00edo Cuarto, Llaryora complet\u00f3 su gabinete de ministros\",\"datePublished\":\"2023-12-12T13:51:15+00:00\",\"mainEntityOfPage\":{\"@id\":\"https:\\\/\\\/fmgente.com.ar\\\/web\\\/en-rio-cuarto-llaryora-completo-su-gabinete-de-ministros\\\/\"},\"wordCount\":952,\"publisher\":{\"@id\":\"https:\\\/\\\/fmgente.com.ar\\\/web\\\/#organization\"},\"image\":{\"@id\":\"https:\\\/\\\/fmgente.com.ar\\\/web\\\/en-rio-cuarto-llaryora-completo-su-gabinete-de-ministros\\\/#primaryimage\"},\"thumbnailUrl\":\"https:\\\/\\\/fmgente.com.ar\\\/web\\\/wp-content\\\/uploads\\\/2023\\\/12\\\/WhatsApp-Image-2023-12-11-at-21.25.17.jpeg\",\"keywords\":[\"ceremonia\",\"gabinete\",\"Gobernador de C\u00f3rdoba\",\"Llaryora\",\"ministros\",\"R\u00edo Cuarto\",\"teatro municipal\"],\"articleSection\":[\"DESTACADAS\"],\"inLanguage\":\"es\"},{\"@type\":\"WebPage\",\"@id\":\"https:\\\/\\\/fmgente.com.ar\\\/web\\\/en-rio-cuarto-llaryora-completo-su-gabinete-de-ministros\\\/\",\"url\":\"https:\\\/\\\/fmgente.com.ar\\\/web\\\/en-rio-cuarto-llaryora-completo-su-gabinete-de-ministros\\\/\",\"name\":\"En R\u00edo Cuarto, Llaryora complet\u00f3 su gabinete de ministros - Fm Gente\",\"isPartOf\":{\"@id\":\"https:\\\/\\\/fmgente.com.ar\\\/web\\\/#website\"},\"primaryImageOfPage\":{\"@id\":\"https:\\\/\\\/fmgente.com.ar\\\/web\\\/en-rio-cuarto-llaryora-completo-su-gabinete-de-ministros\\\/#primaryimage\"},\"image\":{\"@id\":\"https:\\\/\\\/fmgente.com.ar\\\/web\\\/en-rio-cuarto-llaryora-completo-su-gabinete-de-ministros\\\/#primaryimage\"},\"thumbnailUrl\":\"https:\\\/\\\/fmgente.com.ar\\\/web\\\/wp-content\\\/uploads\\\/2023\\\/12\\\/WhatsApp-Image-2023-12-11-at-21.25.17.jpeg\",\"datePublished\":\"2023-12-12T13:51:15+00:00\",\"inLanguage\":\"es\",\"potentialAction\":[{\"@type\":\"ReadAction\",\"target\":[\"https:\\\/\\\/fmgente.com.ar\\\/web\\\/en-rio-cuarto-llaryora-completo-su-gabinete-de-ministros\\\/\"]}]},{\"@type\":\"ImageObject\",\"inLanguage\":\"es\",\"@id\":\"https:\\\/\\\/fmgente.com.ar\\\/web\\\/en-rio-cuarto-llaryora-completo-su-gabinete-de-ministros\\\/#primaryimage\",\"url\":\"https:\\\/\\\/fmgente.com.ar\\\/web\\\/wp-content\\\/uploads\\\/2023\\\/12\\\/WhatsApp-Image-2023-12-11-at-21.25.17.jpeg\",\"contentUrl\":\"https:\\\/\\\/fmgente.com.ar\\\/web\\\/wp-content\\\/uploads\\\/2023\\\/12\\\/WhatsApp-Image-2023-12-11-at-21.25.17.jpeg\",\"width\":1599,\"height\":1066},{\"@type\":\"WebSite\",\"@id\":\"https:\\\/\\\/fmgente.com.ar\\\/web\\\/#website\",\"url\":\"https:\\\/\\\/fmgente.com.ar\\\/web\\\/\",\"name\":\"Fm Gente\",\"description\":\"- Jes\u00fas Mar\u00eda\",\"publisher\":{\"@id\":\"https:\\\/\\\/fmgente.com.ar\\\/web\\\/#organization\"},\"potentialAction\":[{\"@type\":\"SearchAction\",\"target\":{\"@type\":\"EntryPoint\",\"urlTemplate\":\"https:\\\/\\\/fmgente.com.ar\\\/web\\\/?s={search_term_string}\"},\"query-input\":{\"@type\":\"PropertyValueSpecification\",\"valueRequired\":true,\"valueName\":\"search_term_string\"}}],\"inLanguage\":\"es\"},{\"@type\":\"Organization\",\"@id\":\"https:\\\/\\\/fmgente.com.ar\\\/web\\\/#organization\",\"name\":\"Fm Gente\",\"url\":\"https:\\\/\\\/fmgente.com.ar\\\/web\\\/\",\"logo\":{\"@type\":\"ImageObject\",\"inLanguage\":\"es\",\"@id\":\"https:\\\/\\\/fmgente.com.ar\\\/web\\\/#\\\/schema\\\/logo\\\/image\\\/\",\"url\":\"https:\\\/\\\/fmgente.com.ar\\\/web\\\/wp-content\\\/uploads\\\/2023\\\/07\\\/cropped-cropped-logo-sombra2.png\",\"contentUrl\":\"https:\\\/\\\/fmgente.com.ar\\\/web\\\/wp-content\\\/uploads\\\/2023\\\/07\\\/cropped-cropped-logo-sombra2.png\",\"width\":1782,\"height\":1782,\"caption\":\"Fm Gente\"},\"image\":{\"@id\":\"https:\\\/\\\/fmgente.com.ar\\\/web\\\/#\\\/schema\\\/logo\\\/image\\\/\"}},{\"@type\":\"Person\",\"@id\":\"https:\\\/\\\/fmgente.com.ar\\\/web\\\/#\\\/schema\\\/person\\\/ba03fa75c17effdaafbd6daa1d78c508\",\"name\":\"Adri\u00e1n Hern\u00e1ndez\",\"url\":\"https:\\\/\\\/fmgente.com.ar\\\/web\\\/author\\\/c1601891\\\/\"}]}<\/script>\n<!-- \/ Yoast SEO plugin. -->","yoast_head_json":{"title":"En R\u00edo Cuarto, Llaryora complet\u00f3 su gabinete de ministros - Fm Gente","robots":{"index":"index","follow":"follow","max-snippet":"max-snippet:-1","max-image-preview":"max-image-preview:large","max-video-preview":"max-video-preview:-1"},"canonical":"https:\/\/fmgente.com.ar\/web\/en-rio-cuarto-llaryora-completo-su-gabinete-de-ministros\/","og_locale":"es_ES","og_type":"article","og_title":"En R\u00edo Cuarto, Llaryora complet\u00f3 su gabinete de ministros - Fm Gente","og_description":"Durante una ceremonia celebrada este lunes en R\u00edo Cuarto, el gobernador Mart\u00edn Llaryora tom\u00f3 el","og_url":"https:\/\/fmgente.com.ar\/web\/en-rio-cuarto-llaryora-completo-su-gabinete-de-ministros\/","og_site_name":"Fm Gente","article_published_time":"2023-12-12T13:51:15+00:00","og_image":[{"width":1599,"height":1066,"url":"https:\/\/fmgente.com.ar\/web\/wp-content\/uploads\/2023\/12\/WhatsApp-Image-2023-12-11-at-21.25.17.jpeg","type":"image\/jpeg"}],"author":"Adri\u00e1n Hern\u00e1ndez","twitter_card":"summary_large_image","twitter_misc":{"Escrito por":"Adri\u00e1n Hern\u00e1ndez","Tiempo de lectura":"6 minutos"},"schema":{"@context":"https:\/\/schema.org","@graph":[{"@type":"Article","@id":"https:\/\/fmgente.com.ar\/web\/en-rio-cuarto-llaryora-completo-su-gabinete-de-ministros\/#article","isPartOf":{"@id":"https:\/\/fmgente.com.ar\/web\/en-rio-cuarto-llaryora-completo-su-gabinete-de-ministros\/"},"author":{"name":"Adri\u00e1n Hern\u00e1ndez","@id":"https:\/\/fmgente.com.ar\/web\/#\/schema\/person\/ba03fa75c17effdaafbd6daa1d78c508"},"headline":"En R\u00edo Cuarto, Llaryora complet\u00f3 su gabinete de ministros","datePublished":"2023-12-12T13:51:15+00:00","mainEntityOfPage":{"@id":"https:\/\/fmgente.com.ar\/web\/en-rio-cuarto-llaryora-completo-su-gabinete-de-ministros\/"},"wordCount":952,"publisher":{"@id":"https:\/\/fmgente.com.ar\/web\/#organization"},"image":{"@id":"https:\/\/fmgente.com.ar\/web\/en-rio-cuarto-llaryora-completo-su-gabinete-de-ministros\/#primaryimage"},"thumbnailUrl":"https:\/\/fmgente.com.ar\/web\/wp-content\/uploads\/2023\/12\/WhatsApp-Image-2023-12-11-at-21.25.17.jpeg","keywords":["ceremonia","gabinete","Gobernador de C\u00f3rdoba","Llaryora","ministros","R\u00edo Cuarto","teatro municipal"],"articleSection":["DESTACADAS"],"inLanguage":"es"},{"@type":"WebPage","@id":"https:\/\/fmgente.com.ar\/web\/en-rio-cuarto-llaryora-completo-su-gabinete-de-ministros\/","url":"https:\/\/fmgente.com.ar\/web\/en-rio-cuarto-llaryora-completo-su-gabinete-de-ministros\/","name":"En R\u00edo Cuarto, Llaryora complet\u00f3 su gabinete de ministros - Fm Gente","isPartOf":{"@id":"https:\/\/fmgente.com.ar\/web\/#website"},"primaryImageOfPage":{"@id":"https:\/\/fmgente.com.ar\/web\/en-rio-cuarto-llaryora-completo-su-gabinete-de-ministros\/#primaryimage"},"image":{"@id":"https:\/\/fmgente.com.ar\/web\/en-rio-cuarto-llaryora-completo-su-gabinete-de-ministros\/#primaryimage"},"thumbnailUrl":"https:\/\/fmgente.com.ar\/web\/wp-content\/uploads\/2023\/12\/WhatsApp-Image-2023-12-11-at-21.25.17.jpeg","datePublished":"2023-12-12T13:51:15+00:00","inLanguage":"es","potentialAction":[{"@type":"ReadAction","target":["https:\/\/fmgente.com.ar\/web\/en-rio-cuarto-llaryora-completo-su-gabinete-de-ministros\/"]}]},{"@type":"ImageObject","inLanguage":"es","@id":"https:\/\/fmgente.com.ar\/web\/en-rio-cuarto-llaryora-completo-su-gabinete-de-ministros\/#primaryimage","url":"https:\/\/fmgente.com.ar\/web\/wp-content\/uploads\/2023\/12\/WhatsApp-Image-2023-12-11-at-21.25.17.jpeg","contentUrl":"https:\/\/fmgente.com.ar\/web\/wp-content\/uploads\/2023\/12\/WhatsApp-Image-2023-12-11-at-21.25.17.jpeg","width":1599,"height":1066},{"@type":"WebSite","@id":"https:\/\/fmgente.com.ar\/web\/#website","url":"https:\/\/fmgente.com.ar\/web\/","name":"Fm Gente","description":"- Jes\u00fas Mar\u00eda","publisher":{"@id":"https:\/\/fmgente.com.ar\/web\/#organization"},"potentialAction":[{"@type":"SearchAction","target":{"@type":"EntryPoint","urlTemplate":"https:\/\/fmgente.com.ar\/web\/?s={search_term_string}"},"query-input":{"@type":"PropertyValueSpecification","valueRequired":true,"valueName":"search_term_string"}}],"inLanguage":"es"},{"@type":"Organization","@id":"https:\/\/fmgente.com.ar\/web\/#organization","name":"Fm Gente","url":"https:\/\/fmgente.com.ar\/web\/","logo":{"@type":"ImageObject","inLanguage":"es","@id":"https:\/\/fmgente.com.ar\/web\/#\/schema\/logo\/image\/","url":"https:\/\/fmgente.com.ar\/web\/wp-content\/uploads\/2023\/07\/cropped-cropped-logo-sombra2.png","contentUrl":"https:\/\/fmgente.com.ar\/web\/wp-content\/uploads\/2023\/07\/cropped-cropped-logo-sombra2.png","width":1782,"height":1782,"caption":"Fm Gente"},"image":{"@id":"https:\/\/fmgente.com.ar\/web\/#\/schema\/logo\/image\/"}},{"@type":"Person","@id":"https:\/\/fmgente.com.ar\/web\/#\/schema\/person\/ba03fa75c17effdaafbd6daa1d78c508","name":"Adri\u00e1n Hern\u00e1ndez","url":"https:\/\/fmgente.com.ar\/web\/author\/c1601891\/"}]}},"_links":{"self":[{"href":"https:\/\/fmgente.com.ar\/web\/wp-json\/wp\/v2\/posts\/1248","targetHints":{"allow":["GET"]}}],"collection":[{"href":"https:\/\/fmgente.com.ar\/web\/wp-json\/wp\/v2\/posts"}],"about":[{"href":"https:\/\/fmgente.com.ar\/web\/wp-json\/wp\/v2\/types\/post"}],"author":[{"embeddable":true,"href":"https:\/\/fmgente.com.ar\/web\/wp-json\/wp\/v2\/users\/2"}],"replies":[{"embeddable":true,"href":"https:\/\/fmgente.com.ar\/web\/wp-json\/wp\/v2\/comments?post=1248"}],"version-history":[{"count":1,"href":"https:\/\/fmgente.com.ar\/web\/wp-json\/wp\/v2\/posts\/1248\/revisions"}],"predecessor-version":[{"id":1250,"href":"https:\/\/fmgente.com.ar\/web\/wp-json\/wp\/v2\/posts\/1248\/revisions\/1250"}],"wp:featuredmedia":[{"embeddable":true,"href":"https:\/\/fmgente.com.ar\/web\/wp-json\/wp\/v2\/media\/1249"}],"wp:attachment":[{"href":"https:\/\/fmgente.com.ar\/web\/wp-json\/wp\/v2\/media?parent=1248"}],"wp:term":[{"taxonomy":"category","embeddable":true,"href":"https:\/\/fmgente.com.ar\/web\/wp-json\/wp\/v2\/categories?post=1248"},{"taxonomy":"post_tag","embeddable":true,"href":"https:\/\/fmgente.com.ar\/web\/wp-json\/wp\/v2\/tags?post=1248"}],"curies":[{"name":"wp","href":"https:\/\/api.w.org\/{rel}","templated":true}]}}