{"id":1242,"date":"2023-12-12T10:15:57","date_gmt":"2023-12-12T13:15:57","guid":{"rendered":"https:\/\/fmgente.com.ar\/?p=1242"},"modified":"2023-12-12T10:15:57","modified_gmt":"2023-12-12T13:15:57","slug":"en-san-francisco-llaryora-recibio-la-banda-y-el-baston-de-gobernador-por-parte-de-juan-schiaretti","status":"publish","type":"post","link":"https:\/\/fmgente.com.ar\/web\/en-san-francisco-llaryora-recibio-la-banda-y-el-baston-de-gobernador-por-parte-de-juan-schiaretti\/","title":{"rendered":"En San Francisco, Llaryora recibi\u00f3 la banda y el bast\u00f3n de gobernador por parte de Juan Schiaretti"},"content":{"rendered":"<article id=\"post-579578\" class=\"post-579578 post type-post status-publish format-standard has-post-thumbnail hentry category-gobierno category-informacion-general ast-article-single\">\n<div class=\"ast-post-format- single-layout-1\">\n<div class=\"entry-content clear\">\n<p>En un emotivo acto realizado en su ciudad natal, de la que fue dos veces intendente y concejal, Mart\u00edn Llaryora asumi\u00f3 recibi\u00f3 la banda y el bast\u00f3n de gobernador por parte del gobernador saliente, Juan Schiaretti.<\/p>\n<p>En el mismo acto, desarrollado en el Superdomo San Francisco, el flamante mandatario\u00a0<a href=\"https:\/\/prensa.cba.gov.ar\/gobierno\/llaryora-tomo-juramento-a-ministros-de-su-gabinete\/\" target=\"_blank\" rel=\"noreferrer noopener\">tom\u00f3 juramento a ocho ministros y el fiscal de Estado.<\/a><\/p>\n<p>En su discurso, Llaryora destac\u00f3 la figura de Juan Schiaretti como un gestor, que lo ayud\u00f3 en los momentos de dificultades y se comprometi\u00f3 con el desarrollo de todos los cordobeses.<\/p>\n<figure class=\"wp-block-gallery aligncenter has-nested-images columns-default is-cropped wp-block-gallery-1 is-layout-flex wp-block-gallery-is-layout-flex\">\n<figure class=\"wp-block-image size-large\"><a href=\"https:\/\/prensa.cba.gov.ar\/wp-content\/uploads\/2023\/12\/WhatsApp-Image-2023-12-10-at-22.35.55-1.jpeg\"><img loading=\"lazy\" decoding=\"async\" class=\"wp-image-579581\" src=\"https:\/\/prensa.cba.gov.ar\/wp-content\/uploads\/2023\/12\/WhatsApp-Image-2023-12-10-at-22.35.55-1.jpeg\" sizes=\"auto, (max-width: 718px) 100vw, 718px\" srcset=\"https:\/\/prensa.cba.gov.ar\/wp-content\/uploads\/2023\/12\/WhatsApp-Image-2023-12-10-at-22.35.55-1.jpeg 718w, https:\/\/prensa.cba.gov.ar\/wp-content\/uploads\/2023\/12\/WhatsApp-Image-2023-12-10-at-22.35.55-1-300x228.jpeg 300w\" alt=\"\" width=\"718\" height=\"545\" data-id=\"579581\" \/><\/a><\/figure>\n<figure class=\"wp-block-image size-large\"><a href=\"https:\/\/prensa.cba.gov.ar\/wp-content\/uploads\/2023\/12\/WhatsApp-Image-2023-12-10-at-22.35.54.jpeg\"><img loading=\"lazy\" decoding=\"async\" class=\"wp-image-579583\" src=\"https:\/\/prensa.cba.gov.ar\/wp-content\/uploads\/2023\/12\/WhatsApp-Image-2023-12-10-at-22.35.54-1024x751.jpeg\" sizes=\"auto, (max-width: 1024px) 100vw, 1024px\" srcset=\"https:\/\/prensa.cba.gov.ar\/wp-content\/uploads\/2023\/12\/WhatsApp-Image-2023-12-10-at-22.35.54-1024x751.jpeg 1024w, https:\/\/prensa.cba.gov.ar\/wp-content\/uploads\/2023\/12\/WhatsApp-Image-2023-12-10-at-22.35.54-300x220.jpeg 300w, https:\/\/prensa.cba.gov.ar\/wp-content\/uploads\/2023\/12\/WhatsApp-Image-2023-12-10-at-22.35.54-768x564.jpeg 768w, https:\/\/prensa.cba.gov.ar\/wp-content\/uploads\/2023\/12\/WhatsApp-Image-2023-12-10-at-22.35.54.jpeg 1142w\" alt=\"\" width=\"1024\" height=\"751\" data-id=\"579583\" \/><\/a><\/figure>\n<\/figure>\n<p>Y record\u00f3, adem\u00e1s, el apoyo clave que Schiaretti le brind\u00f3 cuando, como intendente de San Francisco, hered\u00f3 una ciudad abandonada y endeudada, situaci\u00f3n que se repiti\u00f3 luego al asumir como intendente de la ciudad de C\u00f3rdoba.<\/p>\n<p><em>\u201cSiento que no soy un gobernador nuevo que va a despedir a un gobernador que se va. Soy un gobernador que nunca te va a despedir. Porque vos para m\u00ed vas a ser siempre un gran amigo. Y espero que sigas al lado m\u00edo aconsej\u00e1ndome y gui\u00e1ndome como en este tiempo\u201d<\/em>, manifest\u00f3 Llaryora.<\/p>\n<p>Luego, ante el p\u00fablico conformado por funcionarios del gobierno provincial, intendentes y vecinos de la ciudad de San Francisco y alrededores, el gobernador Mart\u00edn Llaryora pronunci\u00f3 un emotivo discurso en el que record\u00f3 sus comienzos en aquella ciudad.<\/p>\n<figure class=\"wp-block-gallery has-nested-images columns-default is-cropped wp-block-gallery-2 is-layout-flex wp-block-gallery-is-layout-flex\">\n<figure class=\"wp-block-image size-large\"><a href=\"https:\/\/prensa.cba.gov.ar\/wp-content\/uploads\/2023\/12\/WhatsApp-Image-2023-12-10-at-22.35.55.jpeg\"><img loading=\"lazy\" decoding=\"async\" class=\"wp-image-579582\" src=\"https:\/\/prensa.cba.gov.ar\/wp-content\/uploads\/2023\/12\/WhatsApp-Image-2023-12-10-at-22.35.55-1024x682.jpeg\" sizes=\"auto, (max-width: 1024px) 100vw, 1024px\" srcset=\"https:\/\/prensa.cba.gov.ar\/wp-content\/uploads\/2023\/12\/WhatsApp-Image-2023-12-10-at-22.35.55-1024x682.jpeg 1024w, https:\/\/prensa.cba.gov.ar\/wp-content\/uploads\/2023\/12\/WhatsApp-Image-2023-12-10-at-22.35.55-300x200.jpeg 300w, https:\/\/prensa.cba.gov.ar\/wp-content\/uploads\/2023\/12\/WhatsApp-Image-2023-12-10-at-22.35.55-768x512.jpeg 768w, https:\/\/prensa.cba.gov.ar\/wp-content\/uploads\/2023\/12\/WhatsApp-Image-2023-12-10-at-22.35.55-1536x1023.jpeg 1536w, https:\/\/prensa.cba.gov.ar\/wp-content\/uploads\/2023\/12\/WhatsApp-Image-2023-12-10-at-22.35.55.jpeg 1600w\" alt=\"\" width=\"1024\" height=\"682\" data-id=\"579582\" \/><\/a><\/figure>\n<figure class=\"wp-block-image size-large\"><a href=\"https:\/\/prensa.cba.gov.ar\/wp-content\/uploads\/2023\/12\/WhatsApp-Image-2023-12-10-at-22.35.56.jpeg\"><img loading=\"lazy\" decoding=\"async\" class=\"wp-image-579580\" src=\"https:\/\/prensa.cba.gov.ar\/wp-content\/uploads\/2023\/12\/WhatsApp-Image-2023-12-10-at-22.35.56-1024x910.jpeg\" sizes=\"auto, (max-width: 1024px) 100vw, 1024px\" srcset=\"https:\/\/prensa.cba.gov.ar\/wp-content\/uploads\/2023\/12\/WhatsApp-Image-2023-12-10-at-22.35.56-1024x910.jpeg 1024w, https:\/\/prensa.cba.gov.ar\/wp-content\/uploads\/2023\/12\/WhatsApp-Image-2023-12-10-at-22.35.56-300x267.jpeg 300w, https:\/\/prensa.cba.gov.ar\/wp-content\/uploads\/2023\/12\/WhatsApp-Image-2023-12-10-at-22.35.56-768x682.jpeg 768w, https:\/\/prensa.cba.gov.ar\/wp-content\/uploads\/2023\/12\/WhatsApp-Image-2023-12-10-at-22.35.56.jpeg 1066w\" alt=\"\" width=\"1024\" height=\"910\" data-id=\"579580\" \/><\/a><\/figure>\n<\/figure>\n<p><em>\u201cQuer\u00eda compartir este momento con mi casa, con mi casa grande, que es San Francisco. En mi casa siempre se ense\u00f1\u00f3 a ser buen tipo, buena persona. Y para ser buena persona, uno tiene que ser primero agradecido. Ten\u00e9s que ser agradecido, no pod\u00e9s ser buena persona si no sos agradecido\u201d<\/em>, pronunci\u00f3 Llaryora.<\/p>\n<p>Luego, rememor\u00f3 su paso como intendente de la ciudad de San Francisco:\u00a0<em>\u201cEn un momento tambi\u00e9n de crisis, como me toc\u00f3 tambi\u00e9n en la ciudad de C\u00f3rdoba, tuvimos que tomar medidas dif\u00edciles y fueron siempre complejas. Dif\u00edciles no s\u00f3lo son las medidas, tambi\u00e9n en lo personal quiero que sepan que cuando uno toma esas medidas, no las toma alegremente, pero las toma convencido\u201d<\/em>, afirm\u00f3 el mandatario provincial.<\/p>\n<p>En consonancia con el discurso pronunciado esta ma\u00f1ana en la legislatura provincial, Llaryora volvi\u00f3 a destacar el rol del Estado para impulsar el desarrollo regional a trav\u00e9s de inversiones en infraestructura.<\/p>\n<p><em>\u201cVoy a continuar, m\u00e1s all\u00e1 de esta crisis, con las obras que inici\u00f3 nuestro querido gobernador Juan Schiaretti. Y voy a hacer lo posible y lo imposible para que, en conjunto con las cooperativas y las mutuales, podamos seguir haciendo obras en cada uno de nuestros pueblos, en cada uno de los rincones de nuestra querida provincia\u201d.<\/em><\/p>\n<p>Finalmente, Llaryora convoc\u00f3 al pueblo de C\u00f3rdoba a trabajar unido para enfrentar los tiempos dif\u00edciles que afectan al pa\u00eds.<\/p>\n<p><em>\u201cArgentina tiene un futuro mejor, de eso estoy convencido. Como les dije antes, me toc\u00f3 campear otras crisis, en San Francisco y en C\u00f3rdoba. Ahora s\u00e9 que de nuevo en la provincia me toca otro desaf\u00edo. Tengan la confianza, tengan la certeza que voy a ser el mismo Mart\u00edn de siempre. Y que voy a tomar las decisiones que haya que tomar, sean complejas o dif\u00edciles, pero entendiendo siempre que van a ser en beneficio de nuestros pueblos. Solo les pido a Dios que nos libere las piedras que se interpongan en nuestro camino. Y nos haga fuerte y nos ilumine para construir una C\u00f3rdoba que no pare\u201d<\/em>, agreg\u00f3 el mandatario.<\/p>\n<p>&nbsp;<\/p>\n<p><iframe loading=\"lazy\" title=\"YouTube video player\" src=\"https:\/\/www.youtube.com\/embed\/i7S9xQDjAck?si=-1bclgYx06MEyd95\" width=\"560\" height=\"315\" frameborder=\"0\" allowfullscreen=\"allowfullscreen\" data-mce-fragment=\"1\"><\/iframe><\/p>\n<\/div>\n<\/div>\n<\/article>\n<p><script async src=\"https:\/\/pagead2.googlesyndication.com\/pagead\/js\/adsbygoogle.js?client=ca-pub-6190387823963118\" crossorigin=\"anonymous\"><\/script><br \/>\n<!-- publi horizontal --><br \/>\n<ins class=\"adsbygoogle\" style=\"display: block;\" data-ad-client=\"ca-pub-6190387823963118\" data-ad-slot=\"1318105772\" data-ad-format=\"auto\" data-full-width-responsive=\"true\"><\/ins><br \/>\n<script>\n     (adsbygoogle = window.adsbygoogle || []).push({});\n<\/script><\/p>\n","protected":false},"excerpt":{"rendered":"<p>En un emotivo acto realizado en su ciudad natal, de la que fue dos veces<\/p>\n","protected":false},"author":2,"featured_media":1243,"comment_status":"closed","ping_status":"closed","sticky":false,"template":"","format":"video","meta":{"footnotes":""},"categories":[11],"tags":[1111,1050,1076,47,264],"class_list":["post-1242","post","type-post","status-publish","format-video","has-post-thumbnail","hentry","category-destacadas","tag-banda-y-bason","tag-gobernador-de-cordoba","tag-juan-schiaretti","tag-llaryora","tag-san-francisco","post_format-post-format-video"],"yoast_head":"<!-- This site is optimized with the Yoast SEO plugin v27.4 - https:\/\/yoast.com\/product\/yoast-seo-wordpress\/ -->\n<title>En San Francisco, Llaryora recibi\u00f3 la banda y el bast\u00f3n de gobernador por parte de Juan Schiaretti - Fm Gente<\/title>\n<meta name=\"robots\" content=\"index, follow, max-snippet:-1, max-image-preview:large, max-video-preview:-1\" \/>\n<link rel=\"canonical\" href=\"https:\/\/fmgente.com.ar\/web\/en-san-francisco-llaryora-recibio-la-banda-y-el-baston-de-gobernador-por-parte-de-juan-schiaretti\/\" \/>\n<meta property=\"og:locale\" content=\"es_ES\" \/>\n<meta property=\"og:type\" content=\"article\" \/>\n<meta property=\"og:title\" content=\"En San Francisco, Llaryora recibi\u00f3 la banda y el bast\u00f3n de gobernador por parte de Juan Schiaretti - Fm Gente\" \/>\n<meta property=\"og:description\" content=\"En un emotivo acto realizado en su ciudad natal, de la que fue dos veces\" \/>\n<meta property=\"og:url\" content=\"https:\/\/fmgente.com.ar\/web\/en-san-francisco-llaryora-recibio-la-banda-y-el-baston-de-gobernador-por-parte-de-juan-schiaretti\/\" \/>\n<meta property=\"og:site_name\" content=\"Fm Gente\" \/>\n<meta property=\"article:published_time\" content=\"2023-12-12T13:15:57+00:00\" \/>\n<meta property=\"og:image\" content=\"https:\/\/fmgente.com.ar\/web\/wp-content\/uploads\/2023\/12\/mandos-ok.jpg\" \/>\n\t<meta property=\"og:image:width\" content=\"993\" \/>\n\t<meta property=\"og:image:height\" content=\"792\" \/>\n\t<meta property=\"og:image:type\" content=\"image\/jpeg\" \/>\n<meta name=\"author\" content=\"Adri\u00e1n Hern\u00e1ndez\" \/>\n<meta name=\"twitter:card\" content=\"summary_large_image\" \/>\n<meta name=\"twitter:label1\" content=\"Escrito por\" \/>\n\t<meta name=\"twitter:data1\" content=\"Adri\u00e1n Hern\u00e1ndez\" \/>\n\t<meta name=\"twitter:label2\" content=\"Tiempo de lectura\" \/>\n\t<meta name=\"twitter:data2\" content=\"4 minutos\" \/>\n<script type=\"application\/ld+json\" class=\"yoast-schema-graph\">{\"@context\":\"https:\\\/\\\/schema.org\",\"@graph\":[{\"@type\":\"Article\",\"@id\":\"https:\\\/\\\/fmgente.com.ar\\\/web\\\/en-san-francisco-llaryora-recibio-la-banda-y-el-baston-de-gobernador-por-parte-de-juan-schiaretti\\\/#article\",\"isPartOf\":{\"@id\":\"https:\\\/\\\/fmgente.com.ar\\\/web\\\/en-san-francisco-llaryora-recibio-la-banda-y-el-baston-de-gobernador-por-parte-de-juan-schiaretti\\\/\"},\"author\":{\"name\":\"Adri\u00e1n Hern\u00e1ndez\",\"@id\":\"https:\\\/\\\/fmgente.com.ar\\\/web\\\/#\\\/schema\\\/person\\\/ba03fa75c17effdaafbd6daa1d78c508\"},\"headline\":\"En San Francisco, Llaryora recibi\u00f3 la banda y el bast\u00f3n de gobernador por parte de Juan Schiaretti\",\"datePublished\":\"2023-12-12T13:15:57+00:00\",\"mainEntityOfPage\":{\"@id\":\"https:\\\/\\\/fmgente.com.ar\\\/web\\\/en-san-francisco-llaryora-recibio-la-banda-y-el-baston-de-gobernador-por-parte-de-juan-schiaretti\\\/\"},\"wordCount\":605,\"publisher\":{\"@id\":\"https:\\\/\\\/fmgente.com.ar\\\/web\\\/#organization\"},\"image\":{\"@id\":\"https:\\\/\\\/fmgente.com.ar\\\/web\\\/en-san-francisco-llaryora-recibio-la-banda-y-el-baston-de-gobernador-por-parte-de-juan-schiaretti\\\/#primaryimage\"},\"thumbnailUrl\":\"https:\\\/\\\/fmgente.com.ar\\\/web\\\/wp-content\\\/uploads\\\/2023\\\/12\\\/mandos-ok.jpg\",\"keywords\":[\"banda y bas\u00f3n\",\"Gobernador de C\u00f3rdoba\",\"Juan Schiaretti\",\"Llaryora\",\"San Francisco\"],\"articleSection\":[\"DESTACADAS\"],\"inLanguage\":\"es\"},{\"@type\":\"WebPage\",\"@id\":\"https:\\\/\\\/fmgente.com.ar\\\/web\\\/en-san-francisco-llaryora-recibio-la-banda-y-el-baston-de-gobernador-por-parte-de-juan-schiaretti\\\/\",\"url\":\"https:\\\/\\\/fmgente.com.ar\\\/web\\\/en-san-francisco-llaryora-recibio-la-banda-y-el-baston-de-gobernador-por-parte-de-juan-schiaretti\\\/\",\"name\":\"En San Francisco, Llaryora recibi\u00f3 la banda y el bast\u00f3n de gobernador por parte de Juan Schiaretti - Fm Gente\",\"isPartOf\":{\"@id\":\"https:\\\/\\\/fmgente.com.ar\\\/web\\\/#website\"},\"primaryImageOfPage\":{\"@id\":\"https:\\\/\\\/fmgente.com.ar\\\/web\\\/en-san-francisco-llaryora-recibio-la-banda-y-el-baston-de-gobernador-por-parte-de-juan-schiaretti\\\/#primaryimage\"},\"image\":{\"@id\":\"https:\\\/\\\/fmgente.com.ar\\\/web\\\/en-san-francisco-llaryora-recibio-la-banda-y-el-baston-de-gobernador-por-parte-de-juan-schiaretti\\\/#primaryimage\"},\"thumbnailUrl\":\"https:\\\/\\\/fmgente.com.ar\\\/web\\\/wp-content\\\/uploads\\\/2023\\\/12\\\/mandos-ok.jpg\",\"datePublished\":\"2023-12-12T13:15:57+00:00\",\"inLanguage\":\"es\",\"potentialAction\":[{\"@type\":\"ReadAction\",\"target\":[\"https:\\\/\\\/fmgente.com.ar\\\/web\\\/en-san-francisco-llaryora-recibio-la-banda-y-el-baston-de-gobernador-por-parte-de-juan-schiaretti\\\/\"]}]},{\"@type\":\"ImageObject\",\"inLanguage\":\"es\",\"@id\":\"https:\\\/\\\/fmgente.com.ar\\\/web\\\/en-san-francisco-llaryora-recibio-la-banda-y-el-baston-de-gobernador-por-parte-de-juan-schiaretti\\\/#primaryimage\",\"url\":\"https:\\\/\\\/fmgente.com.ar\\\/web\\\/wp-content\\\/uploads\\\/2023\\\/12\\\/mandos-ok.jpg\",\"contentUrl\":\"https:\\\/\\\/fmgente.com.ar\\\/web\\\/wp-content\\\/uploads\\\/2023\\\/12\\\/mandos-ok.jpg\",\"width\":993,\"height\":792},{\"@type\":\"WebSite\",\"@id\":\"https:\\\/\\\/fmgente.com.ar\\\/web\\\/#website\",\"url\":\"https:\\\/\\\/fmgente.com.ar\\\/web\\\/\",\"name\":\"Fm Gente\",\"description\":\"- Jes\u00fas Mar\u00eda\",\"publisher\":{\"@id\":\"https:\\\/\\\/fmgente.com.ar\\\/web\\\/#organization\"},\"potentialAction\":[{\"@type\":\"SearchAction\",\"target\":{\"@type\":\"EntryPoint\",\"urlTemplate\":\"https:\\\/\\\/fmgente.com.ar\\\/web\\\/?s={search_term_string}\"},\"query-input\":{\"@type\":\"PropertyValueSpecification\",\"valueRequired\":true,\"valueName\":\"search_term_string\"}}],\"inLanguage\":\"es\"},{\"@type\":\"Organization\",\"@id\":\"https:\\\/\\\/fmgente.com.ar\\\/web\\\/#organization\",\"name\":\"Fm Gente\",\"url\":\"https:\\\/\\\/fmgente.com.ar\\\/web\\\/\",\"logo\":{\"@type\":\"ImageObject\",\"inLanguage\":\"es\",\"@id\":\"https:\\\/\\\/fmgente.com.ar\\\/web\\\/#\\\/schema\\\/logo\\\/image\\\/\",\"url\":\"https:\\\/\\\/fmgente.com.ar\\\/web\\\/wp-content\\\/uploads\\\/2023\\\/07\\\/cropped-cropped-logo-sombra2.png\",\"contentUrl\":\"https:\\\/\\\/fmgente.com.ar\\\/web\\\/wp-content\\\/uploads\\\/2023\\\/07\\\/cropped-cropped-logo-sombra2.png\",\"width\":1782,\"height\":1782,\"caption\":\"Fm Gente\"},\"image\":{\"@id\":\"https:\\\/\\\/fmgente.com.ar\\\/web\\\/#\\\/schema\\\/logo\\\/image\\\/\"}},{\"@type\":\"Person\",\"@id\":\"https:\\\/\\\/fmgente.com.ar\\\/web\\\/#\\\/schema\\\/person\\\/ba03fa75c17effdaafbd6daa1d78c508\",\"name\":\"Adri\u00e1n Hern\u00e1ndez\",\"url\":\"https:\\\/\\\/fmgente.com.ar\\\/web\\\/author\\\/c1601891\\\/\"}]}<\/script>\n<!-- \/ Yoast SEO plugin. -->","yoast_head_json":{"title":"En San Francisco, Llaryora recibi\u00f3 la banda y el bast\u00f3n de gobernador por parte de Juan Schiaretti - Fm Gente","robots":{"index":"index","follow":"follow","max-snippet":"max-snippet:-1","max-image-preview":"max-image-preview:large","max-video-preview":"max-video-preview:-1"},"canonical":"https:\/\/fmgente.com.ar\/web\/en-san-francisco-llaryora-recibio-la-banda-y-el-baston-de-gobernador-por-parte-de-juan-schiaretti\/","og_locale":"es_ES","og_type":"article","og_title":"En San Francisco, Llaryora recibi\u00f3 la banda y el bast\u00f3n de gobernador por parte de Juan Schiaretti - Fm Gente","og_description":"En un emotivo acto realizado en su ciudad natal, de la que fue dos veces","og_url":"https:\/\/fmgente.com.ar\/web\/en-san-francisco-llaryora-recibio-la-banda-y-el-baston-de-gobernador-por-parte-de-juan-schiaretti\/","og_site_name":"Fm Gente","article_published_time":"2023-12-12T13:15:57+00:00","og_image":[{"width":993,"height":792,"url":"https:\/\/fmgente.com.ar\/web\/wp-content\/uploads\/2023\/12\/mandos-ok.jpg","type":"image\/jpeg"}],"author":"Adri\u00e1n Hern\u00e1ndez","twitter_card":"summary_large_image","twitter_misc":{"Escrito por":"Adri\u00e1n Hern\u00e1ndez","Tiempo de lectura":"4 minutos"},"schema":{"@context":"https:\/\/schema.org","@graph":[{"@type":"Article","@id":"https:\/\/fmgente.com.ar\/web\/en-san-francisco-llaryora-recibio-la-banda-y-el-baston-de-gobernador-por-parte-de-juan-schiaretti\/#article","isPartOf":{"@id":"https:\/\/fmgente.com.ar\/web\/en-san-francisco-llaryora-recibio-la-banda-y-el-baston-de-gobernador-por-parte-de-juan-schiaretti\/"},"author":{"name":"Adri\u00e1n Hern\u00e1ndez","@id":"https:\/\/fmgente.com.ar\/web\/#\/schema\/person\/ba03fa75c17effdaafbd6daa1d78c508"},"headline":"En San Francisco, Llaryora recibi\u00f3 la banda y el bast\u00f3n de gobernador por parte de Juan Schiaretti","datePublished":"2023-12-12T13:15:57+00:00","mainEntityOfPage":{"@id":"https:\/\/fmgente.com.ar\/web\/en-san-francisco-llaryora-recibio-la-banda-y-el-baston-de-gobernador-por-parte-de-juan-schiaretti\/"},"wordCount":605,"publisher":{"@id":"https:\/\/fmgente.com.ar\/web\/#organization"},"image":{"@id":"https:\/\/fmgente.com.ar\/web\/en-san-francisco-llaryora-recibio-la-banda-y-el-baston-de-gobernador-por-parte-de-juan-schiaretti\/#primaryimage"},"thumbnailUrl":"https:\/\/fmgente.com.ar\/web\/wp-content\/uploads\/2023\/12\/mandos-ok.jpg","keywords":["banda y bas\u00f3n","Gobernador de C\u00f3rdoba","Juan Schiaretti","Llaryora","San Francisco"],"articleSection":["DESTACADAS"],"inLanguage":"es"},{"@type":"WebPage","@id":"https:\/\/fmgente.com.ar\/web\/en-san-francisco-llaryora-recibio-la-banda-y-el-baston-de-gobernador-por-parte-de-juan-schiaretti\/","url":"https:\/\/fmgente.com.ar\/web\/en-san-francisco-llaryora-recibio-la-banda-y-el-baston-de-gobernador-por-parte-de-juan-schiaretti\/","name":"En San Francisco, Llaryora recibi\u00f3 la banda y el bast\u00f3n de gobernador por parte de Juan Schiaretti - Fm Gente","isPartOf":{"@id":"https:\/\/fmgente.com.ar\/web\/#website"},"primaryImageOfPage":{"@id":"https:\/\/fmgente.com.ar\/web\/en-san-francisco-llaryora-recibio-la-banda-y-el-baston-de-gobernador-por-parte-de-juan-schiaretti\/#primaryimage"},"image":{"@id":"https:\/\/fmgente.com.ar\/web\/en-san-francisco-llaryora-recibio-la-banda-y-el-baston-de-gobernador-por-parte-de-juan-schiaretti\/#primaryimage"},"thumbnailUrl":"https:\/\/fmgente.com.ar\/web\/wp-content\/uploads\/2023\/12\/mandos-ok.jpg","datePublished":"2023-12-12T13:15:57+00:00","inLanguage":"es","potentialAction":[{"@type":"ReadAction","target":["https:\/\/fmgente.com.ar\/web\/en-san-francisco-llaryora-recibio-la-banda-y-el-baston-de-gobernador-por-parte-de-juan-schiaretti\/"]}]},{"@type":"ImageObject","inLanguage":"es","@id":"https:\/\/fmgente.com.ar\/web\/en-san-francisco-llaryora-recibio-la-banda-y-el-baston-de-gobernador-por-parte-de-juan-schiaretti\/#primaryimage","url":"https:\/\/fmgente.com.ar\/web\/wp-content\/uploads\/2023\/12\/mandos-ok.jpg","contentUrl":"https:\/\/fmgente.com.ar\/web\/wp-content\/uploads\/2023\/12\/mandos-ok.jpg","width":993,"height":792},{"@type":"WebSite","@id":"https:\/\/fmgente.com.ar\/web\/#website","url":"https:\/\/fmgente.com.ar\/web\/","name":"Fm Gente","description":"- Jes\u00fas Mar\u00eda","publisher":{"@id":"https:\/\/fmgente.com.ar\/web\/#organization"},"potentialAction":[{"@type":"SearchAction","target":{"@type":"EntryPoint","urlTemplate":"https:\/\/fmgente.com.ar\/web\/?s={search_term_string}"},"query-input":{"@type":"PropertyValueSpecification","valueRequired":true,"valueName":"search_term_string"}}],"inLanguage":"es"},{"@type":"Organization","@id":"https:\/\/fmgente.com.ar\/web\/#organization","name":"Fm Gente","url":"https:\/\/fmgente.com.ar\/web\/","logo":{"@type":"ImageObject","inLanguage":"es","@id":"https:\/\/fmgente.com.ar\/web\/#\/schema\/logo\/image\/","url":"https:\/\/fmgente.com.ar\/web\/wp-content\/uploads\/2023\/07\/cropped-cropped-logo-sombra2.png","contentUrl":"https:\/\/fmgente.com.ar\/web\/wp-content\/uploads\/2023\/07\/cropped-cropped-logo-sombra2.png","width":1782,"height":1782,"caption":"Fm Gente"},"image":{"@id":"https:\/\/fmgente.com.ar\/web\/#\/schema\/logo\/image\/"}},{"@type":"Person","@id":"https:\/\/fmgente.com.ar\/web\/#\/schema\/person\/ba03fa75c17effdaafbd6daa1d78c508","name":"Adri\u00e1n Hern\u00e1ndez","url":"https:\/\/fmgente.com.ar\/web\/author\/c1601891\/"}]}},"_links":{"self":[{"href":"https:\/\/fmgente.com.ar\/web\/wp-json\/wp\/v2\/posts\/1242","targetHints":{"allow":["GET"]}}],"collection":[{"href":"https:\/\/fmgente.com.ar\/web\/wp-json\/wp\/v2\/posts"}],"about":[{"href":"https:\/\/fmgente.com.ar\/web\/wp-json\/wp\/v2\/types\/post"}],"author":[{"embeddable":true,"href":"https:\/\/fmgente.com.ar\/web\/wp-json\/wp\/v2\/users\/2"}],"replies":[{"embeddable":true,"href":"https:\/\/fmgente.com.ar\/web\/wp-json\/wp\/v2\/comments?post=1242"}],"version-history":[{"count":1,"href":"https:\/\/fmgente.com.ar\/web\/wp-json\/wp\/v2\/posts\/1242\/revisions"}],"predecessor-version":[{"id":1244,"href":"https:\/\/fmgente.com.ar\/web\/wp-json\/wp\/v2\/posts\/1242\/revisions\/1244"}],"wp:featuredmedia":[{"embeddable":true,"href":"https:\/\/fmgente.com.ar\/web\/wp-json\/wp\/v2\/media\/1243"}],"wp:attachment":[{"href":"https:\/\/fmgente.com.ar\/web\/wp-json\/wp\/v2\/media?parent=1242"}],"wp:term":[{"taxonomy":"category","embeddable":true,"href":"https:\/\/fmgente.com.ar\/web\/wp-json\/wp\/v2\/categories?post=1242"},{"taxonomy":"post_tag","embeddable":true,"href":"https:\/\/fmgente.com.ar\/web\/wp-json\/wp\/v2\/tags?post=1242"}],"curies":[{"name":"wp","href":"https:\/\/api.w.org\/{rel}","templated":true}]}}