{"id":1239,"date":"2023-12-12T07:22:48","date_gmt":"2023-12-12T10:22:48","guid":{"rendered":"https:\/\/fmgente.com.ar\/?p=1239"},"modified":"2023-12-12T07:22:48","modified_gmt":"2023-12-12T10:22:48","slug":"llaryora-tomo-juramento-a-ministros-de-su-gabinete","status":"publish","type":"post","link":"https:\/\/fmgente.com.ar\/web\/llaryora-tomo-juramento-a-ministros-de-su-gabinete\/","title":{"rendered":"Llaryora tom\u00f3 juramento a ministros de su gabinete"},"content":{"rendered":"<article id=\"post-579554\" class=\"post-579554 post type-post status-publish format-standard has-post-thumbnail hentry category-gobierno category-informacion-general ast-article-single\">\n<div class=\"ast-post-format- single-layout-1\">\n<div class=\"entry-content clear\">\n<p>Luego de recibir los atributos por parte de Juan Schiaretti, el flamante gobernador Mart\u00edn Llaryora tom\u00f3 juramento a ocho ministros y al fiscal de Estado que formar\u00e1n parte de su gabinete provincial.<\/p>\n<p>Se trata de los ministros de Gobierno, Manuel Calvo; Desarrollo Humano, Liliana Montero; Justicia y Trabajo, Juli\u00e1n L\u00f3pez; Educaci\u00f3n, Horacio Ferreyra; Econom\u00eda y Gesti\u00f3n P\u00fablica, Guillermo Acosta; Seguridad, Juan Pablo Quinteros; Producci\u00f3n, Ciencia e Innovaci\u00f3n Tecnol\u00f3gica Pedro Dellarossa; Vinculaci\u00f3n Comunitaria, Daniel Pastore y el fiscal de Estado, Jorge C\u00f3rdoba.<\/p>\n<p>Ma\u00f1ana lunes, en la ciudad de R\u00edo Cuarto, Llaryora tomar\u00e1 juramento a los restantes miembros de su gabinete de ministros. El acto se desarrollar\u00e1 desde las 19 horas en la Sala Mayor del Teatro Municipal.<\/p>\n<figure class=\"wp-block-image aligncenter size-large is-resized\"><img loading=\"lazy\" decoding=\"async\" class=\"wp-image-579564\" src=\"https:\/\/prensa.cba.gov.ar\/wp-content\/uploads\/2023\/12\/WhatsApp-Image-2023-12-10-at-22.25.03-1024x682.jpeg\" sizes=\"auto, (max-width: 1024px) 100vw, 1024px\" srcset=\"https:\/\/prensa.cba.gov.ar\/wp-content\/uploads\/2023\/12\/WhatsApp-Image-2023-12-10-at-22.25.03-1024x682.jpeg 1024w, https:\/\/prensa.cba.gov.ar\/wp-content\/uploads\/2023\/12\/WhatsApp-Image-2023-12-10-at-22.25.03-300x200.jpeg 300w, https:\/\/prensa.cba.gov.ar\/wp-content\/uploads\/2023\/12\/WhatsApp-Image-2023-12-10-at-22.25.03-768x512.jpeg 768w, https:\/\/prensa.cba.gov.ar\/wp-content\/uploads\/2023\/12\/WhatsApp-Image-2023-12-10-at-22.25.03-1536x1023.jpeg 1536w, https:\/\/prensa.cba.gov.ar\/wp-content\/uploads\/2023\/12\/WhatsApp-Image-2023-12-10-at-22.25.03.jpeg 1600w\" alt=\"\" width=\"1024\" height=\"682\" \/><\/figure>\n<p>&nbsp;<\/p>\n<h3 class=\"wp-block-heading\"><strong>Curr\u00edculums abreviados y resumen de trayectorias<\/strong>:<\/h3>\n<h4 class=\"wp-block-heading\">Manuel Calvo \u2013 Gobierno<\/h4>\n<p>Contador p\u00fablico egresado de la Universidad Blas Pascal de C\u00f3rdoba.<\/p>\n<p>Fue vicegobernador de la Provincia de C\u00f3rdoba en el per\u00edodo 2019-2023.<\/p>\n<p>Comenz\u00f3 su recorrido en la Administraci\u00f3n P\u00fablica en 2002. A lo largo de su trayectoria fue ministro de Agua, Ambiente y Energ\u00eda, ministro de Gesti\u00f3n P\u00fablica, ministro de Infraestructura, legislador provincial en dos per\u00edodos y secretario de Estado de Comunicaciones y Conectividad.<\/p>\n<h4 class=\"wp-block-heading\">Liliana Montero \u2013 Desarrollo Humano<\/h4>\n<p>Licenciada en Psicolog\u00eda, egresada de la Universidad Nacional de C\u00f3rdoba, especialista en psicolog\u00eda cl\u00ednica con foco en la violencia hacia las infancias.<\/p>\n<p>En la Municipalidad de C\u00f3rdoba se desenvolvi\u00f3 primero como subsecretaria de Planificaci\u00f3n y Gesti\u00f3n para una Ciudad Inclusiva de la Secretar\u00eda de Pol\u00edticas Sociales y posteriormente como secretaria de Prevenci\u00f3n y Atenci\u00f3n en Salud Comunitaria.<\/p>\n<p>Adem\u00e1s, fue legisladora Provincial (2011-2015\/2015-2019), Co-Presidenta de la Asamblea Permanente por los Derechos Humanos.<\/p>\n<figure class=\"wp-block-image aligncenter size-large is-resized\"><img loading=\"lazy\" decoding=\"async\" class=\"wp-image-579556\" src=\"https:\/\/prensa.cba.gov.ar\/wp-content\/uploads\/2023\/12\/WhatsApp-Image-2023-12-10-at-22.25.04-1-1024x682.jpeg\" sizes=\"auto, (max-width: 1024px) 100vw, 1024px\" srcset=\"https:\/\/prensa.cba.gov.ar\/wp-content\/uploads\/2023\/12\/WhatsApp-Image-2023-12-10-at-22.25.04-1-1024x682.jpeg 1024w, https:\/\/prensa.cba.gov.ar\/wp-content\/uploads\/2023\/12\/WhatsApp-Image-2023-12-10-at-22.25.04-1-300x200.jpeg 300w, https:\/\/prensa.cba.gov.ar\/wp-content\/uploads\/2023\/12\/WhatsApp-Image-2023-12-10-at-22.25.04-1-768x512.jpeg 768w, https:\/\/prensa.cba.gov.ar\/wp-content\/uploads\/2023\/12\/WhatsApp-Image-2023-12-10-at-22.25.04-1-1536x1023.jpeg 1536w, https:\/\/prensa.cba.gov.ar\/wp-content\/uploads\/2023\/12\/WhatsApp-Image-2023-12-10-at-22.25.04-1.jpeg 1600w\" alt=\"\" width=\"1024\" height=\"682\" \/><\/figure>\n<p>&nbsp;<\/p>\n<h4 class=\"wp-block-heading\">Juli\u00e1n L\u00f3pez \u2013 Justicia y Trabajo<\/h4>\n<p>Abogado, egresado de la Facultad de Derecho y Ciencias Sociales Universidad Nacional de C\u00f3rdoba.<\/p>\n<p>En el \u00e1mbito provincial se desempe\u00f1\u00f3 como ministro de Agricultura, Ganader\u00eda y Alimentos (2013-2015), Legislador Provincial (2015-2019), ministro de Justicia y Derechos Humanos (2019-2022) y ministro de Gobierno y Seguridad (2022-2023).<\/p>\n<p>Adem\u00e1s, fue concejal de la localidad de Melo (2002-2005) y dos veces intendente (2007-2011 y 2011-2013) de la misma localidad.<\/p>\n<figure class=\"wp-block-image aligncenter size-large is-resized\"><img loading=\"lazy\" decoding=\"async\" class=\"wp-image-579559\" src=\"https:\/\/prensa.cba.gov.ar\/wp-content\/uploads\/2023\/12\/WhatsApp-Image-2023-12-10-at-22.25.04-2-1024x682.jpeg\" sizes=\"auto, (max-width: 1024px) 100vw, 1024px\" srcset=\"https:\/\/prensa.cba.gov.ar\/wp-content\/uploads\/2023\/12\/WhatsApp-Image-2023-12-10-at-22.25.04-2-1024x682.jpeg 1024w, https:\/\/prensa.cba.gov.ar\/wp-content\/uploads\/2023\/12\/WhatsApp-Image-2023-12-10-at-22.25.04-2-300x200.jpeg 300w, https:\/\/prensa.cba.gov.ar\/wp-content\/uploads\/2023\/12\/WhatsApp-Image-2023-12-10-at-22.25.04-2-768x512.jpeg 768w, https:\/\/prensa.cba.gov.ar\/wp-content\/uploads\/2023\/12\/WhatsApp-Image-2023-12-10-at-22.25.04-2-1536x1023.jpeg 1536w, https:\/\/prensa.cba.gov.ar\/wp-content\/uploads\/2023\/12\/WhatsApp-Image-2023-12-10-at-22.25.04-2.jpeg 1600w\" alt=\"\" width=\"1024\" height=\"682\" \/><\/figure>\n<p>&nbsp;<\/p>\n<h4 class=\"wp-block-heading\">Horacio Ferreyra \u2013 Educaci\u00f3n<\/h4>\n<p>Doctor en Educaci\u00f3n y Licenciado en Ciencias de la Educaci\u00f3n con Especialidad en Planeamiento, Organizaci\u00f3n y Supervisi\u00f3n.<\/p>\n<p>Se desempe\u00f1\u00f3 como secretario de Educaci\u00f3n de la Municipalidad de la Ciudad de C\u00f3rdoba (2019-2023).<\/p>\n<p>Tambi\u00e9n cumpli\u00f3 funciones como secretario de Cultura, Educaci\u00f3n, Deporte y Bienestar Social y de Gobierno y Hacienda en la Municipalidad de Balnearia (1988-1994); director de Educaci\u00f3n Media y Superior (1999- 2001), jefe de equipo de Proyectos Educaci\u00f3n (BID-C\u00f3rdoba) (2002-2004) y Subsecretario de Promoci\u00f3n de Igualdad y Calidad Educativas (2008-2019) y Analista Mayor de Planeamiento en el Ministerio de Educaci\u00f3n C\u00f3rdoba.<\/p>\n<figure class=\"wp-block-image aligncenter size-large is-resized\"><img loading=\"lazy\" decoding=\"async\" class=\"wp-image-579560\" src=\"https:\/\/prensa.cba.gov.ar\/wp-content\/uploads\/2023\/12\/WhatsApp-Image-2023-12-10-at-22.25.03-4-1024x682.jpeg\" sizes=\"auto, (max-width: 1024px) 100vw, 1024px\" srcset=\"https:\/\/prensa.cba.gov.ar\/wp-content\/uploads\/2023\/12\/WhatsApp-Image-2023-12-10-at-22.25.03-4-1024x682.jpeg 1024w, https:\/\/prensa.cba.gov.ar\/wp-content\/uploads\/2023\/12\/WhatsApp-Image-2023-12-10-at-22.25.03-4-300x200.jpeg 300w, https:\/\/prensa.cba.gov.ar\/wp-content\/uploads\/2023\/12\/WhatsApp-Image-2023-12-10-at-22.25.03-4-768x512.jpeg 768w, https:\/\/prensa.cba.gov.ar\/wp-content\/uploads\/2023\/12\/WhatsApp-Image-2023-12-10-at-22.25.03-4-1536x1023.jpeg 1536w, https:\/\/prensa.cba.gov.ar\/wp-content\/uploads\/2023\/12\/WhatsApp-Image-2023-12-10-at-22.25.03-4.jpeg 1600w\" alt=\"\" width=\"1024\" height=\"682\" \/><\/figure>\n<p>&nbsp;<\/p>\n<h4 class=\"wp-block-heading\">Guillermo Acosta -Econom\u00eda y Gesti\u00f3n P\u00fablica<\/h4>\n<p>Licenciado en Econom\u00eda por la Universidad Nacional de C\u00f3rdoba.<\/p>\n<p>Fue secretario de Econom\u00eda y Finanzas de la Municipalidad de C\u00f3rdoba en el per\u00edodo 2019-2023.<\/p>\n<p>Realiz\u00f3 sus primeros pasos profesionales en el Instituto de Investigaciones Econ\u00f3micas de la Bolsa de Comercio de C\u00f3rdoba hasta convertirse en su Director. En 2013 fue convocado para ser secretario de Industria y luego ministro de Industria, Comercio, Miner\u00eda y Desarrollo Cient\u00edfico Tecnol\u00f3gico de la Provincia de C\u00f3rdoba. Ya en el Ministerio de Producci\u00f3n de la Naci\u00f3n se desempe\u00f1\u00f3 como Subsecretario de Articulaci\u00f3n Federal y Sectorial y luego como director nacional de Modernizaci\u00f3n Productiva.<\/p>\n<figure class=\"wp-block-image aligncenter size-large is-resized\"><img loading=\"lazy\" decoding=\"async\" class=\"wp-image-579562\" src=\"https:\/\/prensa.cba.gov.ar\/wp-content\/uploads\/2023\/12\/WhatsApp-Image-2023-12-10-at-22.25.03-2-1024x682.jpeg\" sizes=\"auto, (max-width: 1024px) 100vw, 1024px\" srcset=\"https:\/\/prensa.cba.gov.ar\/wp-content\/uploads\/2023\/12\/WhatsApp-Image-2023-12-10-at-22.25.03-2-1024x682.jpeg 1024w, https:\/\/prensa.cba.gov.ar\/wp-content\/uploads\/2023\/12\/WhatsApp-Image-2023-12-10-at-22.25.03-2-300x200.jpeg 300w, https:\/\/prensa.cba.gov.ar\/wp-content\/uploads\/2023\/12\/WhatsApp-Image-2023-12-10-at-22.25.03-2-768x512.jpeg 768w, https:\/\/prensa.cba.gov.ar\/wp-content\/uploads\/2023\/12\/WhatsApp-Image-2023-12-10-at-22.25.03-2-1536x1023.jpeg 1536w, https:\/\/prensa.cba.gov.ar\/wp-content\/uploads\/2023\/12\/WhatsApp-Image-2023-12-10-at-22.25.03-2.jpeg 1600w\" alt=\"\" width=\"1024\" height=\"682\" \/><\/figure>\n<p>&nbsp;<\/p>\n<h4 class=\"wp-block-heading\">Juan Pablo Quinteros \u2013 Seguridad<\/h4>\n<p>Abogado egresado de la Facultad de Derecho y Ciencias Sociales de la Universidad Nacional de C\u00f3rdoba.<\/p>\n<p>Trabaj\u00f3 en el Poder Judicial de la Provincia de C\u00f3rdoba entre los a\u00f1os 1992 y 2003.<\/p>\n<p>En el Departamento Ejecutivo Municipal de la ciudad de C\u00f3rdoba fue subsecretario de Participaci\u00f3n Ciudadana desde 2003 hasta 2007. Luego, se desempe\u00f1\u00f3 como subsecretario de Control Institucional y Transparencia del Estado Municipal, hasta el a\u00f1o 2008. En el a\u00f1o 2008 fue designado sub Asesor Letrado, hasta el mes de enero del a\u00f1o 2009.<\/p>\n<p>Fue vocal del directorio del Ente Regulador de los Servicios P\u00fablicos de la Provincia de C\u00f3rdoba (ERSeP), desde el mes febrero de 2010 hasta el a\u00f1o 2015,<\/p>\n<p>Legislador provincial para el periodo 2015-2019, aunque renunci\u00f3 a su banca en marzo del a\u00f1o 2019. Entre diciembre de 2019 y diciembre de 2023, fue concejal de la Ciudad de C\u00f3rdoba.<\/p>\n<figure class=\"wp-block-image aligncenter size-large is-resized\"><img loading=\"lazy\" decoding=\"async\" class=\"wp-image-579561\" src=\"https:\/\/prensa.cba.gov.ar\/wp-content\/uploads\/2023\/12\/WhatsApp-Image-2023-12-10-at-22.25.03-3-1024x682.jpeg\" sizes=\"auto, (max-width: 1024px) 100vw, 1024px\" srcset=\"https:\/\/prensa.cba.gov.ar\/wp-content\/uploads\/2023\/12\/WhatsApp-Image-2023-12-10-at-22.25.03-3-1024x682.jpeg 1024w, https:\/\/prensa.cba.gov.ar\/wp-content\/uploads\/2023\/12\/WhatsApp-Image-2023-12-10-at-22.25.03-3-300x200.jpeg 300w, https:\/\/prensa.cba.gov.ar\/wp-content\/uploads\/2023\/12\/WhatsApp-Image-2023-12-10-at-22.25.03-3-768x512.jpeg 768w, https:\/\/prensa.cba.gov.ar\/wp-content\/uploads\/2023\/12\/WhatsApp-Image-2023-12-10-at-22.25.03-3-1536x1023.jpeg 1536w, https:\/\/prensa.cba.gov.ar\/wp-content\/uploads\/2023\/12\/WhatsApp-Image-2023-12-10-at-22.25.03-3.jpeg 1600w\" alt=\"\" width=\"1024\" height=\"682\" \/><\/figure>\n<p>&nbsp;<\/p>\n<h4 class=\"wp-block-heading\">Pedro Dellarossa \u2013 Producci\u00f3n, Ciencia e Innovaci\u00f3n Tecnol\u00f3gica<\/h4>\n<p>Es Ingeniero Civil recibido en la FCEFyN de la Universidad Nacional de C\u00f3rdoba. Productor Agropecuario.<\/p>\n<p>Concejal de la ciudad de Marcos Ju\u00e1rez entre 2002 y 2010, intendente de Marcos Ju\u00e1rez en dos per\u00edodos, entre los a\u00f1os 2014-2022. Presidente del Concejo Deliberante de Marcos Ju\u00e1rez hasta diciembre de 2023.<\/p>\n<figure class=\"wp-block-image aligncenter size-large is-resized\"><img loading=\"lazy\" decoding=\"async\" class=\"wp-image-579558\" src=\"https:\/\/prensa.cba.gov.ar\/wp-content\/uploads\/2023\/12\/WhatsApp-Image-2023-12-10-at-22.25.04-3-1024x682.jpeg\" sizes=\"auto, (max-width: 1024px) 100vw, 1024px\" srcset=\"https:\/\/prensa.cba.gov.ar\/wp-content\/uploads\/2023\/12\/WhatsApp-Image-2023-12-10-at-22.25.04-3-1024x682.jpeg 1024w, https:\/\/prensa.cba.gov.ar\/wp-content\/uploads\/2023\/12\/WhatsApp-Image-2023-12-10-at-22.25.04-3-300x200.jpeg 300w, https:\/\/prensa.cba.gov.ar\/wp-content\/uploads\/2023\/12\/WhatsApp-Image-2023-12-10-at-22.25.04-3-768x512.jpeg 768w, https:\/\/prensa.cba.gov.ar\/wp-content\/uploads\/2023\/12\/WhatsApp-Image-2023-12-10-at-22.25.04-3-1536x1023.jpeg 1536w, https:\/\/prensa.cba.gov.ar\/wp-content\/uploads\/2023\/12\/WhatsApp-Image-2023-12-10-at-22.25.04-3.jpeg 1600w\" alt=\"\" width=\"1024\" height=\"682\" \/><\/figure>\n<p>&nbsp;<\/p>\n<h4 class=\"wp-block-heading\">Daniel Pastore \u2013 Vinculaci\u00f3n Comunitaria<\/h4>\n<p>Profesor en Historia, Diplomado en Gesti\u00f3n Municipal y Regional.<\/p>\n<p>Fue secretario de Comunicaci\u00f3n de la Municipalidad de C\u00f3rdoba hasta diciembre de 2023.<\/p>\n<p>Adem\u00e1s, se desempe\u00f1\u00f3 como gerente de Contenidos de Radiocanal, secretario de Prensa y Difusi\u00f3n de la Municipalidad de San Francisco y como conductor y columnista de programas de Televisi\u00f3n y Radio.<\/p>\n<p>Asesor en Comunicaci\u00f3n Institucional en varios niveles gubernamentales. Coautor de varios libros de Historia Regional y de la novela MARCADOS.<\/p>\n<figure class=\"wp-block-image aligncenter size-large is-resized\"><img loading=\"lazy\" decoding=\"async\" class=\"wp-image-579557\" src=\"https:\/\/prensa.cba.gov.ar\/wp-content\/uploads\/2023\/12\/WhatsApp-Image-2023-12-10-at-22.25.04-1024x682.jpeg\" sizes=\"auto, (max-width: 1024px) 100vw, 1024px\" srcset=\"https:\/\/prensa.cba.gov.ar\/wp-content\/uploads\/2023\/12\/WhatsApp-Image-2023-12-10-at-22.25.04-1024x682.jpeg 1024w, https:\/\/prensa.cba.gov.ar\/wp-content\/uploads\/2023\/12\/WhatsApp-Image-2023-12-10-at-22.25.04-300x200.jpeg 300w, https:\/\/prensa.cba.gov.ar\/wp-content\/uploads\/2023\/12\/WhatsApp-Image-2023-12-10-at-22.25.04-768x512.jpeg 768w, https:\/\/prensa.cba.gov.ar\/wp-content\/uploads\/2023\/12\/WhatsApp-Image-2023-12-10-at-22.25.04-1536x1023.jpeg 1536w, https:\/\/prensa.cba.gov.ar\/wp-content\/uploads\/2023\/12\/WhatsApp-Image-2023-12-10-at-22.25.04.jpeg 1600w\" alt=\"\" width=\"1024\" height=\"682\" \/><\/figure>\n<p>&nbsp;<\/p>\n<p><iframe loading=\"lazy\" title=\"YouTube video player\" src=\"https:\/\/www.youtube.com\/embed\/i7S9xQDjAck?si=5V1btgr7cwzLyQmh\" width=\"560\" height=\"315\" frameborder=\"0\" allowfullscreen=\"allowfullscreen\" data-mce-fragment=\"1\"><\/iframe><\/p>\n<\/div>\n<\/div>\n<\/article>\n<p><script async src=\"https:\/\/pagead2.googlesyndication.com\/pagead\/js\/adsbygoogle.js?client=ca-pub-6190387823963118\" crossorigin=\"anonymous\"><\/script><br \/>\n<!-- publi horizontal --><br \/>\n<ins class=\"adsbygoogle\" style=\"display: block;\" data-ad-client=\"ca-pub-6190387823963118\" data-ad-slot=\"1318105772\" data-ad-format=\"auto\" data-full-width-responsive=\"true\"><\/ins><br \/>\n<script>\n     (adsbygoogle = window.adsbygoogle || []).push({});\n<\/script><\/p>\n","protected":false},"excerpt":{"rendered":"<p>Luego de recibir los atributos por parte de Juan Schiaretti, el flamante gobernador Mart\u00edn Llaryora<\/p>\n","protected":false},"author":2,"featured_media":1240,"comment_status":"closed","ping_status":"closed","sticky":false,"template":"","format":"video","meta":{"footnotes":""},"categories":[11],"tags":[1110,1109,1050,1106,1104,1108],"class_list":["post-1239","post","type-post","status-publish","format-video","has-post-thumbnail","hentry","category-destacadas","tag-fiscal-de-estado","tag-gabinete","tag-gobernador-de-cordoba","tag-juramento","tag-martin-llaryora","tag-ministros","post_format-post-format-video"],"yoast_head":"<!-- This site is optimized with the Yoast SEO plugin v27.4 - https:\/\/yoast.com\/product\/yoast-seo-wordpress\/ -->\n<title>Llaryora tom\u00f3 juramento a ministros de su gabinete - Fm Gente<\/title>\n<meta name=\"robots\" content=\"index, follow, max-snippet:-1, max-image-preview:large, max-video-preview:-1\" \/>\n<link rel=\"canonical\" href=\"https:\/\/fmgente.com.ar\/web\/llaryora-tomo-juramento-a-ministros-de-su-gabinete\/\" \/>\n<meta property=\"og:locale\" content=\"es_ES\" \/>\n<meta property=\"og:type\" content=\"article\" \/>\n<meta property=\"og:title\" content=\"Llaryora tom\u00f3 juramento a ministros de su gabinete - Fm Gente\" \/>\n<meta property=\"og:description\" content=\"Luego de recibir los atributos por parte de Juan Schiaretti, el flamante gobernador Mart\u00edn Llaryora\" \/>\n<meta property=\"og:url\" content=\"https:\/\/fmgente.com.ar\/web\/llaryora-tomo-juramento-a-ministros-de-su-gabinete\/\" \/>\n<meta property=\"og:site_name\" content=\"Fm Gente\" \/>\n<meta property=\"article:published_time\" content=\"2023-12-12T10:22:48+00:00\" \/>\n<meta property=\"og:image\" content=\"https:\/\/fmgente.com.ar\/web\/wp-content\/uploads\/2023\/12\/WhatsApp-Image-2023-12-10-at-22.25.05.jpeg\" \/>\n\t<meta property=\"og:image:width\" content=\"1600\" \/>\n\t<meta property=\"og:image:height\" content=\"1066\" \/>\n\t<meta property=\"og:image:type\" content=\"image\/jpeg\" \/>\n<meta name=\"author\" content=\"Adri\u00e1n Hern\u00e1ndez\" \/>\n<meta name=\"twitter:card\" content=\"summary_large_image\" \/>\n<meta name=\"twitter:label1\" content=\"Escrito por\" \/>\n\t<meta name=\"twitter:data1\" content=\"Adri\u00e1n Hern\u00e1ndez\" \/>\n\t<meta name=\"twitter:label2\" content=\"Tiempo de lectura\" \/>\n\t<meta name=\"twitter:data2\" content=\"6 minutos\" \/>\n<script type=\"application\/ld+json\" class=\"yoast-schema-graph\">{\"@context\":\"https:\\\/\\\/schema.org\",\"@graph\":[{\"@type\":\"Article\",\"@id\":\"https:\\\/\\\/fmgente.com.ar\\\/web\\\/llaryora-tomo-juramento-a-ministros-de-su-gabinete\\\/#article\",\"isPartOf\":{\"@id\":\"https:\\\/\\\/fmgente.com.ar\\\/web\\\/llaryora-tomo-juramento-a-ministros-de-su-gabinete\\\/\"},\"author\":{\"name\":\"Adri\u00e1n Hern\u00e1ndez\",\"@id\":\"https:\\\/\\\/fmgente.com.ar\\\/web\\\/#\\\/schema\\\/person\\\/ba03fa75c17effdaafbd6daa1d78c508\"},\"headline\":\"Llaryora tom\u00f3 juramento a ministros de su gabinete\",\"datePublished\":\"2023-12-12T10:22:48+00:00\",\"mainEntityOfPage\":{\"@id\":\"https:\\\/\\\/fmgente.com.ar\\\/web\\\/llaryora-tomo-juramento-a-ministros-de-su-gabinete\\\/\"},\"wordCount\":914,\"publisher\":{\"@id\":\"https:\\\/\\\/fmgente.com.ar\\\/web\\\/#organization\"},\"image\":{\"@id\":\"https:\\\/\\\/fmgente.com.ar\\\/web\\\/llaryora-tomo-juramento-a-ministros-de-su-gabinete\\\/#primaryimage\"},\"thumbnailUrl\":\"https:\\\/\\\/fmgente.com.ar\\\/web\\\/wp-content\\\/uploads\\\/2023\\\/12\\\/WhatsApp-Image-2023-12-10-at-22.25.05.jpeg\",\"keywords\":[\"fiscal de estado\",\"gabinete\",\"Gobernador de C\u00f3rdoba\",\"juramento\",\"Martin Llaryora\",\"ministros\"],\"articleSection\":[\"DESTACADAS\"],\"inLanguage\":\"es\"},{\"@type\":\"WebPage\",\"@id\":\"https:\\\/\\\/fmgente.com.ar\\\/web\\\/llaryora-tomo-juramento-a-ministros-de-su-gabinete\\\/\",\"url\":\"https:\\\/\\\/fmgente.com.ar\\\/web\\\/llaryora-tomo-juramento-a-ministros-de-su-gabinete\\\/\",\"name\":\"Llaryora tom\u00f3 juramento a ministros de su gabinete - Fm Gente\",\"isPartOf\":{\"@id\":\"https:\\\/\\\/fmgente.com.ar\\\/web\\\/#website\"},\"primaryImageOfPage\":{\"@id\":\"https:\\\/\\\/fmgente.com.ar\\\/web\\\/llaryora-tomo-juramento-a-ministros-de-su-gabinete\\\/#primaryimage\"},\"image\":{\"@id\":\"https:\\\/\\\/fmgente.com.ar\\\/web\\\/llaryora-tomo-juramento-a-ministros-de-su-gabinete\\\/#primaryimage\"},\"thumbnailUrl\":\"https:\\\/\\\/fmgente.com.ar\\\/web\\\/wp-content\\\/uploads\\\/2023\\\/12\\\/WhatsApp-Image-2023-12-10-at-22.25.05.jpeg\",\"datePublished\":\"2023-12-12T10:22:48+00:00\",\"inLanguage\":\"es\",\"potentialAction\":[{\"@type\":\"ReadAction\",\"target\":[\"https:\\\/\\\/fmgente.com.ar\\\/web\\\/llaryora-tomo-juramento-a-ministros-de-su-gabinete\\\/\"]}]},{\"@type\":\"ImageObject\",\"inLanguage\":\"es\",\"@id\":\"https:\\\/\\\/fmgente.com.ar\\\/web\\\/llaryora-tomo-juramento-a-ministros-de-su-gabinete\\\/#primaryimage\",\"url\":\"https:\\\/\\\/fmgente.com.ar\\\/web\\\/wp-content\\\/uploads\\\/2023\\\/12\\\/WhatsApp-Image-2023-12-10-at-22.25.05.jpeg\",\"contentUrl\":\"https:\\\/\\\/fmgente.com.ar\\\/web\\\/wp-content\\\/uploads\\\/2023\\\/12\\\/WhatsApp-Image-2023-12-10-at-22.25.05.jpeg\",\"width\":1600,\"height\":1066},{\"@type\":\"WebSite\",\"@id\":\"https:\\\/\\\/fmgente.com.ar\\\/web\\\/#website\",\"url\":\"https:\\\/\\\/fmgente.com.ar\\\/web\\\/\",\"name\":\"Fm Gente\",\"description\":\"- Jes\u00fas Mar\u00eda\",\"publisher\":{\"@id\":\"https:\\\/\\\/fmgente.com.ar\\\/web\\\/#organization\"},\"potentialAction\":[{\"@type\":\"SearchAction\",\"target\":{\"@type\":\"EntryPoint\",\"urlTemplate\":\"https:\\\/\\\/fmgente.com.ar\\\/web\\\/?s={search_term_string}\"},\"query-input\":{\"@type\":\"PropertyValueSpecification\",\"valueRequired\":true,\"valueName\":\"search_term_string\"}}],\"inLanguage\":\"es\"},{\"@type\":\"Organization\",\"@id\":\"https:\\\/\\\/fmgente.com.ar\\\/web\\\/#organization\",\"name\":\"Fm Gente\",\"url\":\"https:\\\/\\\/fmgente.com.ar\\\/web\\\/\",\"logo\":{\"@type\":\"ImageObject\",\"inLanguage\":\"es\",\"@id\":\"https:\\\/\\\/fmgente.com.ar\\\/web\\\/#\\\/schema\\\/logo\\\/image\\\/\",\"url\":\"https:\\\/\\\/fmgente.com.ar\\\/web\\\/wp-content\\\/uploads\\\/2023\\\/07\\\/cropped-cropped-logo-sombra2.png\",\"contentUrl\":\"https:\\\/\\\/fmgente.com.ar\\\/web\\\/wp-content\\\/uploads\\\/2023\\\/07\\\/cropped-cropped-logo-sombra2.png\",\"width\":1782,\"height\":1782,\"caption\":\"Fm Gente\"},\"image\":{\"@id\":\"https:\\\/\\\/fmgente.com.ar\\\/web\\\/#\\\/schema\\\/logo\\\/image\\\/\"}},{\"@type\":\"Person\",\"@id\":\"https:\\\/\\\/fmgente.com.ar\\\/web\\\/#\\\/schema\\\/person\\\/ba03fa75c17effdaafbd6daa1d78c508\",\"name\":\"Adri\u00e1n Hern\u00e1ndez\",\"url\":\"https:\\\/\\\/fmgente.com.ar\\\/web\\\/author\\\/c1601891\\\/\"}]}<\/script>\n<!-- \/ Yoast SEO plugin. -->","yoast_head_json":{"title":"Llaryora tom\u00f3 juramento a ministros de su gabinete - Fm Gente","robots":{"index":"index","follow":"follow","max-snippet":"max-snippet:-1","max-image-preview":"max-image-preview:large","max-video-preview":"max-video-preview:-1"},"canonical":"https:\/\/fmgente.com.ar\/web\/llaryora-tomo-juramento-a-ministros-de-su-gabinete\/","og_locale":"es_ES","og_type":"article","og_title":"Llaryora tom\u00f3 juramento a ministros de su gabinete - Fm Gente","og_description":"Luego de recibir los atributos por parte de Juan Schiaretti, el flamante gobernador Mart\u00edn Llaryora","og_url":"https:\/\/fmgente.com.ar\/web\/llaryora-tomo-juramento-a-ministros-de-su-gabinete\/","og_site_name":"Fm Gente","article_published_time":"2023-12-12T10:22:48+00:00","og_image":[{"width":1600,"height":1066,"url":"https:\/\/fmgente.com.ar\/web\/wp-content\/uploads\/2023\/12\/WhatsApp-Image-2023-12-10-at-22.25.05.jpeg","type":"image\/jpeg"}],"author":"Adri\u00e1n Hern\u00e1ndez","twitter_card":"summary_large_image","twitter_misc":{"Escrito por":"Adri\u00e1n Hern\u00e1ndez","Tiempo de lectura":"6 minutos"},"schema":{"@context":"https:\/\/schema.org","@graph":[{"@type":"Article","@id":"https:\/\/fmgente.com.ar\/web\/llaryora-tomo-juramento-a-ministros-de-su-gabinete\/#article","isPartOf":{"@id":"https:\/\/fmgente.com.ar\/web\/llaryora-tomo-juramento-a-ministros-de-su-gabinete\/"},"author":{"name":"Adri\u00e1n Hern\u00e1ndez","@id":"https:\/\/fmgente.com.ar\/web\/#\/schema\/person\/ba03fa75c17effdaafbd6daa1d78c508"},"headline":"Llaryora tom\u00f3 juramento a ministros de su gabinete","datePublished":"2023-12-12T10:22:48+00:00","mainEntityOfPage":{"@id":"https:\/\/fmgente.com.ar\/web\/llaryora-tomo-juramento-a-ministros-de-su-gabinete\/"},"wordCount":914,"publisher":{"@id":"https:\/\/fmgente.com.ar\/web\/#organization"},"image":{"@id":"https:\/\/fmgente.com.ar\/web\/llaryora-tomo-juramento-a-ministros-de-su-gabinete\/#primaryimage"},"thumbnailUrl":"https:\/\/fmgente.com.ar\/web\/wp-content\/uploads\/2023\/12\/WhatsApp-Image-2023-12-10-at-22.25.05.jpeg","keywords":["fiscal de estado","gabinete","Gobernador de C\u00f3rdoba","juramento","Martin Llaryora","ministros"],"articleSection":["DESTACADAS"],"inLanguage":"es"},{"@type":"WebPage","@id":"https:\/\/fmgente.com.ar\/web\/llaryora-tomo-juramento-a-ministros-de-su-gabinete\/","url":"https:\/\/fmgente.com.ar\/web\/llaryora-tomo-juramento-a-ministros-de-su-gabinete\/","name":"Llaryora tom\u00f3 juramento a ministros de su gabinete - Fm Gente","isPartOf":{"@id":"https:\/\/fmgente.com.ar\/web\/#website"},"primaryImageOfPage":{"@id":"https:\/\/fmgente.com.ar\/web\/llaryora-tomo-juramento-a-ministros-de-su-gabinete\/#primaryimage"},"image":{"@id":"https:\/\/fmgente.com.ar\/web\/llaryora-tomo-juramento-a-ministros-de-su-gabinete\/#primaryimage"},"thumbnailUrl":"https:\/\/fmgente.com.ar\/web\/wp-content\/uploads\/2023\/12\/WhatsApp-Image-2023-12-10-at-22.25.05.jpeg","datePublished":"2023-12-12T10:22:48+00:00","inLanguage":"es","potentialAction":[{"@type":"ReadAction","target":["https:\/\/fmgente.com.ar\/web\/llaryora-tomo-juramento-a-ministros-de-su-gabinete\/"]}]},{"@type":"ImageObject","inLanguage":"es","@id":"https:\/\/fmgente.com.ar\/web\/llaryora-tomo-juramento-a-ministros-de-su-gabinete\/#primaryimage","url":"https:\/\/fmgente.com.ar\/web\/wp-content\/uploads\/2023\/12\/WhatsApp-Image-2023-12-10-at-22.25.05.jpeg","contentUrl":"https:\/\/fmgente.com.ar\/web\/wp-content\/uploads\/2023\/12\/WhatsApp-Image-2023-12-10-at-22.25.05.jpeg","width":1600,"height":1066},{"@type":"WebSite","@id":"https:\/\/fmgente.com.ar\/web\/#website","url":"https:\/\/fmgente.com.ar\/web\/","name":"Fm Gente","description":"- Jes\u00fas Mar\u00eda","publisher":{"@id":"https:\/\/fmgente.com.ar\/web\/#organization"},"potentialAction":[{"@type":"SearchAction","target":{"@type":"EntryPoint","urlTemplate":"https:\/\/fmgente.com.ar\/web\/?s={search_term_string}"},"query-input":{"@type":"PropertyValueSpecification","valueRequired":true,"valueName":"search_term_string"}}],"inLanguage":"es"},{"@type":"Organization","@id":"https:\/\/fmgente.com.ar\/web\/#organization","name":"Fm Gente","url":"https:\/\/fmgente.com.ar\/web\/","logo":{"@type":"ImageObject","inLanguage":"es","@id":"https:\/\/fmgente.com.ar\/web\/#\/schema\/logo\/image\/","url":"https:\/\/fmgente.com.ar\/web\/wp-content\/uploads\/2023\/07\/cropped-cropped-logo-sombra2.png","contentUrl":"https:\/\/fmgente.com.ar\/web\/wp-content\/uploads\/2023\/07\/cropped-cropped-logo-sombra2.png","width":1782,"height":1782,"caption":"Fm Gente"},"image":{"@id":"https:\/\/fmgente.com.ar\/web\/#\/schema\/logo\/image\/"}},{"@type":"Person","@id":"https:\/\/fmgente.com.ar\/web\/#\/schema\/person\/ba03fa75c17effdaafbd6daa1d78c508","name":"Adri\u00e1n Hern\u00e1ndez","url":"https:\/\/fmgente.com.ar\/web\/author\/c1601891\/"}]}},"_links":{"self":[{"href":"https:\/\/fmgente.com.ar\/web\/wp-json\/wp\/v2\/posts\/1239","targetHints":{"allow":["GET"]}}],"collection":[{"href":"https:\/\/fmgente.com.ar\/web\/wp-json\/wp\/v2\/posts"}],"about":[{"href":"https:\/\/fmgente.com.ar\/web\/wp-json\/wp\/v2\/types\/post"}],"author":[{"embeddable":true,"href":"https:\/\/fmgente.com.ar\/web\/wp-json\/wp\/v2\/users\/2"}],"replies":[{"embeddable":true,"href":"https:\/\/fmgente.com.ar\/web\/wp-json\/wp\/v2\/comments?post=1239"}],"version-history":[{"count":1,"href":"https:\/\/fmgente.com.ar\/web\/wp-json\/wp\/v2\/posts\/1239\/revisions"}],"predecessor-version":[{"id":1241,"href":"https:\/\/fmgente.com.ar\/web\/wp-json\/wp\/v2\/posts\/1239\/revisions\/1241"}],"wp:featuredmedia":[{"embeddable":true,"href":"https:\/\/fmgente.com.ar\/web\/wp-json\/wp\/v2\/media\/1240"}],"wp:attachment":[{"href":"https:\/\/fmgente.com.ar\/web\/wp-json\/wp\/v2\/media?parent=1239"}],"wp:term":[{"taxonomy":"category","embeddable":true,"href":"https:\/\/fmgente.com.ar\/web\/wp-json\/wp\/v2\/categories?post=1239"},{"taxonomy":"post_tag","embeddable":true,"href":"https:\/\/fmgente.com.ar\/web\/wp-json\/wp\/v2\/tags?post=1239"}],"curies":[{"name":"wp","href":"https:\/\/api.w.org\/{rel}","templated":true}]}}