{"id":1192,"date":"2023-12-06T05:48:21","date_gmt":"2023-12-06T08:48:21","guid":{"rendered":"https:\/\/fmgente.com.ar\/?p=1192"},"modified":"2023-12-06T05:48:21","modified_gmt":"2023-12-06T08:48:21","slug":"dieron-a-conocer-los-resultados-de-cordoba-en-pisa-2022","status":"publish","type":"post","link":"https:\/\/fmgente.com.ar\/web\/dieron-a-conocer-los-resultados-de-cordoba-en-pisa-2022\/","title":{"rendered":"Dieron a conocer los resultados de C\u00f3rdoba en PISA 2022"},"content":{"rendered":"<article id=\"post-578949\" class=\"post-578949 post type-post status-publish format-standard has-post-thumbnail hentry category-educacion-3 category-informacion-general ast-article-single\">\n<div class=\"ast-post-format- single-layout-1\">\n<div class=\"entry-content clear\">\n<p>La Organizaci\u00f3n para la Cooperaci\u00f3n y Desarrollo Econ\u00f3mico (ODCE) dio a conocer hoy los resultados de las pruebas PISA aplicada en septiembre 2022. Entre los 89 pa\u00edses que participaron se encuentra Argentina y las regiones adjudicadas de Ciudad Aut\u00f3noma de Buenos Aires, Mendoza y C\u00f3rdoba, que obtuvieron sus datos desagregados.<\/p>\n<p>El estudio, que tiene el objetivo de evaluar las competencias de Matem\u00e1tica, Lectura y Ciencias, muestra una\u00a0<strong>media global de los pa\u00edses que conforman la organizaci\u00f3n que vari\u00f3 entre la aplicaci\u00f3n de 2018 y la de 2022 cayendo 17 puntos en Matem\u00e1tica, 11 en Lengua y 4 en Ciencias.\u00a0<\/strong>Este comportamiento del desempe\u00f1o de los estudiantes a nivel internacional, puede explicarse por el impacto de la pandemia en el mundo.<\/p>\n<p>En cuanto a los datos de la provincia de C\u00f3rdoba,\u00a0<strong>participaron 2.217 estudiantes de 15 a\u00f1os al momento de la aplicaci\u00f3n, pertenecientes a 83 escuelas (48 estatales y 35 privadas).<\/strong><\/p>\n<h2 class=\"wp-block-heading\">Resultados 2022<\/h2>\n<p>La Provincia de C\u00f3rdoba obtuvo en\u00a0<strong>Matem\u00e1tica 394 puntos<\/strong>, 16 puntos por encima del puntaje nacional. En\u00a0<strong>Lengua, 419 puntos<\/strong>, 18 por encima del nacional. En\u00a0<strong>Ciencias, 422 puntos<\/strong>, 16 por encima del puntaje nacional.<\/p>\n<p>Los resultados se presentan con un valor num\u00e9rico que resume el desempe\u00f1o promedio de todos los estudiantes participantes y con niveles de desempe\u00f1o asociados a la dificultad creciente de los \u00edtems, y que caracterizan el dominio de cada capacidad.<\/p>\n<p>En relaci\u00f3n a otros pa\u00edses de la regi\u00f3n, C\u00f3rdoba se ubica en Matem\u00e1tica por debajo de Uruguay y Chile (15 y 18 puntos respectivamente) y por encima de Brasil y Per\u00fa (15 y 3 puntos respectivamente). En Lengua, por debajo de Uruguay y Chile (11 y 29 puntos) y por encima de Brasil y Per\u00fa (9 y 11 puntos). En Ciencia, por debajo de Uruguay y Chile (13 y 22 puntos respectivamente) y por encima de Brasil y Per\u00fa con 19 y 14 puntos.<\/p>\n<p>Si se comparan los resultados de la participaci\u00f3n en PISA 2018 y PISA 2022 se observa que la Provincia disminuy\u00f3 en 6 puntos en Matem\u00e1tica, 8 en Lengua y 5 en Ciencias.<\/p>\n<figure class=\"wp-block-image size-full\"><img loading=\"lazy\" decoding=\"async\" class=\"wp-image-578951\" src=\"https:\/\/prensa.cba.gov.ar\/wp-content\/uploads\/2023\/12\/image-1.png\" sizes=\"auto, (max-width: 859px) 100vw, 859px\" srcset=\"https:\/\/prensa.cba.gov.ar\/wp-content\/uploads\/2023\/12\/image-1.png 859w, https:\/\/prensa.cba.gov.ar\/wp-content\/uploads\/2023\/12\/image-1-300x157.png 300w, https:\/\/prensa.cba.gov.ar\/wp-content\/uploads\/2023\/12\/image-1-768x402.png 768w\" alt=\"\" width=\"859\" height=\"450\" \/><\/figure>\n<p>Fuente: Base PISA 2022 OCDE<\/p>\n<p>En relaci\u00f3n a los niveles de desempe\u00f1o, el 2 representa el umbral b\u00e1sico de competencias para cada una de las \u00e1reas. Por debajo del Nivel 2, los estudiantes tienen desempe\u00f1os d\u00e9biles o incipientes en las distintas capacidades que mide PISA.<\/p>\n<p>Con respecto a los niveles, en Matem\u00e1tica, el 34% de los estudiantes de C\u00f3rdoba alcanza o supera el Nivel 2, en Argentina el 27% y en Am\u00e9rica Latina el 25%. En Lengua, en C\u00f3rdoba el 54% alcanza el nivel esperado o superiores, el 46% en Argentina y el 45% en Am\u00e9rica Latina. En relaci\u00f3n a Ciencia, en C\u00f3rdoba alcanza o supera el Nivel 2 el 56%, en Argentina el 46% y en Am\u00e9rica Latina el 42%.<\/p>\n<figure class=\"wp-block-image size-full\"><img loading=\"lazy\" decoding=\"async\" class=\"wp-image-578952\" src=\"https:\/\/prensa.cba.gov.ar\/wp-content\/uploads\/2023\/12\/image-2.png\" sizes=\"auto, (max-width: 801px) 100vw, 801px\" srcset=\"https:\/\/prensa.cba.gov.ar\/wp-content\/uploads\/2023\/12\/image-2.png 801w, https:\/\/prensa.cba.gov.ar\/wp-content\/uploads\/2023\/12\/image-2-300x203.png 300w, https:\/\/prensa.cba.gov.ar\/wp-content\/uploads\/2023\/12\/image-2-768x521.png 768w\" alt=\"\" width=\"801\" height=\"543\" \/><\/figure>\n<p>Fuente: Base PISA 2022 OCDE<\/p>\n<p>Si se comparan los niveles esperados en diferentes operativos de evaluaci\u00f3n, a\u00fan con el resguardo de cada uno tiene finalidades distintas (Aprender eval\u00faa trayectorias con base en los NAP, Prisma contenidos y aprendizajes prescriptos para C\u00f3rdoba y PISA competencias para la vida en sociedad), se observa coherencia en los resultados obtenidos a nivel provincial. As\u00ed, en Aprender 2022 (6\u00b0 a\u00f1o) en Matem\u00e1tica alcanzaron los logros esperados el 26% y en Prisma 2021 (3\u00b0 a\u00f1o) el 20%, en Pisa 2022 (3\u00b0 y 4\u00b0 a\u00f1o) el 34%. Respecto a Lengua en Aprender 2022 alcanzaron los desempe\u00f1os esperados el 65% de las y los estudiantes, en Prisma 2021 el 66% y el 54% en PISA 2022.<\/p>\n<p>Las autoridades del Ministerio de Educaci\u00f3n de la Provincia, destacaron los resultados brindados por OCDE ya que, subrayaron, \u201c<strong>permiten a la Provincia evaluar mejoras en las estrategias pedag\u00f3gicas y continuar con el fortalecimiento de la cultura evaluativa, teniendo como par\u00e1metros a los mejores resultados de la regi\u00f3n y el mundo con los que construir una aspiracional ascendente que desaf\u00ede a C\u00f3rdoba al progreso permanente\u201d.<\/strong><\/p>\n<p>Cabe destacar que la participaci\u00f3n en diferentes operativos de evaluaci\u00f3n contribuye a tener resultados desde m\u00faltiples miradas para contextualizar la toma de decisiones tanto a nivel de la macro-pol\u00edtica como de la gesti\u00f3n escolar.<\/p>\n<h3 class=\"wp-block-heading\"><strong>Qu\u00e9 es PISA<\/strong><\/h3>\n<p>El\u00a0<strong>Programa Internacional para la Evaluaci\u00f3n de Estudiantes<\/strong>\u00a0(PISA, por sus siglas en ingl\u00e9s) es un estudio internacional trienal coordinado por la\u00a0<strong>Organizaci\u00f3n para la Cooperaci\u00f3n y Desarrollo Econ\u00f3mico<\/strong>\u00a0(OCDE). El estudio PISA tiene el objetivo de evaluar las competencias de Matem\u00e1tica, Lectura y Ciencias. Argentina participa de la evaluaci\u00f3n desde su inicio en 2001. C\u00f3rdoba, como apuesta de la pol\u00edtica educativa de evaluaci\u00f3n, decidi\u00f3 participar como Regi\u00f3n Adjudicada en la edici\u00f3n 2018 y 2022. Esto implica para la provincia contar con informaci\u00f3n propia de su sistema educativo. En continuidad con esta decisi\u00f3n de pol\u00edtica p\u00fablica, ya comprometi\u00f3 su participaci\u00f3n en PISA 2025.<\/p>\n<\/div>\n<\/div>\n<\/article>\n<p><script async src=\"https:\/\/pagead2.googlesyndication.com\/pagead\/js\/adsbygoogle.js?client=ca-pub-6190387823963118\" crossorigin=\"anonymous\"><\/script><br \/>\n<!-- publi horizontal --><br \/>\n<ins class=\"adsbygoogle\" style=\"display: block;\" data-ad-client=\"ca-pub-6190387823963118\" data-ad-slot=\"1318105772\" data-ad-format=\"auto\" data-full-width-responsive=\"true\"><\/ins><br \/>\n<script>\n     (adsbygoogle = window.adsbygoogle || []).push({});\n<\/script><\/p>\n","protected":false},"excerpt":{"rendered":"<p>La Organizaci\u00f3n para la Cooperaci\u00f3n y Desarrollo Econ\u00f3mico (ODCE) dio a conocer hoy los resultados<\/p>\n","protected":false},"author":2,"featured_media":1193,"comment_status":"closed","ping_status":"closed","sticky":false,"template":"","format":"standard","meta":{"footnotes":""},"categories":[11],"tags":[1064,1061,1060,1065,617,1063,1062,1059,645,1058],"class_list":["post-1192","post","type-post","status-publish","format-standard","has-post-thumbnail","hentry","category-destacadas","tag-ciencia","tag-competencia","tag-desarrollo-economico","tag-desempeno-promedio","tag-estudiantes","tag-lectura","tag-matematicas","tag-pisa-2022","tag-provincia-de-cordoba","tag-resultados"],"yoast_head":"<!-- This site is optimized with the Yoast SEO plugin v27.4 - https:\/\/yoast.com\/product\/yoast-seo-wordpress\/ -->\n<title>Dieron a conocer los resultados de C\u00f3rdoba en PISA 2022 - Fm Gente<\/title>\n<meta name=\"robots\" content=\"index, follow, max-snippet:-1, max-image-preview:large, max-video-preview:-1\" \/>\n<link rel=\"canonical\" href=\"https:\/\/fmgente.com.ar\/web\/dieron-a-conocer-los-resultados-de-cordoba-en-pisa-2022\/\" \/>\n<meta property=\"og:locale\" content=\"es_ES\" \/>\n<meta property=\"og:type\" content=\"article\" \/>\n<meta property=\"og:title\" content=\"Dieron a conocer los resultados de C\u00f3rdoba en PISA 2022 - Fm Gente\" \/>\n<meta property=\"og:description\" content=\"La Organizaci\u00f3n para la Cooperaci\u00f3n y Desarrollo Econ\u00f3mico (ODCE) dio a conocer hoy los resultados\" \/>\n<meta property=\"og:url\" content=\"https:\/\/fmgente.com.ar\/web\/dieron-a-conocer-los-resultados-de-cordoba-en-pisa-2022\/\" \/>\n<meta property=\"og:site_name\" content=\"Fm Gente\" \/>\n<meta property=\"article:published_time\" content=\"2023-12-06T08:48:21+00:00\" \/>\n<meta property=\"og:image\" content=\"https:\/\/fmgente.com.ar\/web\/wp-content\/uploads\/2023\/12\/Primeras-Olimpiadas-Matematicas-2.jpeg\" \/>\n\t<meta property=\"og:image:width\" content=\"624\" \/>\n\t<meta property=\"og:image:height\" content=\"414\" \/>\n\t<meta property=\"og:image:type\" content=\"image\/jpeg\" \/>\n<meta name=\"author\" content=\"Adri\u00e1n Hern\u00e1ndez\" \/>\n<meta name=\"twitter:card\" content=\"summary_large_image\" \/>\n<meta name=\"twitter:label1\" content=\"Escrito por\" \/>\n\t<meta name=\"twitter:data1\" content=\"Adri\u00e1n Hern\u00e1ndez\" \/>\n\t<meta name=\"twitter:label2\" content=\"Tiempo de lectura\" \/>\n\t<meta name=\"twitter:data2\" content=\"5 minutos\" \/>\n<script type=\"application\/ld+json\" class=\"yoast-schema-graph\">{\"@context\":\"https:\\\/\\\/schema.org\",\"@graph\":[{\"@type\":\"Article\",\"@id\":\"https:\\\/\\\/fmgente.com.ar\\\/web\\\/dieron-a-conocer-los-resultados-de-cordoba-en-pisa-2022\\\/#article\",\"isPartOf\":{\"@id\":\"https:\\\/\\\/fmgente.com.ar\\\/web\\\/dieron-a-conocer-los-resultados-de-cordoba-en-pisa-2022\\\/\"},\"author\":{\"name\":\"Adri\u00e1n Hern\u00e1ndez\",\"@id\":\"https:\\\/\\\/fmgente.com.ar\\\/web\\\/#\\\/schema\\\/person\\\/ba03fa75c17effdaafbd6daa1d78c508\"},\"headline\":\"Dieron a conocer los resultados de C\u00f3rdoba en PISA 2022\",\"datePublished\":\"2023-12-06T08:48:21+00:00\",\"mainEntityOfPage\":{\"@id\":\"https:\\\/\\\/fmgente.com.ar\\\/web\\\/dieron-a-conocer-los-resultados-de-cordoba-en-pisa-2022\\\/\"},\"wordCount\":801,\"publisher\":{\"@id\":\"https:\\\/\\\/fmgente.com.ar\\\/web\\\/#organization\"},\"image\":{\"@id\":\"https:\\\/\\\/fmgente.com.ar\\\/web\\\/dieron-a-conocer-los-resultados-de-cordoba-en-pisa-2022\\\/#primaryimage\"},\"thumbnailUrl\":\"https:\\\/\\\/fmgente.com.ar\\\/web\\\/wp-content\\\/uploads\\\/2023\\\/12\\\/Primeras-Olimpiadas-Matematicas-2.jpeg\",\"keywords\":[\"ciencia\",\"competencia\",\"desarrollo econ\u00f3mico\",\"desempe\u00f1o promedio\",\"estudiantes\",\"lectura\",\"matem\u00e1ticas\",\"PISA 2022\",\"Provincia de C\u00f3rdoba\",\"resultados\"],\"articleSection\":[\"DESTACADAS\"],\"inLanguage\":\"es\"},{\"@type\":\"WebPage\",\"@id\":\"https:\\\/\\\/fmgente.com.ar\\\/web\\\/dieron-a-conocer-los-resultados-de-cordoba-en-pisa-2022\\\/\",\"url\":\"https:\\\/\\\/fmgente.com.ar\\\/web\\\/dieron-a-conocer-los-resultados-de-cordoba-en-pisa-2022\\\/\",\"name\":\"Dieron a conocer los resultados de C\u00f3rdoba en PISA 2022 - Fm Gente\",\"isPartOf\":{\"@id\":\"https:\\\/\\\/fmgente.com.ar\\\/web\\\/#website\"},\"primaryImageOfPage\":{\"@id\":\"https:\\\/\\\/fmgente.com.ar\\\/web\\\/dieron-a-conocer-los-resultados-de-cordoba-en-pisa-2022\\\/#primaryimage\"},\"image\":{\"@id\":\"https:\\\/\\\/fmgente.com.ar\\\/web\\\/dieron-a-conocer-los-resultados-de-cordoba-en-pisa-2022\\\/#primaryimage\"},\"thumbnailUrl\":\"https:\\\/\\\/fmgente.com.ar\\\/web\\\/wp-content\\\/uploads\\\/2023\\\/12\\\/Primeras-Olimpiadas-Matematicas-2.jpeg\",\"datePublished\":\"2023-12-06T08:48:21+00:00\",\"inLanguage\":\"es\",\"potentialAction\":[{\"@type\":\"ReadAction\",\"target\":[\"https:\\\/\\\/fmgente.com.ar\\\/web\\\/dieron-a-conocer-los-resultados-de-cordoba-en-pisa-2022\\\/\"]}]},{\"@type\":\"ImageObject\",\"inLanguage\":\"es\",\"@id\":\"https:\\\/\\\/fmgente.com.ar\\\/web\\\/dieron-a-conocer-los-resultados-de-cordoba-en-pisa-2022\\\/#primaryimage\",\"url\":\"https:\\\/\\\/fmgente.com.ar\\\/web\\\/wp-content\\\/uploads\\\/2023\\\/12\\\/Primeras-Olimpiadas-Matematicas-2.jpeg\",\"contentUrl\":\"https:\\\/\\\/fmgente.com.ar\\\/web\\\/wp-content\\\/uploads\\\/2023\\\/12\\\/Primeras-Olimpiadas-Matematicas-2.jpeg\",\"width\":624,\"height\":414},{\"@type\":\"WebSite\",\"@id\":\"https:\\\/\\\/fmgente.com.ar\\\/web\\\/#website\",\"url\":\"https:\\\/\\\/fmgente.com.ar\\\/web\\\/\",\"name\":\"Fm Gente\",\"description\":\"- Jes\u00fas Mar\u00eda\",\"publisher\":{\"@id\":\"https:\\\/\\\/fmgente.com.ar\\\/web\\\/#organization\"},\"potentialAction\":[{\"@type\":\"SearchAction\",\"target\":{\"@type\":\"EntryPoint\",\"urlTemplate\":\"https:\\\/\\\/fmgente.com.ar\\\/web\\\/?s={search_term_string}\"},\"query-input\":{\"@type\":\"PropertyValueSpecification\",\"valueRequired\":true,\"valueName\":\"search_term_string\"}}],\"inLanguage\":\"es\"},{\"@type\":\"Organization\",\"@id\":\"https:\\\/\\\/fmgente.com.ar\\\/web\\\/#organization\",\"name\":\"Fm Gente\",\"url\":\"https:\\\/\\\/fmgente.com.ar\\\/web\\\/\",\"logo\":{\"@type\":\"ImageObject\",\"inLanguage\":\"es\",\"@id\":\"https:\\\/\\\/fmgente.com.ar\\\/web\\\/#\\\/schema\\\/logo\\\/image\\\/\",\"url\":\"https:\\\/\\\/fmgente.com.ar\\\/web\\\/wp-content\\\/uploads\\\/2023\\\/07\\\/cropped-cropped-logo-sombra2.png\",\"contentUrl\":\"https:\\\/\\\/fmgente.com.ar\\\/web\\\/wp-content\\\/uploads\\\/2023\\\/07\\\/cropped-cropped-logo-sombra2.png\",\"width\":1782,\"height\":1782,\"caption\":\"Fm Gente\"},\"image\":{\"@id\":\"https:\\\/\\\/fmgente.com.ar\\\/web\\\/#\\\/schema\\\/logo\\\/image\\\/\"}},{\"@type\":\"Person\",\"@id\":\"https:\\\/\\\/fmgente.com.ar\\\/web\\\/#\\\/schema\\\/person\\\/ba03fa75c17effdaafbd6daa1d78c508\",\"name\":\"Adri\u00e1n Hern\u00e1ndez\",\"url\":\"https:\\\/\\\/fmgente.com.ar\\\/web\\\/author\\\/c1601891\\\/\"}]}<\/script>\n<!-- \/ Yoast SEO plugin. -->","yoast_head_json":{"title":"Dieron a conocer los resultados de C\u00f3rdoba en PISA 2022 - Fm Gente","robots":{"index":"index","follow":"follow","max-snippet":"max-snippet:-1","max-image-preview":"max-image-preview:large","max-video-preview":"max-video-preview:-1"},"canonical":"https:\/\/fmgente.com.ar\/web\/dieron-a-conocer-los-resultados-de-cordoba-en-pisa-2022\/","og_locale":"es_ES","og_type":"article","og_title":"Dieron a conocer los resultados de C\u00f3rdoba en PISA 2022 - Fm Gente","og_description":"La Organizaci\u00f3n para la Cooperaci\u00f3n y Desarrollo Econ\u00f3mico (ODCE) dio a conocer hoy los resultados","og_url":"https:\/\/fmgente.com.ar\/web\/dieron-a-conocer-los-resultados-de-cordoba-en-pisa-2022\/","og_site_name":"Fm Gente","article_published_time":"2023-12-06T08:48:21+00:00","og_image":[{"width":624,"height":414,"url":"https:\/\/fmgente.com.ar\/web\/wp-content\/uploads\/2023\/12\/Primeras-Olimpiadas-Matematicas-2.jpeg","type":"image\/jpeg"}],"author":"Adri\u00e1n Hern\u00e1ndez","twitter_card":"summary_large_image","twitter_misc":{"Escrito por":"Adri\u00e1n Hern\u00e1ndez","Tiempo de lectura":"5 minutos"},"schema":{"@context":"https:\/\/schema.org","@graph":[{"@type":"Article","@id":"https:\/\/fmgente.com.ar\/web\/dieron-a-conocer-los-resultados-de-cordoba-en-pisa-2022\/#article","isPartOf":{"@id":"https:\/\/fmgente.com.ar\/web\/dieron-a-conocer-los-resultados-de-cordoba-en-pisa-2022\/"},"author":{"name":"Adri\u00e1n Hern\u00e1ndez","@id":"https:\/\/fmgente.com.ar\/web\/#\/schema\/person\/ba03fa75c17effdaafbd6daa1d78c508"},"headline":"Dieron a conocer los resultados de C\u00f3rdoba en PISA 2022","datePublished":"2023-12-06T08:48:21+00:00","mainEntityOfPage":{"@id":"https:\/\/fmgente.com.ar\/web\/dieron-a-conocer-los-resultados-de-cordoba-en-pisa-2022\/"},"wordCount":801,"publisher":{"@id":"https:\/\/fmgente.com.ar\/web\/#organization"},"image":{"@id":"https:\/\/fmgente.com.ar\/web\/dieron-a-conocer-los-resultados-de-cordoba-en-pisa-2022\/#primaryimage"},"thumbnailUrl":"https:\/\/fmgente.com.ar\/web\/wp-content\/uploads\/2023\/12\/Primeras-Olimpiadas-Matematicas-2.jpeg","keywords":["ciencia","competencia","desarrollo econ\u00f3mico","desempe\u00f1o promedio","estudiantes","lectura","matem\u00e1ticas","PISA 2022","Provincia de C\u00f3rdoba","resultados"],"articleSection":["DESTACADAS"],"inLanguage":"es"},{"@type":"WebPage","@id":"https:\/\/fmgente.com.ar\/web\/dieron-a-conocer-los-resultados-de-cordoba-en-pisa-2022\/","url":"https:\/\/fmgente.com.ar\/web\/dieron-a-conocer-los-resultados-de-cordoba-en-pisa-2022\/","name":"Dieron a conocer los resultados de C\u00f3rdoba en PISA 2022 - Fm Gente","isPartOf":{"@id":"https:\/\/fmgente.com.ar\/web\/#website"},"primaryImageOfPage":{"@id":"https:\/\/fmgente.com.ar\/web\/dieron-a-conocer-los-resultados-de-cordoba-en-pisa-2022\/#primaryimage"},"image":{"@id":"https:\/\/fmgente.com.ar\/web\/dieron-a-conocer-los-resultados-de-cordoba-en-pisa-2022\/#primaryimage"},"thumbnailUrl":"https:\/\/fmgente.com.ar\/web\/wp-content\/uploads\/2023\/12\/Primeras-Olimpiadas-Matematicas-2.jpeg","datePublished":"2023-12-06T08:48:21+00:00","inLanguage":"es","potentialAction":[{"@type":"ReadAction","target":["https:\/\/fmgente.com.ar\/web\/dieron-a-conocer-los-resultados-de-cordoba-en-pisa-2022\/"]}]},{"@type":"ImageObject","inLanguage":"es","@id":"https:\/\/fmgente.com.ar\/web\/dieron-a-conocer-los-resultados-de-cordoba-en-pisa-2022\/#primaryimage","url":"https:\/\/fmgente.com.ar\/web\/wp-content\/uploads\/2023\/12\/Primeras-Olimpiadas-Matematicas-2.jpeg","contentUrl":"https:\/\/fmgente.com.ar\/web\/wp-content\/uploads\/2023\/12\/Primeras-Olimpiadas-Matematicas-2.jpeg","width":624,"height":414},{"@type":"WebSite","@id":"https:\/\/fmgente.com.ar\/web\/#website","url":"https:\/\/fmgente.com.ar\/web\/","name":"Fm Gente","description":"- Jes\u00fas Mar\u00eda","publisher":{"@id":"https:\/\/fmgente.com.ar\/web\/#organization"},"potentialAction":[{"@type":"SearchAction","target":{"@type":"EntryPoint","urlTemplate":"https:\/\/fmgente.com.ar\/web\/?s={search_term_string}"},"query-input":{"@type":"PropertyValueSpecification","valueRequired":true,"valueName":"search_term_string"}}],"inLanguage":"es"},{"@type":"Organization","@id":"https:\/\/fmgente.com.ar\/web\/#organization","name":"Fm Gente","url":"https:\/\/fmgente.com.ar\/web\/","logo":{"@type":"ImageObject","inLanguage":"es","@id":"https:\/\/fmgente.com.ar\/web\/#\/schema\/logo\/image\/","url":"https:\/\/fmgente.com.ar\/web\/wp-content\/uploads\/2023\/07\/cropped-cropped-logo-sombra2.png","contentUrl":"https:\/\/fmgente.com.ar\/web\/wp-content\/uploads\/2023\/07\/cropped-cropped-logo-sombra2.png","width":1782,"height":1782,"caption":"Fm Gente"},"image":{"@id":"https:\/\/fmgente.com.ar\/web\/#\/schema\/logo\/image\/"}},{"@type":"Person","@id":"https:\/\/fmgente.com.ar\/web\/#\/schema\/person\/ba03fa75c17effdaafbd6daa1d78c508","name":"Adri\u00e1n Hern\u00e1ndez","url":"https:\/\/fmgente.com.ar\/web\/author\/c1601891\/"}]}},"_links":{"self":[{"href":"https:\/\/fmgente.com.ar\/web\/wp-json\/wp\/v2\/posts\/1192","targetHints":{"allow":["GET"]}}],"collection":[{"href":"https:\/\/fmgente.com.ar\/web\/wp-json\/wp\/v2\/posts"}],"about":[{"href":"https:\/\/fmgente.com.ar\/web\/wp-json\/wp\/v2\/types\/post"}],"author":[{"embeddable":true,"href":"https:\/\/fmgente.com.ar\/web\/wp-json\/wp\/v2\/users\/2"}],"replies":[{"embeddable":true,"href":"https:\/\/fmgente.com.ar\/web\/wp-json\/wp\/v2\/comments?post=1192"}],"version-history":[{"count":1,"href":"https:\/\/fmgente.com.ar\/web\/wp-json\/wp\/v2\/posts\/1192\/revisions"}],"predecessor-version":[{"id":1194,"href":"https:\/\/fmgente.com.ar\/web\/wp-json\/wp\/v2\/posts\/1192\/revisions\/1194"}],"wp:featuredmedia":[{"embeddable":true,"href":"https:\/\/fmgente.com.ar\/web\/wp-json\/wp\/v2\/media\/1193"}],"wp:attachment":[{"href":"https:\/\/fmgente.com.ar\/web\/wp-json\/wp\/v2\/media?parent=1192"}],"wp:term":[{"taxonomy":"category","embeddable":true,"href":"https:\/\/fmgente.com.ar\/web\/wp-json\/wp\/v2\/categories?post=1192"},{"taxonomy":"post_tag","embeddable":true,"href":"https:\/\/fmgente.com.ar\/web\/wp-json\/wp\/v2\/tags?post=1192"}],"curies":[{"name":"wp","href":"https:\/\/api.w.org\/{rel}","templated":true}]}}