{"id":1189,"date":"2023-12-06T05:43:31","date_gmt":"2023-12-06T08:43:31","guid":{"rendered":"https:\/\/fmgente.com.ar\/?p=1189"},"modified":"2023-12-06T05:43:31","modified_gmt":"2023-12-06T08:43:31","slug":"impulsaran-el-uso-de-biocombustibles-en-el-rally-provincial","status":"publish","type":"post","link":"https:\/\/fmgente.com.ar\/web\/impulsaran-el-uso-de-biocombustibles-en-el-rally-provincial\/","title":{"rendered":"Impulsar\u00e1n el uso de biocombustibles en el rally provincial"},"content":{"rendered":"<article id=\"post-578756\" class=\"post-578756 post type-post status-publish format-standard has-post-thumbnail hentry category-informacion-general ast-article-single\">\n<div class=\"ast-post-format- single-layout-1\">\n<div class=\"entry-content clear\">\n<p>El ministro de\u00a0<strong>Servicios P\u00fablicos<\/strong>, Fabi\u00e1n L\u00f3pez junto al titular de la\u00a0<strong>Agencia C\u00f3rdoba Deportes<\/strong>, H\u00e9ctor Campana; el presidente de la Asociaci\u00f3n civil cordobesa organizadora de rally provincial, Gustavo Beccaria, \u00a0y el representante de Oreste Berta, Francisco Mart\u00ednez, suscribieron un convenio para la\u00a0<strong>promoci\u00f3n y uso de combustibles con mayor corte de biocombustibles<\/strong>\u00a0al establecido como obligatorio en nuestro pa\u00eds, pudiendo de este modo promover el\u00a0<strong>uso de estos combustibles verdes competencias del rally a nivel provincial.<\/strong><\/p>\n<figure class=\"wp-block-gallery has-nested-images columns-default is-cropped wp-block-gallery-1 is-layout-flex wp-block-gallery-is-layout-flex\">\n<figure class=\"wp-block-image size-large\"><img loading=\"lazy\" decoding=\"async\" class=\"wp-image-578758\" src=\"https:\/\/prensa.cba.gov.ar\/wp-content\/uploads\/2023\/12\/servicios-publicos-biocombustibles-3.jpg\" sizes=\"auto, (max-width: 990px) 100vw, 990px\" srcset=\"https:\/\/prensa.cba.gov.ar\/wp-content\/uploads\/2023\/12\/servicios-publicos-biocombustibles-3.jpg 990w, https:\/\/prensa.cba.gov.ar\/wp-content\/uploads\/2023\/12\/servicios-publicos-biocombustibles-3-300x200.jpg 300w, https:\/\/prensa.cba.gov.ar\/wp-content\/uploads\/2023\/12\/servicios-publicos-biocombustibles-3-768x512.jpg 768w\" alt=\"\" width=\"990\" height=\"660\" data-id=\"578758\" \/><\/figure>\n<figure class=\"wp-block-image size-large\"><img loading=\"lazy\" decoding=\"async\" class=\"wp-image-578760\" src=\"https:\/\/prensa.cba.gov.ar\/wp-content\/uploads\/2023\/12\/servicios-publicos-biocombustibles-1.jpg\" sizes=\"auto, (max-width: 990px) 100vw, 990px\" srcset=\"https:\/\/prensa.cba.gov.ar\/wp-content\/uploads\/2023\/12\/servicios-publicos-biocombustibles-1.jpg 990w, https:\/\/prensa.cba.gov.ar\/wp-content\/uploads\/2023\/12\/servicios-publicos-biocombustibles-1-300x200.jpg 300w, https:\/\/prensa.cba.gov.ar\/wp-content\/uploads\/2023\/12\/servicios-publicos-biocombustibles-1-768x512.jpg 768w\" alt=\"\" width=\"990\" height=\"660\" data-id=\"578760\" \/><\/figure>\n<figure class=\"wp-block-image size-large\"><img loading=\"lazy\" decoding=\"async\" class=\"wp-image-578757\" src=\"https:\/\/prensa.cba.gov.ar\/wp-content\/uploads\/2023\/12\/servicios-publicos-biocombustibles-2.jpg\" sizes=\"auto, (max-width: 990px) 100vw, 990px\" srcset=\"https:\/\/prensa.cba.gov.ar\/wp-content\/uploads\/2023\/12\/servicios-publicos-biocombustibles-2.jpg 990w, https:\/\/prensa.cba.gov.ar\/wp-content\/uploads\/2023\/12\/servicios-publicos-biocombustibles-2-300x200.jpg 300w, https:\/\/prensa.cba.gov.ar\/wp-content\/uploads\/2023\/12\/servicios-publicos-biocombustibles-2-768x512.jpg 768w\" alt=\"\" width=\"990\" height=\"660\" data-id=\"578757\" \/><\/figure>\n<\/figure>\n<p>El Ministerio de\u00a0<strong>Servicios P\u00fablicos<\/strong>\u00a0se comprometi\u00f3 a poner a disposici\u00f3n, su equipo t\u00e9cnico profesional con conocimientos en la materia, para participar de todos las capacitaciones, ensayos y elaboraci\u00f3n de los protocolos previstos; adem\u00e1s de Coordinar y asesorar respecto a los lugares para la instalaci\u00f3n, almacenaje, transporte y expendio de biocombustibles en todo el territorio provincial y verificar la habilitaci\u00f3n de los proveedores de biocombustibles, como as\u00ed tambi\u00e9n la confiabilidad, trazabilidad, calidad de los productos E17 y B20.<\/p>\n<p>Mientras que la Asociaci\u00f3n se compromete a propiciar la adhesi\u00f3n y el uso voluntario de combustibles con mayor corte de biocombustibles que el establecido como m\u00ednimo por normativa de la Secretaria de Energ\u00eda de la Naci\u00f3n, en todos los veh\u00edculos que se utilicen en las competencias automovil\u00edsticas que organice.<\/p>\n<p>Por \u00faltimo, Oreste Berta, capacitar\u00e1 a los miembros de la Asociaci\u00f3n y equipos de competici\u00f3n que intervengan en las competencias automovil\u00edsticas que \u00e9sta organice, para lograr el correcto uso de Biocombustibles, su manipulaci\u00f3n, transporte, almacenaje y expendio.<\/p>\n<p>Se espera que los pr\u00f3ximos meses otras categor\u00edas del automovilismo a nivel nacional o provincial puedan sumarse a esta iniciativa, tomando como ejemplo y referencia lo adoptado por la asociaci\u00f3n provincial de rally en C\u00f3rdoba.<\/p>\n<p><strong>Antecedentes<\/strong><\/p>\n<p>Cabe destacar que a trav\u00e9s de\u00a0<strong>ley N\u00b0 10.721<\/strong>, se declar\u00f3 de inter\u00e9s provincial la \u201cPromoci\u00f3n y Desarrollo para la Producci\u00f3n y Consumo de Biocombustibles y Bioenerg\u00eda\u201d, en miras a consolidar el proceso de transici\u00f3n energ\u00e9tica y migrar ordenadamente, de una econom\u00eda basada en combustibles f\u00f3siles, a una econom\u00eda sustentada en fuentes de energ\u00eda renovable.<\/p>\n<p>A partir de esto, el Ministerio de\u00a0<strong>Servicios P\u00fablicos<\/strong>\u00a0asiste al poder ejecutivo en todo lo inherente a la producci\u00f3n, transformaci\u00f3n, transporte, distribuci\u00f3n y comercializaci\u00f3n de energ\u00eda y dem\u00e1s recursos renovables de forma sostenible; por lo que, en vista a dichos objetivos, se ha propuesto colaborar en cuestiones referidas a la distribuci\u00f3n de biocombustibles, buscando un equilibrio y desarrollo sostenible en el territorio provincial.<\/p>\n<\/div>\n<\/div>\n<\/article>\n<p><script async src=\"https:\/\/pagead2.googlesyndication.com\/pagead\/js\/adsbygoogle.js?client=ca-pub-6190387823963118\" crossorigin=\"anonymous\"><\/script><br \/>\n<!-- publi horizontal --><br \/>\n<ins class=\"adsbygoogle\" style=\"display: block;\" data-ad-client=\"ca-pub-6190387823963118\" data-ad-slot=\"1318105772\" data-ad-format=\"auto\" data-full-width-responsive=\"true\"><\/ins><br \/>\n<script>\n     (adsbygoogle = window.adsbygoogle || []).push({});\n<\/script><\/p>\n","protected":false},"excerpt":{"rendered":"<p>El ministro de\u00a0Servicios P\u00fablicos, Fabi\u00e1n L\u00f3pez junto al titular de la\u00a0Agencia C\u00f3rdoba Deportes, H\u00e9ctor Campana;<\/p>\n","protected":false},"author":2,"featured_media":1190,"comment_status":"closed","ping_status":"closed","sticky":false,"template":"","format":"image","meta":{"footnotes":""},"categories":[11],"tags":[1048,609,1055,1057,1056],"class_list":["post-1189","post","type-post","status-publish","format-image","has-post-thumbnail","hentry","category-destacadas","tag-agencia-cordoba-deportes","tag-biocombustibles","tag-impulsan","tag-ministro-de-servicios-publicos","tag-rally-provincial","post_format-post-format-image"],"yoast_head":"<!-- This site is optimized with the Yoast SEO plugin v27.4 - https:\/\/yoast.com\/product\/yoast-seo-wordpress\/ -->\n<title>Impulsar\u00e1n el uso de biocombustibles en el rally provincial - Fm Gente<\/title>\n<meta name=\"robots\" content=\"index, follow, max-snippet:-1, max-image-preview:large, max-video-preview:-1\" \/>\n<link rel=\"canonical\" href=\"https:\/\/fmgente.com.ar\/web\/impulsaran-el-uso-de-biocombustibles-en-el-rally-provincial\/\" \/>\n<meta property=\"og:locale\" content=\"es_ES\" \/>\n<meta property=\"og:type\" content=\"article\" \/>\n<meta property=\"og:title\" content=\"Impulsar\u00e1n el uso de biocombustibles en el rally provincial - Fm Gente\" \/>\n<meta property=\"og:description\" content=\"El ministro de\u00a0Servicios P\u00fablicos, Fabi\u00e1n L\u00f3pez junto al titular de la\u00a0Agencia C\u00f3rdoba Deportes, H\u00e9ctor Campana;\" \/>\n<meta property=\"og:url\" content=\"https:\/\/fmgente.com.ar\/web\/impulsaran-el-uso-de-biocombustibles-en-el-rally-provincial\/\" \/>\n<meta property=\"og:site_name\" content=\"Fm Gente\" \/>\n<meta property=\"article:published_time\" content=\"2023-12-06T08:43:31+00:00\" \/>\n<meta property=\"og:image\" content=\"https:\/\/fmgente.com.ar\/web\/wp-content\/uploads\/2023\/12\/servicios-publicos-biocombustibles-4.jpg\" \/>\n\t<meta property=\"og:image:width\" content=\"990\" \/>\n\t<meta property=\"og:image:height\" content=\"660\" \/>\n\t<meta property=\"og:image:type\" content=\"image\/jpeg\" \/>\n<meta name=\"author\" content=\"Adri\u00e1n Hern\u00e1ndez\" \/>\n<meta name=\"twitter:card\" content=\"summary_large_image\" \/>\n<meta name=\"twitter:label1\" content=\"Escrito por\" \/>\n\t<meta name=\"twitter:data1\" content=\"Adri\u00e1n Hern\u00e1ndez\" \/>\n\t<meta name=\"twitter:label2\" content=\"Tiempo de lectura\" \/>\n\t<meta name=\"twitter:data2\" content=\"3 minutos\" \/>\n<script type=\"application\/ld+json\" class=\"yoast-schema-graph\">{\"@context\":\"https:\\\/\\\/schema.org\",\"@graph\":[{\"@type\":\"Article\",\"@id\":\"https:\\\/\\\/fmgente.com.ar\\\/web\\\/impulsaran-el-uso-de-biocombustibles-en-el-rally-provincial\\\/#article\",\"isPartOf\":{\"@id\":\"https:\\\/\\\/fmgente.com.ar\\\/web\\\/impulsaran-el-uso-de-biocombustibles-en-el-rally-provincial\\\/\"},\"author\":{\"name\":\"Adri\u00e1n Hern\u00e1ndez\",\"@id\":\"https:\\\/\\\/fmgente.com.ar\\\/web\\\/#\\\/schema\\\/person\\\/ba03fa75c17effdaafbd6daa1d78c508\"},\"headline\":\"Impulsar\u00e1n el uso de biocombustibles en el rally provincial\",\"datePublished\":\"2023-12-06T08:43:31+00:00\",\"mainEntityOfPage\":{\"@id\":\"https:\\\/\\\/fmgente.com.ar\\\/web\\\/impulsaran-el-uso-de-biocombustibles-en-el-rally-provincial\\\/\"},\"wordCount\":456,\"publisher\":{\"@id\":\"https:\\\/\\\/fmgente.com.ar\\\/web\\\/#organization\"},\"image\":{\"@id\":\"https:\\\/\\\/fmgente.com.ar\\\/web\\\/impulsaran-el-uso-de-biocombustibles-en-el-rally-provincial\\\/#primaryimage\"},\"thumbnailUrl\":\"https:\\\/\\\/fmgente.com.ar\\\/web\\\/wp-content\\\/uploads\\\/2023\\\/12\\\/servicios-publicos-biocombustibles-4.jpg\",\"keywords\":[\"Agencia C\u00f3rdoba Deportes\",\"biocombustibles\",\"impulsan\",\"ministro de servicios p\u00fablicos\",\"rally provincial\"],\"articleSection\":[\"DESTACADAS\"],\"inLanguage\":\"es\"},{\"@type\":\"WebPage\",\"@id\":\"https:\\\/\\\/fmgente.com.ar\\\/web\\\/impulsaran-el-uso-de-biocombustibles-en-el-rally-provincial\\\/\",\"url\":\"https:\\\/\\\/fmgente.com.ar\\\/web\\\/impulsaran-el-uso-de-biocombustibles-en-el-rally-provincial\\\/\",\"name\":\"Impulsar\u00e1n el uso de biocombustibles en el rally provincial - Fm Gente\",\"isPartOf\":{\"@id\":\"https:\\\/\\\/fmgente.com.ar\\\/web\\\/#website\"},\"primaryImageOfPage\":{\"@id\":\"https:\\\/\\\/fmgente.com.ar\\\/web\\\/impulsaran-el-uso-de-biocombustibles-en-el-rally-provincial\\\/#primaryimage\"},\"image\":{\"@id\":\"https:\\\/\\\/fmgente.com.ar\\\/web\\\/impulsaran-el-uso-de-biocombustibles-en-el-rally-provincial\\\/#primaryimage\"},\"thumbnailUrl\":\"https:\\\/\\\/fmgente.com.ar\\\/web\\\/wp-content\\\/uploads\\\/2023\\\/12\\\/servicios-publicos-biocombustibles-4.jpg\",\"datePublished\":\"2023-12-06T08:43:31+00:00\",\"inLanguage\":\"es\",\"potentialAction\":[{\"@type\":\"ReadAction\",\"target\":[\"https:\\\/\\\/fmgente.com.ar\\\/web\\\/impulsaran-el-uso-de-biocombustibles-en-el-rally-provincial\\\/\"]}]},{\"@type\":\"ImageObject\",\"inLanguage\":\"es\",\"@id\":\"https:\\\/\\\/fmgente.com.ar\\\/web\\\/impulsaran-el-uso-de-biocombustibles-en-el-rally-provincial\\\/#primaryimage\",\"url\":\"https:\\\/\\\/fmgente.com.ar\\\/web\\\/wp-content\\\/uploads\\\/2023\\\/12\\\/servicios-publicos-biocombustibles-4.jpg\",\"contentUrl\":\"https:\\\/\\\/fmgente.com.ar\\\/web\\\/wp-content\\\/uploads\\\/2023\\\/12\\\/servicios-publicos-biocombustibles-4.jpg\",\"width\":990,\"height\":660},{\"@type\":\"WebSite\",\"@id\":\"https:\\\/\\\/fmgente.com.ar\\\/web\\\/#website\",\"url\":\"https:\\\/\\\/fmgente.com.ar\\\/web\\\/\",\"name\":\"Fm Gente\",\"description\":\"- Jes\u00fas Mar\u00eda\",\"publisher\":{\"@id\":\"https:\\\/\\\/fmgente.com.ar\\\/web\\\/#organization\"},\"potentialAction\":[{\"@type\":\"SearchAction\",\"target\":{\"@type\":\"EntryPoint\",\"urlTemplate\":\"https:\\\/\\\/fmgente.com.ar\\\/web\\\/?s={search_term_string}\"},\"query-input\":{\"@type\":\"PropertyValueSpecification\",\"valueRequired\":true,\"valueName\":\"search_term_string\"}}],\"inLanguage\":\"es\"},{\"@type\":\"Organization\",\"@id\":\"https:\\\/\\\/fmgente.com.ar\\\/web\\\/#organization\",\"name\":\"Fm Gente\",\"url\":\"https:\\\/\\\/fmgente.com.ar\\\/web\\\/\",\"logo\":{\"@type\":\"ImageObject\",\"inLanguage\":\"es\",\"@id\":\"https:\\\/\\\/fmgente.com.ar\\\/web\\\/#\\\/schema\\\/logo\\\/image\\\/\",\"url\":\"https:\\\/\\\/fmgente.com.ar\\\/web\\\/wp-content\\\/uploads\\\/2023\\\/07\\\/cropped-cropped-logo-sombra2.png\",\"contentUrl\":\"https:\\\/\\\/fmgente.com.ar\\\/web\\\/wp-content\\\/uploads\\\/2023\\\/07\\\/cropped-cropped-logo-sombra2.png\",\"width\":1782,\"height\":1782,\"caption\":\"Fm Gente\"},\"image\":{\"@id\":\"https:\\\/\\\/fmgente.com.ar\\\/web\\\/#\\\/schema\\\/logo\\\/image\\\/\"}},{\"@type\":\"Person\",\"@id\":\"https:\\\/\\\/fmgente.com.ar\\\/web\\\/#\\\/schema\\\/person\\\/ba03fa75c17effdaafbd6daa1d78c508\",\"name\":\"Adri\u00e1n Hern\u00e1ndez\",\"url\":\"https:\\\/\\\/fmgente.com.ar\\\/web\\\/author\\\/c1601891\\\/\"}]}<\/script>\n<!-- \/ Yoast SEO plugin. -->","yoast_head_json":{"title":"Impulsar\u00e1n el uso de biocombustibles en el rally provincial - Fm Gente","robots":{"index":"index","follow":"follow","max-snippet":"max-snippet:-1","max-image-preview":"max-image-preview:large","max-video-preview":"max-video-preview:-1"},"canonical":"https:\/\/fmgente.com.ar\/web\/impulsaran-el-uso-de-biocombustibles-en-el-rally-provincial\/","og_locale":"es_ES","og_type":"article","og_title":"Impulsar\u00e1n el uso de biocombustibles en el rally provincial - Fm Gente","og_description":"El ministro de\u00a0Servicios P\u00fablicos, Fabi\u00e1n L\u00f3pez junto al titular de la\u00a0Agencia C\u00f3rdoba Deportes, H\u00e9ctor Campana;","og_url":"https:\/\/fmgente.com.ar\/web\/impulsaran-el-uso-de-biocombustibles-en-el-rally-provincial\/","og_site_name":"Fm Gente","article_published_time":"2023-12-06T08:43:31+00:00","og_image":[{"width":990,"height":660,"url":"https:\/\/fmgente.com.ar\/web\/wp-content\/uploads\/2023\/12\/servicios-publicos-biocombustibles-4.jpg","type":"image\/jpeg"}],"author":"Adri\u00e1n Hern\u00e1ndez","twitter_card":"summary_large_image","twitter_misc":{"Escrito por":"Adri\u00e1n Hern\u00e1ndez","Tiempo de lectura":"3 minutos"},"schema":{"@context":"https:\/\/schema.org","@graph":[{"@type":"Article","@id":"https:\/\/fmgente.com.ar\/web\/impulsaran-el-uso-de-biocombustibles-en-el-rally-provincial\/#article","isPartOf":{"@id":"https:\/\/fmgente.com.ar\/web\/impulsaran-el-uso-de-biocombustibles-en-el-rally-provincial\/"},"author":{"name":"Adri\u00e1n Hern\u00e1ndez","@id":"https:\/\/fmgente.com.ar\/web\/#\/schema\/person\/ba03fa75c17effdaafbd6daa1d78c508"},"headline":"Impulsar\u00e1n el uso de biocombustibles en el rally provincial","datePublished":"2023-12-06T08:43:31+00:00","mainEntityOfPage":{"@id":"https:\/\/fmgente.com.ar\/web\/impulsaran-el-uso-de-biocombustibles-en-el-rally-provincial\/"},"wordCount":456,"publisher":{"@id":"https:\/\/fmgente.com.ar\/web\/#organization"},"image":{"@id":"https:\/\/fmgente.com.ar\/web\/impulsaran-el-uso-de-biocombustibles-en-el-rally-provincial\/#primaryimage"},"thumbnailUrl":"https:\/\/fmgente.com.ar\/web\/wp-content\/uploads\/2023\/12\/servicios-publicos-biocombustibles-4.jpg","keywords":["Agencia C\u00f3rdoba Deportes","biocombustibles","impulsan","ministro de servicios p\u00fablicos","rally provincial"],"articleSection":["DESTACADAS"],"inLanguage":"es"},{"@type":"WebPage","@id":"https:\/\/fmgente.com.ar\/web\/impulsaran-el-uso-de-biocombustibles-en-el-rally-provincial\/","url":"https:\/\/fmgente.com.ar\/web\/impulsaran-el-uso-de-biocombustibles-en-el-rally-provincial\/","name":"Impulsar\u00e1n el uso de biocombustibles en el rally provincial - Fm Gente","isPartOf":{"@id":"https:\/\/fmgente.com.ar\/web\/#website"},"primaryImageOfPage":{"@id":"https:\/\/fmgente.com.ar\/web\/impulsaran-el-uso-de-biocombustibles-en-el-rally-provincial\/#primaryimage"},"image":{"@id":"https:\/\/fmgente.com.ar\/web\/impulsaran-el-uso-de-biocombustibles-en-el-rally-provincial\/#primaryimage"},"thumbnailUrl":"https:\/\/fmgente.com.ar\/web\/wp-content\/uploads\/2023\/12\/servicios-publicos-biocombustibles-4.jpg","datePublished":"2023-12-06T08:43:31+00:00","inLanguage":"es","potentialAction":[{"@type":"ReadAction","target":["https:\/\/fmgente.com.ar\/web\/impulsaran-el-uso-de-biocombustibles-en-el-rally-provincial\/"]}]},{"@type":"ImageObject","inLanguage":"es","@id":"https:\/\/fmgente.com.ar\/web\/impulsaran-el-uso-de-biocombustibles-en-el-rally-provincial\/#primaryimage","url":"https:\/\/fmgente.com.ar\/web\/wp-content\/uploads\/2023\/12\/servicios-publicos-biocombustibles-4.jpg","contentUrl":"https:\/\/fmgente.com.ar\/web\/wp-content\/uploads\/2023\/12\/servicios-publicos-biocombustibles-4.jpg","width":990,"height":660},{"@type":"WebSite","@id":"https:\/\/fmgente.com.ar\/web\/#website","url":"https:\/\/fmgente.com.ar\/web\/","name":"Fm Gente","description":"- Jes\u00fas Mar\u00eda","publisher":{"@id":"https:\/\/fmgente.com.ar\/web\/#organization"},"potentialAction":[{"@type":"SearchAction","target":{"@type":"EntryPoint","urlTemplate":"https:\/\/fmgente.com.ar\/web\/?s={search_term_string}"},"query-input":{"@type":"PropertyValueSpecification","valueRequired":true,"valueName":"search_term_string"}}],"inLanguage":"es"},{"@type":"Organization","@id":"https:\/\/fmgente.com.ar\/web\/#organization","name":"Fm Gente","url":"https:\/\/fmgente.com.ar\/web\/","logo":{"@type":"ImageObject","inLanguage":"es","@id":"https:\/\/fmgente.com.ar\/web\/#\/schema\/logo\/image\/","url":"https:\/\/fmgente.com.ar\/web\/wp-content\/uploads\/2023\/07\/cropped-cropped-logo-sombra2.png","contentUrl":"https:\/\/fmgente.com.ar\/web\/wp-content\/uploads\/2023\/07\/cropped-cropped-logo-sombra2.png","width":1782,"height":1782,"caption":"Fm Gente"},"image":{"@id":"https:\/\/fmgente.com.ar\/web\/#\/schema\/logo\/image\/"}},{"@type":"Person","@id":"https:\/\/fmgente.com.ar\/web\/#\/schema\/person\/ba03fa75c17effdaafbd6daa1d78c508","name":"Adri\u00e1n Hern\u00e1ndez","url":"https:\/\/fmgente.com.ar\/web\/author\/c1601891\/"}]}},"_links":{"self":[{"href":"https:\/\/fmgente.com.ar\/web\/wp-json\/wp\/v2\/posts\/1189","targetHints":{"allow":["GET"]}}],"collection":[{"href":"https:\/\/fmgente.com.ar\/web\/wp-json\/wp\/v2\/posts"}],"about":[{"href":"https:\/\/fmgente.com.ar\/web\/wp-json\/wp\/v2\/types\/post"}],"author":[{"embeddable":true,"href":"https:\/\/fmgente.com.ar\/web\/wp-json\/wp\/v2\/users\/2"}],"replies":[{"embeddable":true,"href":"https:\/\/fmgente.com.ar\/web\/wp-json\/wp\/v2\/comments?post=1189"}],"version-history":[{"count":1,"href":"https:\/\/fmgente.com.ar\/web\/wp-json\/wp\/v2\/posts\/1189\/revisions"}],"predecessor-version":[{"id":1191,"href":"https:\/\/fmgente.com.ar\/web\/wp-json\/wp\/v2\/posts\/1189\/revisions\/1191"}],"wp:featuredmedia":[{"embeddable":true,"href":"https:\/\/fmgente.com.ar\/web\/wp-json\/wp\/v2\/media\/1190"}],"wp:attachment":[{"href":"https:\/\/fmgente.com.ar\/web\/wp-json\/wp\/v2\/media?parent=1189"}],"wp:term":[{"taxonomy":"category","embeddable":true,"href":"https:\/\/fmgente.com.ar\/web\/wp-json\/wp\/v2\/categories?post=1189"},{"taxonomy":"post_tag","embeddable":true,"href":"https:\/\/fmgente.com.ar\/web\/wp-json\/wp\/v2\/tags?post=1189"}],"curies":[{"name":"wp","href":"https:\/\/api.w.org\/{rel}","templated":true}]}}