{"id":1186,"date":"2023-12-06T05:38:56","date_gmt":"2023-12-06T08:38:56","guid":{"rendered":"https:\/\/fmgente.com.ar\/?p=1186"},"modified":"2023-12-06T05:40:05","modified_gmt":"2023-12-06T08:40:05","slug":"el-gobernador-se-despidio-de-la-prensa-a-horas-de-concluir-su-gestion","status":"publish","type":"post","link":"https:\/\/fmgente.com.ar\/web\/el-gobernador-se-despidio-de-la-prensa-a-horas-de-concluir-su-gestion\/","title":{"rendered":"El gobernador se despidi\u00f3 de la prensa a horas de concluir su gesti\u00f3n"},"content":{"rendered":"<article id=\"post-578835\" class=\"post-578835 post type-post status-publish format-standard has-post-thumbnail hentry category-informacion-general ast-article-single\">\n<div class=\"ast-post-format- single-layout-1\">\n<div class=\"entry-content clear\">\n<p>A d\u00edas de finalizar su mandato, el gobernador Juan Schiaretti reuni\u00f3 en el Centro C\u00edvico a representantes de todos los medios de la Provincia para despedirse de los periodistas y agradecer la labor que desarrollan.<\/p>\n<p>Asegur\u00f3 que siente orgullo del trabajo de la prensa.\u00a0<em>\u201cA lo largo de todos estos a\u00f1os, as\u00ed como siempre he sostenido que uno de los pilares del sostenimiento del sistema democr\u00e1tico es la libertad de prensa, he visto con la objetividad que tratan los temas \u201c,\u00a0<\/em>dijo.<\/p>\n<figure class=\"wp-block-image aligncenter size-full is-resized\"><img loading=\"lazy\" decoding=\"async\" class=\"wp-image-578838\" src=\"https:\/\/prensa.cba.gov.ar\/wp-content\/uploads\/2023\/12\/DSC_9578.jpg\" sizes=\"auto, (max-width: 993px) 100vw, 993px\" srcset=\"https:\/\/prensa.cba.gov.ar\/wp-content\/uploads\/2023\/12\/DSC_9578.jpg 993w, https:\/\/prensa.cba.gov.ar\/wp-content\/uploads\/2023\/12\/DSC_9578-300x200.jpg 300w, https:\/\/prensa.cba.gov.ar\/wp-content\/uploads\/2023\/12\/DSC_9578-768x512.jpg 768w\" alt=\"\" width=\"993\" height=\"662\" \/><\/figure>\n<p>Consider\u00f3 Schiaretti que esa es una caracter\u00edstica digna de elogio porque\u00a0<em>\u201cnadie es imparcial en la vida; todos tenemos nuestra manera de ver las cosas, pero lo importante es que haya objetividad y habi\u00e9ndola se ayuda a cuidar el sistema democr\u00e1tico\u201d.<\/em><\/p>\n<p>En otro pasaje del mensaje record\u00f3 que\u00a0<em>\u201csiempre he sentido orgullo de c\u00f3mo los periodistas de C\u00f3rdoba, en toda la geograf\u00eda provincial, cuidan el sistema democr\u00e1tico y eso es algo que tambi\u00e9n hace al ADN de los cordobeses\u201d.<\/em><\/p>\n<figure class=\"wp-block-image aligncenter size-full is-resized\"><img loading=\"lazy\" decoding=\"async\" class=\"wp-image-578836\" src=\"https:\/\/prensa.cba.gov.ar\/wp-content\/uploads\/2023\/12\/DSC_9588.jpg\" sizes=\"auto, (max-width: 993px) 100vw, 993px\" srcset=\"https:\/\/prensa.cba.gov.ar\/wp-content\/uploads\/2023\/12\/DSC_9588.jpg 993w, https:\/\/prensa.cba.gov.ar\/wp-content\/uploads\/2023\/12\/DSC_9588-300x200.jpg 300w, https:\/\/prensa.cba.gov.ar\/wp-content\/uploads\/2023\/12\/DSC_9588-768x512.jpg 768w\" alt=\"\" width=\"993\" height=\"662\" \/><\/figure>\n<p>A\u00f1adi\u00f3 que esa circunstancia es palpable\u00a0<em>\u201cen la manera de c\u00f3mo se expresa nuestra prensa m\u00e1s all\u00e1 de las posiciones que tenga cada uno; y eso es bueno porque ayuda a cuidar la convivencia\u201d.<\/em><\/p>\n<p>Adem\u00e1s de insistir en la excelencia de una prensa objetiva, agradeci\u00f3 especialmente el tratamiento que recibi\u00f3 a lo largo de toda su carrera pol\u00edtica.<\/p>\n<p>Ponder\u00f3, en ese sentido,\u00a0<em>\u201cel buen trato y el respeto que han tenido hacia mi persona siempre, en los a\u00f1os que me toc\u00f3 ser gobernador, vice, ministro o cualquier otra funci\u00f3n he sido tratado con respeto y con cari\u00f1o\u201d.<\/em><\/p>\n<figure class=\"wp-block-gallery has-nested-images columns-default is-cropped wp-block-gallery-1 is-layout-flex wp-block-gallery-is-layout-flex\">\n<figure class=\"wp-block-image size-large\"><img loading=\"lazy\" decoding=\"async\" class=\"wp-image-578840\" src=\"https:\/\/prensa.cba.gov.ar\/wp-content\/uploads\/2023\/12\/DSC_9516.jpg\" sizes=\"auto, (max-width: 993px) 100vw, 993px\" srcset=\"https:\/\/prensa.cba.gov.ar\/wp-content\/uploads\/2023\/12\/DSC_9516.jpg 993w, https:\/\/prensa.cba.gov.ar\/wp-content\/uploads\/2023\/12\/DSC_9516-300x200.jpg 300w, https:\/\/prensa.cba.gov.ar\/wp-content\/uploads\/2023\/12\/DSC_9516-768x512.jpg 768w\" alt=\"\" width=\"993\" height=\"662\" data-id=\"578840\" \/><\/figure>\n<figure class=\"wp-block-image size-large\"><img loading=\"lazy\" decoding=\"async\" class=\"wp-image-578841\" src=\"https:\/\/prensa.cba.gov.ar\/wp-content\/uploads\/2023\/12\/DSC_9527.jpg\" sizes=\"auto, (max-width: 993px) 100vw, 993px\" srcset=\"https:\/\/prensa.cba.gov.ar\/wp-content\/uploads\/2023\/12\/DSC_9527.jpg 993w, https:\/\/prensa.cba.gov.ar\/wp-content\/uploads\/2023\/12\/DSC_9527-300x200.jpg 300w, https:\/\/prensa.cba.gov.ar\/wp-content\/uploads\/2023\/12\/DSC_9527-768x512.jpg 768w\" alt=\"\" width=\"993\" height=\"662\" data-id=\"578841\" \/><\/figure>\n<\/figure>\n<p>Schiaretti se\u00f1al\u00f3 adem\u00e1s que los periodistas\u00a0<em>\u201cson tambi\u00e9n la expresi\u00f3n de lo que produce el convivir en democracia y de lo que somos capaces de hacer los cordobeses, porque aqu\u00ed est\u00e1n reunidos periodistas que pueden tener distintas miradas sobre la realidad, pero lo importante es que podemos pensar distinto, pero somos capaces de trabajar juntos\u201d.<\/em><\/p>\n<p>Al t\u00e9rmino de su alocuci\u00f3n, dijo el gobernador:\u00a0<em>\u201cLes\u00a0 agradezco su actitud, los felicito por su trabajo, les deseo lo mejor y espero que\u00a0ustedes y sus seres queridos tengan\u00a0 una feliz navidad y nochebuena y un mejor a\u00f1o\u00a0 2024, como nos merecemos todos los cordobeses\u201d.<\/em><\/p>\n<p>&nbsp;<\/p>\n<\/div>\n<\/div>\n<\/article>\n<p><script async src=\"https:\/\/pagead2.googlesyndication.com\/pagead\/js\/adsbygoogle.js?client=ca-pub-6190387823963118\" crossorigin=\"anonymous\"><\/script><br \/>\n<!-- publi horizontal --><br \/>\n<ins class=\"adsbygoogle\" style=\"display: block;\" data-ad-client=\"ca-pub-6190387823963118\" data-ad-slot=\"1318105772\" data-ad-format=\"auto\" data-full-width-responsive=\"true\"><\/ins><br \/>\n<script>\n     (adsbygoogle = window.adsbygoogle || []).push({});\n<\/script><\/p>\n","protected":false},"excerpt":{"rendered":"<p>A d\u00edas de finalizar su mandato, el gobernador Juan Schiaretti reuni\u00f3 en el Centro C\u00edvico<\/p>\n","protected":false},"author":2,"featured_media":1188,"comment_status":"closed","ping_status":"closed","sticky":false,"template":"","format":"image","meta":{"footnotes":""},"categories":[11],"tags":[1051,1054,1050,1052,1053,87],"class_list":["post-1186","post","type-post","status-publish","format-image","has-post-thumbnail","hentry","category-destacadas","tag-centro-civico","tag-final-de-mandato","tag-gobernador-de-cordoba","tag-medios","tag-periodostas","tag-scahiretti","post_format-post-format-image"],"yoast_head":"<!-- This site is optimized with the Yoast SEO plugin v27.4 - https:\/\/yoast.com\/product\/yoast-seo-wordpress\/ -->\n<title>El gobernador se despidi\u00f3 de la prensa a horas de concluir su gesti\u00f3n - Fm Gente<\/title>\n<meta name=\"robots\" content=\"index, follow, max-snippet:-1, max-image-preview:large, max-video-preview:-1\" \/>\n<link rel=\"canonical\" href=\"https:\/\/fmgente.com.ar\/web\/el-gobernador-se-despidio-de-la-prensa-a-horas-de-concluir-su-gestion\/\" \/>\n<meta property=\"og:locale\" content=\"es_ES\" \/>\n<meta property=\"og:type\" content=\"article\" \/>\n<meta property=\"og:title\" content=\"El gobernador se despidi\u00f3 de la prensa a horas de concluir su gesti\u00f3n - Fm Gente\" \/>\n<meta property=\"og:description\" content=\"A d\u00edas de finalizar su mandato, el gobernador Juan Schiaretti reuni\u00f3 en el Centro C\u00edvico\" \/>\n<meta property=\"og:url\" content=\"https:\/\/fmgente.com.ar\/web\/el-gobernador-se-despidio-de-la-prensa-a-horas-de-concluir-su-gestion\/\" \/>\n<meta property=\"og:site_name\" content=\"Fm Gente\" \/>\n<meta property=\"article:published_time\" content=\"2023-12-06T08:38:56+00:00\" \/>\n<meta property=\"article:modified_time\" content=\"2023-12-06T08:40:05+00:00\" \/>\n<meta property=\"og:image\" content=\"https:\/\/fmgente.com.ar\/web\/wp-content\/uploads\/2023\/12\/DSC_9582.jpg\" \/>\n\t<meta property=\"og:image:width\" content=\"993\" \/>\n\t<meta property=\"og:image:height\" content=\"662\" \/>\n\t<meta property=\"og:image:type\" content=\"image\/jpeg\" \/>\n<meta name=\"author\" content=\"Adri\u00e1n Hern\u00e1ndez\" \/>\n<meta name=\"twitter:card\" content=\"summary_large_image\" \/>\n<meta name=\"twitter:label1\" content=\"Escrito por\" \/>\n\t<meta name=\"twitter:data1\" content=\"Adri\u00e1n Hern\u00e1ndez\" \/>\n\t<meta name=\"twitter:label2\" content=\"Tiempo de lectura\" \/>\n\t<meta name=\"twitter:data2\" content=\"3 minutos\" \/>\n<script type=\"application\/ld+json\" class=\"yoast-schema-graph\">{\"@context\":\"https:\\\/\\\/schema.org\",\"@graph\":[{\"@type\":\"Article\",\"@id\":\"https:\\\/\\\/fmgente.com.ar\\\/web\\\/el-gobernador-se-despidio-de-la-prensa-a-horas-de-concluir-su-gestion\\\/#article\",\"isPartOf\":{\"@id\":\"https:\\\/\\\/fmgente.com.ar\\\/web\\\/el-gobernador-se-despidio-de-la-prensa-a-horas-de-concluir-su-gestion\\\/\"},\"author\":{\"name\":\"Adri\u00e1n Hern\u00e1ndez\",\"@id\":\"https:\\\/\\\/fmgente.com.ar\\\/web\\\/#\\\/schema\\\/person\\\/ba03fa75c17effdaafbd6daa1d78c508\"},\"headline\":\"El gobernador se despidi\u00f3 de la prensa a horas de concluir su gesti\u00f3n\",\"datePublished\":\"2023-12-06T08:38:56+00:00\",\"dateModified\":\"2023-12-06T08:40:05+00:00\",\"mainEntityOfPage\":{\"@id\":\"https:\\\/\\\/fmgente.com.ar\\\/web\\\/el-gobernador-se-despidio-de-la-prensa-a-horas-de-concluir-su-gestion\\\/\"},\"wordCount\":400,\"publisher\":{\"@id\":\"https:\\\/\\\/fmgente.com.ar\\\/web\\\/#organization\"},\"image\":{\"@id\":\"https:\\\/\\\/fmgente.com.ar\\\/web\\\/el-gobernador-se-despidio-de-la-prensa-a-horas-de-concluir-su-gestion\\\/#primaryimage\"},\"thumbnailUrl\":\"https:\\\/\\\/fmgente.com.ar\\\/web\\\/wp-content\\\/uploads\\\/2023\\\/12\\\/DSC_9582.jpg\",\"keywords\":[\"centro civico\",\"final de mandato\",\"Gobernador de C\u00f3rdoba\",\"medios\",\"periodostas\",\"Scahiretti\"],\"articleSection\":[\"DESTACADAS\"],\"inLanguage\":\"es\"},{\"@type\":\"WebPage\",\"@id\":\"https:\\\/\\\/fmgente.com.ar\\\/web\\\/el-gobernador-se-despidio-de-la-prensa-a-horas-de-concluir-su-gestion\\\/\",\"url\":\"https:\\\/\\\/fmgente.com.ar\\\/web\\\/el-gobernador-se-despidio-de-la-prensa-a-horas-de-concluir-su-gestion\\\/\",\"name\":\"El gobernador se despidi\u00f3 de la prensa a horas de concluir su gesti\u00f3n - Fm Gente\",\"isPartOf\":{\"@id\":\"https:\\\/\\\/fmgente.com.ar\\\/web\\\/#website\"},\"primaryImageOfPage\":{\"@id\":\"https:\\\/\\\/fmgente.com.ar\\\/web\\\/el-gobernador-se-despidio-de-la-prensa-a-horas-de-concluir-su-gestion\\\/#primaryimage\"},\"image\":{\"@id\":\"https:\\\/\\\/fmgente.com.ar\\\/web\\\/el-gobernador-se-despidio-de-la-prensa-a-horas-de-concluir-su-gestion\\\/#primaryimage\"},\"thumbnailUrl\":\"https:\\\/\\\/fmgente.com.ar\\\/web\\\/wp-content\\\/uploads\\\/2023\\\/12\\\/DSC_9582.jpg\",\"datePublished\":\"2023-12-06T08:38:56+00:00\",\"dateModified\":\"2023-12-06T08:40:05+00:00\",\"inLanguage\":\"es\",\"potentialAction\":[{\"@type\":\"ReadAction\",\"target\":[\"https:\\\/\\\/fmgente.com.ar\\\/web\\\/el-gobernador-se-despidio-de-la-prensa-a-horas-de-concluir-su-gestion\\\/\"]}]},{\"@type\":\"ImageObject\",\"inLanguage\":\"es\",\"@id\":\"https:\\\/\\\/fmgente.com.ar\\\/web\\\/el-gobernador-se-despidio-de-la-prensa-a-horas-de-concluir-su-gestion\\\/#primaryimage\",\"url\":\"https:\\\/\\\/fmgente.com.ar\\\/web\\\/wp-content\\\/uploads\\\/2023\\\/12\\\/DSC_9582.jpg\",\"contentUrl\":\"https:\\\/\\\/fmgente.com.ar\\\/web\\\/wp-content\\\/uploads\\\/2023\\\/12\\\/DSC_9582.jpg\",\"width\":993,\"height\":662},{\"@type\":\"WebSite\",\"@id\":\"https:\\\/\\\/fmgente.com.ar\\\/web\\\/#website\",\"url\":\"https:\\\/\\\/fmgente.com.ar\\\/web\\\/\",\"name\":\"Fm Gente\",\"description\":\"- Jes\u00fas Mar\u00eda\",\"publisher\":{\"@id\":\"https:\\\/\\\/fmgente.com.ar\\\/web\\\/#organization\"},\"potentialAction\":[{\"@type\":\"SearchAction\",\"target\":{\"@type\":\"EntryPoint\",\"urlTemplate\":\"https:\\\/\\\/fmgente.com.ar\\\/web\\\/?s={search_term_string}\"},\"query-input\":{\"@type\":\"PropertyValueSpecification\",\"valueRequired\":true,\"valueName\":\"search_term_string\"}}],\"inLanguage\":\"es\"},{\"@type\":\"Organization\",\"@id\":\"https:\\\/\\\/fmgente.com.ar\\\/web\\\/#organization\",\"name\":\"Fm Gente\",\"url\":\"https:\\\/\\\/fmgente.com.ar\\\/web\\\/\",\"logo\":{\"@type\":\"ImageObject\",\"inLanguage\":\"es\",\"@id\":\"https:\\\/\\\/fmgente.com.ar\\\/web\\\/#\\\/schema\\\/logo\\\/image\\\/\",\"url\":\"https:\\\/\\\/fmgente.com.ar\\\/web\\\/wp-content\\\/uploads\\\/2023\\\/07\\\/cropped-cropped-logo-sombra2.png\",\"contentUrl\":\"https:\\\/\\\/fmgente.com.ar\\\/web\\\/wp-content\\\/uploads\\\/2023\\\/07\\\/cropped-cropped-logo-sombra2.png\",\"width\":1782,\"height\":1782,\"caption\":\"Fm Gente\"},\"image\":{\"@id\":\"https:\\\/\\\/fmgente.com.ar\\\/web\\\/#\\\/schema\\\/logo\\\/image\\\/\"}},{\"@type\":\"Person\",\"@id\":\"https:\\\/\\\/fmgente.com.ar\\\/web\\\/#\\\/schema\\\/person\\\/ba03fa75c17effdaafbd6daa1d78c508\",\"name\":\"Adri\u00e1n Hern\u00e1ndez\",\"url\":\"https:\\\/\\\/fmgente.com.ar\\\/web\\\/author\\\/c1601891\\\/\"}]}<\/script>\n<!-- \/ Yoast SEO plugin. -->","yoast_head_json":{"title":"El gobernador se despidi\u00f3 de la prensa a horas de concluir su gesti\u00f3n - Fm Gente","robots":{"index":"index","follow":"follow","max-snippet":"max-snippet:-1","max-image-preview":"max-image-preview:large","max-video-preview":"max-video-preview:-1"},"canonical":"https:\/\/fmgente.com.ar\/web\/el-gobernador-se-despidio-de-la-prensa-a-horas-de-concluir-su-gestion\/","og_locale":"es_ES","og_type":"article","og_title":"El gobernador se despidi\u00f3 de la prensa a horas de concluir su gesti\u00f3n - Fm Gente","og_description":"A d\u00edas de finalizar su mandato, el gobernador Juan Schiaretti reuni\u00f3 en el Centro C\u00edvico","og_url":"https:\/\/fmgente.com.ar\/web\/el-gobernador-se-despidio-de-la-prensa-a-horas-de-concluir-su-gestion\/","og_site_name":"Fm Gente","article_published_time":"2023-12-06T08:38:56+00:00","article_modified_time":"2023-12-06T08:40:05+00:00","og_image":[{"width":993,"height":662,"url":"https:\/\/fmgente.com.ar\/web\/wp-content\/uploads\/2023\/12\/DSC_9582.jpg","type":"image\/jpeg"}],"author":"Adri\u00e1n Hern\u00e1ndez","twitter_card":"summary_large_image","twitter_misc":{"Escrito por":"Adri\u00e1n Hern\u00e1ndez","Tiempo de lectura":"3 minutos"},"schema":{"@context":"https:\/\/schema.org","@graph":[{"@type":"Article","@id":"https:\/\/fmgente.com.ar\/web\/el-gobernador-se-despidio-de-la-prensa-a-horas-de-concluir-su-gestion\/#article","isPartOf":{"@id":"https:\/\/fmgente.com.ar\/web\/el-gobernador-se-despidio-de-la-prensa-a-horas-de-concluir-su-gestion\/"},"author":{"name":"Adri\u00e1n Hern\u00e1ndez","@id":"https:\/\/fmgente.com.ar\/web\/#\/schema\/person\/ba03fa75c17effdaafbd6daa1d78c508"},"headline":"El gobernador se despidi\u00f3 de la prensa a horas de concluir su gesti\u00f3n","datePublished":"2023-12-06T08:38:56+00:00","dateModified":"2023-12-06T08:40:05+00:00","mainEntityOfPage":{"@id":"https:\/\/fmgente.com.ar\/web\/el-gobernador-se-despidio-de-la-prensa-a-horas-de-concluir-su-gestion\/"},"wordCount":400,"publisher":{"@id":"https:\/\/fmgente.com.ar\/web\/#organization"},"image":{"@id":"https:\/\/fmgente.com.ar\/web\/el-gobernador-se-despidio-de-la-prensa-a-horas-de-concluir-su-gestion\/#primaryimage"},"thumbnailUrl":"https:\/\/fmgente.com.ar\/web\/wp-content\/uploads\/2023\/12\/DSC_9582.jpg","keywords":["centro civico","final de mandato","Gobernador de C\u00f3rdoba","medios","periodostas","Scahiretti"],"articleSection":["DESTACADAS"],"inLanguage":"es"},{"@type":"WebPage","@id":"https:\/\/fmgente.com.ar\/web\/el-gobernador-se-despidio-de-la-prensa-a-horas-de-concluir-su-gestion\/","url":"https:\/\/fmgente.com.ar\/web\/el-gobernador-se-despidio-de-la-prensa-a-horas-de-concluir-su-gestion\/","name":"El gobernador se despidi\u00f3 de la prensa a horas de concluir su gesti\u00f3n - Fm Gente","isPartOf":{"@id":"https:\/\/fmgente.com.ar\/web\/#website"},"primaryImageOfPage":{"@id":"https:\/\/fmgente.com.ar\/web\/el-gobernador-se-despidio-de-la-prensa-a-horas-de-concluir-su-gestion\/#primaryimage"},"image":{"@id":"https:\/\/fmgente.com.ar\/web\/el-gobernador-se-despidio-de-la-prensa-a-horas-de-concluir-su-gestion\/#primaryimage"},"thumbnailUrl":"https:\/\/fmgente.com.ar\/web\/wp-content\/uploads\/2023\/12\/DSC_9582.jpg","datePublished":"2023-12-06T08:38:56+00:00","dateModified":"2023-12-06T08:40:05+00:00","inLanguage":"es","potentialAction":[{"@type":"ReadAction","target":["https:\/\/fmgente.com.ar\/web\/el-gobernador-se-despidio-de-la-prensa-a-horas-de-concluir-su-gestion\/"]}]},{"@type":"ImageObject","inLanguage":"es","@id":"https:\/\/fmgente.com.ar\/web\/el-gobernador-se-despidio-de-la-prensa-a-horas-de-concluir-su-gestion\/#primaryimage","url":"https:\/\/fmgente.com.ar\/web\/wp-content\/uploads\/2023\/12\/DSC_9582.jpg","contentUrl":"https:\/\/fmgente.com.ar\/web\/wp-content\/uploads\/2023\/12\/DSC_9582.jpg","width":993,"height":662},{"@type":"WebSite","@id":"https:\/\/fmgente.com.ar\/web\/#website","url":"https:\/\/fmgente.com.ar\/web\/","name":"Fm Gente","description":"- Jes\u00fas Mar\u00eda","publisher":{"@id":"https:\/\/fmgente.com.ar\/web\/#organization"},"potentialAction":[{"@type":"SearchAction","target":{"@type":"EntryPoint","urlTemplate":"https:\/\/fmgente.com.ar\/web\/?s={search_term_string}"},"query-input":{"@type":"PropertyValueSpecification","valueRequired":true,"valueName":"search_term_string"}}],"inLanguage":"es"},{"@type":"Organization","@id":"https:\/\/fmgente.com.ar\/web\/#organization","name":"Fm Gente","url":"https:\/\/fmgente.com.ar\/web\/","logo":{"@type":"ImageObject","inLanguage":"es","@id":"https:\/\/fmgente.com.ar\/web\/#\/schema\/logo\/image\/","url":"https:\/\/fmgente.com.ar\/web\/wp-content\/uploads\/2023\/07\/cropped-cropped-logo-sombra2.png","contentUrl":"https:\/\/fmgente.com.ar\/web\/wp-content\/uploads\/2023\/07\/cropped-cropped-logo-sombra2.png","width":1782,"height":1782,"caption":"Fm Gente"},"image":{"@id":"https:\/\/fmgente.com.ar\/web\/#\/schema\/logo\/image\/"}},{"@type":"Person","@id":"https:\/\/fmgente.com.ar\/web\/#\/schema\/person\/ba03fa75c17effdaafbd6daa1d78c508","name":"Adri\u00e1n Hern\u00e1ndez","url":"https:\/\/fmgente.com.ar\/web\/author\/c1601891\/"}]}},"_links":{"self":[{"href":"https:\/\/fmgente.com.ar\/web\/wp-json\/wp\/v2\/posts\/1186","targetHints":{"allow":["GET"]}}],"collection":[{"href":"https:\/\/fmgente.com.ar\/web\/wp-json\/wp\/v2\/posts"}],"about":[{"href":"https:\/\/fmgente.com.ar\/web\/wp-json\/wp\/v2\/types\/post"}],"author":[{"embeddable":true,"href":"https:\/\/fmgente.com.ar\/web\/wp-json\/wp\/v2\/users\/2"}],"replies":[{"embeddable":true,"href":"https:\/\/fmgente.com.ar\/web\/wp-json\/wp\/v2\/comments?post=1186"}],"version-history":[{"count":1,"href":"https:\/\/fmgente.com.ar\/web\/wp-json\/wp\/v2\/posts\/1186\/revisions"}],"predecessor-version":[{"id":1187,"href":"https:\/\/fmgente.com.ar\/web\/wp-json\/wp\/v2\/posts\/1186\/revisions\/1187"}],"wp:featuredmedia":[{"embeddable":true,"href":"https:\/\/fmgente.com.ar\/web\/wp-json\/wp\/v2\/media\/1188"}],"wp:attachment":[{"href":"https:\/\/fmgente.com.ar\/web\/wp-json\/wp\/v2\/media?parent=1186"}],"wp:term":[{"taxonomy":"category","embeddable":true,"href":"https:\/\/fmgente.com.ar\/web\/wp-json\/wp\/v2\/categories?post=1186"},{"taxonomy":"post_tag","embeddable":true,"href":"https:\/\/fmgente.com.ar\/web\/wp-json\/wp\/v2\/tags?post=1186"}],"curies":[{"name":"wp","href":"https:\/\/api.w.org\/{rel}","templated":true}]}}