{"id":10818,"date":"2025-11-27T14:05:34","date_gmt":"2025-11-27T17:05:34","guid":{"rendered":"https:\/\/fmgente.com.ar\/cordoba-dos-detenidas-por-utilizar-a-menores-para-la-venta-de-estupefacientes-en-barrio-ciudad-evita\/"},"modified":"2025-11-27T14:05:34","modified_gmt":"2025-11-27T17:05:34","slug":"cordoba-dos-detenidas-por-utilizar-a-menores-para-la-venta-de-estupefacientes-en-barrio-ciudad-evita","status":"publish","type":"post","link":"https:\/\/fmgente.com.ar\/web\/cordoba-dos-detenidas-por-utilizar-a-menores-para-la-venta-de-estupefacientes-en-barrio-ciudad-evita\/","title":{"rendered":"C\u00d3RDOBA: DOS DETENIDAS POR UTILIZAR A MENORES PARA LA VENTA DE ESTUPEFACIENTES EN BARRIO CIUDAD EVITA"},"content":{"rendered":"<p>Tras dos meses de investigaciones, la Fuerza Policial Antinarcotr\u00e1fico detuvo a dos mujeres mayores de edad acusadas de comercializar estupefacientes en barrio Ciudad Evita de la capital cordobesa.<\/p>\n<p>Los procedimientos se concretaron en dos viviendas ubicadas en calle P\u00fablica s\/n, luego de reiterados llamados ingresados al Centro de Denuncias An\u00f3nimas del Ministerio P\u00fablico Fiscal. Durante el operativo, fueron aprehendidas dos amigas y vecinas, de 30 y 33 a\u00f1os.<\/p>\n<p>En el interior de los domicilios, efectivos de la FPA secuestraron varias dosis de coca\u00edna y marihuana, pastillas de psicof\u00e1rmacos, una planta de cannabis sativa, una suma de $3.782.200, un autom\u00f3vil y distintos elementos utilizados para el fraccionamiento y la comercializaci\u00f3n de sustancias il\u00edcitas.<\/p>\n<p>La investigaci\u00f3n estableci\u00f3 que las detenidas utilizaban a menores de edad para la venta de drogas y que uno de los inmuebles funcionaba bajo la fachada de un kiosco, desde donde se encubr\u00eda la actividad ilegal.<\/p>\n<p>Finalmente, la Fiscal\u00eda de Lucha contra el Narcotr\u00e1fico de Tercer Turno dispuso el traslado de las aprehendidas a sede judicial conforme a lo establecido por la Ley Nacional de Estupefacientes.<\/p>\n<p><img decoding=\"async\" loading=\"lazy\" class=\"alignnone wp-image-54038\" src=\"https:\/\/www.mpfcordoba.gob.ar\/wp-content\/uploads\/2025\/11\/WhatsApp-Image-2025-11-20-at-17.38.19-874x940.jpeg\" alt=\"\" width=\"750\" height=\"806\" \/><\/p>\n<p><img decoding=\"async\" loading=\"lazy\" class=\"alignnone wp-image-54039\" src=\"https:\/\/www.mpfcordoba.gob.ar\/wp-content\/uploads\/2025\/11\/WhatsApp-Image-2025-11-20-at-17.59.34.jpeg\" alt=\"\" width=\"750\" height=\"663\" \/><\/p>\n<p><img decoding=\"async\" loading=\"lazy\" class=\"alignnone wp-image-54040\" src=\"https:\/\/www.mpfcordoba.gob.ar\/wp-content\/uploads\/2025\/11\/WhatsApp-Image-2025-11-20-at-21.50.25-940x809.jpeg\" alt=\"\" width=\"750\" height=\"646\" \/><\/p>\n","protected":false},"excerpt":{"rendered":"<p>Tras dos meses de investigaciones, la Fuerza Policial Antinarcotr\u00e1fico detuvo a dos mujeres mayores de<\/p>\n","protected":false},"author":0,"featured_media":10819,"comment_status":"","ping_status":"","sticky":false,"template":"","format":"standard","meta":{"footnotes":""},"categories":[1794],"tags":[],"class_list":["post-10818","post","type-post","status-publish","format-standard","has-post-thumbnail","hentry","category-policiales"],"yoast_head":"<!-- This site is optimized with the Yoast SEO plugin v27.4 - https:\/\/yoast.com\/product\/yoast-seo-wordpress\/ -->\n<title>C\u00d3RDOBA: DOS DETENIDAS POR UTILIZAR A MENORES PARA LA VENTA DE ESTUPEFACIENTES EN BARRIO CIUDAD EVITA - Fm Gente<\/title>\n<meta name=\"robots\" content=\"index, follow, max-snippet:-1, max-image-preview:large, max-video-preview:-1\" \/>\n<link rel=\"canonical\" href=\"https:\/\/fmgente.com.ar\/web\/cordoba-dos-detenidas-por-utilizar-a-menores-para-la-venta-de-estupefacientes-en-barrio-ciudad-evita\/\" \/>\n<meta property=\"og:locale\" content=\"es_ES\" \/>\n<meta property=\"og:type\" content=\"article\" \/>\n<meta property=\"og:title\" content=\"C\u00d3RDOBA: DOS DETENIDAS POR UTILIZAR A MENORES PARA LA VENTA DE ESTUPEFACIENTES EN BARRIO CIUDAD EVITA - Fm Gente\" \/>\n<meta property=\"og:description\" content=\"Tras dos meses de investigaciones, la Fuerza Policial Antinarcotr\u00e1fico detuvo a dos mujeres mayores de\" \/>\n<meta property=\"og:url\" content=\"https:\/\/fmgente.com.ar\/web\/cordoba-dos-detenidas-por-utilizar-a-menores-para-la-venta-de-estupefacientes-en-barrio-ciudad-evita\/\" \/>\n<meta property=\"og:site_name\" content=\"Fm Gente\" \/>\n<meta property=\"article:published_time\" content=\"2025-11-27T17:05:34+00:00\" \/>\n<meta property=\"og:image\" content=\"https:\/\/fmgente.com.ar\/web\/wp-content\/uploads\/2025\/11\/WhatsApp-Image-2025-11-20-at-17.38.19-874x940-1.jpeg\" \/>\n\t<meta property=\"og:image:width\" content=\"874\" \/>\n\t<meta property=\"og:image:height\" content=\"940\" \/>\n\t<meta property=\"og:image:type\" content=\"image\/jpeg\" \/>\n<meta name=\"twitter:card\" content=\"summary_large_image\" \/>\n<meta name=\"twitter:label1\" content=\"Tiempo de lectura\" \/>\n\t<meta name=\"twitter:data1\" content=\"1 minuto\" \/>\n<script type=\"application\/ld+json\" class=\"yoast-schema-graph\">{\"@context\":\"https:\\\/\\\/schema.org\",\"@graph\":[{\"@type\":\"Article\",\"@id\":\"https:\\\/\\\/fmgente.com.ar\\\/web\\\/cordoba-dos-detenidas-por-utilizar-a-menores-para-la-venta-de-estupefacientes-en-barrio-ciudad-evita\\\/#article\",\"isPartOf\":{\"@id\":\"https:\\\/\\\/fmgente.com.ar\\\/web\\\/cordoba-dos-detenidas-por-utilizar-a-menores-para-la-venta-de-estupefacientes-en-barrio-ciudad-evita\\\/\"},\"author\":{\"name\":\"\",\"@id\":\"\"},\"headline\":\"C\u00d3RDOBA: DOS DETENIDAS POR UTILIZAR A MENORES PARA LA VENTA DE ESTUPEFACIENTES EN BARRIO CIUDAD EVITA\",\"datePublished\":\"2025-11-27T17:05:34+00:00\",\"mainEntityOfPage\":{\"@id\":\"https:\\\/\\\/fmgente.com.ar\\\/web\\\/cordoba-dos-detenidas-por-utilizar-a-menores-para-la-venta-de-estupefacientes-en-barrio-ciudad-evita\\\/\"},\"wordCount\":207,\"publisher\":{\"@id\":\"https:\\\/\\\/fmgente.com.ar\\\/web\\\/#organization\"},\"image\":{\"@id\":\"https:\\\/\\\/fmgente.com.ar\\\/web\\\/cordoba-dos-detenidas-por-utilizar-a-menores-para-la-venta-de-estupefacientes-en-barrio-ciudad-evita\\\/#primaryimage\"},\"thumbnailUrl\":\"https:\\\/\\\/fmgente.com.ar\\\/web\\\/wp-content\\\/uploads\\\/2025\\\/11\\\/WhatsApp-Image-2025-11-20-at-17.38.19-874x940-1.jpeg\",\"articleSection\":[\"POLICIALES\"],\"inLanguage\":\"es\"},{\"@type\":\"WebPage\",\"@id\":\"https:\\\/\\\/fmgente.com.ar\\\/web\\\/cordoba-dos-detenidas-por-utilizar-a-menores-para-la-venta-de-estupefacientes-en-barrio-ciudad-evita\\\/\",\"url\":\"https:\\\/\\\/fmgente.com.ar\\\/web\\\/cordoba-dos-detenidas-por-utilizar-a-menores-para-la-venta-de-estupefacientes-en-barrio-ciudad-evita\\\/\",\"name\":\"C\u00d3RDOBA: DOS DETENIDAS POR UTILIZAR A MENORES PARA LA VENTA DE ESTUPEFACIENTES EN BARRIO CIUDAD EVITA - Fm Gente\",\"isPartOf\":{\"@id\":\"https:\\\/\\\/fmgente.com.ar\\\/web\\\/#website\"},\"primaryImageOfPage\":{\"@id\":\"https:\\\/\\\/fmgente.com.ar\\\/web\\\/cordoba-dos-detenidas-por-utilizar-a-menores-para-la-venta-de-estupefacientes-en-barrio-ciudad-evita\\\/#primaryimage\"},\"image\":{\"@id\":\"https:\\\/\\\/fmgente.com.ar\\\/web\\\/cordoba-dos-detenidas-por-utilizar-a-menores-para-la-venta-de-estupefacientes-en-barrio-ciudad-evita\\\/#primaryimage\"},\"thumbnailUrl\":\"https:\\\/\\\/fmgente.com.ar\\\/web\\\/wp-content\\\/uploads\\\/2025\\\/11\\\/WhatsApp-Image-2025-11-20-at-17.38.19-874x940-1.jpeg\",\"datePublished\":\"2025-11-27T17:05:34+00:00\",\"inLanguage\":\"es\",\"potentialAction\":[{\"@type\":\"ReadAction\",\"target\":[\"https:\\\/\\\/fmgente.com.ar\\\/web\\\/cordoba-dos-detenidas-por-utilizar-a-menores-para-la-venta-de-estupefacientes-en-barrio-ciudad-evita\\\/\"]}]},{\"@type\":\"ImageObject\",\"inLanguage\":\"es\",\"@id\":\"https:\\\/\\\/fmgente.com.ar\\\/web\\\/cordoba-dos-detenidas-por-utilizar-a-menores-para-la-venta-de-estupefacientes-en-barrio-ciudad-evita\\\/#primaryimage\",\"url\":\"https:\\\/\\\/fmgente.com.ar\\\/web\\\/wp-content\\\/uploads\\\/2025\\\/11\\\/WhatsApp-Image-2025-11-20-at-17.38.19-874x940-1.jpeg\",\"contentUrl\":\"https:\\\/\\\/fmgente.com.ar\\\/web\\\/wp-content\\\/uploads\\\/2025\\\/11\\\/WhatsApp-Image-2025-11-20-at-17.38.19-874x940-1.jpeg\",\"width\":874,\"height\":940},{\"@type\":\"WebSite\",\"@id\":\"https:\\\/\\\/fmgente.com.ar\\\/web\\\/#website\",\"url\":\"https:\\\/\\\/fmgente.com.ar\\\/web\\\/\",\"name\":\"Fm Gente\",\"description\":\"- Jes\u00fas Mar\u00eda\",\"publisher\":{\"@id\":\"https:\\\/\\\/fmgente.com.ar\\\/web\\\/#organization\"},\"potentialAction\":[{\"@type\":\"SearchAction\",\"target\":{\"@type\":\"EntryPoint\",\"urlTemplate\":\"https:\\\/\\\/fmgente.com.ar\\\/web\\\/?s={search_term_string}\"},\"query-input\":{\"@type\":\"PropertyValueSpecification\",\"valueRequired\":true,\"valueName\":\"search_term_string\"}}],\"inLanguage\":\"es\"},{\"@type\":\"Organization\",\"@id\":\"https:\\\/\\\/fmgente.com.ar\\\/web\\\/#organization\",\"name\":\"Fm Gente\",\"url\":\"https:\\\/\\\/fmgente.com.ar\\\/web\\\/\",\"logo\":{\"@type\":\"ImageObject\",\"inLanguage\":\"es\",\"@id\":\"https:\\\/\\\/fmgente.com.ar\\\/web\\\/#\\\/schema\\\/logo\\\/image\\\/\",\"url\":\"https:\\\/\\\/fmgente.com.ar\\\/web\\\/wp-content\\\/uploads\\\/2023\\\/07\\\/cropped-cropped-logo-sombra2.png\",\"contentUrl\":\"https:\\\/\\\/fmgente.com.ar\\\/web\\\/wp-content\\\/uploads\\\/2023\\\/07\\\/cropped-cropped-logo-sombra2.png\",\"width\":1782,\"height\":1782,\"caption\":\"Fm Gente\"},\"image\":{\"@id\":\"https:\\\/\\\/fmgente.com.ar\\\/web\\\/#\\\/schema\\\/logo\\\/image\\\/\"}}]}<\/script>\n<!-- \/ Yoast SEO plugin. -->","yoast_head_json":{"title":"C\u00d3RDOBA: DOS DETENIDAS POR UTILIZAR A MENORES PARA LA VENTA DE ESTUPEFACIENTES EN BARRIO CIUDAD EVITA - Fm Gente","robots":{"index":"index","follow":"follow","max-snippet":"max-snippet:-1","max-image-preview":"max-image-preview:large","max-video-preview":"max-video-preview:-1"},"canonical":"https:\/\/fmgente.com.ar\/web\/cordoba-dos-detenidas-por-utilizar-a-menores-para-la-venta-de-estupefacientes-en-barrio-ciudad-evita\/","og_locale":"es_ES","og_type":"article","og_title":"C\u00d3RDOBA: DOS DETENIDAS POR UTILIZAR A MENORES PARA LA VENTA DE ESTUPEFACIENTES EN BARRIO CIUDAD EVITA - Fm Gente","og_description":"Tras dos meses de investigaciones, la Fuerza Policial Antinarcotr\u00e1fico detuvo a dos mujeres mayores de","og_url":"https:\/\/fmgente.com.ar\/web\/cordoba-dos-detenidas-por-utilizar-a-menores-para-la-venta-de-estupefacientes-en-barrio-ciudad-evita\/","og_site_name":"Fm Gente","article_published_time":"2025-11-27T17:05:34+00:00","og_image":[{"width":874,"height":940,"url":"https:\/\/fmgente.com.ar\/web\/wp-content\/uploads\/2025\/11\/WhatsApp-Image-2025-11-20-at-17.38.19-874x940-1.jpeg","type":"image\/jpeg"}],"twitter_card":"summary_large_image","twitter_misc":{"Tiempo de lectura":"1 minuto"},"schema":{"@context":"https:\/\/schema.org","@graph":[{"@type":"Article","@id":"https:\/\/fmgente.com.ar\/web\/cordoba-dos-detenidas-por-utilizar-a-menores-para-la-venta-de-estupefacientes-en-barrio-ciudad-evita\/#article","isPartOf":{"@id":"https:\/\/fmgente.com.ar\/web\/cordoba-dos-detenidas-por-utilizar-a-menores-para-la-venta-de-estupefacientes-en-barrio-ciudad-evita\/"},"author":{"name":"","@id":""},"headline":"C\u00d3RDOBA: DOS DETENIDAS POR UTILIZAR A MENORES PARA LA VENTA DE ESTUPEFACIENTES EN BARRIO CIUDAD EVITA","datePublished":"2025-11-27T17:05:34+00:00","mainEntityOfPage":{"@id":"https:\/\/fmgente.com.ar\/web\/cordoba-dos-detenidas-por-utilizar-a-menores-para-la-venta-de-estupefacientes-en-barrio-ciudad-evita\/"},"wordCount":207,"publisher":{"@id":"https:\/\/fmgente.com.ar\/web\/#organization"},"image":{"@id":"https:\/\/fmgente.com.ar\/web\/cordoba-dos-detenidas-por-utilizar-a-menores-para-la-venta-de-estupefacientes-en-barrio-ciudad-evita\/#primaryimage"},"thumbnailUrl":"https:\/\/fmgente.com.ar\/web\/wp-content\/uploads\/2025\/11\/WhatsApp-Image-2025-11-20-at-17.38.19-874x940-1.jpeg","articleSection":["POLICIALES"],"inLanguage":"es"},{"@type":"WebPage","@id":"https:\/\/fmgente.com.ar\/web\/cordoba-dos-detenidas-por-utilizar-a-menores-para-la-venta-de-estupefacientes-en-barrio-ciudad-evita\/","url":"https:\/\/fmgente.com.ar\/web\/cordoba-dos-detenidas-por-utilizar-a-menores-para-la-venta-de-estupefacientes-en-barrio-ciudad-evita\/","name":"C\u00d3RDOBA: DOS DETENIDAS POR UTILIZAR A MENORES PARA LA VENTA DE ESTUPEFACIENTES EN BARRIO CIUDAD EVITA - Fm Gente","isPartOf":{"@id":"https:\/\/fmgente.com.ar\/web\/#website"},"primaryImageOfPage":{"@id":"https:\/\/fmgente.com.ar\/web\/cordoba-dos-detenidas-por-utilizar-a-menores-para-la-venta-de-estupefacientes-en-barrio-ciudad-evita\/#primaryimage"},"image":{"@id":"https:\/\/fmgente.com.ar\/web\/cordoba-dos-detenidas-por-utilizar-a-menores-para-la-venta-de-estupefacientes-en-barrio-ciudad-evita\/#primaryimage"},"thumbnailUrl":"https:\/\/fmgente.com.ar\/web\/wp-content\/uploads\/2025\/11\/WhatsApp-Image-2025-11-20-at-17.38.19-874x940-1.jpeg","datePublished":"2025-11-27T17:05:34+00:00","inLanguage":"es","potentialAction":[{"@type":"ReadAction","target":["https:\/\/fmgente.com.ar\/web\/cordoba-dos-detenidas-por-utilizar-a-menores-para-la-venta-de-estupefacientes-en-barrio-ciudad-evita\/"]}]},{"@type":"ImageObject","inLanguage":"es","@id":"https:\/\/fmgente.com.ar\/web\/cordoba-dos-detenidas-por-utilizar-a-menores-para-la-venta-de-estupefacientes-en-barrio-ciudad-evita\/#primaryimage","url":"https:\/\/fmgente.com.ar\/web\/wp-content\/uploads\/2025\/11\/WhatsApp-Image-2025-11-20-at-17.38.19-874x940-1.jpeg","contentUrl":"https:\/\/fmgente.com.ar\/web\/wp-content\/uploads\/2025\/11\/WhatsApp-Image-2025-11-20-at-17.38.19-874x940-1.jpeg","width":874,"height":940},{"@type":"WebSite","@id":"https:\/\/fmgente.com.ar\/web\/#website","url":"https:\/\/fmgente.com.ar\/web\/","name":"Fm Gente","description":"- Jes\u00fas Mar\u00eda","publisher":{"@id":"https:\/\/fmgente.com.ar\/web\/#organization"},"potentialAction":[{"@type":"SearchAction","target":{"@type":"EntryPoint","urlTemplate":"https:\/\/fmgente.com.ar\/web\/?s={search_term_string}"},"query-input":{"@type":"PropertyValueSpecification","valueRequired":true,"valueName":"search_term_string"}}],"inLanguage":"es"},{"@type":"Organization","@id":"https:\/\/fmgente.com.ar\/web\/#organization","name":"Fm Gente","url":"https:\/\/fmgente.com.ar\/web\/","logo":{"@type":"ImageObject","inLanguage":"es","@id":"https:\/\/fmgente.com.ar\/web\/#\/schema\/logo\/image\/","url":"https:\/\/fmgente.com.ar\/web\/wp-content\/uploads\/2023\/07\/cropped-cropped-logo-sombra2.png","contentUrl":"https:\/\/fmgente.com.ar\/web\/wp-content\/uploads\/2023\/07\/cropped-cropped-logo-sombra2.png","width":1782,"height":1782,"caption":"Fm Gente"},"image":{"@id":"https:\/\/fmgente.com.ar\/web\/#\/schema\/logo\/image\/"}}]}},"_links":{"self":[{"href":"https:\/\/fmgente.com.ar\/web\/wp-json\/wp\/v2\/posts\/10818","targetHints":{"allow":["GET"]}}],"collection":[{"href":"https:\/\/fmgente.com.ar\/web\/wp-json\/wp\/v2\/posts"}],"about":[{"href":"https:\/\/fmgente.com.ar\/web\/wp-json\/wp\/v2\/types\/post"}],"replies":[{"embeddable":true,"href":"https:\/\/fmgente.com.ar\/web\/wp-json\/wp\/v2\/comments?post=10818"}],"version-history":[{"count":0,"href":"https:\/\/fmgente.com.ar\/web\/wp-json\/wp\/v2\/posts\/10818\/revisions"}],"wp:featuredmedia":[{"embeddable":true,"href":"https:\/\/fmgente.com.ar\/web\/wp-json\/wp\/v2\/media\/10819"}],"wp:attachment":[{"href":"https:\/\/fmgente.com.ar\/web\/wp-json\/wp\/v2\/media?parent=10818"}],"wp:term":[{"taxonomy":"category","embeddable":true,"href":"https:\/\/fmgente.com.ar\/web\/wp-json\/wp\/v2\/categories?post=10818"},{"taxonomy":"post_tag","embeddable":true,"href":"https:\/\/fmgente.com.ar\/web\/wp-json\/wp\/v2\/tags?post=10818"}],"curies":[{"name":"wp","href":"https:\/\/api.w.org\/{rel}","templated":true}]}}