{"id":10817,"date":"2025-11-27T14:05:34","date_gmt":"2025-11-27T17:05:34","guid":{"rendered":"https:\/\/fmgente.com.ar\/buscan-a-un-ciudadano-de-villa-maria\/"},"modified":"2025-11-27T14:05:34","modified_gmt":"2025-11-27T17:05:34","slug":"buscan-a-un-ciudadano-de-villa-maria","status":"publish","type":"post","link":"https:\/\/fmgente.com.ar\/web\/buscan-a-un-ciudadano-de-villa-maria\/","title":{"rendered":"Buscan a un ciudadano de Villa Mar\u00eda"},"content":{"rendered":"<p>La Fiscal\u00eda de Instrucci\u00f3n de 1\u00b0 Turno de Villa Mar\u00eda pide colaboraci\u00f3n para dar con el paradero de Juan Lucas Moreno, de 48 a\u00f1os. Mide entre 1.70 y 1.75\u00a0 de estatura, es de contextura \u201cdelgada\u201d, ojos color marrones, cabello color casta\u00f1o con canas, tez blanca, no posee piercing, posee un tatuaje en su hombro izquierdo y una manga en su brazo derecho. En el momento en que se retir\u00f3 de su hogar vest\u00eda con una remera mangas cortas color negro, bermuda de jeans celeste, desconoce el calzado. Fue visto por \u00faltima vez, el d\u00eda 25 de Noviembre a las 9 hs del a\u00f1o en curso cuando se retiro de su domicilio. Ante cualquier novedad comunicarse a la brevedad al 101 Polic\u00eda de la Provincia de C\u00f3rdoba.<\/p>\n","protected":false},"excerpt":{"rendered":"<p>La Fiscal\u00eda de Instrucci\u00f3n de 1\u00b0 Turno de Villa Mar\u00eda pide colaboraci\u00f3n para dar con<\/p>\n","protected":false},"author":0,"featured_media":0,"comment_status":"","ping_status":"","sticky":false,"template":"","format":"standard","meta":{"footnotes":""},"categories":[1794],"tags":[],"class_list":["post-10817","post","type-post","status-publish","format-standard","hentry","category-policiales"],"yoast_head":"<!-- This site is optimized with the Yoast SEO plugin v27.4 - https:\/\/yoast.com\/product\/yoast-seo-wordpress\/ -->\n<title>Buscan a un ciudadano de Villa Mar\u00eda - Fm Gente<\/title>\n<meta name=\"robots\" content=\"index, follow, max-snippet:-1, max-image-preview:large, max-video-preview:-1\" \/>\n<link rel=\"canonical\" href=\"https:\/\/fmgente.com.ar\/web\/buscan-a-un-ciudadano-de-villa-maria\/\" \/>\n<meta property=\"og:locale\" content=\"es_ES\" \/>\n<meta property=\"og:type\" content=\"article\" \/>\n<meta property=\"og:title\" content=\"Buscan a un ciudadano de Villa Mar\u00eda - Fm Gente\" \/>\n<meta property=\"og:description\" content=\"La Fiscal\u00eda de Instrucci\u00f3n de 1\u00b0 Turno de Villa Mar\u00eda pide colaboraci\u00f3n para dar con\" \/>\n<meta property=\"og:url\" content=\"https:\/\/fmgente.com.ar\/web\/buscan-a-un-ciudadano-de-villa-maria\/\" \/>\n<meta property=\"og:site_name\" content=\"Fm Gente\" \/>\n<meta property=\"article:published_time\" content=\"2025-11-27T17:05:34+00:00\" \/>\n<meta name=\"twitter:card\" content=\"summary_large_image\" \/>\n<meta name=\"twitter:label1\" content=\"Tiempo de lectura\" \/>\n\t<meta name=\"twitter:data1\" content=\"1 minuto\" \/>\n<script type=\"application\/ld+json\" class=\"yoast-schema-graph\">{\"@context\":\"https:\\\/\\\/schema.org\",\"@graph\":[{\"@type\":\"Article\",\"@id\":\"https:\\\/\\\/fmgente.com.ar\\\/web\\\/buscan-a-un-ciudadano-de-villa-maria\\\/#article\",\"isPartOf\":{\"@id\":\"https:\\\/\\\/fmgente.com.ar\\\/web\\\/buscan-a-un-ciudadano-de-villa-maria\\\/\"},\"author\":{\"name\":\"\",\"@id\":\"\"},\"headline\":\"Buscan a un ciudadano de Villa Mar\u00eda\",\"datePublished\":\"2025-11-27T17:05:34+00:00\",\"mainEntityOfPage\":{\"@id\":\"https:\\\/\\\/fmgente.com.ar\\\/web\\\/buscan-a-un-ciudadano-de-villa-maria\\\/\"},\"wordCount\":138,\"publisher\":{\"@id\":\"https:\\\/\\\/fmgente.com.ar\\\/web\\\/#organization\"},\"articleSection\":[\"POLICIALES\"],\"inLanguage\":\"es\"},{\"@type\":\"WebPage\",\"@id\":\"https:\\\/\\\/fmgente.com.ar\\\/web\\\/buscan-a-un-ciudadano-de-villa-maria\\\/\",\"url\":\"https:\\\/\\\/fmgente.com.ar\\\/web\\\/buscan-a-un-ciudadano-de-villa-maria\\\/\",\"name\":\"Buscan a un ciudadano de Villa Mar\u00eda - Fm Gente\",\"isPartOf\":{\"@id\":\"https:\\\/\\\/fmgente.com.ar\\\/web\\\/#website\"},\"datePublished\":\"2025-11-27T17:05:34+00:00\",\"inLanguage\":\"es\",\"potentialAction\":[{\"@type\":\"ReadAction\",\"target\":[\"https:\\\/\\\/fmgente.com.ar\\\/web\\\/buscan-a-un-ciudadano-de-villa-maria\\\/\"]}]},{\"@type\":\"WebSite\",\"@id\":\"https:\\\/\\\/fmgente.com.ar\\\/web\\\/#website\",\"url\":\"https:\\\/\\\/fmgente.com.ar\\\/web\\\/\",\"name\":\"Fm Gente\",\"description\":\"- Jes\u00fas Mar\u00eda\",\"publisher\":{\"@id\":\"https:\\\/\\\/fmgente.com.ar\\\/web\\\/#organization\"},\"potentialAction\":[{\"@type\":\"SearchAction\",\"target\":{\"@type\":\"EntryPoint\",\"urlTemplate\":\"https:\\\/\\\/fmgente.com.ar\\\/web\\\/?s={search_term_string}\"},\"query-input\":{\"@type\":\"PropertyValueSpecification\",\"valueRequired\":true,\"valueName\":\"search_term_string\"}}],\"inLanguage\":\"es\"},{\"@type\":\"Organization\",\"@id\":\"https:\\\/\\\/fmgente.com.ar\\\/web\\\/#organization\",\"name\":\"Fm Gente\",\"url\":\"https:\\\/\\\/fmgente.com.ar\\\/web\\\/\",\"logo\":{\"@type\":\"ImageObject\",\"inLanguage\":\"es\",\"@id\":\"https:\\\/\\\/fmgente.com.ar\\\/web\\\/#\\\/schema\\\/logo\\\/image\\\/\",\"url\":\"https:\\\/\\\/fmgente.com.ar\\\/web\\\/wp-content\\\/uploads\\\/2023\\\/07\\\/cropped-cropped-logo-sombra2.png\",\"contentUrl\":\"https:\\\/\\\/fmgente.com.ar\\\/web\\\/wp-content\\\/uploads\\\/2023\\\/07\\\/cropped-cropped-logo-sombra2.png\",\"width\":1782,\"height\":1782,\"caption\":\"Fm Gente\"},\"image\":{\"@id\":\"https:\\\/\\\/fmgente.com.ar\\\/web\\\/#\\\/schema\\\/logo\\\/image\\\/\"}}]}<\/script>\n<!-- \/ Yoast SEO plugin. -->","yoast_head_json":{"title":"Buscan a un ciudadano de Villa Mar\u00eda - Fm Gente","robots":{"index":"index","follow":"follow","max-snippet":"max-snippet:-1","max-image-preview":"max-image-preview:large","max-video-preview":"max-video-preview:-1"},"canonical":"https:\/\/fmgente.com.ar\/web\/buscan-a-un-ciudadano-de-villa-maria\/","og_locale":"es_ES","og_type":"article","og_title":"Buscan a un ciudadano de Villa Mar\u00eda - Fm Gente","og_description":"La Fiscal\u00eda de Instrucci\u00f3n de 1\u00b0 Turno de Villa Mar\u00eda pide colaboraci\u00f3n para dar con","og_url":"https:\/\/fmgente.com.ar\/web\/buscan-a-un-ciudadano-de-villa-maria\/","og_site_name":"Fm Gente","article_published_time":"2025-11-27T17:05:34+00:00","twitter_card":"summary_large_image","twitter_misc":{"Tiempo de lectura":"1 minuto"},"schema":{"@context":"https:\/\/schema.org","@graph":[{"@type":"Article","@id":"https:\/\/fmgente.com.ar\/web\/buscan-a-un-ciudadano-de-villa-maria\/#article","isPartOf":{"@id":"https:\/\/fmgente.com.ar\/web\/buscan-a-un-ciudadano-de-villa-maria\/"},"author":{"name":"","@id":""},"headline":"Buscan a un ciudadano de Villa Mar\u00eda","datePublished":"2025-11-27T17:05:34+00:00","mainEntityOfPage":{"@id":"https:\/\/fmgente.com.ar\/web\/buscan-a-un-ciudadano-de-villa-maria\/"},"wordCount":138,"publisher":{"@id":"https:\/\/fmgente.com.ar\/web\/#organization"},"articleSection":["POLICIALES"],"inLanguage":"es"},{"@type":"WebPage","@id":"https:\/\/fmgente.com.ar\/web\/buscan-a-un-ciudadano-de-villa-maria\/","url":"https:\/\/fmgente.com.ar\/web\/buscan-a-un-ciudadano-de-villa-maria\/","name":"Buscan a un ciudadano de Villa Mar\u00eda - Fm Gente","isPartOf":{"@id":"https:\/\/fmgente.com.ar\/web\/#website"},"datePublished":"2025-11-27T17:05:34+00:00","inLanguage":"es","potentialAction":[{"@type":"ReadAction","target":["https:\/\/fmgente.com.ar\/web\/buscan-a-un-ciudadano-de-villa-maria\/"]}]},{"@type":"WebSite","@id":"https:\/\/fmgente.com.ar\/web\/#website","url":"https:\/\/fmgente.com.ar\/web\/","name":"Fm Gente","description":"- Jes\u00fas Mar\u00eda","publisher":{"@id":"https:\/\/fmgente.com.ar\/web\/#organization"},"potentialAction":[{"@type":"SearchAction","target":{"@type":"EntryPoint","urlTemplate":"https:\/\/fmgente.com.ar\/web\/?s={search_term_string}"},"query-input":{"@type":"PropertyValueSpecification","valueRequired":true,"valueName":"search_term_string"}}],"inLanguage":"es"},{"@type":"Organization","@id":"https:\/\/fmgente.com.ar\/web\/#organization","name":"Fm Gente","url":"https:\/\/fmgente.com.ar\/web\/","logo":{"@type":"ImageObject","inLanguage":"es","@id":"https:\/\/fmgente.com.ar\/web\/#\/schema\/logo\/image\/","url":"https:\/\/fmgente.com.ar\/web\/wp-content\/uploads\/2023\/07\/cropped-cropped-logo-sombra2.png","contentUrl":"https:\/\/fmgente.com.ar\/web\/wp-content\/uploads\/2023\/07\/cropped-cropped-logo-sombra2.png","width":1782,"height":1782,"caption":"Fm Gente"},"image":{"@id":"https:\/\/fmgente.com.ar\/web\/#\/schema\/logo\/image\/"}}]}},"_links":{"self":[{"href":"https:\/\/fmgente.com.ar\/web\/wp-json\/wp\/v2\/posts\/10817","targetHints":{"allow":["GET"]}}],"collection":[{"href":"https:\/\/fmgente.com.ar\/web\/wp-json\/wp\/v2\/posts"}],"about":[{"href":"https:\/\/fmgente.com.ar\/web\/wp-json\/wp\/v2\/types\/post"}],"replies":[{"embeddable":true,"href":"https:\/\/fmgente.com.ar\/web\/wp-json\/wp\/v2\/comments?post=10817"}],"version-history":[{"count":0,"href":"https:\/\/fmgente.com.ar\/web\/wp-json\/wp\/v2\/posts\/10817\/revisions"}],"wp:attachment":[{"href":"https:\/\/fmgente.com.ar\/web\/wp-json\/wp\/v2\/media?parent=10817"}],"wp:term":[{"taxonomy":"category","embeddable":true,"href":"https:\/\/fmgente.com.ar\/web\/wp-json\/wp\/v2\/categories?post=10817"},{"taxonomy":"post_tag","embeddable":true,"href":"https:\/\/fmgente.com.ar\/web\/wp-json\/wp\/v2\/tags?post=10817"}],"curies":[{"name":"wp","href":"https:\/\/api.w.org\/{rel}","templated":true}]}}