{"id":10815,"date":"2025-11-27T14:05:32","date_gmt":"2025-11-27T17:05:32","guid":{"rendered":"https:\/\/fmgente.com.ar\/operativo-interprovincial-fpa-secuestro-estupefacientes-en-arroyito-y-frontera-tres-detenidos\/"},"modified":"2025-11-27T14:05:32","modified_gmt":"2025-11-27T17:05:32","slug":"operativo-interprovincial-fpa-secuestro-estupefacientes-en-arroyito-y-frontera-tres-detenidos","status":"publish","type":"post","link":"https:\/\/fmgente.com.ar\/web\/operativo-interprovincial-fpa-secuestro-estupefacientes-en-arroyito-y-frontera-tres-detenidos\/","title":{"rendered":"OPERATIVO INTERPROVINCIAL: FPA SECUESTR\u00d3 ESTUPEFACIENTES EN ARROYITO Y FRONTERA. TRES DETENIDOS"},"content":{"rendered":"<p>En un operativo dirigido por el Ministerio P\u00fablico Fiscal, efectivos de la Fuerza Policial Antinarcotr\u00e1fico llevaron a cabo tres allanamientos en las provincias de C\u00f3rdoba y Santa Fe que culminaron con la detenci\u00f3n de tres personas mayores de edad y el secuestro de estupefacientes.<\/p>\n<p>Los procedimientos se desarrollaron en dos viviendas ubicadas en Jos\u00e9 Quintela al 1000 de barrio Los Pitufos (Arroyito) y el restante sobre Calle 19 de B\u00b0 San Javier, en la ciudad de Frontera (Santa Fe).<\/p>\n<p>En los registros de las viviendas, los investigadores incautaron varias dosis de coca\u00edna y marihuana, dos plantas de cannabis sativa, dinero y elementos relacionados al fraccionamiento de sustancias il\u00edcitas.<\/p>\n<p>Durante el dispositivo, se realiz\u00f3 la detenci\u00f3n de dos hombres (21 y 32 a\u00f1os) con antecedentes penales. Ambos utilizaban sus vivienda como puntos de ventas de estupefacientes. Por su parte, la aprehendida de 29 a\u00f1os, es oriunda de la provincia de Santa Fe (pareja de uno de los narcomenudista) y viajaba a la ciudad cordobesa para la venta de drogas.<\/p>\n<p>La Fiscal\u00eda de Lucha contra el Narcotr\u00e1fico con asiento en la ciudad de San Francisco supervis\u00f3 los operativos y dispuso el traslado de los detenidos y las evidencias secuestradas a sede judicial.<\/p>\n<p><img loading=\"lazy\" decoding=\"async\" class=\"alignnone wp-image-54050\" src=\"https:\/\/www.mpfcordoba.gob.ar\/wp-content\/uploads\/2025\/11\/WhatsApp-Image-2025-11-27-at-10.14.21-AM-1.jpeg\" alt=\"\" width=\"550\" height=\"346\" \/><\/p>\n<p><img loading=\"lazy\" decoding=\"async\" class=\"alignnone wp-image-54051\" src=\"https:\/\/www.mpfcordoba.gob.ar\/wp-content\/uploads\/2025\/11\/WhatsApp-Image-2025-11-27-at-10.14.21-AM.jpeg\" alt=\"\" width=\"550\" height=\"490\" \/><\/p>\n<p><img loading=\"lazy\" decoding=\"async\" class=\"alignnone wp-image-54052\" src=\"https:\/\/www.mpfcordoba.gob.ar\/wp-content\/uploads\/2025\/11\/WhatsApp-Image-2025-11-27-at-10.14.20-AM-1.jpeg\" alt=\"\" width=\"550\" height=\"415\" \/><\/p>\n<p><img decoding=\"async\" loading=\"lazy\" class=\"alignnone wp-image-54053\" src=\"https:\/\/www.mpfcordoba.gob.ar\/wp-content\/uploads\/2025\/11\/WhatsApp-Image-2025-11-27-at-10.14.20-AM.jpeg\" alt=\"\" width=\"550\" height=\"413\" \/><\/p>\n","protected":false},"excerpt":{"rendered":"<p>En un operativo dirigido por el Ministerio P\u00fablico Fiscal, efectivos de la Fuerza Policial Antinarcotr\u00e1fico<\/p>\n","protected":false},"author":0,"featured_media":10816,"comment_status":"","ping_status":"","sticky":false,"template":"","format":"standard","meta":{"footnotes":""},"categories":[1794],"tags":[],"class_list":["post-10815","post","type-post","status-publish","format-standard","has-post-thumbnail","hentry","category-policiales"],"yoast_head":"<!-- This site is optimized with the Yoast SEO plugin v27.4 - https:\/\/yoast.com\/product\/yoast-seo-wordpress\/ -->\n<title>OPERATIVO INTERPROVINCIAL: FPA SECUESTR\u00d3 ESTUPEFACIENTES EN ARROYITO Y FRONTERA. TRES DETENIDOS - Fm Gente<\/title>\n<meta name=\"robots\" content=\"index, follow, max-snippet:-1, max-image-preview:large, max-video-preview:-1\" \/>\n<link rel=\"canonical\" href=\"https:\/\/fmgente.com.ar\/web\/operativo-interprovincial-fpa-secuestro-estupefacientes-en-arroyito-y-frontera-tres-detenidos\/\" \/>\n<meta property=\"og:locale\" content=\"es_ES\" \/>\n<meta property=\"og:type\" content=\"article\" \/>\n<meta property=\"og:title\" content=\"OPERATIVO INTERPROVINCIAL: FPA SECUESTR\u00d3 ESTUPEFACIENTES EN ARROYITO Y FRONTERA. TRES DETENIDOS - Fm Gente\" \/>\n<meta property=\"og:description\" content=\"En un operativo dirigido por el Ministerio P\u00fablico Fiscal, efectivos de la Fuerza Policial Antinarcotr\u00e1fico\" \/>\n<meta property=\"og:url\" content=\"https:\/\/fmgente.com.ar\/web\/operativo-interprovincial-fpa-secuestro-estupefacientes-en-arroyito-y-frontera-tres-detenidos\/\" \/>\n<meta property=\"og:site_name\" content=\"Fm Gente\" \/>\n<meta property=\"article:published_time\" content=\"2025-11-27T17:05:32+00:00\" \/>\n<meta property=\"og:image\" content=\"https:\/\/fmgente.com.ar\/web\/wp-content\/uploads\/2025\/11\/WhatsApp-Image-2025-11-27-at-10.14.21-AM-1.jpeg\" \/>\n\t<meta property=\"og:image:width\" content=\"1200\" \/>\n\t<meta property=\"og:image:height\" content=\"755\" \/>\n\t<meta property=\"og:image:type\" content=\"image\/jpeg\" \/>\n<meta name=\"twitter:card\" content=\"summary_large_image\" \/>\n<meta name=\"twitter:label1\" content=\"Tiempo de lectura\" \/>\n\t<meta name=\"twitter:data1\" content=\"1 minuto\" \/>\n<script type=\"application\/ld+json\" class=\"yoast-schema-graph\">{\"@context\":\"https:\\\/\\\/schema.org\",\"@graph\":[{\"@type\":\"Article\",\"@id\":\"https:\\\/\\\/fmgente.com.ar\\\/web\\\/operativo-interprovincial-fpa-secuestro-estupefacientes-en-arroyito-y-frontera-tres-detenidos\\\/#article\",\"isPartOf\":{\"@id\":\"https:\\\/\\\/fmgente.com.ar\\\/web\\\/operativo-interprovincial-fpa-secuestro-estupefacientes-en-arroyito-y-frontera-tres-detenidos\\\/\"},\"author\":{\"name\":\"\",\"@id\":\"\"},\"headline\":\"OPERATIVO INTERPROVINCIAL: FPA SECUESTR\u00d3 ESTUPEFACIENTES EN ARROYITO Y FRONTERA. TRES DETENIDOS\",\"datePublished\":\"2025-11-27T17:05:32+00:00\",\"mainEntityOfPage\":{\"@id\":\"https:\\\/\\\/fmgente.com.ar\\\/web\\\/operativo-interprovincial-fpa-secuestro-estupefacientes-en-arroyito-y-frontera-tres-detenidos\\\/\"},\"wordCount\":217,\"publisher\":{\"@id\":\"https:\\\/\\\/fmgente.com.ar\\\/web\\\/#organization\"},\"image\":{\"@id\":\"https:\\\/\\\/fmgente.com.ar\\\/web\\\/operativo-interprovincial-fpa-secuestro-estupefacientes-en-arroyito-y-frontera-tres-detenidos\\\/#primaryimage\"},\"thumbnailUrl\":\"https:\\\/\\\/fmgente.com.ar\\\/web\\\/wp-content\\\/uploads\\\/2025\\\/11\\\/WhatsApp-Image-2025-11-27-at-10.14.21-AM-1.jpeg\",\"articleSection\":[\"POLICIALES\"],\"inLanguage\":\"es\"},{\"@type\":\"WebPage\",\"@id\":\"https:\\\/\\\/fmgente.com.ar\\\/web\\\/operativo-interprovincial-fpa-secuestro-estupefacientes-en-arroyito-y-frontera-tres-detenidos\\\/\",\"url\":\"https:\\\/\\\/fmgente.com.ar\\\/web\\\/operativo-interprovincial-fpa-secuestro-estupefacientes-en-arroyito-y-frontera-tres-detenidos\\\/\",\"name\":\"OPERATIVO INTERPROVINCIAL: FPA SECUESTR\u00d3 ESTUPEFACIENTES EN ARROYITO Y FRONTERA. TRES DETENIDOS - Fm Gente\",\"isPartOf\":{\"@id\":\"https:\\\/\\\/fmgente.com.ar\\\/web\\\/#website\"},\"primaryImageOfPage\":{\"@id\":\"https:\\\/\\\/fmgente.com.ar\\\/web\\\/operativo-interprovincial-fpa-secuestro-estupefacientes-en-arroyito-y-frontera-tres-detenidos\\\/#primaryimage\"},\"image\":{\"@id\":\"https:\\\/\\\/fmgente.com.ar\\\/web\\\/operativo-interprovincial-fpa-secuestro-estupefacientes-en-arroyito-y-frontera-tres-detenidos\\\/#primaryimage\"},\"thumbnailUrl\":\"https:\\\/\\\/fmgente.com.ar\\\/web\\\/wp-content\\\/uploads\\\/2025\\\/11\\\/WhatsApp-Image-2025-11-27-at-10.14.21-AM-1.jpeg\",\"datePublished\":\"2025-11-27T17:05:32+00:00\",\"inLanguage\":\"es\",\"potentialAction\":[{\"@type\":\"ReadAction\",\"target\":[\"https:\\\/\\\/fmgente.com.ar\\\/web\\\/operativo-interprovincial-fpa-secuestro-estupefacientes-en-arroyito-y-frontera-tres-detenidos\\\/\"]}]},{\"@type\":\"ImageObject\",\"inLanguage\":\"es\",\"@id\":\"https:\\\/\\\/fmgente.com.ar\\\/web\\\/operativo-interprovincial-fpa-secuestro-estupefacientes-en-arroyito-y-frontera-tres-detenidos\\\/#primaryimage\",\"url\":\"https:\\\/\\\/fmgente.com.ar\\\/web\\\/wp-content\\\/uploads\\\/2025\\\/11\\\/WhatsApp-Image-2025-11-27-at-10.14.21-AM-1.jpeg\",\"contentUrl\":\"https:\\\/\\\/fmgente.com.ar\\\/web\\\/wp-content\\\/uploads\\\/2025\\\/11\\\/WhatsApp-Image-2025-11-27-at-10.14.21-AM-1.jpeg\",\"width\":1200,\"height\":755},{\"@type\":\"WebSite\",\"@id\":\"https:\\\/\\\/fmgente.com.ar\\\/web\\\/#website\",\"url\":\"https:\\\/\\\/fmgente.com.ar\\\/web\\\/\",\"name\":\"Fm Gente\",\"description\":\"- Jes\u00fas Mar\u00eda\",\"publisher\":{\"@id\":\"https:\\\/\\\/fmgente.com.ar\\\/web\\\/#organization\"},\"potentialAction\":[{\"@type\":\"SearchAction\",\"target\":{\"@type\":\"EntryPoint\",\"urlTemplate\":\"https:\\\/\\\/fmgente.com.ar\\\/web\\\/?s={search_term_string}\"},\"query-input\":{\"@type\":\"PropertyValueSpecification\",\"valueRequired\":true,\"valueName\":\"search_term_string\"}}],\"inLanguage\":\"es\"},{\"@type\":\"Organization\",\"@id\":\"https:\\\/\\\/fmgente.com.ar\\\/web\\\/#organization\",\"name\":\"Fm Gente\",\"url\":\"https:\\\/\\\/fmgente.com.ar\\\/web\\\/\",\"logo\":{\"@type\":\"ImageObject\",\"inLanguage\":\"es\",\"@id\":\"https:\\\/\\\/fmgente.com.ar\\\/web\\\/#\\\/schema\\\/logo\\\/image\\\/\",\"url\":\"https:\\\/\\\/fmgente.com.ar\\\/web\\\/wp-content\\\/uploads\\\/2023\\\/07\\\/cropped-cropped-logo-sombra2.png\",\"contentUrl\":\"https:\\\/\\\/fmgente.com.ar\\\/web\\\/wp-content\\\/uploads\\\/2023\\\/07\\\/cropped-cropped-logo-sombra2.png\",\"width\":1782,\"height\":1782,\"caption\":\"Fm Gente\"},\"image\":{\"@id\":\"https:\\\/\\\/fmgente.com.ar\\\/web\\\/#\\\/schema\\\/logo\\\/image\\\/\"}}]}<\/script>\n<!-- \/ Yoast SEO plugin. -->","yoast_head_json":{"title":"OPERATIVO INTERPROVINCIAL: FPA SECUESTR\u00d3 ESTUPEFACIENTES EN ARROYITO Y FRONTERA. TRES DETENIDOS - Fm Gente","robots":{"index":"index","follow":"follow","max-snippet":"max-snippet:-1","max-image-preview":"max-image-preview:large","max-video-preview":"max-video-preview:-1"},"canonical":"https:\/\/fmgente.com.ar\/web\/operativo-interprovincial-fpa-secuestro-estupefacientes-en-arroyito-y-frontera-tres-detenidos\/","og_locale":"es_ES","og_type":"article","og_title":"OPERATIVO INTERPROVINCIAL: FPA SECUESTR\u00d3 ESTUPEFACIENTES EN ARROYITO Y FRONTERA. TRES DETENIDOS - Fm Gente","og_description":"En un operativo dirigido por el Ministerio P\u00fablico Fiscal, efectivos de la Fuerza Policial Antinarcotr\u00e1fico","og_url":"https:\/\/fmgente.com.ar\/web\/operativo-interprovincial-fpa-secuestro-estupefacientes-en-arroyito-y-frontera-tres-detenidos\/","og_site_name":"Fm Gente","article_published_time":"2025-11-27T17:05:32+00:00","og_image":[{"width":1200,"height":755,"url":"https:\/\/fmgente.com.ar\/web\/wp-content\/uploads\/2025\/11\/WhatsApp-Image-2025-11-27-at-10.14.21-AM-1.jpeg","type":"image\/jpeg"}],"twitter_card":"summary_large_image","twitter_misc":{"Tiempo de lectura":"1 minuto"},"schema":{"@context":"https:\/\/schema.org","@graph":[{"@type":"Article","@id":"https:\/\/fmgente.com.ar\/web\/operativo-interprovincial-fpa-secuestro-estupefacientes-en-arroyito-y-frontera-tres-detenidos\/#article","isPartOf":{"@id":"https:\/\/fmgente.com.ar\/web\/operativo-interprovincial-fpa-secuestro-estupefacientes-en-arroyito-y-frontera-tres-detenidos\/"},"author":{"name":"","@id":""},"headline":"OPERATIVO INTERPROVINCIAL: FPA SECUESTR\u00d3 ESTUPEFACIENTES EN ARROYITO Y FRONTERA. TRES DETENIDOS","datePublished":"2025-11-27T17:05:32+00:00","mainEntityOfPage":{"@id":"https:\/\/fmgente.com.ar\/web\/operativo-interprovincial-fpa-secuestro-estupefacientes-en-arroyito-y-frontera-tres-detenidos\/"},"wordCount":217,"publisher":{"@id":"https:\/\/fmgente.com.ar\/web\/#organization"},"image":{"@id":"https:\/\/fmgente.com.ar\/web\/operativo-interprovincial-fpa-secuestro-estupefacientes-en-arroyito-y-frontera-tres-detenidos\/#primaryimage"},"thumbnailUrl":"https:\/\/fmgente.com.ar\/web\/wp-content\/uploads\/2025\/11\/WhatsApp-Image-2025-11-27-at-10.14.21-AM-1.jpeg","articleSection":["POLICIALES"],"inLanguage":"es"},{"@type":"WebPage","@id":"https:\/\/fmgente.com.ar\/web\/operativo-interprovincial-fpa-secuestro-estupefacientes-en-arroyito-y-frontera-tres-detenidos\/","url":"https:\/\/fmgente.com.ar\/web\/operativo-interprovincial-fpa-secuestro-estupefacientes-en-arroyito-y-frontera-tres-detenidos\/","name":"OPERATIVO INTERPROVINCIAL: FPA SECUESTR\u00d3 ESTUPEFACIENTES EN ARROYITO Y FRONTERA. TRES DETENIDOS - Fm Gente","isPartOf":{"@id":"https:\/\/fmgente.com.ar\/web\/#website"},"primaryImageOfPage":{"@id":"https:\/\/fmgente.com.ar\/web\/operativo-interprovincial-fpa-secuestro-estupefacientes-en-arroyito-y-frontera-tres-detenidos\/#primaryimage"},"image":{"@id":"https:\/\/fmgente.com.ar\/web\/operativo-interprovincial-fpa-secuestro-estupefacientes-en-arroyito-y-frontera-tres-detenidos\/#primaryimage"},"thumbnailUrl":"https:\/\/fmgente.com.ar\/web\/wp-content\/uploads\/2025\/11\/WhatsApp-Image-2025-11-27-at-10.14.21-AM-1.jpeg","datePublished":"2025-11-27T17:05:32+00:00","inLanguage":"es","potentialAction":[{"@type":"ReadAction","target":["https:\/\/fmgente.com.ar\/web\/operativo-interprovincial-fpa-secuestro-estupefacientes-en-arroyito-y-frontera-tres-detenidos\/"]}]},{"@type":"ImageObject","inLanguage":"es","@id":"https:\/\/fmgente.com.ar\/web\/operativo-interprovincial-fpa-secuestro-estupefacientes-en-arroyito-y-frontera-tres-detenidos\/#primaryimage","url":"https:\/\/fmgente.com.ar\/web\/wp-content\/uploads\/2025\/11\/WhatsApp-Image-2025-11-27-at-10.14.21-AM-1.jpeg","contentUrl":"https:\/\/fmgente.com.ar\/web\/wp-content\/uploads\/2025\/11\/WhatsApp-Image-2025-11-27-at-10.14.21-AM-1.jpeg","width":1200,"height":755},{"@type":"WebSite","@id":"https:\/\/fmgente.com.ar\/web\/#website","url":"https:\/\/fmgente.com.ar\/web\/","name":"Fm Gente","description":"- Jes\u00fas Mar\u00eda","publisher":{"@id":"https:\/\/fmgente.com.ar\/web\/#organization"},"potentialAction":[{"@type":"SearchAction","target":{"@type":"EntryPoint","urlTemplate":"https:\/\/fmgente.com.ar\/web\/?s={search_term_string}"},"query-input":{"@type":"PropertyValueSpecification","valueRequired":true,"valueName":"search_term_string"}}],"inLanguage":"es"},{"@type":"Organization","@id":"https:\/\/fmgente.com.ar\/web\/#organization","name":"Fm Gente","url":"https:\/\/fmgente.com.ar\/web\/","logo":{"@type":"ImageObject","inLanguage":"es","@id":"https:\/\/fmgente.com.ar\/web\/#\/schema\/logo\/image\/","url":"https:\/\/fmgente.com.ar\/web\/wp-content\/uploads\/2023\/07\/cropped-cropped-logo-sombra2.png","contentUrl":"https:\/\/fmgente.com.ar\/web\/wp-content\/uploads\/2023\/07\/cropped-cropped-logo-sombra2.png","width":1782,"height":1782,"caption":"Fm Gente"},"image":{"@id":"https:\/\/fmgente.com.ar\/web\/#\/schema\/logo\/image\/"}}]}},"_links":{"self":[{"href":"https:\/\/fmgente.com.ar\/web\/wp-json\/wp\/v2\/posts\/10815","targetHints":{"allow":["GET"]}}],"collection":[{"href":"https:\/\/fmgente.com.ar\/web\/wp-json\/wp\/v2\/posts"}],"about":[{"href":"https:\/\/fmgente.com.ar\/web\/wp-json\/wp\/v2\/types\/post"}],"replies":[{"embeddable":true,"href":"https:\/\/fmgente.com.ar\/web\/wp-json\/wp\/v2\/comments?post=10815"}],"version-history":[{"count":0,"href":"https:\/\/fmgente.com.ar\/web\/wp-json\/wp\/v2\/posts\/10815\/revisions"}],"wp:featuredmedia":[{"embeddable":true,"href":"https:\/\/fmgente.com.ar\/web\/wp-json\/wp\/v2\/media\/10816"}],"wp:attachment":[{"href":"https:\/\/fmgente.com.ar\/web\/wp-json\/wp\/v2\/media?parent=10815"}],"wp:term":[{"taxonomy":"category","embeddable":true,"href":"https:\/\/fmgente.com.ar\/web\/wp-json\/wp\/v2\/categories?post=10815"},{"taxonomy":"post_tag","embeddable":true,"href":"https:\/\/fmgente.com.ar\/web\/wp-json\/wp\/v2\/tags?post=10815"}],"curies":[{"name":"wp","href":"https:\/\/api.w.org\/{rel}","templated":true}]}}