{"id":10791,"date":"2025-11-27T09:05:30","date_gmt":"2025-11-27T12:05:30","guid":{"rendered":"https:\/\/fmgente.com.ar\/pre-inscripciones-abiertas-para-la-escuela-de-musica\/"},"modified":"2025-11-27T09:05:30","modified_gmt":"2025-11-27T12:05:30","slug":"pre-inscripciones-abiertas-para-la-escuela-de-musica","status":"publish","type":"post","link":"https:\/\/fmgente.com.ar\/web\/pre-inscripciones-abiertas-para-la-escuela-de-musica\/","title":{"rendered":"Pre-inscripciones abiertas para la Escuela de M\u00fasica"},"content":{"rendered":"<p>La Escuela Superior de M\u00fasica de Colonia Caroya abri\u00f3 las preinscripciones para el ciclo lectivo 2026.<\/p>\n<p>El tr\u00e1mite se puede hacer desde la web de la escuela entrando al siguiente link: <a href=\"https:\/\/caroyamusica.com.ar\/inscripcion\/\">https:\/\/caroyamusica.com.ar\/inscripcion\/<\/a>.<br \/>\nEl interesado debe seleccionar la especialidad que quieran aprender o perfeccionar.<\/p>\n<p>Las opciones son: Guitarra, Piano, Bater\u00eda, Bajo El\u00e9ctrico, Trompeta, Saxo, Flauta Traversa, Viol\u00edn y Canto.<br \/>\nAl completar los datos, los estudiantes pueden bajar los documentos PDF con los contenidos b\u00e1sicos que se tomar\u00e1n para el curso de ingreso, la ficha de salud que deben completar y la documentaci\u00f3n personal que cada ingresante deber\u00e1 entregar.<\/p>\n<p>La inscripci\u00f3n definitiva se puede hacer de forma presencial en Av. San Mart\u00edn 3697 de lunes a jueves de 14 a 21 o al tel\u00e9fono 03525-461140.<br \/>\nEl costo de la inscripci\u00f3n es de $64.600 (precio que se mantiene hasta que entre en vigencia la tarifaria 2026 de la Municipalidad de Colonia Caroya). Se puede abonar por transferencia o en efectivo.<\/p>\n<p><img loading=\"lazy\" decoding=\"async\" class=\"alignnone size-full wp-image-120792\" src=\"http:\/\/www.radiocadenanorte.com.ar\/wp-content\/uploads\/2025\/11\/2025-11-27_08h59_44.png\" alt=\"\" width=\"1248\" height=\"701\" \/><\/p>\n<p>La entrada <a href=\"https:\/\/www.radiocadenanorte.com.ar\/pre-inscripciones-abiertas-para-la-escuela-de-musica\/\">Pre-inscripciones abiertas para la Escuela de M\u00fasica<\/a> se public\u00f3 primero en <a href=\"https:\/\/www.radiocadenanorte.com.ar\">Cadena Norte fm<\/a>.<\/p>\n","protected":false},"excerpt":{"rendered":"<p>La Escuela Superior de M\u00fasica de Colonia Caroya abri\u00f3 las preinscripciones para el ciclo lectivo<\/p>\n","protected":false},"author":0,"featured_media":10792,"comment_status":"","ping_status":"","sticky":false,"template":"","format":"standard","meta":{"footnotes":""},"categories":[1],"tags":[],"class_list":["post-10791","post","type-post","status-publish","format-standard","has-post-thumbnail","hentry","category-regionales"],"yoast_head":"<!-- This site is optimized with the Yoast SEO plugin v27.4 - https:\/\/yoast.com\/product\/yoast-seo-wordpress\/ -->\n<title>Pre-inscripciones abiertas para la Escuela de M\u00fasica - Fm Gente<\/title>\n<meta name=\"robots\" content=\"index, follow, max-snippet:-1, max-image-preview:large, max-video-preview:-1\" \/>\n<link rel=\"canonical\" href=\"https:\/\/fmgente.com.ar\/web\/pre-inscripciones-abiertas-para-la-escuela-de-musica\/\" \/>\n<meta property=\"og:locale\" content=\"es_ES\" \/>\n<meta property=\"og:type\" content=\"article\" \/>\n<meta property=\"og:title\" content=\"Pre-inscripciones abiertas para la Escuela de M\u00fasica - Fm Gente\" \/>\n<meta property=\"og:description\" content=\"La Escuela Superior de M\u00fasica de Colonia Caroya abri\u00f3 las preinscripciones para el ciclo lectivo\" \/>\n<meta property=\"og:url\" content=\"https:\/\/fmgente.com.ar\/web\/pre-inscripciones-abiertas-para-la-escuela-de-musica\/\" \/>\n<meta property=\"og:site_name\" content=\"Fm Gente\" \/>\n<meta property=\"article:published_time\" content=\"2025-11-27T12:05:30+00:00\" \/>\n<meta property=\"og:image\" content=\"https:\/\/fmgente.com.ar\/web\/wp-content\/uploads\/2025\/11\/2025-11-27_08h59_44.png\" \/>\n\t<meta property=\"og:image:width\" content=\"1248\" \/>\n\t<meta property=\"og:image:height\" content=\"701\" \/>\n\t<meta property=\"og:image:type\" content=\"image\/png\" \/>\n<meta name=\"twitter:card\" content=\"summary_large_image\" \/>\n<meta name=\"twitter:label1\" content=\"Tiempo de lectura\" \/>\n\t<meta name=\"twitter:data1\" content=\"1 minuto\" \/>\n<script type=\"application\/ld+json\" class=\"yoast-schema-graph\">{\"@context\":\"https:\\\/\\\/schema.org\",\"@graph\":[{\"@type\":\"Article\",\"@id\":\"https:\\\/\\\/fmgente.com.ar\\\/web\\\/pre-inscripciones-abiertas-para-la-escuela-de-musica\\\/#article\",\"isPartOf\":{\"@id\":\"https:\\\/\\\/fmgente.com.ar\\\/web\\\/pre-inscripciones-abiertas-para-la-escuela-de-musica\\\/\"},\"author\":{\"name\":\"\",\"@id\":\"\"},\"headline\":\"Pre-inscripciones abiertas para la Escuela de M\u00fasica\",\"datePublished\":\"2025-11-27T12:05:30+00:00\",\"mainEntityOfPage\":{\"@id\":\"https:\\\/\\\/fmgente.com.ar\\\/web\\\/pre-inscripciones-abiertas-para-la-escuela-de-musica\\\/\"},\"wordCount\":192,\"publisher\":{\"@id\":\"https:\\\/\\\/fmgente.com.ar\\\/web\\\/#organization\"},\"image\":{\"@id\":\"https:\\\/\\\/fmgente.com.ar\\\/web\\\/pre-inscripciones-abiertas-para-la-escuela-de-musica\\\/#primaryimage\"},\"thumbnailUrl\":\"https:\\\/\\\/fmgente.com.ar\\\/web\\\/wp-content\\\/uploads\\\/2025\\\/11\\\/2025-11-27_08h59_44.png\",\"articleSection\":[\"REGIONALES\"],\"inLanguage\":\"es\"},{\"@type\":\"WebPage\",\"@id\":\"https:\\\/\\\/fmgente.com.ar\\\/web\\\/pre-inscripciones-abiertas-para-la-escuela-de-musica\\\/\",\"url\":\"https:\\\/\\\/fmgente.com.ar\\\/web\\\/pre-inscripciones-abiertas-para-la-escuela-de-musica\\\/\",\"name\":\"Pre-inscripciones abiertas para la Escuela de M\u00fasica - Fm Gente\",\"isPartOf\":{\"@id\":\"https:\\\/\\\/fmgente.com.ar\\\/web\\\/#website\"},\"primaryImageOfPage\":{\"@id\":\"https:\\\/\\\/fmgente.com.ar\\\/web\\\/pre-inscripciones-abiertas-para-la-escuela-de-musica\\\/#primaryimage\"},\"image\":{\"@id\":\"https:\\\/\\\/fmgente.com.ar\\\/web\\\/pre-inscripciones-abiertas-para-la-escuela-de-musica\\\/#primaryimage\"},\"thumbnailUrl\":\"https:\\\/\\\/fmgente.com.ar\\\/web\\\/wp-content\\\/uploads\\\/2025\\\/11\\\/2025-11-27_08h59_44.png\",\"datePublished\":\"2025-11-27T12:05:30+00:00\",\"inLanguage\":\"es\",\"potentialAction\":[{\"@type\":\"ReadAction\",\"target\":[\"https:\\\/\\\/fmgente.com.ar\\\/web\\\/pre-inscripciones-abiertas-para-la-escuela-de-musica\\\/\"]}]},{\"@type\":\"ImageObject\",\"inLanguage\":\"es\",\"@id\":\"https:\\\/\\\/fmgente.com.ar\\\/web\\\/pre-inscripciones-abiertas-para-la-escuela-de-musica\\\/#primaryimage\",\"url\":\"https:\\\/\\\/fmgente.com.ar\\\/web\\\/wp-content\\\/uploads\\\/2025\\\/11\\\/2025-11-27_08h59_44.png\",\"contentUrl\":\"https:\\\/\\\/fmgente.com.ar\\\/web\\\/wp-content\\\/uploads\\\/2025\\\/11\\\/2025-11-27_08h59_44.png\",\"width\":1248,\"height\":701},{\"@type\":\"WebSite\",\"@id\":\"https:\\\/\\\/fmgente.com.ar\\\/web\\\/#website\",\"url\":\"https:\\\/\\\/fmgente.com.ar\\\/web\\\/\",\"name\":\"Fm Gente\",\"description\":\"- Jes\u00fas Mar\u00eda\",\"publisher\":{\"@id\":\"https:\\\/\\\/fmgente.com.ar\\\/web\\\/#organization\"},\"potentialAction\":[{\"@type\":\"SearchAction\",\"target\":{\"@type\":\"EntryPoint\",\"urlTemplate\":\"https:\\\/\\\/fmgente.com.ar\\\/web\\\/?s={search_term_string}\"},\"query-input\":{\"@type\":\"PropertyValueSpecification\",\"valueRequired\":true,\"valueName\":\"search_term_string\"}}],\"inLanguage\":\"es\"},{\"@type\":\"Organization\",\"@id\":\"https:\\\/\\\/fmgente.com.ar\\\/web\\\/#organization\",\"name\":\"Fm Gente\",\"url\":\"https:\\\/\\\/fmgente.com.ar\\\/web\\\/\",\"logo\":{\"@type\":\"ImageObject\",\"inLanguage\":\"es\",\"@id\":\"https:\\\/\\\/fmgente.com.ar\\\/web\\\/#\\\/schema\\\/logo\\\/image\\\/\",\"url\":\"https:\\\/\\\/fmgente.com.ar\\\/web\\\/wp-content\\\/uploads\\\/2023\\\/07\\\/cropped-cropped-logo-sombra2.png\",\"contentUrl\":\"https:\\\/\\\/fmgente.com.ar\\\/web\\\/wp-content\\\/uploads\\\/2023\\\/07\\\/cropped-cropped-logo-sombra2.png\",\"width\":1782,\"height\":1782,\"caption\":\"Fm Gente\"},\"image\":{\"@id\":\"https:\\\/\\\/fmgente.com.ar\\\/web\\\/#\\\/schema\\\/logo\\\/image\\\/\"}}]}<\/script>\n<!-- \/ Yoast SEO plugin. -->","yoast_head_json":{"title":"Pre-inscripciones abiertas para la Escuela de M\u00fasica - Fm Gente","robots":{"index":"index","follow":"follow","max-snippet":"max-snippet:-1","max-image-preview":"max-image-preview:large","max-video-preview":"max-video-preview:-1"},"canonical":"https:\/\/fmgente.com.ar\/web\/pre-inscripciones-abiertas-para-la-escuela-de-musica\/","og_locale":"es_ES","og_type":"article","og_title":"Pre-inscripciones abiertas para la Escuela de M\u00fasica - Fm Gente","og_description":"La Escuela Superior de M\u00fasica de Colonia Caroya abri\u00f3 las preinscripciones para el ciclo lectivo","og_url":"https:\/\/fmgente.com.ar\/web\/pre-inscripciones-abiertas-para-la-escuela-de-musica\/","og_site_name":"Fm Gente","article_published_time":"2025-11-27T12:05:30+00:00","og_image":[{"width":1248,"height":701,"url":"https:\/\/fmgente.com.ar\/web\/wp-content\/uploads\/2025\/11\/2025-11-27_08h59_44.png","type":"image\/png"}],"twitter_card":"summary_large_image","twitter_misc":{"Tiempo de lectura":"1 minuto"},"schema":{"@context":"https:\/\/schema.org","@graph":[{"@type":"Article","@id":"https:\/\/fmgente.com.ar\/web\/pre-inscripciones-abiertas-para-la-escuela-de-musica\/#article","isPartOf":{"@id":"https:\/\/fmgente.com.ar\/web\/pre-inscripciones-abiertas-para-la-escuela-de-musica\/"},"author":{"name":"","@id":""},"headline":"Pre-inscripciones abiertas para la Escuela de M\u00fasica","datePublished":"2025-11-27T12:05:30+00:00","mainEntityOfPage":{"@id":"https:\/\/fmgente.com.ar\/web\/pre-inscripciones-abiertas-para-la-escuela-de-musica\/"},"wordCount":192,"publisher":{"@id":"https:\/\/fmgente.com.ar\/web\/#organization"},"image":{"@id":"https:\/\/fmgente.com.ar\/web\/pre-inscripciones-abiertas-para-la-escuela-de-musica\/#primaryimage"},"thumbnailUrl":"https:\/\/fmgente.com.ar\/web\/wp-content\/uploads\/2025\/11\/2025-11-27_08h59_44.png","articleSection":["REGIONALES"],"inLanguage":"es"},{"@type":"WebPage","@id":"https:\/\/fmgente.com.ar\/web\/pre-inscripciones-abiertas-para-la-escuela-de-musica\/","url":"https:\/\/fmgente.com.ar\/web\/pre-inscripciones-abiertas-para-la-escuela-de-musica\/","name":"Pre-inscripciones abiertas para la Escuela de M\u00fasica - Fm Gente","isPartOf":{"@id":"https:\/\/fmgente.com.ar\/web\/#website"},"primaryImageOfPage":{"@id":"https:\/\/fmgente.com.ar\/web\/pre-inscripciones-abiertas-para-la-escuela-de-musica\/#primaryimage"},"image":{"@id":"https:\/\/fmgente.com.ar\/web\/pre-inscripciones-abiertas-para-la-escuela-de-musica\/#primaryimage"},"thumbnailUrl":"https:\/\/fmgente.com.ar\/web\/wp-content\/uploads\/2025\/11\/2025-11-27_08h59_44.png","datePublished":"2025-11-27T12:05:30+00:00","inLanguage":"es","potentialAction":[{"@type":"ReadAction","target":["https:\/\/fmgente.com.ar\/web\/pre-inscripciones-abiertas-para-la-escuela-de-musica\/"]}]},{"@type":"ImageObject","inLanguage":"es","@id":"https:\/\/fmgente.com.ar\/web\/pre-inscripciones-abiertas-para-la-escuela-de-musica\/#primaryimage","url":"https:\/\/fmgente.com.ar\/web\/wp-content\/uploads\/2025\/11\/2025-11-27_08h59_44.png","contentUrl":"https:\/\/fmgente.com.ar\/web\/wp-content\/uploads\/2025\/11\/2025-11-27_08h59_44.png","width":1248,"height":701},{"@type":"WebSite","@id":"https:\/\/fmgente.com.ar\/web\/#website","url":"https:\/\/fmgente.com.ar\/web\/","name":"Fm Gente","description":"- Jes\u00fas Mar\u00eda","publisher":{"@id":"https:\/\/fmgente.com.ar\/web\/#organization"},"potentialAction":[{"@type":"SearchAction","target":{"@type":"EntryPoint","urlTemplate":"https:\/\/fmgente.com.ar\/web\/?s={search_term_string}"},"query-input":{"@type":"PropertyValueSpecification","valueRequired":true,"valueName":"search_term_string"}}],"inLanguage":"es"},{"@type":"Organization","@id":"https:\/\/fmgente.com.ar\/web\/#organization","name":"Fm Gente","url":"https:\/\/fmgente.com.ar\/web\/","logo":{"@type":"ImageObject","inLanguage":"es","@id":"https:\/\/fmgente.com.ar\/web\/#\/schema\/logo\/image\/","url":"https:\/\/fmgente.com.ar\/web\/wp-content\/uploads\/2023\/07\/cropped-cropped-logo-sombra2.png","contentUrl":"https:\/\/fmgente.com.ar\/web\/wp-content\/uploads\/2023\/07\/cropped-cropped-logo-sombra2.png","width":1782,"height":1782,"caption":"Fm Gente"},"image":{"@id":"https:\/\/fmgente.com.ar\/web\/#\/schema\/logo\/image\/"}}]}},"_links":{"self":[{"href":"https:\/\/fmgente.com.ar\/web\/wp-json\/wp\/v2\/posts\/10791","targetHints":{"allow":["GET"]}}],"collection":[{"href":"https:\/\/fmgente.com.ar\/web\/wp-json\/wp\/v2\/posts"}],"about":[{"href":"https:\/\/fmgente.com.ar\/web\/wp-json\/wp\/v2\/types\/post"}],"replies":[{"embeddable":true,"href":"https:\/\/fmgente.com.ar\/web\/wp-json\/wp\/v2\/comments?post=10791"}],"version-history":[{"count":0,"href":"https:\/\/fmgente.com.ar\/web\/wp-json\/wp\/v2\/posts\/10791\/revisions"}],"wp:featuredmedia":[{"embeddable":true,"href":"https:\/\/fmgente.com.ar\/web\/wp-json\/wp\/v2\/media\/10792"}],"wp:attachment":[{"href":"https:\/\/fmgente.com.ar\/web\/wp-json\/wp\/v2\/media?parent=10791"}],"wp:term":[{"taxonomy":"category","embeddable":true,"href":"https:\/\/fmgente.com.ar\/web\/wp-json\/wp\/v2\/categories?post=10791"},{"taxonomy":"post_tag","embeddable":true,"href":"https:\/\/fmgente.com.ar\/web\/wp-json\/wp\/v2\/tags?post=10791"}],"curies":[{"name":"wp","href":"https:\/\/api.w.org\/{rel}","templated":true}]}}