{"id":10789,"date":"2025-11-27T08:05:53","date_gmt":"2025-11-27T11:05:53","guid":{"rendered":"https:\/\/fmgente.com.ar\/el-festival-de-doma-y-folklore-obtuvo-el-oro-en-los-premios-bitacora-cordoba-2025\/"},"modified":"2025-11-27T08:05:53","modified_gmt":"2025-11-27T11:05:53","slug":"el-festival-de-doma-y-folklore-obtuvo-el-oro-en-los-premios-bitacora-cordoba-2025","status":"publish","type":"post","link":"https:\/\/fmgente.com.ar\/web\/el-festival-de-doma-y-folklore-obtuvo-el-oro-en-los-premios-bitacora-cordoba-2025\/","title":{"rendered":"El Festival de Doma y Folklore obtuvo el Oro en los Premios Bit\u00e1cora C\u00f3rdoba 2025"},"content":{"rendered":"<p>El Festival Nacional de Doma y Folklore de Jes\u00fas Mar\u00eda fue distinguido con el Premio Bit\u00e1cora de Oro en la categor\u00eda Mejor Evento o Fiesta Provincial, reafirmando su liderazgo como uno de los acontecimientos culturales y tur\u00edsticos m\u00e1s importantes de la provincia.<\/p>\n<p>La ceremonia se realiz\u00f3 en el Centro de Convenciones C\u00f3rdoba, donde estuvieron presentes el Presidente de la Comisi\u00f3n Directiva, Juan Ignacio L\u00f3pez, y el Secretario de Contrataciones, Nicol\u00e1s Tottis, quienes recibieron el reconocimiento en nombre de la instituci\u00f3n.<\/p>\n<p>Los Premios Bit\u00e1cora C\u00f3rdoba, en su primera edici\u00f3n provincial, son organizados por Mensajero Producciones, empresa referente en comunicaci\u00f3n tur\u00edstica. El objetivo de estos galardones es destacar la excelencia, innovaci\u00f3n y calidad de las propuestas que impulsan el turismo en la provincia. La votaci\u00f3n est\u00e1 a cargo de agentes de viajes, operadores, prestadores de servicios, instituciones y destinos cordobeses, lo que otorga legitimidad y representa la valoraci\u00f3n directa del sector.<\/p>\n<p><img loading=\"lazy\" decoding=\"async\" class=\"alignnone size-full wp-image-120724\" src=\"http:\/\/www.radiocadenanorte.com.ar\/wp-content\/uploads\/2025\/11\/bitacora-3-scaled.jpg\" alt=\"\" width=\"2560\" height=\"1205\" \/> <img loading=\"lazy\" decoding=\"async\" class=\"alignnone size-full wp-image-120725\" src=\"http:\/\/www.radiocadenanorte.com.ar\/wp-content\/uploads\/2025\/11\/bitacora-6.jpg\" alt=\"\" width=\"2252\" height=\"2414\" \/> <img decoding=\"async\" loading=\"lazy\" class=\"alignnone size-full wp-image-120726\" src=\"http:\/\/www.radiocadenanorte.com.ar\/wp-content\/uploads\/2025\/11\/bitacora-7.jpg\" alt=\"\" width=\"1600\" height=\"900\" \/><\/p>\n<p>La entrada <a href=\"https:\/\/www.radiocadenanorte.com.ar\/el-festival-de-doma-y-folklore-obtuvo-el-oro-en-los-premios-bitacora-cordoba-2025\/\">El Festival de Doma y Folklore obtuvo el Oro en los Premios Bit\u00e1cora C\u00f3rdoba 2025<\/a> se public\u00f3 primero en <a href=\"https:\/\/www.radiocadenanorte.com.ar\">Cadena Norte fm<\/a>.<\/p>\n","protected":false},"excerpt":{"rendered":"<p>El Festival Nacional de Doma y Folklore de Jes\u00fas Mar\u00eda fue distinguido con el Premio<\/p>\n","protected":false},"author":0,"featured_media":10790,"comment_status":"","ping_status":"","sticky":false,"template":"","format":"standard","meta":{"footnotes":""},"categories":[1],"tags":[],"class_list":["post-10789","post","type-post","status-publish","format-standard","has-post-thumbnail","hentry","category-regionales"],"yoast_head":"<!-- This site is optimized with the Yoast SEO plugin v27.4 - https:\/\/yoast.com\/product\/yoast-seo-wordpress\/ -->\n<title>El Festival de Doma y Folklore obtuvo el Oro en los Premios Bit\u00e1cora C\u00f3rdoba 2025 - Fm Gente<\/title>\n<meta name=\"robots\" content=\"index, follow, max-snippet:-1, max-image-preview:large, max-video-preview:-1\" \/>\n<link rel=\"canonical\" href=\"https:\/\/fmgente.com.ar\/web\/el-festival-de-doma-y-folklore-obtuvo-el-oro-en-los-premios-bitacora-cordoba-2025\/\" \/>\n<meta property=\"og:locale\" content=\"es_ES\" \/>\n<meta property=\"og:type\" content=\"article\" \/>\n<meta property=\"og:title\" content=\"El Festival de Doma y Folklore obtuvo el Oro en los Premios Bit\u00e1cora C\u00f3rdoba 2025 - Fm Gente\" \/>\n<meta property=\"og:description\" content=\"El Festival Nacional de Doma y Folklore de Jes\u00fas Mar\u00eda fue distinguido con el Premio\" \/>\n<meta property=\"og:url\" content=\"https:\/\/fmgente.com.ar\/web\/el-festival-de-doma-y-folklore-obtuvo-el-oro-en-los-premios-bitacora-cordoba-2025\/\" \/>\n<meta property=\"og:site_name\" content=\"Fm Gente\" \/>\n<meta property=\"article:published_time\" content=\"2025-11-27T11:05:53+00:00\" \/>\n<meta property=\"og:image\" content=\"https:\/\/fmgente.com.ar\/web\/wp-content\/uploads\/2025\/11\/bitacora-3-scaled-1.jpg\" \/>\n\t<meta property=\"og:image:width\" content=\"2560\" \/>\n\t<meta property=\"og:image:height\" content=\"1205\" \/>\n\t<meta property=\"og:image:type\" content=\"image\/jpeg\" \/>\n<meta name=\"twitter:card\" content=\"summary_large_image\" \/>\n<meta name=\"twitter:label1\" content=\"Tiempo de lectura\" \/>\n\t<meta name=\"twitter:data1\" content=\"1 minuto\" \/>\n<script type=\"application\/ld+json\" class=\"yoast-schema-graph\">{\"@context\":\"https:\\\/\\\/schema.org\",\"@graph\":[{\"@type\":\"Article\",\"@id\":\"https:\\\/\\\/fmgente.com.ar\\\/web\\\/el-festival-de-doma-y-folklore-obtuvo-el-oro-en-los-premios-bitacora-cordoba-2025\\\/#article\",\"isPartOf\":{\"@id\":\"https:\\\/\\\/fmgente.com.ar\\\/web\\\/el-festival-de-doma-y-folklore-obtuvo-el-oro-en-los-premios-bitacora-cordoba-2025\\\/\"},\"author\":{\"name\":\"\",\"@id\":\"\"},\"headline\":\"El Festival de Doma y Folklore obtuvo el Oro en los Premios Bit\u00e1cora C\u00f3rdoba 2025\",\"datePublished\":\"2025-11-27T11:05:53+00:00\",\"mainEntityOfPage\":{\"@id\":\"https:\\\/\\\/fmgente.com.ar\\\/web\\\/el-festival-de-doma-y-folklore-obtuvo-el-oro-en-los-premios-bitacora-cordoba-2025\\\/\"},\"wordCount\":209,\"publisher\":{\"@id\":\"https:\\\/\\\/fmgente.com.ar\\\/web\\\/#organization\"},\"image\":{\"@id\":\"https:\\\/\\\/fmgente.com.ar\\\/web\\\/el-festival-de-doma-y-folklore-obtuvo-el-oro-en-los-premios-bitacora-cordoba-2025\\\/#primaryimage\"},\"thumbnailUrl\":\"https:\\\/\\\/fmgente.com.ar\\\/web\\\/wp-content\\\/uploads\\\/2025\\\/11\\\/bitacora-3-scaled-1.jpg\",\"articleSection\":[\"REGIONALES\"],\"inLanguage\":\"es\"},{\"@type\":\"WebPage\",\"@id\":\"https:\\\/\\\/fmgente.com.ar\\\/web\\\/el-festival-de-doma-y-folklore-obtuvo-el-oro-en-los-premios-bitacora-cordoba-2025\\\/\",\"url\":\"https:\\\/\\\/fmgente.com.ar\\\/web\\\/el-festival-de-doma-y-folklore-obtuvo-el-oro-en-los-premios-bitacora-cordoba-2025\\\/\",\"name\":\"El Festival de Doma y Folklore obtuvo el Oro en los Premios Bit\u00e1cora C\u00f3rdoba 2025 - Fm Gente\",\"isPartOf\":{\"@id\":\"https:\\\/\\\/fmgente.com.ar\\\/web\\\/#website\"},\"primaryImageOfPage\":{\"@id\":\"https:\\\/\\\/fmgente.com.ar\\\/web\\\/el-festival-de-doma-y-folklore-obtuvo-el-oro-en-los-premios-bitacora-cordoba-2025\\\/#primaryimage\"},\"image\":{\"@id\":\"https:\\\/\\\/fmgente.com.ar\\\/web\\\/el-festival-de-doma-y-folklore-obtuvo-el-oro-en-los-premios-bitacora-cordoba-2025\\\/#primaryimage\"},\"thumbnailUrl\":\"https:\\\/\\\/fmgente.com.ar\\\/web\\\/wp-content\\\/uploads\\\/2025\\\/11\\\/bitacora-3-scaled-1.jpg\",\"datePublished\":\"2025-11-27T11:05:53+00:00\",\"inLanguage\":\"es\",\"potentialAction\":[{\"@type\":\"ReadAction\",\"target\":[\"https:\\\/\\\/fmgente.com.ar\\\/web\\\/el-festival-de-doma-y-folklore-obtuvo-el-oro-en-los-premios-bitacora-cordoba-2025\\\/\"]}]},{\"@type\":\"ImageObject\",\"inLanguage\":\"es\",\"@id\":\"https:\\\/\\\/fmgente.com.ar\\\/web\\\/el-festival-de-doma-y-folklore-obtuvo-el-oro-en-los-premios-bitacora-cordoba-2025\\\/#primaryimage\",\"url\":\"https:\\\/\\\/fmgente.com.ar\\\/web\\\/wp-content\\\/uploads\\\/2025\\\/11\\\/bitacora-3-scaled-1.jpg\",\"contentUrl\":\"https:\\\/\\\/fmgente.com.ar\\\/web\\\/wp-content\\\/uploads\\\/2025\\\/11\\\/bitacora-3-scaled-1.jpg\",\"width\":2560,\"height\":1205},{\"@type\":\"WebSite\",\"@id\":\"https:\\\/\\\/fmgente.com.ar\\\/web\\\/#website\",\"url\":\"https:\\\/\\\/fmgente.com.ar\\\/web\\\/\",\"name\":\"Fm Gente\",\"description\":\"- Jes\u00fas Mar\u00eda\",\"publisher\":{\"@id\":\"https:\\\/\\\/fmgente.com.ar\\\/web\\\/#organization\"},\"potentialAction\":[{\"@type\":\"SearchAction\",\"target\":{\"@type\":\"EntryPoint\",\"urlTemplate\":\"https:\\\/\\\/fmgente.com.ar\\\/web\\\/?s={search_term_string}\"},\"query-input\":{\"@type\":\"PropertyValueSpecification\",\"valueRequired\":true,\"valueName\":\"search_term_string\"}}],\"inLanguage\":\"es\"},{\"@type\":\"Organization\",\"@id\":\"https:\\\/\\\/fmgente.com.ar\\\/web\\\/#organization\",\"name\":\"Fm Gente\",\"url\":\"https:\\\/\\\/fmgente.com.ar\\\/web\\\/\",\"logo\":{\"@type\":\"ImageObject\",\"inLanguage\":\"es\",\"@id\":\"https:\\\/\\\/fmgente.com.ar\\\/web\\\/#\\\/schema\\\/logo\\\/image\\\/\",\"url\":\"https:\\\/\\\/fmgente.com.ar\\\/web\\\/wp-content\\\/uploads\\\/2023\\\/07\\\/cropped-cropped-logo-sombra2.png\",\"contentUrl\":\"https:\\\/\\\/fmgente.com.ar\\\/web\\\/wp-content\\\/uploads\\\/2023\\\/07\\\/cropped-cropped-logo-sombra2.png\",\"width\":1782,\"height\":1782,\"caption\":\"Fm Gente\"},\"image\":{\"@id\":\"https:\\\/\\\/fmgente.com.ar\\\/web\\\/#\\\/schema\\\/logo\\\/image\\\/\"}}]}<\/script>\n<!-- \/ Yoast SEO plugin. -->","yoast_head_json":{"title":"El Festival de Doma y Folklore obtuvo el Oro en los Premios Bit\u00e1cora C\u00f3rdoba 2025 - Fm Gente","robots":{"index":"index","follow":"follow","max-snippet":"max-snippet:-1","max-image-preview":"max-image-preview:large","max-video-preview":"max-video-preview:-1"},"canonical":"https:\/\/fmgente.com.ar\/web\/el-festival-de-doma-y-folklore-obtuvo-el-oro-en-los-premios-bitacora-cordoba-2025\/","og_locale":"es_ES","og_type":"article","og_title":"El Festival de Doma y Folklore obtuvo el Oro en los Premios Bit\u00e1cora C\u00f3rdoba 2025 - Fm Gente","og_description":"El Festival Nacional de Doma y Folklore de Jes\u00fas Mar\u00eda fue distinguido con el Premio","og_url":"https:\/\/fmgente.com.ar\/web\/el-festival-de-doma-y-folklore-obtuvo-el-oro-en-los-premios-bitacora-cordoba-2025\/","og_site_name":"Fm Gente","article_published_time":"2025-11-27T11:05:53+00:00","og_image":[{"width":2560,"height":1205,"url":"https:\/\/fmgente.com.ar\/web\/wp-content\/uploads\/2025\/11\/bitacora-3-scaled-1.jpg","type":"image\/jpeg"}],"twitter_card":"summary_large_image","twitter_misc":{"Tiempo de lectura":"1 minuto"},"schema":{"@context":"https:\/\/schema.org","@graph":[{"@type":"Article","@id":"https:\/\/fmgente.com.ar\/web\/el-festival-de-doma-y-folklore-obtuvo-el-oro-en-los-premios-bitacora-cordoba-2025\/#article","isPartOf":{"@id":"https:\/\/fmgente.com.ar\/web\/el-festival-de-doma-y-folklore-obtuvo-el-oro-en-los-premios-bitacora-cordoba-2025\/"},"author":{"name":"","@id":""},"headline":"El Festival de Doma y Folklore obtuvo el Oro en los Premios Bit\u00e1cora C\u00f3rdoba 2025","datePublished":"2025-11-27T11:05:53+00:00","mainEntityOfPage":{"@id":"https:\/\/fmgente.com.ar\/web\/el-festival-de-doma-y-folklore-obtuvo-el-oro-en-los-premios-bitacora-cordoba-2025\/"},"wordCount":209,"publisher":{"@id":"https:\/\/fmgente.com.ar\/web\/#organization"},"image":{"@id":"https:\/\/fmgente.com.ar\/web\/el-festival-de-doma-y-folklore-obtuvo-el-oro-en-los-premios-bitacora-cordoba-2025\/#primaryimage"},"thumbnailUrl":"https:\/\/fmgente.com.ar\/web\/wp-content\/uploads\/2025\/11\/bitacora-3-scaled-1.jpg","articleSection":["REGIONALES"],"inLanguage":"es"},{"@type":"WebPage","@id":"https:\/\/fmgente.com.ar\/web\/el-festival-de-doma-y-folklore-obtuvo-el-oro-en-los-premios-bitacora-cordoba-2025\/","url":"https:\/\/fmgente.com.ar\/web\/el-festival-de-doma-y-folklore-obtuvo-el-oro-en-los-premios-bitacora-cordoba-2025\/","name":"El Festival de Doma y Folklore obtuvo el Oro en los Premios Bit\u00e1cora C\u00f3rdoba 2025 - Fm Gente","isPartOf":{"@id":"https:\/\/fmgente.com.ar\/web\/#website"},"primaryImageOfPage":{"@id":"https:\/\/fmgente.com.ar\/web\/el-festival-de-doma-y-folklore-obtuvo-el-oro-en-los-premios-bitacora-cordoba-2025\/#primaryimage"},"image":{"@id":"https:\/\/fmgente.com.ar\/web\/el-festival-de-doma-y-folklore-obtuvo-el-oro-en-los-premios-bitacora-cordoba-2025\/#primaryimage"},"thumbnailUrl":"https:\/\/fmgente.com.ar\/web\/wp-content\/uploads\/2025\/11\/bitacora-3-scaled-1.jpg","datePublished":"2025-11-27T11:05:53+00:00","inLanguage":"es","potentialAction":[{"@type":"ReadAction","target":["https:\/\/fmgente.com.ar\/web\/el-festival-de-doma-y-folklore-obtuvo-el-oro-en-los-premios-bitacora-cordoba-2025\/"]}]},{"@type":"ImageObject","inLanguage":"es","@id":"https:\/\/fmgente.com.ar\/web\/el-festival-de-doma-y-folklore-obtuvo-el-oro-en-los-premios-bitacora-cordoba-2025\/#primaryimage","url":"https:\/\/fmgente.com.ar\/web\/wp-content\/uploads\/2025\/11\/bitacora-3-scaled-1.jpg","contentUrl":"https:\/\/fmgente.com.ar\/web\/wp-content\/uploads\/2025\/11\/bitacora-3-scaled-1.jpg","width":2560,"height":1205},{"@type":"WebSite","@id":"https:\/\/fmgente.com.ar\/web\/#website","url":"https:\/\/fmgente.com.ar\/web\/","name":"Fm Gente","description":"- Jes\u00fas Mar\u00eda","publisher":{"@id":"https:\/\/fmgente.com.ar\/web\/#organization"},"potentialAction":[{"@type":"SearchAction","target":{"@type":"EntryPoint","urlTemplate":"https:\/\/fmgente.com.ar\/web\/?s={search_term_string}"},"query-input":{"@type":"PropertyValueSpecification","valueRequired":true,"valueName":"search_term_string"}}],"inLanguage":"es"},{"@type":"Organization","@id":"https:\/\/fmgente.com.ar\/web\/#organization","name":"Fm Gente","url":"https:\/\/fmgente.com.ar\/web\/","logo":{"@type":"ImageObject","inLanguage":"es","@id":"https:\/\/fmgente.com.ar\/web\/#\/schema\/logo\/image\/","url":"https:\/\/fmgente.com.ar\/web\/wp-content\/uploads\/2023\/07\/cropped-cropped-logo-sombra2.png","contentUrl":"https:\/\/fmgente.com.ar\/web\/wp-content\/uploads\/2023\/07\/cropped-cropped-logo-sombra2.png","width":1782,"height":1782,"caption":"Fm Gente"},"image":{"@id":"https:\/\/fmgente.com.ar\/web\/#\/schema\/logo\/image\/"}}]}},"_links":{"self":[{"href":"https:\/\/fmgente.com.ar\/web\/wp-json\/wp\/v2\/posts\/10789","targetHints":{"allow":["GET"]}}],"collection":[{"href":"https:\/\/fmgente.com.ar\/web\/wp-json\/wp\/v2\/posts"}],"about":[{"href":"https:\/\/fmgente.com.ar\/web\/wp-json\/wp\/v2\/types\/post"}],"replies":[{"embeddable":true,"href":"https:\/\/fmgente.com.ar\/web\/wp-json\/wp\/v2\/comments?post=10789"}],"version-history":[{"count":0,"href":"https:\/\/fmgente.com.ar\/web\/wp-json\/wp\/v2\/posts\/10789\/revisions"}],"wp:featuredmedia":[{"embeddable":true,"href":"https:\/\/fmgente.com.ar\/web\/wp-json\/wp\/v2\/media\/10790"}],"wp:attachment":[{"href":"https:\/\/fmgente.com.ar\/web\/wp-json\/wp\/v2\/media?parent=10789"}],"wp:term":[{"taxonomy":"category","embeddable":true,"href":"https:\/\/fmgente.com.ar\/web\/wp-json\/wp\/v2\/categories?post=10789"},{"taxonomy":"post_tag","embeddable":true,"href":"https:\/\/fmgente.com.ar\/web\/wp-json\/wp\/v2\/tags?post=10789"}],"curies":[{"name":"wp","href":"https:\/\/api.w.org\/{rel}","templated":true}]}}