{"id":10785,"date":"2025-11-27T08:05:43","date_gmt":"2025-11-27T11:05:43","guid":{"rendered":"https:\/\/fmgente.com.ar\/cierre-de-los-talleres-de-personas-mayores\/"},"modified":"2025-11-27T08:05:43","modified_gmt":"2025-11-27T11:05:43","slug":"cierre-de-los-talleres-de-personas-mayores","status":"publish","type":"post","link":"https:\/\/fmgente.com.ar\/web\/cierre-de-los-talleres-de-personas-mayores\/","title":{"rendered":"Cierre de los talleres de Personas Mayores"},"content":{"rendered":"<p>M\u00e1s de 450 personas recibir\u00e1n certificados del cierre anual de talleres para personas mayores.<\/p>\n<p>El Complejo de Personas Mayores har\u00e1 el evento este viernes 28 de noviembre a las 19:00 en la Placita de Tet\u00e9 (Calle Espa\u00f1a Norte, entre 43 y 42). Los profesores de los talleres de Estimulaci\u00f3n Cognitiva, Herramientas Digitales, Folclore, Nuevas Tecnolog\u00edas, Actividad F\u00edsica, Yoga, Radio y Comunicaci\u00f3n, Arte y Dibujo, Manualidades y Reciclado, Arte y Manualidades y M\u00fasica har\u00e1n entrega de los certificados.<br \/>\nToda la comunidad est\u00e1 invitada a participar de esta actividad. Se pide llevar reposeras y algo para compartir.<\/p>\n<p><img decoding=\"async\" loading=\"lazy\" class=\"alignnone size-full wp-image-120733\" src=\"http:\/\/www.radiocadenanorte.com.ar\/wp-content\/uploads\/2025\/11\/Imagen-de-WhatsApp-2025-11-26-a-las-14.43.04_32121a32.jpg\" alt=\"\" width=\"900\" height=\"1600\" \/><\/p>\n<p>La entrada <a href=\"https:\/\/www.radiocadenanorte.com.ar\/cierre-de-los-talleres-de-personas-mayores\/\">Cierre de los talleres de Personas Mayores<\/a> se public\u00f3 primero en <a href=\"https:\/\/www.radiocadenanorte.com.ar\">Cadena Norte fm<\/a>.<\/p>\n","protected":false},"excerpt":{"rendered":"<p>M\u00e1s de 450 personas recibir\u00e1n certificados del cierre anual de talleres para personas mayores. El<\/p>\n","protected":false},"author":0,"featured_media":10786,"comment_status":"","ping_status":"","sticky":false,"template":"","format":"standard","meta":{"footnotes":""},"categories":[1],"tags":[],"class_list":["post-10785","post","type-post","status-publish","format-standard","has-post-thumbnail","hentry","category-regionales"],"yoast_head":"<!-- This site is optimized with the Yoast SEO plugin v27.4 - https:\/\/yoast.com\/product\/yoast-seo-wordpress\/ -->\n<title>Cierre de los talleres de Personas Mayores - Fm Gente<\/title>\n<meta name=\"robots\" content=\"index, follow, max-snippet:-1, max-image-preview:large, max-video-preview:-1\" \/>\n<link rel=\"canonical\" href=\"https:\/\/fmgente.com.ar\/web\/cierre-de-los-talleres-de-personas-mayores\/\" \/>\n<meta property=\"og:locale\" content=\"es_ES\" \/>\n<meta property=\"og:type\" content=\"article\" \/>\n<meta property=\"og:title\" content=\"Cierre de los talleres de Personas Mayores - Fm Gente\" \/>\n<meta property=\"og:description\" content=\"M\u00e1s de 450 personas recibir\u00e1n certificados del cierre anual de talleres para personas mayores. El\" \/>\n<meta property=\"og:url\" content=\"https:\/\/fmgente.com.ar\/web\/cierre-de-los-talleres-de-personas-mayores\/\" \/>\n<meta property=\"og:site_name\" content=\"Fm Gente\" \/>\n<meta property=\"article:published_time\" content=\"2025-11-27T11:05:43+00:00\" \/>\n<meta property=\"og:image\" content=\"https:\/\/fmgente.com.ar\/web\/wp-content\/uploads\/2025\/11\/Imagen-de-WhatsApp-2025-11-26-a-las-14.43.04_32121a32.jpg\" \/>\n\t<meta property=\"og:image:width\" content=\"900\" \/>\n\t<meta property=\"og:image:height\" content=\"1600\" \/>\n\t<meta property=\"og:image:type\" content=\"image\/jpeg\" \/>\n<meta name=\"twitter:card\" content=\"summary_large_image\" \/>\n<meta name=\"twitter:label1\" content=\"Tiempo de lectura\" \/>\n\t<meta name=\"twitter:data1\" content=\"1 minuto\" \/>\n<script type=\"application\/ld+json\" class=\"yoast-schema-graph\">{\"@context\":\"https:\\\/\\\/schema.org\",\"@graph\":[{\"@type\":\"Article\",\"@id\":\"https:\\\/\\\/fmgente.com.ar\\\/web\\\/cierre-de-los-talleres-de-personas-mayores\\\/#article\",\"isPartOf\":{\"@id\":\"https:\\\/\\\/fmgente.com.ar\\\/web\\\/cierre-de-los-talleres-de-personas-mayores\\\/\"},\"author\":{\"name\":\"\",\"@id\":\"\"},\"headline\":\"Cierre de los talleres de Personas Mayores\",\"datePublished\":\"2025-11-27T11:05:43+00:00\",\"mainEntityOfPage\":{\"@id\":\"https:\\\/\\\/fmgente.com.ar\\\/web\\\/cierre-de-los-talleres-de-personas-mayores\\\/\"},\"wordCount\":122,\"publisher\":{\"@id\":\"https:\\\/\\\/fmgente.com.ar\\\/web\\\/#organization\"},\"image\":{\"@id\":\"https:\\\/\\\/fmgente.com.ar\\\/web\\\/cierre-de-los-talleres-de-personas-mayores\\\/#primaryimage\"},\"thumbnailUrl\":\"https:\\\/\\\/fmgente.com.ar\\\/web\\\/wp-content\\\/uploads\\\/2025\\\/11\\\/Imagen-de-WhatsApp-2025-11-26-a-las-14.43.04_32121a32.jpg\",\"articleSection\":[\"REGIONALES\"],\"inLanguage\":\"es\"},{\"@type\":\"WebPage\",\"@id\":\"https:\\\/\\\/fmgente.com.ar\\\/web\\\/cierre-de-los-talleres-de-personas-mayores\\\/\",\"url\":\"https:\\\/\\\/fmgente.com.ar\\\/web\\\/cierre-de-los-talleres-de-personas-mayores\\\/\",\"name\":\"Cierre de los talleres de Personas Mayores - Fm Gente\",\"isPartOf\":{\"@id\":\"https:\\\/\\\/fmgente.com.ar\\\/web\\\/#website\"},\"primaryImageOfPage\":{\"@id\":\"https:\\\/\\\/fmgente.com.ar\\\/web\\\/cierre-de-los-talleres-de-personas-mayores\\\/#primaryimage\"},\"image\":{\"@id\":\"https:\\\/\\\/fmgente.com.ar\\\/web\\\/cierre-de-los-talleres-de-personas-mayores\\\/#primaryimage\"},\"thumbnailUrl\":\"https:\\\/\\\/fmgente.com.ar\\\/web\\\/wp-content\\\/uploads\\\/2025\\\/11\\\/Imagen-de-WhatsApp-2025-11-26-a-las-14.43.04_32121a32.jpg\",\"datePublished\":\"2025-11-27T11:05:43+00:00\",\"inLanguage\":\"es\",\"potentialAction\":[{\"@type\":\"ReadAction\",\"target\":[\"https:\\\/\\\/fmgente.com.ar\\\/web\\\/cierre-de-los-talleres-de-personas-mayores\\\/\"]}]},{\"@type\":\"ImageObject\",\"inLanguage\":\"es\",\"@id\":\"https:\\\/\\\/fmgente.com.ar\\\/web\\\/cierre-de-los-talleres-de-personas-mayores\\\/#primaryimage\",\"url\":\"https:\\\/\\\/fmgente.com.ar\\\/web\\\/wp-content\\\/uploads\\\/2025\\\/11\\\/Imagen-de-WhatsApp-2025-11-26-a-las-14.43.04_32121a32.jpg\",\"contentUrl\":\"https:\\\/\\\/fmgente.com.ar\\\/web\\\/wp-content\\\/uploads\\\/2025\\\/11\\\/Imagen-de-WhatsApp-2025-11-26-a-las-14.43.04_32121a32.jpg\",\"width\":900,\"height\":1600},{\"@type\":\"WebSite\",\"@id\":\"https:\\\/\\\/fmgente.com.ar\\\/web\\\/#website\",\"url\":\"https:\\\/\\\/fmgente.com.ar\\\/web\\\/\",\"name\":\"Fm Gente\",\"description\":\"- Jes\u00fas Mar\u00eda\",\"publisher\":{\"@id\":\"https:\\\/\\\/fmgente.com.ar\\\/web\\\/#organization\"},\"potentialAction\":[{\"@type\":\"SearchAction\",\"target\":{\"@type\":\"EntryPoint\",\"urlTemplate\":\"https:\\\/\\\/fmgente.com.ar\\\/web\\\/?s={search_term_string}\"},\"query-input\":{\"@type\":\"PropertyValueSpecification\",\"valueRequired\":true,\"valueName\":\"search_term_string\"}}],\"inLanguage\":\"es\"},{\"@type\":\"Organization\",\"@id\":\"https:\\\/\\\/fmgente.com.ar\\\/web\\\/#organization\",\"name\":\"Fm Gente\",\"url\":\"https:\\\/\\\/fmgente.com.ar\\\/web\\\/\",\"logo\":{\"@type\":\"ImageObject\",\"inLanguage\":\"es\",\"@id\":\"https:\\\/\\\/fmgente.com.ar\\\/web\\\/#\\\/schema\\\/logo\\\/image\\\/\",\"url\":\"https:\\\/\\\/fmgente.com.ar\\\/web\\\/wp-content\\\/uploads\\\/2023\\\/07\\\/cropped-cropped-logo-sombra2.png\",\"contentUrl\":\"https:\\\/\\\/fmgente.com.ar\\\/web\\\/wp-content\\\/uploads\\\/2023\\\/07\\\/cropped-cropped-logo-sombra2.png\",\"width\":1782,\"height\":1782,\"caption\":\"Fm Gente\"},\"image\":{\"@id\":\"https:\\\/\\\/fmgente.com.ar\\\/web\\\/#\\\/schema\\\/logo\\\/image\\\/\"}}]}<\/script>\n<!-- \/ Yoast SEO plugin. -->","yoast_head_json":{"title":"Cierre de los talleres de Personas Mayores - Fm Gente","robots":{"index":"index","follow":"follow","max-snippet":"max-snippet:-1","max-image-preview":"max-image-preview:large","max-video-preview":"max-video-preview:-1"},"canonical":"https:\/\/fmgente.com.ar\/web\/cierre-de-los-talleres-de-personas-mayores\/","og_locale":"es_ES","og_type":"article","og_title":"Cierre de los talleres de Personas Mayores - Fm Gente","og_description":"M\u00e1s de 450 personas recibir\u00e1n certificados del cierre anual de talleres para personas mayores. El","og_url":"https:\/\/fmgente.com.ar\/web\/cierre-de-los-talleres-de-personas-mayores\/","og_site_name":"Fm Gente","article_published_time":"2025-11-27T11:05:43+00:00","og_image":[{"width":900,"height":1600,"url":"https:\/\/fmgente.com.ar\/web\/wp-content\/uploads\/2025\/11\/Imagen-de-WhatsApp-2025-11-26-a-las-14.43.04_32121a32.jpg","type":"image\/jpeg"}],"twitter_card":"summary_large_image","twitter_misc":{"Tiempo de lectura":"1 minuto"},"schema":{"@context":"https:\/\/schema.org","@graph":[{"@type":"Article","@id":"https:\/\/fmgente.com.ar\/web\/cierre-de-los-talleres-de-personas-mayores\/#article","isPartOf":{"@id":"https:\/\/fmgente.com.ar\/web\/cierre-de-los-talleres-de-personas-mayores\/"},"author":{"name":"","@id":""},"headline":"Cierre de los talleres de Personas Mayores","datePublished":"2025-11-27T11:05:43+00:00","mainEntityOfPage":{"@id":"https:\/\/fmgente.com.ar\/web\/cierre-de-los-talleres-de-personas-mayores\/"},"wordCount":122,"publisher":{"@id":"https:\/\/fmgente.com.ar\/web\/#organization"},"image":{"@id":"https:\/\/fmgente.com.ar\/web\/cierre-de-los-talleres-de-personas-mayores\/#primaryimage"},"thumbnailUrl":"https:\/\/fmgente.com.ar\/web\/wp-content\/uploads\/2025\/11\/Imagen-de-WhatsApp-2025-11-26-a-las-14.43.04_32121a32.jpg","articleSection":["REGIONALES"],"inLanguage":"es"},{"@type":"WebPage","@id":"https:\/\/fmgente.com.ar\/web\/cierre-de-los-talleres-de-personas-mayores\/","url":"https:\/\/fmgente.com.ar\/web\/cierre-de-los-talleres-de-personas-mayores\/","name":"Cierre de los talleres de Personas Mayores - Fm Gente","isPartOf":{"@id":"https:\/\/fmgente.com.ar\/web\/#website"},"primaryImageOfPage":{"@id":"https:\/\/fmgente.com.ar\/web\/cierre-de-los-talleres-de-personas-mayores\/#primaryimage"},"image":{"@id":"https:\/\/fmgente.com.ar\/web\/cierre-de-los-talleres-de-personas-mayores\/#primaryimage"},"thumbnailUrl":"https:\/\/fmgente.com.ar\/web\/wp-content\/uploads\/2025\/11\/Imagen-de-WhatsApp-2025-11-26-a-las-14.43.04_32121a32.jpg","datePublished":"2025-11-27T11:05:43+00:00","inLanguage":"es","potentialAction":[{"@type":"ReadAction","target":["https:\/\/fmgente.com.ar\/web\/cierre-de-los-talleres-de-personas-mayores\/"]}]},{"@type":"ImageObject","inLanguage":"es","@id":"https:\/\/fmgente.com.ar\/web\/cierre-de-los-talleres-de-personas-mayores\/#primaryimage","url":"https:\/\/fmgente.com.ar\/web\/wp-content\/uploads\/2025\/11\/Imagen-de-WhatsApp-2025-11-26-a-las-14.43.04_32121a32.jpg","contentUrl":"https:\/\/fmgente.com.ar\/web\/wp-content\/uploads\/2025\/11\/Imagen-de-WhatsApp-2025-11-26-a-las-14.43.04_32121a32.jpg","width":900,"height":1600},{"@type":"WebSite","@id":"https:\/\/fmgente.com.ar\/web\/#website","url":"https:\/\/fmgente.com.ar\/web\/","name":"Fm Gente","description":"- Jes\u00fas Mar\u00eda","publisher":{"@id":"https:\/\/fmgente.com.ar\/web\/#organization"},"potentialAction":[{"@type":"SearchAction","target":{"@type":"EntryPoint","urlTemplate":"https:\/\/fmgente.com.ar\/web\/?s={search_term_string}"},"query-input":{"@type":"PropertyValueSpecification","valueRequired":true,"valueName":"search_term_string"}}],"inLanguage":"es"},{"@type":"Organization","@id":"https:\/\/fmgente.com.ar\/web\/#organization","name":"Fm Gente","url":"https:\/\/fmgente.com.ar\/web\/","logo":{"@type":"ImageObject","inLanguage":"es","@id":"https:\/\/fmgente.com.ar\/web\/#\/schema\/logo\/image\/","url":"https:\/\/fmgente.com.ar\/web\/wp-content\/uploads\/2023\/07\/cropped-cropped-logo-sombra2.png","contentUrl":"https:\/\/fmgente.com.ar\/web\/wp-content\/uploads\/2023\/07\/cropped-cropped-logo-sombra2.png","width":1782,"height":1782,"caption":"Fm Gente"},"image":{"@id":"https:\/\/fmgente.com.ar\/web\/#\/schema\/logo\/image\/"}}]}},"_links":{"self":[{"href":"https:\/\/fmgente.com.ar\/web\/wp-json\/wp\/v2\/posts\/10785","targetHints":{"allow":["GET"]}}],"collection":[{"href":"https:\/\/fmgente.com.ar\/web\/wp-json\/wp\/v2\/posts"}],"about":[{"href":"https:\/\/fmgente.com.ar\/web\/wp-json\/wp\/v2\/types\/post"}],"replies":[{"embeddable":true,"href":"https:\/\/fmgente.com.ar\/web\/wp-json\/wp\/v2\/comments?post=10785"}],"version-history":[{"count":0,"href":"https:\/\/fmgente.com.ar\/web\/wp-json\/wp\/v2\/posts\/10785\/revisions"}],"wp:featuredmedia":[{"embeddable":true,"href":"https:\/\/fmgente.com.ar\/web\/wp-json\/wp\/v2\/media\/10786"}],"wp:attachment":[{"href":"https:\/\/fmgente.com.ar\/web\/wp-json\/wp\/v2\/media?parent=10785"}],"wp:term":[{"taxonomy":"category","embeddable":true,"href":"https:\/\/fmgente.com.ar\/web\/wp-json\/wp\/v2\/categories?post=10785"},{"taxonomy":"post_tag","embeddable":true,"href":"https:\/\/fmgente.com.ar\/web\/wp-json\/wp\/v2\/tags?post=10785"}],"curies":[{"name":"wp","href":"https:\/\/api.w.org\/{rel}","templated":true}]}}