{"id":10781,"date":"2025-11-27T08:05:40","date_gmt":"2025-11-27T11:05:40","guid":{"rendered":"https:\/\/fmgente.com.ar\/un-homenaje-especial-a-referentes-educativas-en-la-antesala-de-la-edicion-60\/"},"modified":"2025-11-27T08:05:40","modified_gmt":"2025-11-27T11:05:40","slug":"un-homenaje-especial-a-referentes-educativas-en-la-antesala-de-la-edicion-60","status":"publish","type":"post","link":"https:\/\/fmgente.com.ar\/web\/un-homenaje-especial-a-referentes-educativas-en-la-antesala-de-la-edicion-60\/","title":{"rendered":"Un homenaje especial a referentes educativas en la antesala de la edici\u00f3n 60"},"content":{"rendered":"<p>En el camino hacia la edici\u00f3n n\u00famero 60 del Festival de Doma y Folklore, se realiz\u00f3 un emotivo acto de reconocimiento a directoras que recientemente alcanzaron su merecida jubilaci\u00f3n. La ceremonia destac\u00f3 la trayectoria, dedicaci\u00f3n y compromiso de quienes durante a\u00f1os lideraron equipos docentes y acompa\u00f1aron el crecimiento de cientos de ni\u00f1as y ni\u00f1os.<\/p>\n<p>El Festival valor\u00f3 especialmente el rol de estas referentes educativas, quienes han sido colaboradoras permanentes de esta celebraci\u00f3n, aportando su experiencia, consejo y acompa\u00f1amiento institucional.<\/p>\n<p>Como s\u00edmbolo del respeto y gratitud, cada docente homenajeada recibi\u00f3 el Poncho Oficial del Festival, una insignia que representa el color, el coraje y la identidad que caracteriza a esta fiesta.<\/p>\n<p>Las directoras reconocidas fueron:<br \/>\n\u2022 Nancy Beatriz Gramajo, quien recibi\u00f3 su poncho de manos del Presidente del Festival, Juan Ignacio L\u00f3pez.<br \/>\n\u2022 Silvia Rigo Sucar, distinguida con la entrega realizada por la Vicepresidenta Mar\u00eda Heddy Carrizo.<br \/>\n\u2022 Gloria Mabel Rojas, quien recibi\u00f3 su poncho de la Secretaria General, Laura Carolina Carbajal.<br \/>\n\u2022 Marta Fabiana Vaudagna, nuevamente con la entrega a cargo del Presidente Juan Ignacio L\u00f3pez.<\/p>\n<p><img loading=\"lazy\" decoding=\"async\" class=\"alignnone size-full wp-image-120746\" src=\"http:\/\/www.radiocadenanorte.com.ar\/wp-content\/uploads\/2025\/11\/2.jpg\" alt=\"\" width=\"1620\" height=\"1080\" \/> <img loading=\"lazy\" decoding=\"async\" class=\"alignnone size-full wp-image-120747\" src=\"http:\/\/www.radiocadenanorte.com.ar\/wp-content\/uploads\/2025\/11\/3.jpg\" alt=\"\" width=\"1620\" height=\"1080\" \/> <img loading=\"lazy\" decoding=\"async\" class=\"alignnone size-full wp-image-120748\" src=\"http:\/\/www.radiocadenanorte.com.ar\/wp-content\/uploads\/2025\/11\/4.jpg\" alt=\"\" width=\"1620\" height=\"1080\" \/> <img decoding=\"async\" loading=\"lazy\" class=\"alignnone size-full wp-image-120749\" src=\"http:\/\/www.radiocadenanorte.com.ar\/wp-content\/uploads\/2025\/11\/5.jpg\" alt=\"\" width=\"1620\" height=\"1080\" \/> <img decoding=\"async\" loading=\"lazy\" class=\"alignnone size-full wp-image-120750\" src=\"http:\/\/www.radiocadenanorte.com.ar\/wp-content\/uploads\/2025\/11\/6.jpg\" alt=\"\" width=\"1620\" height=\"1080\" \/> <img decoding=\"async\" loading=\"lazy\" class=\"alignnone size-full wp-image-120751\" src=\"http:\/\/www.radiocadenanorte.com.ar\/wp-content\/uploads\/2025\/11\/7.jpg\" alt=\"\" width=\"1620\" height=\"1080\" \/><\/p>\n<p>La entrada <a href=\"https:\/\/www.radiocadenanorte.com.ar\/un-homenaje-especial-a-referentes-educativas-en-la-antesala-de-la-edicion-60\/\">Un homenaje especial a referentes educativas en la antesala de la edici\u00f3n 60<\/a> se public\u00f3 primero en <a href=\"https:\/\/www.radiocadenanorte.com.ar\">Cadena Norte fm<\/a>.<\/p>\n","protected":false},"excerpt":{"rendered":"<p>En el camino hacia la edici\u00f3n n\u00famero 60 del Festival de Doma y Folklore, se<\/p>\n","protected":false},"author":0,"featured_media":10782,"comment_status":"","ping_status":"","sticky":false,"template":"","format":"standard","meta":{"footnotes":""},"categories":[1],"tags":[],"class_list":["post-10781","post","type-post","status-publish","format-standard","has-post-thumbnail","hentry","category-regionales"],"yoast_head":"<!-- This site is optimized with the Yoast SEO plugin v27.4 - https:\/\/yoast.com\/product\/yoast-seo-wordpress\/ -->\n<title>Un homenaje especial a referentes educativas en la antesala de la edici\u00f3n 60 - Fm Gente<\/title>\n<meta name=\"robots\" content=\"index, follow, max-snippet:-1, max-image-preview:large, max-video-preview:-1\" \/>\n<link rel=\"canonical\" href=\"https:\/\/fmgente.com.ar\/web\/un-homenaje-especial-a-referentes-educativas-en-la-antesala-de-la-edicion-60\/\" \/>\n<meta property=\"og:locale\" content=\"es_ES\" \/>\n<meta property=\"og:type\" content=\"article\" \/>\n<meta property=\"og:title\" content=\"Un homenaje especial a referentes educativas en la antesala de la edici\u00f3n 60 - Fm Gente\" \/>\n<meta property=\"og:description\" content=\"En el camino hacia la edici\u00f3n n\u00famero 60 del Festival de Doma y Folklore, se\" \/>\n<meta property=\"og:url\" content=\"https:\/\/fmgente.com.ar\/web\/un-homenaje-especial-a-referentes-educativas-en-la-antesala-de-la-edicion-60\/\" \/>\n<meta property=\"og:site_name\" content=\"Fm Gente\" \/>\n<meta property=\"article:published_time\" content=\"2025-11-27T11:05:40+00:00\" \/>\n<meta property=\"og:image\" content=\"https:\/\/fmgente.com.ar\/web\/wp-content\/uploads\/2025\/11\/2.jpg\" \/>\n\t<meta property=\"og:image:width\" content=\"1620\" \/>\n\t<meta property=\"og:image:height\" content=\"1080\" \/>\n\t<meta property=\"og:image:type\" content=\"image\/jpeg\" \/>\n<meta name=\"twitter:card\" content=\"summary_large_image\" \/>\n<meta name=\"twitter:label1\" content=\"Tiempo de lectura\" \/>\n\t<meta name=\"twitter:data1\" content=\"1 minuto\" \/>\n<script type=\"application\/ld+json\" class=\"yoast-schema-graph\">{\"@context\":\"https:\\\/\\\/schema.org\",\"@graph\":[{\"@type\":\"Article\",\"@id\":\"https:\\\/\\\/fmgente.com.ar\\\/web\\\/un-homenaje-especial-a-referentes-educativas-en-la-antesala-de-la-edicion-60\\\/#article\",\"isPartOf\":{\"@id\":\"https:\\\/\\\/fmgente.com.ar\\\/web\\\/un-homenaje-especial-a-referentes-educativas-en-la-antesala-de-la-edicion-60\\\/\"},\"author\":{\"name\":\"\",\"@id\":\"\"},\"headline\":\"Un homenaje especial a referentes educativas en la antesala de la edici\u00f3n 60\",\"datePublished\":\"2025-11-27T11:05:40+00:00\",\"mainEntityOfPage\":{\"@id\":\"https:\\\/\\\/fmgente.com.ar\\\/web\\\/un-homenaje-especial-a-referentes-educativas-en-la-antesala-de-la-edicion-60\\\/\"},\"wordCount\":220,\"publisher\":{\"@id\":\"https:\\\/\\\/fmgente.com.ar\\\/web\\\/#organization\"},\"image\":{\"@id\":\"https:\\\/\\\/fmgente.com.ar\\\/web\\\/un-homenaje-especial-a-referentes-educativas-en-la-antesala-de-la-edicion-60\\\/#primaryimage\"},\"thumbnailUrl\":\"https:\\\/\\\/fmgente.com.ar\\\/web\\\/wp-content\\\/uploads\\\/2025\\\/11\\\/2.jpg\",\"articleSection\":[\"REGIONALES\"],\"inLanguage\":\"es\"},{\"@type\":\"WebPage\",\"@id\":\"https:\\\/\\\/fmgente.com.ar\\\/web\\\/un-homenaje-especial-a-referentes-educativas-en-la-antesala-de-la-edicion-60\\\/\",\"url\":\"https:\\\/\\\/fmgente.com.ar\\\/web\\\/un-homenaje-especial-a-referentes-educativas-en-la-antesala-de-la-edicion-60\\\/\",\"name\":\"Un homenaje especial a referentes educativas en la antesala de la edici\u00f3n 60 - Fm Gente\",\"isPartOf\":{\"@id\":\"https:\\\/\\\/fmgente.com.ar\\\/web\\\/#website\"},\"primaryImageOfPage\":{\"@id\":\"https:\\\/\\\/fmgente.com.ar\\\/web\\\/un-homenaje-especial-a-referentes-educativas-en-la-antesala-de-la-edicion-60\\\/#primaryimage\"},\"image\":{\"@id\":\"https:\\\/\\\/fmgente.com.ar\\\/web\\\/un-homenaje-especial-a-referentes-educativas-en-la-antesala-de-la-edicion-60\\\/#primaryimage\"},\"thumbnailUrl\":\"https:\\\/\\\/fmgente.com.ar\\\/web\\\/wp-content\\\/uploads\\\/2025\\\/11\\\/2.jpg\",\"datePublished\":\"2025-11-27T11:05:40+00:00\",\"inLanguage\":\"es\",\"potentialAction\":[{\"@type\":\"ReadAction\",\"target\":[\"https:\\\/\\\/fmgente.com.ar\\\/web\\\/un-homenaje-especial-a-referentes-educativas-en-la-antesala-de-la-edicion-60\\\/\"]}]},{\"@type\":\"ImageObject\",\"inLanguage\":\"es\",\"@id\":\"https:\\\/\\\/fmgente.com.ar\\\/web\\\/un-homenaje-especial-a-referentes-educativas-en-la-antesala-de-la-edicion-60\\\/#primaryimage\",\"url\":\"https:\\\/\\\/fmgente.com.ar\\\/web\\\/wp-content\\\/uploads\\\/2025\\\/11\\\/2.jpg\",\"contentUrl\":\"https:\\\/\\\/fmgente.com.ar\\\/web\\\/wp-content\\\/uploads\\\/2025\\\/11\\\/2.jpg\",\"width\":1620,\"height\":1080},{\"@type\":\"WebSite\",\"@id\":\"https:\\\/\\\/fmgente.com.ar\\\/web\\\/#website\",\"url\":\"https:\\\/\\\/fmgente.com.ar\\\/web\\\/\",\"name\":\"Fm Gente\",\"description\":\"- Jes\u00fas Mar\u00eda\",\"publisher\":{\"@id\":\"https:\\\/\\\/fmgente.com.ar\\\/web\\\/#organization\"},\"potentialAction\":[{\"@type\":\"SearchAction\",\"target\":{\"@type\":\"EntryPoint\",\"urlTemplate\":\"https:\\\/\\\/fmgente.com.ar\\\/web\\\/?s={search_term_string}\"},\"query-input\":{\"@type\":\"PropertyValueSpecification\",\"valueRequired\":true,\"valueName\":\"search_term_string\"}}],\"inLanguage\":\"es\"},{\"@type\":\"Organization\",\"@id\":\"https:\\\/\\\/fmgente.com.ar\\\/web\\\/#organization\",\"name\":\"Fm Gente\",\"url\":\"https:\\\/\\\/fmgente.com.ar\\\/web\\\/\",\"logo\":{\"@type\":\"ImageObject\",\"inLanguage\":\"es\",\"@id\":\"https:\\\/\\\/fmgente.com.ar\\\/web\\\/#\\\/schema\\\/logo\\\/image\\\/\",\"url\":\"https:\\\/\\\/fmgente.com.ar\\\/web\\\/wp-content\\\/uploads\\\/2023\\\/07\\\/cropped-cropped-logo-sombra2.png\",\"contentUrl\":\"https:\\\/\\\/fmgente.com.ar\\\/web\\\/wp-content\\\/uploads\\\/2023\\\/07\\\/cropped-cropped-logo-sombra2.png\",\"width\":1782,\"height\":1782,\"caption\":\"Fm Gente\"},\"image\":{\"@id\":\"https:\\\/\\\/fmgente.com.ar\\\/web\\\/#\\\/schema\\\/logo\\\/image\\\/\"}}]}<\/script>\n<!-- \/ Yoast SEO plugin. -->","yoast_head_json":{"title":"Un homenaje especial a referentes educativas en la antesala de la edici\u00f3n 60 - Fm Gente","robots":{"index":"index","follow":"follow","max-snippet":"max-snippet:-1","max-image-preview":"max-image-preview:large","max-video-preview":"max-video-preview:-1"},"canonical":"https:\/\/fmgente.com.ar\/web\/un-homenaje-especial-a-referentes-educativas-en-la-antesala-de-la-edicion-60\/","og_locale":"es_ES","og_type":"article","og_title":"Un homenaje especial a referentes educativas en la antesala de la edici\u00f3n 60 - Fm Gente","og_description":"En el camino hacia la edici\u00f3n n\u00famero 60 del Festival de Doma y Folklore, se","og_url":"https:\/\/fmgente.com.ar\/web\/un-homenaje-especial-a-referentes-educativas-en-la-antesala-de-la-edicion-60\/","og_site_name":"Fm Gente","article_published_time":"2025-11-27T11:05:40+00:00","og_image":[{"width":1620,"height":1080,"url":"https:\/\/fmgente.com.ar\/web\/wp-content\/uploads\/2025\/11\/2.jpg","type":"image\/jpeg"}],"twitter_card":"summary_large_image","twitter_misc":{"Tiempo de lectura":"1 minuto"},"schema":{"@context":"https:\/\/schema.org","@graph":[{"@type":"Article","@id":"https:\/\/fmgente.com.ar\/web\/un-homenaje-especial-a-referentes-educativas-en-la-antesala-de-la-edicion-60\/#article","isPartOf":{"@id":"https:\/\/fmgente.com.ar\/web\/un-homenaje-especial-a-referentes-educativas-en-la-antesala-de-la-edicion-60\/"},"author":{"name":"","@id":""},"headline":"Un homenaje especial a referentes educativas en la antesala de la edici\u00f3n 60","datePublished":"2025-11-27T11:05:40+00:00","mainEntityOfPage":{"@id":"https:\/\/fmgente.com.ar\/web\/un-homenaje-especial-a-referentes-educativas-en-la-antesala-de-la-edicion-60\/"},"wordCount":220,"publisher":{"@id":"https:\/\/fmgente.com.ar\/web\/#organization"},"image":{"@id":"https:\/\/fmgente.com.ar\/web\/un-homenaje-especial-a-referentes-educativas-en-la-antesala-de-la-edicion-60\/#primaryimage"},"thumbnailUrl":"https:\/\/fmgente.com.ar\/web\/wp-content\/uploads\/2025\/11\/2.jpg","articleSection":["REGIONALES"],"inLanguage":"es"},{"@type":"WebPage","@id":"https:\/\/fmgente.com.ar\/web\/un-homenaje-especial-a-referentes-educativas-en-la-antesala-de-la-edicion-60\/","url":"https:\/\/fmgente.com.ar\/web\/un-homenaje-especial-a-referentes-educativas-en-la-antesala-de-la-edicion-60\/","name":"Un homenaje especial a referentes educativas en la antesala de la edici\u00f3n 60 - Fm Gente","isPartOf":{"@id":"https:\/\/fmgente.com.ar\/web\/#website"},"primaryImageOfPage":{"@id":"https:\/\/fmgente.com.ar\/web\/un-homenaje-especial-a-referentes-educativas-en-la-antesala-de-la-edicion-60\/#primaryimage"},"image":{"@id":"https:\/\/fmgente.com.ar\/web\/un-homenaje-especial-a-referentes-educativas-en-la-antesala-de-la-edicion-60\/#primaryimage"},"thumbnailUrl":"https:\/\/fmgente.com.ar\/web\/wp-content\/uploads\/2025\/11\/2.jpg","datePublished":"2025-11-27T11:05:40+00:00","inLanguage":"es","potentialAction":[{"@type":"ReadAction","target":["https:\/\/fmgente.com.ar\/web\/un-homenaje-especial-a-referentes-educativas-en-la-antesala-de-la-edicion-60\/"]}]},{"@type":"ImageObject","inLanguage":"es","@id":"https:\/\/fmgente.com.ar\/web\/un-homenaje-especial-a-referentes-educativas-en-la-antesala-de-la-edicion-60\/#primaryimage","url":"https:\/\/fmgente.com.ar\/web\/wp-content\/uploads\/2025\/11\/2.jpg","contentUrl":"https:\/\/fmgente.com.ar\/web\/wp-content\/uploads\/2025\/11\/2.jpg","width":1620,"height":1080},{"@type":"WebSite","@id":"https:\/\/fmgente.com.ar\/web\/#website","url":"https:\/\/fmgente.com.ar\/web\/","name":"Fm Gente","description":"- Jes\u00fas Mar\u00eda","publisher":{"@id":"https:\/\/fmgente.com.ar\/web\/#organization"},"potentialAction":[{"@type":"SearchAction","target":{"@type":"EntryPoint","urlTemplate":"https:\/\/fmgente.com.ar\/web\/?s={search_term_string}"},"query-input":{"@type":"PropertyValueSpecification","valueRequired":true,"valueName":"search_term_string"}}],"inLanguage":"es"},{"@type":"Organization","@id":"https:\/\/fmgente.com.ar\/web\/#organization","name":"Fm Gente","url":"https:\/\/fmgente.com.ar\/web\/","logo":{"@type":"ImageObject","inLanguage":"es","@id":"https:\/\/fmgente.com.ar\/web\/#\/schema\/logo\/image\/","url":"https:\/\/fmgente.com.ar\/web\/wp-content\/uploads\/2023\/07\/cropped-cropped-logo-sombra2.png","contentUrl":"https:\/\/fmgente.com.ar\/web\/wp-content\/uploads\/2023\/07\/cropped-cropped-logo-sombra2.png","width":1782,"height":1782,"caption":"Fm Gente"},"image":{"@id":"https:\/\/fmgente.com.ar\/web\/#\/schema\/logo\/image\/"}}]}},"_links":{"self":[{"href":"https:\/\/fmgente.com.ar\/web\/wp-json\/wp\/v2\/posts\/10781","targetHints":{"allow":["GET"]}}],"collection":[{"href":"https:\/\/fmgente.com.ar\/web\/wp-json\/wp\/v2\/posts"}],"about":[{"href":"https:\/\/fmgente.com.ar\/web\/wp-json\/wp\/v2\/types\/post"}],"replies":[{"embeddable":true,"href":"https:\/\/fmgente.com.ar\/web\/wp-json\/wp\/v2\/comments?post=10781"}],"version-history":[{"count":0,"href":"https:\/\/fmgente.com.ar\/web\/wp-json\/wp\/v2\/posts\/10781\/revisions"}],"wp:featuredmedia":[{"embeddable":true,"href":"https:\/\/fmgente.com.ar\/web\/wp-json\/wp\/v2\/media\/10782"}],"wp:attachment":[{"href":"https:\/\/fmgente.com.ar\/web\/wp-json\/wp\/v2\/media?parent=10781"}],"wp:term":[{"taxonomy":"category","embeddable":true,"href":"https:\/\/fmgente.com.ar\/web\/wp-json\/wp\/v2\/categories?post=10781"},{"taxonomy":"post_tag","embeddable":true,"href":"https:\/\/fmgente.com.ar\/web\/wp-json\/wp\/v2\/tags?post=10781"}],"curies":[{"name":"wp","href":"https:\/\/api.w.org\/{rel}","templated":true}]}}