{"id":10396,"date":"2025-11-22T14:04:59","date_gmt":"2025-11-22T17:04:59","guid":{"rendered":"https:\/\/fmgente.com.ar\/nico-cabre-rompio-el-silencio-y-se-metio-en-medio-del-escandalo-de-la-china-suarez-lo-unico-que-me-importa-es\/"},"modified":"2025-11-22T14:04:59","modified_gmt":"2025-11-22T17:04:59","slug":"nico-cabre-rompio-el-silencio-y-se-metio-en-medio-del-escandalo-de-la-china-suarez-lo-unico-que-me-importa-es","status":"publish","type":"post","link":"https:\/\/fmgente.com.ar\/web\/nico-cabre-rompio-el-silencio-y-se-metio-en-medio-del-escandalo-de-la-china-suarez-lo-unico-que-me-importa-es\/","title":{"rendered":"Nico Cabr\u00e9 rompi\u00f3 el silencio y se meti\u00f3 en medio del esc\u00e1ndalo de la China Su\u00e1rez: &quot;Lo \u00fanico que me importa es&#8230;&quot;"},"content":{"rendered":"<p><strong>Nicol\u00e1s Cabr\u00e9 <\/strong>volvi\u00f3 a tocar el tema de su ex pareja, la <strong>China Su\u00e1rez<\/strong>, en una entrevista con <strong>H\u00e9ctor Maugeri<\/strong> para <em>Caras TV<\/em>, y sus declaraciones generaron repercusi\u00f3n. El actor dej\u00f3 muy en claro que no siente que deba juzgar su vida: \u201c<em>Yo no opino sobre la vida de los dem\u00e1s, no soy qui\u00e9n para opinar sobre la vida de los dem\u00e1s<\/em>\u201d, asegur\u00f3.<\/p>\n<p>En ese sentido, Cabr\u00e9 subraya que su prioridad es su hija <strong><a href=\"https:\/\/www.paparazzi.com.ar\/romances\/nicolas-cabre-revelo-lo-mas-dificil-de-tener-a-su-hija-rufina-viviendo-con-la-china-suarez\/\">Rufina<\/a><\/strong>, fruto de su relaci\u00f3n con Su\u00e1rez. \u201c<em>Rufi es lo \u00fanico que me importa, y yo la veo sonre\u00edr\u2026 y a m\u00ed me hace muy feliz<\/em>\u201d, afirm\u00f3 con sinceridad.<\/p>\n<p>Respecto al v\u00ednculo entre Su\u00e1rez y <strong><a href=\"https:\/\/www.paparazzi.com.ar\/deportes\/se-muda-a-la-argentina-mauro-icardi-revelo-como-seguira-su-carrera-deportiva-y-sorprendio-a-todos\/\">Mauro Icardi<\/a><\/strong>, Cabr\u00e9 fue tambi\u00e9n muy claro: \u201c<em>Tuve muy poco contacto<\/em>\u201d, dijo, y a\u00f1adi\u00f3 que aunque puede no estar de acuerdo con algunas decisiones, respeta \u201c<em>la elecci\u00f3n de la madre<\/em>\u201d de su hija.<\/p>\n<div class=\"mt-box \">\n<h4 class=\"mt-heading\">Mir\u00e1 Tambi\u00e9n<\/h4>\n<p><a href=\"https:\/\/www.paparazzi.com.ar\/teve\/exclusivo-la-increible-salida-de-mirtha-legrand-viviendo-la-noche-portena-a-sus-98-anos\/\"><\/p>\n<div class=\"mt-content\">\n<div class=\"mt-image-container\"><img decoding=\"async\" src=\"https:\/\/www.paparazzi.com.ar\/wp-content\/uploads\/2025\/11\/\u00a1Exclusivo-La-increible-salida-de-Mirtha-Legrand-viviendo-la-noche-portena-a-sus-98-anos-359x226.jpg\" alt=\"\u00a1Exclusivo! La incre\u00edble salida de Mirtha Legrand viviendo la noche porte\u00f1a a sus 98 a\u00f1os\" class=\"mt-image\" loading=\"lazy\" \/><\/div>\n<h5 class=\"mt-title\">\u00a1Exclusivo! La incre\u00edble salida de Mirtha Legrand viviendo la noche porte\u00f1a a sus 98 a\u00f1os<\/h5>\n<\/div>\n<p><\/a><\/div>\n<p>Cuando le preguntaron si alguna vez le reclam\u00f3 por las exposiciones medi\u00e1ticas, su respuesta fue a\u00fan m\u00e1s firme: \u201c<em>Es una elecci\u00f3n, y la vida de ella la maneja ella\u2026 yo no tengo opini\u00f3n ni potestad para decir absolutamente nada\u00bb<\/em>.<\/p>\n<h2 class=\"wp-block-heading\">NICOLAS CABR\u00c9 FIRME SOBRE LA VINCULACI\u00d3N CON LA CHINA SU\u00c1REZ<\/h2>\n<p>Sobre los mensajes que recibi\u00f3 tras el viaje de Rufina a Turqu\u00eda con su madre e Icardi, Cabr\u00e9 admiti\u00f3 sentirse atacado por muchos usuarios: \u201c<em>La prioridad siempre es y ser\u00e1 Rufi<\/em>\u201d, seg\u00fan cont\u00f3 en otras entrevistas.<\/p>\n<div class=\"mt-box \">\n<h4 class=\"mt-heading\">Mir\u00e1 Tambi\u00e9n<\/h4>\n<p><a href=\"https:\/\/www.paparazzi.com.ar\/teve\/la-drastica-decision-de-nicolas-cabre-a-dias-de-su-boda-con-rocio-pardo-colgar-todo\/\"><\/p>\n<div class=\"mt-content\">\n<div class=\"mt-image-container\"><img decoding=\"async\" src=\"https:\/\/www.paparazzi.com.ar\/wp-content\/uploads\/2025\/11\/Nicolas-Cabre-Rocio-Pardo-359x226.jpg\" alt=\"La dr\u00e1stica decisi\u00f3n de Nicol\u00e1s Cabr\u00e9 a d\u00edas de su boda con Roc\u00edo Pardo: \u201cColgarlo todo\u2026\u201d\" class=\"mt-image\" loading=\"lazy\" \/><\/div>\n<h5 class=\"mt-title\">La dr\u00e1stica decisi\u00f3n de Nicol\u00e1s Cabr\u00e9 a d\u00edas de su boda con Roc\u00edo Pardo: \u201cColgarlo todo\u2026\u201d<\/h5>\n<\/div>\n<p><\/a><\/div>\n<p>El actor tambi\u00e9n habl\u00f3 del acuerdo que mantiene con Su\u00e1rez tras la mudanza de su hija a Estambul. En esa l\u00ednea, coment\u00f3 que cuando puede hablar con ella por videollamada, que la extra\u00f1a, pero que est\u00e1 \u201cmuy tranquilo\u201d porque siente que Rufi est\u00e1 cuidada.<\/p>\n<p>Por \u00faltimo, Cabr\u00e9 reflexion\u00f3 sobre su rol como padre: \u201c<em>Ser padre es ponerle el pecho \u2026 si a alguien le tiene que doler algo, sos vos\u201d, reconoci\u00f3, y enfatiz\u00f3 que para \u00e9l, la decisi\u00f3n de Rufina es libre, sin culpas, porque \u201cesa decisi\u00f3n es de ella<\/em>\u201d.&nbsp;<\/p>\n<div class=\"mt-box \">\n<h4 class=\"mt-heading\">Mir\u00e1 Tambi\u00e9n<\/h4>\n<p><a href=\"https:\/\/www.paparazzi.com.ar\/horoscopo\/las-predicciones-de-jimena-la-torre-para-el-fin-de-semana-del-22-y-23-de-noviembre-signo-por-signo\/\"><\/p>\n<div class=\"mt-content\">\n<div class=\"mt-image-container\"><img decoding=\"async\" src=\"https:\/\/www.paparazzi.com.ar\/wp-content\/uploads\/2025\/07\/Los-signos-de-Horoscopo-que-tendran-amor-y-trabajo-en-agosto-segun-las-predicciones-de-Jimena-La-Torre.jpg.webp\" alt=\"Las predicciones de Jimena La Torre para el fin de semana del 22 y 23 de noviembre signo por signo\" class=\"mt-image\" loading=\"lazy\" \/><\/div>\n<h5 class=\"mt-title\">Las predicciones de Jimena La Torre para el fin de semana del 22 y 23 de noviembre signo por signo<\/h5>\n<\/div>\n<p><\/a><\/div>\n<div class=\"mt-box \">\n<h4 class=\"mt-heading\">Mir\u00e1 Tambi\u00e9n<\/h4>\n<p><a href=\"https:\/\/www.paparazzi.com.ar\/teve\/como-fue-la-pelea-a-gritos-e-insultos-entre-german-martitegui-y-donato-de-santis-en-masterchef\/https:\/\/www.paparazzi.com.ar\/teve\/como-fue-la-pelea-a-gritos-e-insultos-entre-german-martitegui-y-donato-de-santis-en-masterchef\/\"><\/p>\n<div class=\"mt-content\">\n<div class=\"mt-image-container\"><img decoding=\"async\" src=\"https:\/\/www.paparazzi.com.ar\/wp-content\/uploads\/2025\/11\/German-martitegui-Donato-de-santis-359x226.png\" alt=\"C\u00f3mo fue la pelea a gritos e insultos entre Germ\u00e1n Martitegui y Donato de Santis en MasterChef\" class=\"mt-image\" loading=\"lazy\" \/><\/div>\n<h5 class=\"mt-title\">C\u00f3mo fue la pelea a gritos e insultos entre Germ\u00e1n Martitegui y Donato de Santis en MasterChef<\/h5>\n<\/div>\n<p><\/a><\/div>\n<p>The post <a href=\"https:\/\/www.paparazzi.com.ar\/teve\/nico-cabre-rompio-el-silencio-y-se-metio-en-medio-del-escandalo-de-la-china-suarez-lo-unico-que-me-importa-es\/\">Nico Cabr\u00e9 rompi\u00f3 el silencio y se meti\u00f3 en medio del esc\u00e1ndalo de la China Su\u00e1rez: &quot;Lo \u00fanico que me importa es&#8230;&quot;<\/a> appeared first on <a href=\"https:\/\/www.paparazzi.com.ar\">Revista Paparazzi<\/a>.<\/p>\n","protected":false},"excerpt":{"rendered":"<p>Nicol\u00e1s Cabr\u00e9 volvi\u00f3 a tocar el tema de su ex pareja, la China Su\u00e1rez, en<\/p>\n","protected":false},"author":0,"featured_media":10397,"comment_status":"","ping_status":"","sticky":false,"template":"","format":"standard","meta":{"footnotes":""},"categories":[11],"tags":[],"class_list":["post-10396","post","type-post","status-publish","format-standard","has-post-thumbnail","hentry","category-destacadas"],"yoast_head":"<!-- This site is optimized with the Yoast SEO plugin v27.4 - https:\/\/yoast.com\/product\/yoast-seo-wordpress\/ -->\n<title>Nico Cabr\u00e9 rompi\u00f3 el silencio y se meti\u00f3 en medio del esc\u00e1ndalo de la China Su\u00e1rez: &quot;Lo \u00fanico que me importa es...&quot; - Fm Gente<\/title>\n<meta name=\"robots\" content=\"index, follow, max-snippet:-1, max-image-preview:large, max-video-preview:-1\" \/>\n<link rel=\"canonical\" href=\"https:\/\/fmgente.com.ar\/web\/nico-cabre-rompio-el-silencio-y-se-metio-en-medio-del-escandalo-de-la-china-suarez-lo-unico-que-me-importa-es\/\" \/>\n<meta property=\"og:locale\" content=\"es_ES\" \/>\n<meta property=\"og:type\" content=\"article\" \/>\n<meta property=\"og:title\" content=\"Nico Cabr\u00e9 rompi\u00f3 el silencio y se meti\u00f3 en medio del esc\u00e1ndalo de la China Su\u00e1rez: &quot;Lo \u00fanico que me importa es...&quot; - Fm Gente\" \/>\n<meta property=\"og:description\" content=\"Nicol\u00e1s Cabr\u00e9 volvi\u00f3 a tocar el tema de su ex pareja, la China Su\u00e1rez, en\" \/>\n<meta property=\"og:url\" content=\"https:\/\/fmgente.com.ar\/web\/nico-cabre-rompio-el-silencio-y-se-metio-en-medio-del-escandalo-de-la-china-suarez-lo-unico-que-me-importa-es\/\" \/>\n<meta property=\"og:site_name\" content=\"Fm Gente\" \/>\n<meta property=\"article:published_time\" content=\"2025-11-22T17:04:59+00:00\" \/>\n<meta property=\"og:image\" content=\"https:\/\/fmgente.com.ar\/web\/wp-content\/uploads\/2025\/11\/\u00a1Exclusivo-La-increible-salida-de-Mirtha-Legrand-viviendo-la-noche-portena-a-sus-98-anos-359x226-10.jpg\" \/>\n\t<meta property=\"og:image:width\" content=\"359\" \/>\n\t<meta property=\"og:image:height\" content=\"226\" \/>\n\t<meta property=\"og:image:type\" content=\"image\/jpeg\" \/>\n<meta name=\"twitter:card\" content=\"summary_large_image\" \/>\n<meta name=\"twitter:label1\" content=\"Tiempo de lectura\" \/>\n\t<meta name=\"twitter:data1\" content=\"2 minutos\" \/>\n<script type=\"application\/ld+json\" class=\"yoast-schema-graph\">{\"@context\":\"https:\\\/\\\/schema.org\",\"@graph\":[{\"@type\":\"Article\",\"@id\":\"https:\\\/\\\/fmgente.com.ar\\\/web\\\/nico-cabre-rompio-el-silencio-y-se-metio-en-medio-del-escandalo-de-la-china-suarez-lo-unico-que-me-importa-es\\\/#article\",\"isPartOf\":{\"@id\":\"https:\\\/\\\/fmgente.com.ar\\\/web\\\/nico-cabre-rompio-el-silencio-y-se-metio-en-medio-del-escandalo-de-la-china-suarez-lo-unico-que-me-importa-es\\\/\"},\"author\":{\"name\":\"\",\"@id\":\"\"},\"headline\":\"Nico Cabr\u00e9 rompi\u00f3 el silencio y se meti\u00f3 en medio del esc\u00e1ndalo de la China Su\u00e1rez: &quot;Lo \u00fanico que me importa es&#8230;&quot;\",\"datePublished\":\"2025-11-22T17:04:59+00:00\",\"mainEntityOfPage\":{\"@id\":\"https:\\\/\\\/fmgente.com.ar\\\/web\\\/nico-cabre-rompio-el-silencio-y-se-metio-en-medio-del-escandalo-de-la-china-suarez-lo-unico-que-me-importa-es\\\/\"},\"wordCount\":493,\"publisher\":{\"@id\":\"https:\\\/\\\/fmgente.com.ar\\\/web\\\/#organization\"},\"image\":{\"@id\":\"https:\\\/\\\/fmgente.com.ar\\\/web\\\/nico-cabre-rompio-el-silencio-y-se-metio-en-medio-del-escandalo-de-la-china-suarez-lo-unico-que-me-importa-es\\\/#primaryimage\"},\"thumbnailUrl\":\"https:\\\/\\\/fmgente.com.ar\\\/web\\\/wp-content\\\/uploads\\\/2025\\\/11\\\/\u00a1Exclusivo-La-increible-salida-de-Mirtha-Legrand-viviendo-la-noche-portena-a-sus-98-anos-359x226-10.jpg\",\"articleSection\":[\"DESTACADAS\"],\"inLanguage\":\"es\"},{\"@type\":\"WebPage\",\"@id\":\"https:\\\/\\\/fmgente.com.ar\\\/web\\\/nico-cabre-rompio-el-silencio-y-se-metio-en-medio-del-escandalo-de-la-china-suarez-lo-unico-que-me-importa-es\\\/\",\"url\":\"https:\\\/\\\/fmgente.com.ar\\\/web\\\/nico-cabre-rompio-el-silencio-y-se-metio-en-medio-del-escandalo-de-la-china-suarez-lo-unico-que-me-importa-es\\\/\",\"name\":\"Nico Cabr\u00e9 rompi\u00f3 el silencio y se meti\u00f3 en medio del esc\u00e1ndalo de la China Su\u00e1rez: &quot;Lo \u00fanico que me importa es...&quot; - Fm Gente\",\"isPartOf\":{\"@id\":\"https:\\\/\\\/fmgente.com.ar\\\/web\\\/#website\"},\"primaryImageOfPage\":{\"@id\":\"https:\\\/\\\/fmgente.com.ar\\\/web\\\/nico-cabre-rompio-el-silencio-y-se-metio-en-medio-del-escandalo-de-la-china-suarez-lo-unico-que-me-importa-es\\\/#primaryimage\"},\"image\":{\"@id\":\"https:\\\/\\\/fmgente.com.ar\\\/web\\\/nico-cabre-rompio-el-silencio-y-se-metio-en-medio-del-escandalo-de-la-china-suarez-lo-unico-que-me-importa-es\\\/#primaryimage\"},\"thumbnailUrl\":\"https:\\\/\\\/fmgente.com.ar\\\/web\\\/wp-content\\\/uploads\\\/2025\\\/11\\\/\u00a1Exclusivo-La-increible-salida-de-Mirtha-Legrand-viviendo-la-noche-portena-a-sus-98-anos-359x226-10.jpg\",\"datePublished\":\"2025-11-22T17:04:59+00:00\",\"inLanguage\":\"es\",\"potentialAction\":[{\"@type\":\"ReadAction\",\"target\":[\"https:\\\/\\\/fmgente.com.ar\\\/web\\\/nico-cabre-rompio-el-silencio-y-se-metio-en-medio-del-escandalo-de-la-china-suarez-lo-unico-que-me-importa-es\\\/\"]}]},{\"@type\":\"ImageObject\",\"inLanguage\":\"es\",\"@id\":\"https:\\\/\\\/fmgente.com.ar\\\/web\\\/nico-cabre-rompio-el-silencio-y-se-metio-en-medio-del-escandalo-de-la-china-suarez-lo-unico-que-me-importa-es\\\/#primaryimage\",\"url\":\"https:\\\/\\\/fmgente.com.ar\\\/web\\\/wp-content\\\/uploads\\\/2025\\\/11\\\/\u00a1Exclusivo-La-increible-salida-de-Mirtha-Legrand-viviendo-la-noche-portena-a-sus-98-anos-359x226-10.jpg\",\"contentUrl\":\"https:\\\/\\\/fmgente.com.ar\\\/web\\\/wp-content\\\/uploads\\\/2025\\\/11\\\/\u00a1Exclusivo-La-increible-salida-de-Mirtha-Legrand-viviendo-la-noche-portena-a-sus-98-anos-359x226-10.jpg\",\"width\":359,\"height\":226},{\"@type\":\"WebSite\",\"@id\":\"https:\\\/\\\/fmgente.com.ar\\\/web\\\/#website\",\"url\":\"https:\\\/\\\/fmgente.com.ar\\\/web\\\/\",\"name\":\"Fm Gente\",\"description\":\"- Jes\u00fas Mar\u00eda\",\"publisher\":{\"@id\":\"https:\\\/\\\/fmgente.com.ar\\\/web\\\/#organization\"},\"potentialAction\":[{\"@type\":\"SearchAction\",\"target\":{\"@type\":\"EntryPoint\",\"urlTemplate\":\"https:\\\/\\\/fmgente.com.ar\\\/web\\\/?s={search_term_string}\"},\"query-input\":{\"@type\":\"PropertyValueSpecification\",\"valueRequired\":true,\"valueName\":\"search_term_string\"}}],\"inLanguage\":\"es\"},{\"@type\":\"Organization\",\"@id\":\"https:\\\/\\\/fmgente.com.ar\\\/web\\\/#organization\",\"name\":\"Fm Gente\",\"url\":\"https:\\\/\\\/fmgente.com.ar\\\/web\\\/\",\"logo\":{\"@type\":\"ImageObject\",\"inLanguage\":\"es\",\"@id\":\"https:\\\/\\\/fmgente.com.ar\\\/web\\\/#\\\/schema\\\/logo\\\/image\\\/\",\"url\":\"https:\\\/\\\/fmgente.com.ar\\\/web\\\/wp-content\\\/uploads\\\/2023\\\/07\\\/cropped-cropped-logo-sombra2.png\",\"contentUrl\":\"https:\\\/\\\/fmgente.com.ar\\\/web\\\/wp-content\\\/uploads\\\/2023\\\/07\\\/cropped-cropped-logo-sombra2.png\",\"width\":1782,\"height\":1782,\"caption\":\"Fm Gente\"},\"image\":{\"@id\":\"https:\\\/\\\/fmgente.com.ar\\\/web\\\/#\\\/schema\\\/logo\\\/image\\\/\"}}]}<\/script>\n<!-- \/ Yoast SEO plugin. -->","yoast_head_json":{"title":"Nico Cabr\u00e9 rompi\u00f3 el silencio y se meti\u00f3 en medio del esc\u00e1ndalo de la China Su\u00e1rez: &quot;Lo \u00fanico que me importa es...&quot; - Fm Gente","robots":{"index":"index","follow":"follow","max-snippet":"max-snippet:-1","max-image-preview":"max-image-preview:large","max-video-preview":"max-video-preview:-1"},"canonical":"https:\/\/fmgente.com.ar\/web\/nico-cabre-rompio-el-silencio-y-se-metio-en-medio-del-escandalo-de-la-china-suarez-lo-unico-que-me-importa-es\/","og_locale":"es_ES","og_type":"article","og_title":"Nico Cabr\u00e9 rompi\u00f3 el silencio y se meti\u00f3 en medio del esc\u00e1ndalo de la China Su\u00e1rez: &quot;Lo \u00fanico que me importa es...&quot; - Fm Gente","og_description":"Nicol\u00e1s Cabr\u00e9 volvi\u00f3 a tocar el tema de su ex pareja, la China Su\u00e1rez, en","og_url":"https:\/\/fmgente.com.ar\/web\/nico-cabre-rompio-el-silencio-y-se-metio-en-medio-del-escandalo-de-la-china-suarez-lo-unico-que-me-importa-es\/","og_site_name":"Fm Gente","article_published_time":"2025-11-22T17:04:59+00:00","og_image":[{"width":359,"height":226,"url":"https:\/\/fmgente.com.ar\/web\/wp-content\/uploads\/2025\/11\/\u00a1Exclusivo-La-increible-salida-de-Mirtha-Legrand-viviendo-la-noche-portena-a-sus-98-anos-359x226-10.jpg","type":"image\/jpeg"}],"twitter_card":"summary_large_image","twitter_misc":{"Tiempo de lectura":"2 minutos"},"schema":{"@context":"https:\/\/schema.org","@graph":[{"@type":"Article","@id":"https:\/\/fmgente.com.ar\/web\/nico-cabre-rompio-el-silencio-y-se-metio-en-medio-del-escandalo-de-la-china-suarez-lo-unico-que-me-importa-es\/#article","isPartOf":{"@id":"https:\/\/fmgente.com.ar\/web\/nico-cabre-rompio-el-silencio-y-se-metio-en-medio-del-escandalo-de-la-china-suarez-lo-unico-que-me-importa-es\/"},"author":{"name":"","@id":""},"headline":"Nico Cabr\u00e9 rompi\u00f3 el silencio y se meti\u00f3 en medio del esc\u00e1ndalo de la China Su\u00e1rez: &quot;Lo \u00fanico que me importa es&#8230;&quot;","datePublished":"2025-11-22T17:04:59+00:00","mainEntityOfPage":{"@id":"https:\/\/fmgente.com.ar\/web\/nico-cabre-rompio-el-silencio-y-se-metio-en-medio-del-escandalo-de-la-china-suarez-lo-unico-que-me-importa-es\/"},"wordCount":493,"publisher":{"@id":"https:\/\/fmgente.com.ar\/web\/#organization"},"image":{"@id":"https:\/\/fmgente.com.ar\/web\/nico-cabre-rompio-el-silencio-y-se-metio-en-medio-del-escandalo-de-la-china-suarez-lo-unico-que-me-importa-es\/#primaryimage"},"thumbnailUrl":"https:\/\/fmgente.com.ar\/web\/wp-content\/uploads\/2025\/11\/\u00a1Exclusivo-La-increible-salida-de-Mirtha-Legrand-viviendo-la-noche-portena-a-sus-98-anos-359x226-10.jpg","articleSection":["DESTACADAS"],"inLanguage":"es"},{"@type":"WebPage","@id":"https:\/\/fmgente.com.ar\/web\/nico-cabre-rompio-el-silencio-y-se-metio-en-medio-del-escandalo-de-la-china-suarez-lo-unico-que-me-importa-es\/","url":"https:\/\/fmgente.com.ar\/web\/nico-cabre-rompio-el-silencio-y-se-metio-en-medio-del-escandalo-de-la-china-suarez-lo-unico-que-me-importa-es\/","name":"Nico Cabr\u00e9 rompi\u00f3 el silencio y se meti\u00f3 en medio del esc\u00e1ndalo de la China Su\u00e1rez: &quot;Lo \u00fanico que me importa es...&quot; - Fm Gente","isPartOf":{"@id":"https:\/\/fmgente.com.ar\/web\/#website"},"primaryImageOfPage":{"@id":"https:\/\/fmgente.com.ar\/web\/nico-cabre-rompio-el-silencio-y-se-metio-en-medio-del-escandalo-de-la-china-suarez-lo-unico-que-me-importa-es\/#primaryimage"},"image":{"@id":"https:\/\/fmgente.com.ar\/web\/nico-cabre-rompio-el-silencio-y-se-metio-en-medio-del-escandalo-de-la-china-suarez-lo-unico-que-me-importa-es\/#primaryimage"},"thumbnailUrl":"https:\/\/fmgente.com.ar\/web\/wp-content\/uploads\/2025\/11\/\u00a1Exclusivo-La-increible-salida-de-Mirtha-Legrand-viviendo-la-noche-portena-a-sus-98-anos-359x226-10.jpg","datePublished":"2025-11-22T17:04:59+00:00","inLanguage":"es","potentialAction":[{"@type":"ReadAction","target":["https:\/\/fmgente.com.ar\/web\/nico-cabre-rompio-el-silencio-y-se-metio-en-medio-del-escandalo-de-la-china-suarez-lo-unico-que-me-importa-es\/"]}]},{"@type":"ImageObject","inLanguage":"es","@id":"https:\/\/fmgente.com.ar\/web\/nico-cabre-rompio-el-silencio-y-se-metio-en-medio-del-escandalo-de-la-china-suarez-lo-unico-que-me-importa-es\/#primaryimage","url":"https:\/\/fmgente.com.ar\/web\/wp-content\/uploads\/2025\/11\/\u00a1Exclusivo-La-increible-salida-de-Mirtha-Legrand-viviendo-la-noche-portena-a-sus-98-anos-359x226-10.jpg","contentUrl":"https:\/\/fmgente.com.ar\/web\/wp-content\/uploads\/2025\/11\/\u00a1Exclusivo-La-increible-salida-de-Mirtha-Legrand-viviendo-la-noche-portena-a-sus-98-anos-359x226-10.jpg","width":359,"height":226},{"@type":"WebSite","@id":"https:\/\/fmgente.com.ar\/web\/#website","url":"https:\/\/fmgente.com.ar\/web\/","name":"Fm Gente","description":"- Jes\u00fas Mar\u00eda","publisher":{"@id":"https:\/\/fmgente.com.ar\/web\/#organization"},"potentialAction":[{"@type":"SearchAction","target":{"@type":"EntryPoint","urlTemplate":"https:\/\/fmgente.com.ar\/web\/?s={search_term_string}"},"query-input":{"@type":"PropertyValueSpecification","valueRequired":true,"valueName":"search_term_string"}}],"inLanguage":"es"},{"@type":"Organization","@id":"https:\/\/fmgente.com.ar\/web\/#organization","name":"Fm Gente","url":"https:\/\/fmgente.com.ar\/web\/","logo":{"@type":"ImageObject","inLanguage":"es","@id":"https:\/\/fmgente.com.ar\/web\/#\/schema\/logo\/image\/","url":"https:\/\/fmgente.com.ar\/web\/wp-content\/uploads\/2023\/07\/cropped-cropped-logo-sombra2.png","contentUrl":"https:\/\/fmgente.com.ar\/web\/wp-content\/uploads\/2023\/07\/cropped-cropped-logo-sombra2.png","width":1782,"height":1782,"caption":"Fm Gente"},"image":{"@id":"https:\/\/fmgente.com.ar\/web\/#\/schema\/logo\/image\/"}}]}},"_links":{"self":[{"href":"https:\/\/fmgente.com.ar\/web\/wp-json\/wp\/v2\/posts\/10396","targetHints":{"allow":["GET"]}}],"collection":[{"href":"https:\/\/fmgente.com.ar\/web\/wp-json\/wp\/v2\/posts"}],"about":[{"href":"https:\/\/fmgente.com.ar\/web\/wp-json\/wp\/v2\/types\/post"}],"replies":[{"embeddable":true,"href":"https:\/\/fmgente.com.ar\/web\/wp-json\/wp\/v2\/comments?post=10396"}],"version-history":[{"count":0,"href":"https:\/\/fmgente.com.ar\/web\/wp-json\/wp\/v2\/posts\/10396\/revisions"}],"wp:featuredmedia":[{"embeddable":true,"href":"https:\/\/fmgente.com.ar\/web\/wp-json\/wp\/v2\/media\/10397"}],"wp:attachment":[{"href":"https:\/\/fmgente.com.ar\/web\/wp-json\/wp\/v2\/media?parent=10396"}],"wp:term":[{"taxonomy":"category","embeddable":true,"href":"https:\/\/fmgente.com.ar\/web\/wp-json\/wp\/v2\/categories?post=10396"},{"taxonomy":"post_tag","embeddable":true,"href":"https:\/\/fmgente.com.ar\/web\/wp-json\/wp\/v2\/tags?post=10396"}],"curies":[{"name":"wp","href":"https:\/\/api.w.org\/{rel}","templated":true}]}}