{"id":10394,"date":"2025-11-22T13:05:33","date_gmt":"2025-11-22T16:05:33","guid":{"rendered":"https:\/\/fmgente.com.ar\/quien-es-el-famoso-de-masterchef-que-enamoro-a-evangelina-anderson-estan-a-nada-de\/"},"modified":"2025-11-22T13:05:33","modified_gmt":"2025-11-22T16:05:33","slug":"quien-es-el-famoso-de-masterchef-que-enamoro-a-evangelina-anderson-estan-a-nada-de","status":"publish","type":"post","link":"https:\/\/fmgente.com.ar\/web\/quien-es-el-famoso-de-masterchef-que-enamoro-a-evangelina-anderson-estan-a-nada-de\/","title":{"rendered":"Qui\u00e9n es el famoso de MasterChef que enamor\u00f3 a Evangelina Anderson: \u201cEst\u00e1n a nada de\u2026\u201d"},"content":{"rendered":"<p>La cocina de <strong><em>MasterChef<\/em><\/strong> siempre fue un escenario donde la tensi\u00f3n y los desaf\u00edos se imponen. Sin embargo, las largas horas de grabaciones y el compartir tanto tiempo juntos, puede provocar no solo grandes amistades o conflictos, sino tambi\u00e9n despertar pasiones. Y eso es lo que estar\u00eda pasando con <strong>Evangelina Anderson<\/strong> y un famoso compa\u00f1ero del programa.<\/p>\n<p>En los pasillos de Telefe conviven famosos de distintas edades y diferentes mundos, aunque nadie imaginaba que pod\u00eda empezar a tejerse una historia digna de novela. Entre la adrenalina de la cocina y los exc\u00e9ntricos platos que piden desde el jurado y m\u00e1s, <strong><a href=\"https:\/\/www.paparazzi.com.ar\/teve\/la-feroz-polemica-que-involucro-a-evangelina-anderson-traidora-hubo-una-tercera-involucrada\/\">Evangelina<\/a><\/strong> podr\u00eda darse una nueva oportunidad en el amor y estar\u00eda protagonizando un flechazo inesperado.<\/p>\n<p>Se trata de <strong><a href=\"https:\/\/www.paparazzi.com.ar\/teve\/el-piropo-de-evangelina-anderson-a-un-companero-de-masterchef-que-encendio-todo\/\">Ian Lucas<\/a><\/strong>, influencer y uno de los participantes m\u00e1s j\u00f3venes del certamen. Con tan solo 26 a\u00f1os, se convirti\u00f3 en una de las grandes figuras de las plataformas y redes sociales de todo Latinoam\u00e9rica. Tiene mucha influencia en TikTok, donde millones de j\u00f3venes lo siguen. M\u00e1s all\u00e1 de esto, tambi\u00e9n se dedica a la m\u00fasica, la actuaci\u00f3n y tiene diversos emprendimientos.<\/p>\n<div class=\"mt-box \">\n<h4 class=\"mt-heading\">Mir\u00e1 Tambi\u00e9n<\/h4>\n<p><a href=\"https:\/\/www.paparazzi.com.ar\/videos\/exclusivo-la-sensible-revelacion-de-luis-ventura-sobre-sus-noches-duermo-con-los-seres-queridos-que-ya-partieron\/\"><\/p>\n<div class=\"mt-content\">\n<div class=\"mt-image-container\"><img decoding=\"async\" src=\"https:\/\/www.paparazzi.com.ar\/wp-content\/uploads\/2025\/11\/Ventura-1-359x226.jpg\" alt=\"\u00a1Exclusivo! La sensible revelaci\u00f3n de Luis Ventura sobre sus noches: &quot;Duermo con los seres queridos que ya partieron&quot;\" class=\"mt-image\" loading=\"lazy\" \/><\/div>\n<h5 class=\"mt-title\">\u00a1Exclusivo! La sensible revelaci\u00f3n de Luis Ventura sobre sus noches: \u00abDuermo con los seres queridos que ya partieron\u00bb<\/h5>\n<\/div>\n<p><\/a><\/div>\n<p>Lo que nadie se imaginaba era este rumor de romance de <strong><a href=\"https:\/\/www.paparazzi.com.ar\/teve\/el-insolito-motivo-por-el-que-evangelina-anderson-quebro-en-llanto-en-masterchef\/\">Evangelina<\/a><\/strong> con el joven youtuber. La modelo viene de pasar por una medi\u00e1tica separaci\u00f3n de <strong>Mart\u00edn Demichelis<\/strong>, padre de sus tres hijos, y desde entonces ha sido vinculada a una larga lista de famosos. Sin embargo, ella repiti\u00f3 en m\u00e1s de una oportunidad que est\u00e1 soltera y no tiene mucho inter\u00e9s en tener una nueva relaci\u00f3n.<\/p>\n<h2 class=\"wp-block-heading\">ASEGURAN QUE EVANGELINA ANDERSON EST\u00c1 EN UN ROMANCE CON IAN LUCAS<\/h2>\n<p>El romance bomba de <strong>Anderson<\/strong> con <strong>Ian<\/strong> estall\u00f3 en Gossip, cuando Esthercita lanz\u00f3 un dato que dispar\u00f3 el revuelo:<em> \u201cHay onda, hay tensi\u00f3n sexual, est\u00e1n a nada del coito\u201d<\/em>. Esa afirmaci\u00f3n, expresada con absoluta seguridad, abri\u00f3 la puerta a un an\u00e1lisis m\u00e1s profundo de lo que podr\u00eda estar pasando fuera del alcance de las c\u00e1maras.<\/p>\n<p>La periodista aclar\u00f3 que, hasta ahora, nadie los vio demasiado juntos como para ser algo concreto, pero s\u00ed se\u00f1al\u00f3 detalles y c\u00f3digos que dejan en evidencia una qu\u00edmica latente. Habl\u00f3 de miradas c\u00f3mplices, gestos que se repiten y coincidencias en redes sociales que alimentar\u00edan el fuego de un posible acercamiento. \u00bfSer\u00e1 as\u00ed?<\/p>\n<div class=\"mt-box \">\n<h4 class=\"mt-heading\">Mir\u00e1 Tambi\u00e9n<\/h4>\n<p><a href=\"https:\/\/www.paparazzi.com.ar\/teve\/la-feroz-polemica-que-involucro-a-evangelina-anderson-traidora-hubo-una-tercera-involucrada\/\"><\/p>\n<div class=\"mt-content\">\n<div class=\"mt-image-container\"><img decoding=\"async\" src=\"https:\/\/www.paparazzi.com.ar\/wp-content\/uploads\/2025\/11\/La-feroz-polemica-que-involucro-a-Evangelina-Anderson-Traidora.-Hubo-una-tercera-involucrada-359x226.jpg\" alt=\"La feroz pol\u00e9mica que involucr\u00f3 a Evangelina Anderson: &quot;Traidora. Hubo una tercera involucrada&quot;\" class=\"mt-image\" loading=\"lazy\" \/><\/div>\n<h5 class=\"mt-title\">La feroz pol\u00e9mica que involucr\u00f3 a Evangelina Anderson: \u00abTraidora. Hubo una tercera involucrada\u00bb<\/h5>\n<\/div>\n<p><\/a><\/div>\n<p>Para apoyar su teor\u00eda, record\u00f3 que desde el primer d\u00eda <strong>Ian<\/strong> dej\u00f3 claro su inter\u00e9s por <strong>Evangelina<\/strong>. <em>\u201cYo vi un flirteo. \u00c9l desde que entr\u00f3 a \u2018Masterchef\u2019 dijo \u2018Qu\u00e9 bomba Eva Anderson\u2019, le quiere dar a toda costa. Es un chico joven, soltero y lindo. Tiene 26 y ella 42, casi le lleva dos d\u00e9cadas\u201d<\/em>, asegur\u00f3 el influencer sobre una de las mujeres m\u00e1s bellas de la Argentina.<\/p>\n<p>Luego agreg\u00f3: <em>\u201c\u00c9l siempre estuvo muy enamorado de Eva, dijo \u2018Yo siempre la ve\u00eda en el \u2018Bailando\u2019, yo no s\u00e9 si todav\u00eda llegaron a segunda base, pero, seg\u00fan la gente de ah\u00ed, hay mucha onda\u201d<\/em>. Por ahora el rumor qued\u00f3 instalado, pero habr\u00e1 que esperar y ver si esta conexi\u00f3n entre <strong>Evangelina<\/strong> con <strong>Ian<\/strong> avanza a algo m\u00e1s o queda simplemente en este ruido medi\u00e1tico entre los pasillos.<\/p>\n<figure class=\"wp-block-image size-large\"><img decoding=\"async\" src=\"https:\/\/www.paparazzi.com.ar\/wp-content\/uploads\/2025\/11\/evangelina-anderson-ian-lucas-1-1024x577.png.webp\" loading=\"lazy\" alt=\"\" class=\"wp-image-454027\" \/><\/figure>\n<figure class=\"wp-block-image size-full\"><img decoding=\"async\" width=\"430\" height=\"574\" src=\"https:\/\/www.paparazzi.com.ar\/wp-content\/uploads\/2025\/11\/evangelina-anderson-ian-lucas-2.png.webp\" loading=\"lazy\" alt=\"\" class=\"wp-image-454028\" \/><\/figure>\n<div class=\"mt-box \">\n<h4 class=\"mt-heading\">Mir\u00e1 Tambi\u00e9n<\/h4>\n<p><a href=\"https:\/\/www.paparazzi.com.ar\/teve\/el-piropo-de-evangelina-anderson-a-un-companero-de-masterchef-que-encendio-todo\/\"><\/p>\n<div class=\"mt-content\">\n<div class=\"mt-image-container\"><img decoding=\"async\" src=\"https:\/\/www.paparazzi.com.ar\/wp-content\/uploads\/2025\/11\/image-146-359x226.png\" alt=\"El piropo de Evangelina Anderson a un compa\u00f1ero de MasterChef que encendi\u00f3 todo\" class=\"mt-image\" loading=\"lazy\" \/><\/div>\n<h5 class=\"mt-title\">El piropo de Evangelina Anderson a un compa\u00f1ero de MasterChef que encendi\u00f3 todo<\/h5>\n<\/div>\n<p><\/a><\/div>\n<div class=\"mt-box \">\n<h4 class=\"mt-heading\">Mir\u00e1 Tambi\u00e9n<\/h4>\n<p><a href=\"https:\/\/www.paparazzi.com.ar\/teve\/el-insolito-motivo-por-el-que-evangelina-anderson-quebro-en-llanto-en-masterchef\/\"><\/p>\n<div class=\"mt-content\">\n<div class=\"mt-image-container\"><img decoding=\"async\" src=\"https:\/\/www.paparazzi.com.ar\/wp-content\/uploads\/2025\/11\/evangelina-anderson-masterchef-359x226.png\" alt=\"El ins\u00f3lito motivo por el que Evangelina Anderson quebr\u00f3 en llanto en MasterChef\" class=\"mt-image\" loading=\"lazy\" \/><\/div>\n<h5 class=\"mt-title\">El ins\u00f3lito motivo por el que Evangelina Anderson quebr\u00f3 en llanto en MasterChef<\/h5>\n<\/div>\n<p><\/a><\/div>\n<p>The post <a href=\"https:\/\/www.paparazzi.com.ar\/romances\/quien-es-el-famoso-de-masterchef-que-enamoro-a-evangelina-anderson-estan-a-nada-de\/\">Qui\u00e9n es el famoso de MasterChef que enamor\u00f3 a Evangelina Anderson: \u201cEst\u00e1n a nada de\u2026\u201d<\/a> appeared first on <a href=\"https:\/\/www.paparazzi.com.ar\">Revista Paparazzi<\/a>.<\/p>\n","protected":false},"excerpt":{"rendered":"<p>La cocina de MasterChef siempre fue un escenario donde la tensi\u00f3n y los desaf\u00edos se<\/p>\n","protected":false},"author":0,"featured_media":10395,"comment_status":"","ping_status":"","sticky":false,"template":"","format":"standard","meta":{"footnotes":""},"categories":[11],"tags":[],"class_list":["post-10394","post","type-post","status-publish","format-standard","has-post-thumbnail","hentry","category-destacadas"],"yoast_head":"<!-- This site is optimized with the Yoast SEO plugin v27.4 - https:\/\/yoast.com\/product\/yoast-seo-wordpress\/ -->\n<title>Qui\u00e9n es el famoso de MasterChef que enamor\u00f3 a Evangelina Anderson: \u201cEst\u00e1n a nada de\u2026\u201d - Fm Gente<\/title>\n<meta name=\"robots\" content=\"index, follow, max-snippet:-1, max-image-preview:large, max-video-preview:-1\" \/>\n<link rel=\"canonical\" href=\"https:\/\/fmgente.com.ar\/web\/quien-es-el-famoso-de-masterchef-que-enamoro-a-evangelina-anderson-estan-a-nada-de\/\" \/>\n<meta property=\"og:locale\" content=\"es_ES\" \/>\n<meta property=\"og:type\" content=\"article\" \/>\n<meta property=\"og:title\" content=\"Qui\u00e9n es el famoso de MasterChef que enamor\u00f3 a Evangelina Anderson: \u201cEst\u00e1n a nada de\u2026\u201d - Fm Gente\" \/>\n<meta property=\"og:description\" content=\"La cocina de MasterChef siempre fue un escenario donde la tensi\u00f3n y los desaf\u00edos se\" \/>\n<meta property=\"og:url\" content=\"https:\/\/fmgente.com.ar\/web\/quien-es-el-famoso-de-masterchef-que-enamoro-a-evangelina-anderson-estan-a-nada-de\/\" \/>\n<meta property=\"og:site_name\" content=\"Fm Gente\" \/>\n<meta property=\"article:published_time\" content=\"2025-11-22T16:05:33+00:00\" \/>\n<meta property=\"og:image\" content=\"https:\/\/fmgente.com.ar\/web\/wp-content\/uploads\/2025\/11\/Ventura-1-359x226-74.jpg\" \/>\n\t<meta property=\"og:image:width\" content=\"359\" \/>\n\t<meta property=\"og:image:height\" content=\"226\" \/>\n\t<meta property=\"og:image:type\" content=\"image\/jpeg\" \/>\n<meta name=\"twitter:card\" content=\"summary_large_image\" \/>\n<meta name=\"twitter:label1\" content=\"Tiempo de lectura\" \/>\n\t<meta name=\"twitter:data1\" content=\"3 minutos\" \/>\n<script type=\"application\/ld+json\" class=\"yoast-schema-graph\">{\"@context\":\"https:\\\/\\\/schema.org\",\"@graph\":[{\"@type\":\"Article\",\"@id\":\"https:\\\/\\\/fmgente.com.ar\\\/web\\\/quien-es-el-famoso-de-masterchef-que-enamoro-a-evangelina-anderson-estan-a-nada-de\\\/#article\",\"isPartOf\":{\"@id\":\"https:\\\/\\\/fmgente.com.ar\\\/web\\\/quien-es-el-famoso-de-masterchef-que-enamoro-a-evangelina-anderson-estan-a-nada-de\\\/\"},\"author\":{\"name\":\"\",\"@id\":\"\"},\"headline\":\"Qui\u00e9n es el famoso de MasterChef que enamor\u00f3 a Evangelina Anderson: \u201cEst\u00e1n a nada de\u2026\u201d\",\"datePublished\":\"2025-11-22T16:05:33+00:00\",\"mainEntityOfPage\":{\"@id\":\"https:\\\/\\\/fmgente.com.ar\\\/web\\\/quien-es-el-famoso-de-masterchef-que-enamoro-a-evangelina-anderson-estan-a-nada-de\\\/\"},\"wordCount\":659,\"publisher\":{\"@id\":\"https:\\\/\\\/fmgente.com.ar\\\/web\\\/#organization\"},\"image\":{\"@id\":\"https:\\\/\\\/fmgente.com.ar\\\/web\\\/quien-es-el-famoso-de-masterchef-que-enamoro-a-evangelina-anderson-estan-a-nada-de\\\/#primaryimage\"},\"thumbnailUrl\":\"https:\\\/\\\/fmgente.com.ar\\\/web\\\/wp-content\\\/uploads\\\/2025\\\/11\\\/Ventura-1-359x226-74.jpg\",\"articleSection\":[\"DESTACADAS\"],\"inLanguage\":\"es\"},{\"@type\":\"WebPage\",\"@id\":\"https:\\\/\\\/fmgente.com.ar\\\/web\\\/quien-es-el-famoso-de-masterchef-que-enamoro-a-evangelina-anderson-estan-a-nada-de\\\/\",\"url\":\"https:\\\/\\\/fmgente.com.ar\\\/web\\\/quien-es-el-famoso-de-masterchef-que-enamoro-a-evangelina-anderson-estan-a-nada-de\\\/\",\"name\":\"Qui\u00e9n es el famoso de MasterChef que enamor\u00f3 a Evangelina Anderson: \u201cEst\u00e1n a nada de\u2026\u201d - Fm Gente\",\"isPartOf\":{\"@id\":\"https:\\\/\\\/fmgente.com.ar\\\/web\\\/#website\"},\"primaryImageOfPage\":{\"@id\":\"https:\\\/\\\/fmgente.com.ar\\\/web\\\/quien-es-el-famoso-de-masterchef-que-enamoro-a-evangelina-anderson-estan-a-nada-de\\\/#primaryimage\"},\"image\":{\"@id\":\"https:\\\/\\\/fmgente.com.ar\\\/web\\\/quien-es-el-famoso-de-masterchef-que-enamoro-a-evangelina-anderson-estan-a-nada-de\\\/#primaryimage\"},\"thumbnailUrl\":\"https:\\\/\\\/fmgente.com.ar\\\/web\\\/wp-content\\\/uploads\\\/2025\\\/11\\\/Ventura-1-359x226-74.jpg\",\"datePublished\":\"2025-11-22T16:05:33+00:00\",\"inLanguage\":\"es\",\"potentialAction\":[{\"@type\":\"ReadAction\",\"target\":[\"https:\\\/\\\/fmgente.com.ar\\\/web\\\/quien-es-el-famoso-de-masterchef-que-enamoro-a-evangelina-anderson-estan-a-nada-de\\\/\"]}]},{\"@type\":\"ImageObject\",\"inLanguage\":\"es\",\"@id\":\"https:\\\/\\\/fmgente.com.ar\\\/web\\\/quien-es-el-famoso-de-masterchef-que-enamoro-a-evangelina-anderson-estan-a-nada-de\\\/#primaryimage\",\"url\":\"https:\\\/\\\/fmgente.com.ar\\\/web\\\/wp-content\\\/uploads\\\/2025\\\/11\\\/Ventura-1-359x226-74.jpg\",\"contentUrl\":\"https:\\\/\\\/fmgente.com.ar\\\/web\\\/wp-content\\\/uploads\\\/2025\\\/11\\\/Ventura-1-359x226-74.jpg\",\"width\":359,\"height\":226},{\"@type\":\"WebSite\",\"@id\":\"https:\\\/\\\/fmgente.com.ar\\\/web\\\/#website\",\"url\":\"https:\\\/\\\/fmgente.com.ar\\\/web\\\/\",\"name\":\"Fm Gente\",\"description\":\"- Jes\u00fas Mar\u00eda\",\"publisher\":{\"@id\":\"https:\\\/\\\/fmgente.com.ar\\\/web\\\/#organization\"},\"potentialAction\":[{\"@type\":\"SearchAction\",\"target\":{\"@type\":\"EntryPoint\",\"urlTemplate\":\"https:\\\/\\\/fmgente.com.ar\\\/web\\\/?s={search_term_string}\"},\"query-input\":{\"@type\":\"PropertyValueSpecification\",\"valueRequired\":true,\"valueName\":\"search_term_string\"}}],\"inLanguage\":\"es\"},{\"@type\":\"Organization\",\"@id\":\"https:\\\/\\\/fmgente.com.ar\\\/web\\\/#organization\",\"name\":\"Fm Gente\",\"url\":\"https:\\\/\\\/fmgente.com.ar\\\/web\\\/\",\"logo\":{\"@type\":\"ImageObject\",\"inLanguage\":\"es\",\"@id\":\"https:\\\/\\\/fmgente.com.ar\\\/web\\\/#\\\/schema\\\/logo\\\/image\\\/\",\"url\":\"https:\\\/\\\/fmgente.com.ar\\\/web\\\/wp-content\\\/uploads\\\/2023\\\/07\\\/cropped-cropped-logo-sombra2.png\",\"contentUrl\":\"https:\\\/\\\/fmgente.com.ar\\\/web\\\/wp-content\\\/uploads\\\/2023\\\/07\\\/cropped-cropped-logo-sombra2.png\",\"width\":1782,\"height\":1782,\"caption\":\"Fm Gente\"},\"image\":{\"@id\":\"https:\\\/\\\/fmgente.com.ar\\\/web\\\/#\\\/schema\\\/logo\\\/image\\\/\"}}]}<\/script>\n<!-- \/ Yoast SEO plugin. -->","yoast_head_json":{"title":"Qui\u00e9n es el famoso de MasterChef que enamor\u00f3 a Evangelina Anderson: \u201cEst\u00e1n a nada de\u2026\u201d - Fm Gente","robots":{"index":"index","follow":"follow","max-snippet":"max-snippet:-1","max-image-preview":"max-image-preview:large","max-video-preview":"max-video-preview:-1"},"canonical":"https:\/\/fmgente.com.ar\/web\/quien-es-el-famoso-de-masterchef-que-enamoro-a-evangelina-anderson-estan-a-nada-de\/","og_locale":"es_ES","og_type":"article","og_title":"Qui\u00e9n es el famoso de MasterChef que enamor\u00f3 a Evangelina Anderson: \u201cEst\u00e1n a nada de\u2026\u201d - Fm Gente","og_description":"La cocina de MasterChef siempre fue un escenario donde la tensi\u00f3n y los desaf\u00edos se","og_url":"https:\/\/fmgente.com.ar\/web\/quien-es-el-famoso-de-masterchef-que-enamoro-a-evangelina-anderson-estan-a-nada-de\/","og_site_name":"Fm Gente","article_published_time":"2025-11-22T16:05:33+00:00","og_image":[{"width":359,"height":226,"url":"https:\/\/fmgente.com.ar\/web\/wp-content\/uploads\/2025\/11\/Ventura-1-359x226-74.jpg","type":"image\/jpeg"}],"twitter_card":"summary_large_image","twitter_misc":{"Tiempo de lectura":"3 minutos"},"schema":{"@context":"https:\/\/schema.org","@graph":[{"@type":"Article","@id":"https:\/\/fmgente.com.ar\/web\/quien-es-el-famoso-de-masterchef-que-enamoro-a-evangelina-anderson-estan-a-nada-de\/#article","isPartOf":{"@id":"https:\/\/fmgente.com.ar\/web\/quien-es-el-famoso-de-masterchef-que-enamoro-a-evangelina-anderson-estan-a-nada-de\/"},"author":{"name":"","@id":""},"headline":"Qui\u00e9n es el famoso de MasterChef que enamor\u00f3 a Evangelina Anderson: \u201cEst\u00e1n a nada de\u2026\u201d","datePublished":"2025-11-22T16:05:33+00:00","mainEntityOfPage":{"@id":"https:\/\/fmgente.com.ar\/web\/quien-es-el-famoso-de-masterchef-que-enamoro-a-evangelina-anderson-estan-a-nada-de\/"},"wordCount":659,"publisher":{"@id":"https:\/\/fmgente.com.ar\/web\/#organization"},"image":{"@id":"https:\/\/fmgente.com.ar\/web\/quien-es-el-famoso-de-masterchef-que-enamoro-a-evangelina-anderson-estan-a-nada-de\/#primaryimage"},"thumbnailUrl":"https:\/\/fmgente.com.ar\/web\/wp-content\/uploads\/2025\/11\/Ventura-1-359x226-74.jpg","articleSection":["DESTACADAS"],"inLanguage":"es"},{"@type":"WebPage","@id":"https:\/\/fmgente.com.ar\/web\/quien-es-el-famoso-de-masterchef-que-enamoro-a-evangelina-anderson-estan-a-nada-de\/","url":"https:\/\/fmgente.com.ar\/web\/quien-es-el-famoso-de-masterchef-que-enamoro-a-evangelina-anderson-estan-a-nada-de\/","name":"Qui\u00e9n es el famoso de MasterChef que enamor\u00f3 a Evangelina Anderson: \u201cEst\u00e1n a nada de\u2026\u201d - Fm Gente","isPartOf":{"@id":"https:\/\/fmgente.com.ar\/web\/#website"},"primaryImageOfPage":{"@id":"https:\/\/fmgente.com.ar\/web\/quien-es-el-famoso-de-masterchef-que-enamoro-a-evangelina-anderson-estan-a-nada-de\/#primaryimage"},"image":{"@id":"https:\/\/fmgente.com.ar\/web\/quien-es-el-famoso-de-masterchef-que-enamoro-a-evangelina-anderson-estan-a-nada-de\/#primaryimage"},"thumbnailUrl":"https:\/\/fmgente.com.ar\/web\/wp-content\/uploads\/2025\/11\/Ventura-1-359x226-74.jpg","datePublished":"2025-11-22T16:05:33+00:00","inLanguage":"es","potentialAction":[{"@type":"ReadAction","target":["https:\/\/fmgente.com.ar\/web\/quien-es-el-famoso-de-masterchef-que-enamoro-a-evangelina-anderson-estan-a-nada-de\/"]}]},{"@type":"ImageObject","inLanguage":"es","@id":"https:\/\/fmgente.com.ar\/web\/quien-es-el-famoso-de-masterchef-que-enamoro-a-evangelina-anderson-estan-a-nada-de\/#primaryimage","url":"https:\/\/fmgente.com.ar\/web\/wp-content\/uploads\/2025\/11\/Ventura-1-359x226-74.jpg","contentUrl":"https:\/\/fmgente.com.ar\/web\/wp-content\/uploads\/2025\/11\/Ventura-1-359x226-74.jpg","width":359,"height":226},{"@type":"WebSite","@id":"https:\/\/fmgente.com.ar\/web\/#website","url":"https:\/\/fmgente.com.ar\/web\/","name":"Fm Gente","description":"- Jes\u00fas Mar\u00eda","publisher":{"@id":"https:\/\/fmgente.com.ar\/web\/#organization"},"potentialAction":[{"@type":"SearchAction","target":{"@type":"EntryPoint","urlTemplate":"https:\/\/fmgente.com.ar\/web\/?s={search_term_string}"},"query-input":{"@type":"PropertyValueSpecification","valueRequired":true,"valueName":"search_term_string"}}],"inLanguage":"es"},{"@type":"Organization","@id":"https:\/\/fmgente.com.ar\/web\/#organization","name":"Fm Gente","url":"https:\/\/fmgente.com.ar\/web\/","logo":{"@type":"ImageObject","inLanguage":"es","@id":"https:\/\/fmgente.com.ar\/web\/#\/schema\/logo\/image\/","url":"https:\/\/fmgente.com.ar\/web\/wp-content\/uploads\/2023\/07\/cropped-cropped-logo-sombra2.png","contentUrl":"https:\/\/fmgente.com.ar\/web\/wp-content\/uploads\/2023\/07\/cropped-cropped-logo-sombra2.png","width":1782,"height":1782,"caption":"Fm Gente"},"image":{"@id":"https:\/\/fmgente.com.ar\/web\/#\/schema\/logo\/image\/"}}]}},"_links":{"self":[{"href":"https:\/\/fmgente.com.ar\/web\/wp-json\/wp\/v2\/posts\/10394","targetHints":{"allow":["GET"]}}],"collection":[{"href":"https:\/\/fmgente.com.ar\/web\/wp-json\/wp\/v2\/posts"}],"about":[{"href":"https:\/\/fmgente.com.ar\/web\/wp-json\/wp\/v2\/types\/post"}],"replies":[{"embeddable":true,"href":"https:\/\/fmgente.com.ar\/web\/wp-json\/wp\/v2\/comments?post=10394"}],"version-history":[{"count":0,"href":"https:\/\/fmgente.com.ar\/web\/wp-json\/wp\/v2\/posts\/10394\/revisions"}],"wp:featuredmedia":[{"embeddable":true,"href":"https:\/\/fmgente.com.ar\/web\/wp-json\/wp\/v2\/media\/10395"}],"wp:attachment":[{"href":"https:\/\/fmgente.com.ar\/web\/wp-json\/wp\/v2\/media?parent=10394"}],"wp:term":[{"taxonomy":"category","embeddable":true,"href":"https:\/\/fmgente.com.ar\/web\/wp-json\/wp\/v2\/categories?post=10394"},{"taxonomy":"post_tag","embeddable":true,"href":"https:\/\/fmgente.com.ar\/web\/wp-json\/wp\/v2\/tags?post=10394"}],"curies":[{"name":"wp","href":"https:\/\/api.w.org\/{rel}","templated":true}]}}