{"id":10392,"date":"2025-11-22T13:05:33","date_gmt":"2025-11-22T16:05:33","guid":{"rendered":"https:\/\/fmgente.com.ar\/giro-inesperado-en-la-denuncia-de-juana-tinelli-por-amenazas-y-que-cambia-todo-ella-borro-la\/"},"modified":"2025-11-22T13:05:33","modified_gmt":"2025-11-22T16:05:33","slug":"giro-inesperado-en-la-denuncia-de-juana-tinelli-por-amenazas-y-que-cambia-todo-ella-borro-la","status":"publish","type":"post","link":"https:\/\/fmgente.com.ar\/web\/giro-inesperado-en-la-denuncia-de-juana-tinelli-por-amenazas-y-que-cambia-todo-ella-borro-la\/","title":{"rendered":"Giro inesperado en la denuncia de Juana Tinelli por amenazas y que cambia todo: &quot;Ella borr\u00f3 la&#8230;&quot;"},"content":{"rendered":"<p><strong>Marcelo Tinelli<\/strong> se encuentra atravesando uno de los momentos m\u00e1s duros de su vida. La denuncia que hizo su hija <strong>Juana<\/strong> por amenazas, ubic\u00f3 al conductor en la mira y tuvo todo tipo de impactos; en especial en el seno de su familia, en donde hubo todo tipo de reacciones.<\/p>\n<p>Al existir una denuncia por amenazas de muerte, hay una investigaci\u00f3n que se encuentra llevando su curso. Sin embargo, la Justicia se top\u00f3 con un inesperado obst\u00e1culo, en donde necesitan de la colaboraci\u00f3n de <a href=\"https:\/\/www.paparazzi.com.ar\/teve\/juana-tinelli-se-puso-mas-firme-que-nunca-y-ubico-la-relacion-con-su-papa-en-la-mira-nunca-va-a-existir\/\">Juanita<\/a>, lo cual hasta el momento no est\u00e1 sucediendo.<\/p>\n<p>En ese aspecto, <strong><a href=\"https:\/\/www.paparazzi.com.ar\/teve\/mauro-szeta-accedio-a-la-declaracion-de-lowrdez-fernandez-el-dato-escandaloso-que-cambia-todo\/\">Mauro Szeta<\/a><\/strong> revel\u00f3 detalles de lo que est\u00e1 ocurriendo. Lo curioso de esta situaci\u00f3n es que necesitan acceder al tel\u00e9fono en donde Juana recibi\u00f3 las amenazas, pero ella hasta el momento no lo entreg\u00f3.<\/p>\n<div class=\"mt-box \">\n<h4 class=\"mt-heading\">Mir\u00e1 Tambi\u00e9n<\/h4>\n<p><a href=\"https:\/\/www.paparazzi.com.ar\/teve\/exclusivo-la-increible-salida-de-mirtha-legrand-viviendo-la-noche-portena-a-sus-98-anos\/\"><\/p>\n<div class=\"mt-content\">\n<div class=\"mt-image-container\"><img decoding=\"async\" src=\"https:\/\/www.paparazzi.com.ar\/wp-content\/uploads\/2025\/11\/\u00a1Exclusivo-La-increible-salida-de-Mirtha-Legrand-viviendo-la-noche-portena-a-sus-98-anos-359x226.jpg\" alt=\"\u00a1Exclusivo! La incre\u00edble salida de Mirtha Legrand viviendo la noche porte\u00f1a a sus 98 a\u00f1os\" class=\"mt-image\" loading=\"lazy\" \/><\/div>\n<h5 class=\"mt-title\">\u00a1Exclusivo! La incre\u00edble salida de Mirtha Legrand viviendo la noche porte\u00f1a a sus 98 a\u00f1os<\/h5>\n<\/div>\n<p><\/a><\/div>\n<p>\u201c<em>El principal problema de la causa es que ten\u00edan todo preparado para poder peritar el tel\u00e9fono de Juana y ella todav\u00eda no lo aport\u00f3 y, adem\u00e1s, ayer les qued\u00f3 la sensaci\u00f3n de que no lo va a dar<\/em>\u201d, expuso el periodista en <em>LapeClub Social<\/em>.<\/p>\n<h2 class=\"wp-block-heading\">QU\u00c9 OCURRE EN LA INVESTIGACI\u00d3N DEL CASO DE JUANA TINELLI<\/h2>\n<p>\u201c<em>Eso puede significar que ten\u00e9s miedo, que no ten\u00e9s inter\u00e9s en que avance la investigaci\u00f3n o que no quer\u00e9s que revisen todo y salgan cosas personales<\/em>\u201d, asever\u00f3 <a href=\"https:\/\/www.paparazzi.com.ar\/teve\/paulo-kablan-revelo-la-verdad-que-pocos-conocen-sobre-mauro-szeta-y-su-relacion\/\">Szeta<\/a> respecto a c\u00f3mo sigue todo en relaci\u00f3n a este tema.<\/p>\n<div class=\"mt-box \">\n<h4 class=\"mt-heading\">Mir\u00e1 Tambi\u00e9n<\/h4>\n<p><a href=\"https:\/\/www.paparazzi.com.ar\/teve\/juana-tinelli-se-puso-mas-firme-que-nunca-y-ubico-la-relacion-con-su-papa-en-la-mira-nunca-va-a-existir\/\"><\/p>\n<div class=\"mt-content\">\n<div class=\"mt-image-container\"><img decoding=\"async\" src=\"https:\/\/www.paparazzi.com.ar\/wp-content\/uploads\/2025\/11\/Juana-Tinelli-se-puso-mas-firme-que-nunca-y-ubico-la-relacion-con-su-papa-en-la-mira-22Nunca-va-a-existir.22-359x226.jpg\" alt=\"Juana Tinelli se puso m\u00e1s firme que nunca y ubic\u00f3 la relaci\u00f3n con su pap\u00e1 en la mira: &quot;Nunca va a existir...&quot;\" class=\"mt-image\" loading=\"lazy\" \/><\/div>\n<h5 class=\"mt-title\">Juana Tinelli se puso m\u00e1s firme que nunca y ubic\u00f3 la relaci\u00f3n con su pap\u00e1 en la mira: \u00abNunca va a existir&#8230;\u00bb<\/h5>\n<\/div>\n<p><\/a><\/div>\n<p>En un caso confuso y que caus\u00f3 un gran malestar para todos los Tinelli, los pr\u00f3ximos d\u00edas ser\u00e1n fundamentales. Por lo pronto, todo sigue igual y para que avance depender\u00e1 de si la joven pone o no a disposici\u00f3n el&nbsp;<\/p>\n<p>\u201c<em>A m\u00ed me reconfirman que ella borr\u00f3 la llamada, pero otro dato fundamental ac\u00e1 es que le preguntan a Tinelli si tiene miedo, y \u00e9l contesta que por \u00e9l no. Explic\u00f3 que no tiene idea del origen de la llamada<\/em>\u201d, cerr\u00f3 Mauro.<\/p>\n<div class=\"mt-box \">\n<h4 class=\"mt-heading\">Mir\u00e1 Tambi\u00e9n<\/h4>\n<p><a href=\"https:\/\/www.paparazzi.com.ar\/teve\/plan-aburridisimo-o-idea-genial-jimena-baron-pasara-todo-el-verano-en-una-pequena-localidad-bonaerense-reposera-y-bordado\/\"><\/p>\n<div class=\"mt-content\">\n<div class=\"mt-image-container\"><img decoding=\"async\" src=\"https:\/\/www.paparazzi.com.ar\/wp-content\/uploads\/2025\/11\/jime-baron-359x226.jpeg\" alt=\"\u00bfPlan aburrid\u00edsimo o idea genial? Jimena Bar\u00f3n pasar\u00e1 todo el verano en una peque\u00f1a localidad bonaerense: &quot;Reposera y bordado&quot;\" class=\"mt-image\" loading=\"lazy\" \/><\/div>\n<h5 class=\"mt-title\">\u00bfPlan aburrid\u00edsimo o idea genial? Jimena Bar\u00f3n pasar\u00e1 todo el verano en una peque\u00f1a localidad bonaerense: \u00abReposera y bordado\u00bb<\/h5>\n<\/div>\n<p><\/a><\/div>\n<div class=\"mt-box \">\n<h4 class=\"mt-heading\">Mir\u00e1 Tambi\u00e9n<\/h4>\n<p><a href=\"https:\/\/www.paparazzi.com.ar\/teve\/como-fue-la-pelea-a-gritos-e-insultos-entre-german-martitegui-y-donato-de-santis-en-masterchef\/\"><\/p>\n<div class=\"mt-content\">\n<div class=\"mt-image-container\"><img decoding=\"async\" src=\"https:\/\/www.paparazzi.com.ar\/wp-content\/uploads\/2025\/11\/German-martitegui-Donato-de-santis-359x226.png\" alt=\"C\u00f3mo fue la pelea a gritos e insultos entre Germ\u00e1n Martitegui y Donato de Santis en MasterChef\" class=\"mt-image\" loading=\"lazy\" \/><\/div>\n<h5 class=\"mt-title\">C\u00f3mo fue la pelea a gritos e insultos entre Germ\u00e1n Martitegui y Donato de Santis en MasterChef<\/h5>\n<\/div>\n<p><\/a><\/div>\n<p>The post <a href=\"https:\/\/www.paparazzi.com.ar\/teve\/giro-inesperado-en-la-denuncia-de-juana-tinelli-por-amenazas-y-que-cambia-todo-ella-borro-la\/\">Giro inesperado en la denuncia de Juana Tinelli por amenazas y que cambia todo: &quot;Ella borr\u00f3 la&#8230;&quot;<\/a> appeared first on <a href=\"https:\/\/www.paparazzi.com.ar\">Revista Paparazzi<\/a>.<\/p>\n","protected":false},"excerpt":{"rendered":"<p>Marcelo Tinelli se encuentra atravesando uno de los momentos m\u00e1s duros de su vida. La<\/p>\n","protected":false},"author":0,"featured_media":10393,"comment_status":"","ping_status":"","sticky":false,"template":"","format":"standard","meta":{"footnotes":""},"categories":[11],"tags":[],"class_list":["post-10392","post","type-post","status-publish","format-standard","has-post-thumbnail","hentry","category-destacadas"],"yoast_head":"<!-- This site is optimized with the Yoast SEO plugin v27.4 - https:\/\/yoast.com\/product\/yoast-seo-wordpress\/ -->\n<title>Giro inesperado en la denuncia de Juana Tinelli por amenazas y que cambia todo: &quot;Ella borr\u00f3 la...&quot; - Fm Gente<\/title>\n<meta name=\"robots\" content=\"index, follow, max-snippet:-1, max-image-preview:large, max-video-preview:-1\" \/>\n<link rel=\"canonical\" href=\"https:\/\/fmgente.com.ar\/web\/giro-inesperado-en-la-denuncia-de-juana-tinelli-por-amenazas-y-que-cambia-todo-ella-borro-la\/\" \/>\n<meta property=\"og:locale\" content=\"es_ES\" \/>\n<meta property=\"og:type\" content=\"article\" \/>\n<meta property=\"og:title\" content=\"Giro inesperado en la denuncia de Juana Tinelli por amenazas y que cambia todo: &quot;Ella borr\u00f3 la...&quot; - Fm Gente\" \/>\n<meta property=\"og:description\" content=\"Marcelo Tinelli se encuentra atravesando uno de los momentos m\u00e1s duros de su vida. La\" \/>\n<meta property=\"og:url\" content=\"https:\/\/fmgente.com.ar\/web\/giro-inesperado-en-la-denuncia-de-juana-tinelli-por-amenazas-y-que-cambia-todo-ella-borro-la\/\" \/>\n<meta property=\"og:site_name\" content=\"Fm Gente\" \/>\n<meta property=\"article:published_time\" content=\"2025-11-22T16:05:33+00:00\" \/>\n<meta property=\"og:image\" content=\"https:\/\/fmgente.com.ar\/web\/wp-content\/uploads\/2025\/11\/\u00a1Exclusivo-La-increible-salida-de-Mirtha-Legrand-viviendo-la-noche-portena-a-sus-98-anos-359x226-9.jpg\" \/>\n\t<meta property=\"og:image:width\" content=\"359\" \/>\n\t<meta property=\"og:image:height\" content=\"226\" \/>\n\t<meta property=\"og:image:type\" content=\"image\/jpeg\" \/>\n<meta name=\"twitter:card\" content=\"summary_large_image\" \/>\n<meta name=\"twitter:label1\" content=\"Tiempo de lectura\" \/>\n\t<meta name=\"twitter:data1\" content=\"2 minutos\" \/>\n<script type=\"application\/ld+json\" class=\"yoast-schema-graph\">{\"@context\":\"https:\\\/\\\/schema.org\",\"@graph\":[{\"@type\":\"Article\",\"@id\":\"https:\\\/\\\/fmgente.com.ar\\\/web\\\/giro-inesperado-en-la-denuncia-de-juana-tinelli-por-amenazas-y-que-cambia-todo-ella-borro-la\\\/#article\",\"isPartOf\":{\"@id\":\"https:\\\/\\\/fmgente.com.ar\\\/web\\\/giro-inesperado-en-la-denuncia-de-juana-tinelli-por-amenazas-y-que-cambia-todo-ella-borro-la\\\/\"},\"author\":{\"name\":\"\",\"@id\":\"\"},\"headline\":\"Giro inesperado en la denuncia de Juana Tinelli por amenazas y que cambia todo: &quot;Ella borr\u00f3 la&#8230;&quot;\",\"datePublished\":\"2025-11-22T16:05:33+00:00\",\"mainEntityOfPage\":{\"@id\":\"https:\\\/\\\/fmgente.com.ar\\\/web\\\/giro-inesperado-en-la-denuncia-de-juana-tinelli-por-amenazas-y-que-cambia-todo-ella-borro-la\\\/\"},\"wordCount\":467,\"publisher\":{\"@id\":\"https:\\\/\\\/fmgente.com.ar\\\/web\\\/#organization\"},\"image\":{\"@id\":\"https:\\\/\\\/fmgente.com.ar\\\/web\\\/giro-inesperado-en-la-denuncia-de-juana-tinelli-por-amenazas-y-que-cambia-todo-ella-borro-la\\\/#primaryimage\"},\"thumbnailUrl\":\"https:\\\/\\\/fmgente.com.ar\\\/web\\\/wp-content\\\/uploads\\\/2025\\\/11\\\/\u00a1Exclusivo-La-increible-salida-de-Mirtha-Legrand-viviendo-la-noche-portena-a-sus-98-anos-359x226-9.jpg\",\"articleSection\":[\"DESTACADAS\"],\"inLanguage\":\"es\"},{\"@type\":\"WebPage\",\"@id\":\"https:\\\/\\\/fmgente.com.ar\\\/web\\\/giro-inesperado-en-la-denuncia-de-juana-tinelli-por-amenazas-y-que-cambia-todo-ella-borro-la\\\/\",\"url\":\"https:\\\/\\\/fmgente.com.ar\\\/web\\\/giro-inesperado-en-la-denuncia-de-juana-tinelli-por-amenazas-y-que-cambia-todo-ella-borro-la\\\/\",\"name\":\"Giro inesperado en la denuncia de Juana Tinelli por amenazas y que cambia todo: &quot;Ella borr\u00f3 la...&quot; - Fm Gente\",\"isPartOf\":{\"@id\":\"https:\\\/\\\/fmgente.com.ar\\\/web\\\/#website\"},\"primaryImageOfPage\":{\"@id\":\"https:\\\/\\\/fmgente.com.ar\\\/web\\\/giro-inesperado-en-la-denuncia-de-juana-tinelli-por-amenazas-y-que-cambia-todo-ella-borro-la\\\/#primaryimage\"},\"image\":{\"@id\":\"https:\\\/\\\/fmgente.com.ar\\\/web\\\/giro-inesperado-en-la-denuncia-de-juana-tinelli-por-amenazas-y-que-cambia-todo-ella-borro-la\\\/#primaryimage\"},\"thumbnailUrl\":\"https:\\\/\\\/fmgente.com.ar\\\/web\\\/wp-content\\\/uploads\\\/2025\\\/11\\\/\u00a1Exclusivo-La-increible-salida-de-Mirtha-Legrand-viviendo-la-noche-portena-a-sus-98-anos-359x226-9.jpg\",\"datePublished\":\"2025-11-22T16:05:33+00:00\",\"inLanguage\":\"es\",\"potentialAction\":[{\"@type\":\"ReadAction\",\"target\":[\"https:\\\/\\\/fmgente.com.ar\\\/web\\\/giro-inesperado-en-la-denuncia-de-juana-tinelli-por-amenazas-y-que-cambia-todo-ella-borro-la\\\/\"]}]},{\"@type\":\"ImageObject\",\"inLanguage\":\"es\",\"@id\":\"https:\\\/\\\/fmgente.com.ar\\\/web\\\/giro-inesperado-en-la-denuncia-de-juana-tinelli-por-amenazas-y-que-cambia-todo-ella-borro-la\\\/#primaryimage\",\"url\":\"https:\\\/\\\/fmgente.com.ar\\\/web\\\/wp-content\\\/uploads\\\/2025\\\/11\\\/\u00a1Exclusivo-La-increible-salida-de-Mirtha-Legrand-viviendo-la-noche-portena-a-sus-98-anos-359x226-9.jpg\",\"contentUrl\":\"https:\\\/\\\/fmgente.com.ar\\\/web\\\/wp-content\\\/uploads\\\/2025\\\/11\\\/\u00a1Exclusivo-La-increible-salida-de-Mirtha-Legrand-viviendo-la-noche-portena-a-sus-98-anos-359x226-9.jpg\",\"width\":359,\"height\":226},{\"@type\":\"WebSite\",\"@id\":\"https:\\\/\\\/fmgente.com.ar\\\/web\\\/#website\",\"url\":\"https:\\\/\\\/fmgente.com.ar\\\/web\\\/\",\"name\":\"Fm Gente\",\"description\":\"- Jes\u00fas Mar\u00eda\",\"publisher\":{\"@id\":\"https:\\\/\\\/fmgente.com.ar\\\/web\\\/#organization\"},\"potentialAction\":[{\"@type\":\"SearchAction\",\"target\":{\"@type\":\"EntryPoint\",\"urlTemplate\":\"https:\\\/\\\/fmgente.com.ar\\\/web\\\/?s={search_term_string}\"},\"query-input\":{\"@type\":\"PropertyValueSpecification\",\"valueRequired\":true,\"valueName\":\"search_term_string\"}}],\"inLanguage\":\"es\"},{\"@type\":\"Organization\",\"@id\":\"https:\\\/\\\/fmgente.com.ar\\\/web\\\/#organization\",\"name\":\"Fm Gente\",\"url\":\"https:\\\/\\\/fmgente.com.ar\\\/web\\\/\",\"logo\":{\"@type\":\"ImageObject\",\"inLanguage\":\"es\",\"@id\":\"https:\\\/\\\/fmgente.com.ar\\\/web\\\/#\\\/schema\\\/logo\\\/image\\\/\",\"url\":\"https:\\\/\\\/fmgente.com.ar\\\/web\\\/wp-content\\\/uploads\\\/2023\\\/07\\\/cropped-cropped-logo-sombra2.png\",\"contentUrl\":\"https:\\\/\\\/fmgente.com.ar\\\/web\\\/wp-content\\\/uploads\\\/2023\\\/07\\\/cropped-cropped-logo-sombra2.png\",\"width\":1782,\"height\":1782,\"caption\":\"Fm Gente\"},\"image\":{\"@id\":\"https:\\\/\\\/fmgente.com.ar\\\/web\\\/#\\\/schema\\\/logo\\\/image\\\/\"}}]}<\/script>\n<!-- \/ Yoast SEO plugin. -->","yoast_head_json":{"title":"Giro inesperado en la denuncia de Juana Tinelli por amenazas y que cambia todo: &quot;Ella borr\u00f3 la...&quot; - Fm Gente","robots":{"index":"index","follow":"follow","max-snippet":"max-snippet:-1","max-image-preview":"max-image-preview:large","max-video-preview":"max-video-preview:-1"},"canonical":"https:\/\/fmgente.com.ar\/web\/giro-inesperado-en-la-denuncia-de-juana-tinelli-por-amenazas-y-que-cambia-todo-ella-borro-la\/","og_locale":"es_ES","og_type":"article","og_title":"Giro inesperado en la denuncia de Juana Tinelli por amenazas y que cambia todo: &quot;Ella borr\u00f3 la...&quot; - Fm Gente","og_description":"Marcelo Tinelli se encuentra atravesando uno de los momentos m\u00e1s duros de su vida. La","og_url":"https:\/\/fmgente.com.ar\/web\/giro-inesperado-en-la-denuncia-de-juana-tinelli-por-amenazas-y-que-cambia-todo-ella-borro-la\/","og_site_name":"Fm Gente","article_published_time":"2025-11-22T16:05:33+00:00","og_image":[{"width":359,"height":226,"url":"https:\/\/fmgente.com.ar\/web\/wp-content\/uploads\/2025\/11\/\u00a1Exclusivo-La-increible-salida-de-Mirtha-Legrand-viviendo-la-noche-portena-a-sus-98-anos-359x226-9.jpg","type":"image\/jpeg"}],"twitter_card":"summary_large_image","twitter_misc":{"Tiempo de lectura":"2 minutos"},"schema":{"@context":"https:\/\/schema.org","@graph":[{"@type":"Article","@id":"https:\/\/fmgente.com.ar\/web\/giro-inesperado-en-la-denuncia-de-juana-tinelli-por-amenazas-y-que-cambia-todo-ella-borro-la\/#article","isPartOf":{"@id":"https:\/\/fmgente.com.ar\/web\/giro-inesperado-en-la-denuncia-de-juana-tinelli-por-amenazas-y-que-cambia-todo-ella-borro-la\/"},"author":{"name":"","@id":""},"headline":"Giro inesperado en la denuncia de Juana Tinelli por amenazas y que cambia todo: &quot;Ella borr\u00f3 la&#8230;&quot;","datePublished":"2025-11-22T16:05:33+00:00","mainEntityOfPage":{"@id":"https:\/\/fmgente.com.ar\/web\/giro-inesperado-en-la-denuncia-de-juana-tinelli-por-amenazas-y-que-cambia-todo-ella-borro-la\/"},"wordCount":467,"publisher":{"@id":"https:\/\/fmgente.com.ar\/web\/#organization"},"image":{"@id":"https:\/\/fmgente.com.ar\/web\/giro-inesperado-en-la-denuncia-de-juana-tinelli-por-amenazas-y-que-cambia-todo-ella-borro-la\/#primaryimage"},"thumbnailUrl":"https:\/\/fmgente.com.ar\/web\/wp-content\/uploads\/2025\/11\/\u00a1Exclusivo-La-increible-salida-de-Mirtha-Legrand-viviendo-la-noche-portena-a-sus-98-anos-359x226-9.jpg","articleSection":["DESTACADAS"],"inLanguage":"es"},{"@type":"WebPage","@id":"https:\/\/fmgente.com.ar\/web\/giro-inesperado-en-la-denuncia-de-juana-tinelli-por-amenazas-y-que-cambia-todo-ella-borro-la\/","url":"https:\/\/fmgente.com.ar\/web\/giro-inesperado-en-la-denuncia-de-juana-tinelli-por-amenazas-y-que-cambia-todo-ella-borro-la\/","name":"Giro inesperado en la denuncia de Juana Tinelli por amenazas y que cambia todo: &quot;Ella borr\u00f3 la...&quot; - Fm Gente","isPartOf":{"@id":"https:\/\/fmgente.com.ar\/web\/#website"},"primaryImageOfPage":{"@id":"https:\/\/fmgente.com.ar\/web\/giro-inesperado-en-la-denuncia-de-juana-tinelli-por-amenazas-y-que-cambia-todo-ella-borro-la\/#primaryimage"},"image":{"@id":"https:\/\/fmgente.com.ar\/web\/giro-inesperado-en-la-denuncia-de-juana-tinelli-por-amenazas-y-que-cambia-todo-ella-borro-la\/#primaryimage"},"thumbnailUrl":"https:\/\/fmgente.com.ar\/web\/wp-content\/uploads\/2025\/11\/\u00a1Exclusivo-La-increible-salida-de-Mirtha-Legrand-viviendo-la-noche-portena-a-sus-98-anos-359x226-9.jpg","datePublished":"2025-11-22T16:05:33+00:00","inLanguage":"es","potentialAction":[{"@type":"ReadAction","target":["https:\/\/fmgente.com.ar\/web\/giro-inesperado-en-la-denuncia-de-juana-tinelli-por-amenazas-y-que-cambia-todo-ella-borro-la\/"]}]},{"@type":"ImageObject","inLanguage":"es","@id":"https:\/\/fmgente.com.ar\/web\/giro-inesperado-en-la-denuncia-de-juana-tinelli-por-amenazas-y-que-cambia-todo-ella-borro-la\/#primaryimage","url":"https:\/\/fmgente.com.ar\/web\/wp-content\/uploads\/2025\/11\/\u00a1Exclusivo-La-increible-salida-de-Mirtha-Legrand-viviendo-la-noche-portena-a-sus-98-anos-359x226-9.jpg","contentUrl":"https:\/\/fmgente.com.ar\/web\/wp-content\/uploads\/2025\/11\/\u00a1Exclusivo-La-increible-salida-de-Mirtha-Legrand-viviendo-la-noche-portena-a-sus-98-anos-359x226-9.jpg","width":359,"height":226},{"@type":"WebSite","@id":"https:\/\/fmgente.com.ar\/web\/#website","url":"https:\/\/fmgente.com.ar\/web\/","name":"Fm Gente","description":"- Jes\u00fas Mar\u00eda","publisher":{"@id":"https:\/\/fmgente.com.ar\/web\/#organization"},"potentialAction":[{"@type":"SearchAction","target":{"@type":"EntryPoint","urlTemplate":"https:\/\/fmgente.com.ar\/web\/?s={search_term_string}"},"query-input":{"@type":"PropertyValueSpecification","valueRequired":true,"valueName":"search_term_string"}}],"inLanguage":"es"},{"@type":"Organization","@id":"https:\/\/fmgente.com.ar\/web\/#organization","name":"Fm Gente","url":"https:\/\/fmgente.com.ar\/web\/","logo":{"@type":"ImageObject","inLanguage":"es","@id":"https:\/\/fmgente.com.ar\/web\/#\/schema\/logo\/image\/","url":"https:\/\/fmgente.com.ar\/web\/wp-content\/uploads\/2023\/07\/cropped-cropped-logo-sombra2.png","contentUrl":"https:\/\/fmgente.com.ar\/web\/wp-content\/uploads\/2023\/07\/cropped-cropped-logo-sombra2.png","width":1782,"height":1782,"caption":"Fm Gente"},"image":{"@id":"https:\/\/fmgente.com.ar\/web\/#\/schema\/logo\/image\/"}}]}},"_links":{"self":[{"href":"https:\/\/fmgente.com.ar\/web\/wp-json\/wp\/v2\/posts\/10392","targetHints":{"allow":["GET"]}}],"collection":[{"href":"https:\/\/fmgente.com.ar\/web\/wp-json\/wp\/v2\/posts"}],"about":[{"href":"https:\/\/fmgente.com.ar\/web\/wp-json\/wp\/v2\/types\/post"}],"replies":[{"embeddable":true,"href":"https:\/\/fmgente.com.ar\/web\/wp-json\/wp\/v2\/comments?post=10392"}],"version-history":[{"count":0,"href":"https:\/\/fmgente.com.ar\/web\/wp-json\/wp\/v2\/posts\/10392\/revisions"}],"wp:featuredmedia":[{"embeddable":true,"href":"https:\/\/fmgente.com.ar\/web\/wp-json\/wp\/v2\/media\/10393"}],"wp:attachment":[{"href":"https:\/\/fmgente.com.ar\/web\/wp-json\/wp\/v2\/media?parent=10392"}],"wp:term":[{"taxonomy":"category","embeddable":true,"href":"https:\/\/fmgente.com.ar\/web\/wp-json\/wp\/v2\/categories?post=10392"},{"taxonomy":"post_tag","embeddable":true,"href":"https:\/\/fmgente.com.ar\/web\/wp-json\/wp\/v2\/tags?post=10392"}],"curies":[{"name":"wp","href":"https:\/\/api.w.org\/{rel}","templated":true}]}}