{"id":10386,"date":"2025-11-22T11:05:08","date_gmt":"2025-11-22T14:05:08","guid":{"rendered":"https:\/\/fmgente.com.ar\/plan-aburridisimo-o-idea-genial-jimena-baron-pasara-todo-el-verano-en-una-pequena-localidad-bonaerense-reposera-y-bordado\/"},"modified":"2025-11-22T11:05:08","modified_gmt":"2025-11-22T14:05:08","slug":"plan-aburridisimo-o-idea-genial-jimena-baron-pasara-todo-el-verano-en-una-pequena-localidad-bonaerense-reposera-y-bordado","status":"publish","type":"post","link":"https:\/\/fmgente.com.ar\/web\/plan-aburridisimo-o-idea-genial-jimena-baron-pasara-todo-el-verano-en-una-pequena-localidad-bonaerense-reposera-y-bordado\/","title":{"rendered":"\u00bfPlan aburrid\u00edsimo o idea genial? Jimena Bar\u00f3n pasar\u00e1 todo el verano en una peque\u00f1a localidad bonaerense: &quot;Reposera y bordado&quot;"},"content":{"rendered":"<p>Tras regresar de un divertido e inolvidable viaje a Estados Unidos donde recorrieron los parques en familia como regalo de cumplea\u00f1os sorpresa que le hizo su pareja <strong>Mat\u00edas Palleiro,<\/strong> la actriz y cantante Jimena Bar\u00f3n ya est\u00e1 organizando el que ser\u00e1 su pr\u00f3ximo destino tur\u00edstico.<\/p>\n<p>Siendo que termina el a\u00f1o y llegan las vacaciones de verano <strong>Jimena Bar\u00f3n <\/strong>comparti\u00f3 en sus redes sociales cu\u00e1l es el plan que tiene: pasar toda la temporada, una vez m\u00e1s, en Quequ\u00e9n. S\u00ed, tal como lo vino haciendo el \u00faltimo tiempo ya que su novio tiene su gente en aquel lugar.<\/p>\n<p>Y fue desde all\u00e1 que <a href=\"https:\/\/www.paparazzi.com.ar\/romances\/el-pase-de-factura-de-jimena-baron-a-su-pareja-por-la-paternidad-le-pedi-por-favor-y-salio-a-correr\/\">la int\u00e9rprete de <em>La Tonta <\/em><\/a>supo contar el d\u00eda a d\u00eda de la estad\u00eda entre las actividades de los hombres y la manera de encontrar ella sus pasatiempos. Por eso, precavida a lo que pueda venir, y m\u00e1s con un beb\u00e9 reci\u00e9n llegado a la familia, la artista cont\u00f3 c\u00f3mo se prepara.<\/p>\n<div class=\"mt-box \">\n<h4 class=\"mt-heading\">Mir\u00e1 Tambi\u00e9n<\/h4>\n<p><a href=\"https:\/\/www.paparazzi.com.ar\/romances\/moria-casan-recordo-su-amor-con-mario-castiglione-y-se-quebro-como-nunca-fue-muy-fuerte\/\"><\/p>\n<div class=\"mt-content\">\n<div class=\"mt-image-container\"><img decoding=\"async\" src=\"https:\/\/www.paparazzi.com.ar\/wp-content\/uploads\/2025\/11\/Moria-Casan-llorando-359x226.jpg\" alt=\"Moria Cas\u00e1n record\u00f3 su amor con Mario Castiglione y se quebr\u00f3 como nunca: \u201cFue muy fuerte\u201d\" class=\"mt-image\" loading=\"lazy\" \/><\/div>\n<h5 class=\"mt-title\">Moria Cas\u00e1n record\u00f3 su amor con Mario Castiglione y se quebr\u00f3 como nunca: \u201cFue muy fuerte\u201d<\/h5>\n<\/div>\n<p><\/a><\/div>\n<p><em>\u201c\u00bfSe acuerdan que hablamos de las actividades de se\u00f1oras grandes? \u00bfDe abuelas? Bueno, no quiero faltar el respeto, est\u00e1 por llegar mi maestra de bordado\u201d,<\/em> comenz\u00f3 <a href=\"https:\/\/www.paparazzi.com.ar\/teve\/jimena-baron-revelo-el-motivo-por-el-cual-no-muestra-la-carita-de-su-hijo-arturo-intentamos-pero\/\">Bar\u00f3n<\/a> desde el living de su casa y tras regresar de una clase de yoga. Ah\u00ed mismo, sigui\u00f3: <em>\u201cNada de esto es chiste<\/em>\u201d.<\/p>\n<h2 class=\"wp-block-heading\">PARA JIMENA BARON, MUJER PREVENIDA VALE POR DOS<\/h2>\n<p><em>\u201cNosotros nos vamos a Quequ\u00e9n con mi marido. Este es el cuarto o quinto verano. Ya perd\u00ed la cuenta. En principio eran 15 d\u00edas, 20, un mes, mes y medio\u2026 . El a\u00f1o pasado que fueron dos meses. Dos meses al a\u00f1o los paso en Quequ\u00e9n porque mis suegros viven ah\u00ed\u201d, <\/em>continu\u00f3 <a href=\"https:\/\/www.paparazzi.com.ar\/teve\/jimena-baron-mostro-el-problema-de-salud-que-la-tiene-preocupadisima-me-estoy-volviendo-loca\/\">J\u00b4mena.<\/a><\/p>\n<p>A lo que Bar\u00f3n remat\u00f3: \u201c\u00c9l ama, Momo ama. As\u00ed que ganaron. Ganaron ellos pero bueno, yo me quedo dos meses sola, debajo de una sombrilla insolada. Entonces, me busco estas cosas super, super, divertidas para hacer sola\u201d. Finalmente, la actriz mostr\u00f3 una de las t\u00e9cnicas aprendidas y cerr\u00f3: <em>\u201cEllos jugar\u00e1n torneos y yo bordar\u00e9 con Arturo al lado\u201d.<\/em><\/p>\n<figure class=\"wp-block-image size-large\"><img decoding=\"async\" src=\"https:\/\/www.paparazzi.com.ar\/wp-content\/uploads\/2025\/11\/jimena-baron-bordando-585x1024.jpeg.webp\" loading=\"lazy\" alt=\"\" class=\"wp-image-453692\" \/><\/figure>\n<div class=\"mt-box \">\n<h4 class=\"mt-heading\">Mir\u00e1 Tambi\u00e9n<\/h4>\n<p><a href=\"https:\/\/www.paparazzi.com.ar\/teve\/tension-maxima-pampita-revelo-como-sufren-sus-hijos-el-escandalo-que-enfrenta-a-benjamin-vicuna-con-la-china-suarez\/\"><\/p>\n<div class=\"mt-content\">\n<div class=\"mt-image-container\"><img decoding=\"async\" src=\"https:\/\/www.paparazzi.com.ar\/wp-content\/uploads\/2025\/11\/pampita-vicuna-china-suarez-359x226.jpg\" alt=\"\u00a1Tensi\u00f3n m\u00e1xima! Pampita revel\u00f3 c\u00f3mo sufren sus hijos el esc\u00e1ndalo que enfrenta a Benjam\u00edn Vicu\u00f1a con la China Su\u00e1rez\" class=\"mt-image\" loading=\"lazy\" \/><\/div>\n<h5 class=\"mt-title\">\u00a1Tensi\u00f3n m\u00e1xima! Pampita revel\u00f3 c\u00f3mo sufren sus hijos el esc\u00e1ndalo que enfrenta a Benjam\u00edn Vicu\u00f1a con la China Su\u00e1rez<\/h5>\n<\/div>\n<p><\/a><\/div>\n<div class=\"mt-box \">\n<h4 class=\"mt-heading\">Mir\u00e1 Tambi\u00e9n<\/h4>\n<p><a href=\"https:\/\/www.paparazzi.com.ar\/teve\/luis-ventura-revelo-la-polemica-negociacion-que-mantuvo-con-mauro-icardi-queria-organizar-un\/\"><\/p>\n<div class=\"mt-content\">\n<div class=\"mt-image-container\"><img decoding=\"async\" src=\"https:\/\/www.paparazzi.com.ar\/wp-content\/uploads\/2025\/11\/luis-ventura-martin-fierro-359x226.jpg\" alt=\"Luis Ventura revel\u00f3 la pol\u00e9mica negociaci\u00f3n que mantuvo con Mauro Icardi: &quot;Quer\u00eda organizar un...&quot;\" class=\"mt-image\" loading=\"lazy\" \/><\/div>\n<h5 class=\"mt-title\">Luis Ventura revel\u00f3 la pol\u00e9mica negociaci\u00f3n que mantuvo con Mauro Icardi: \u00abQuer\u00eda organizar un&#8230;\u00bb<\/h5>\n<\/div>\n<p><\/a><\/div>\n<p>The post <a href=\"https:\/\/www.paparazzi.com.ar\/teve\/plan-aburridisimo-o-idea-genial-jimena-baron-pasara-todo-el-verano-en-una-pequena-localidad-bonaerense-reposera-y-bordado\/\">\u00bfPlan aburrid\u00edsimo o idea genial? Jimena Bar\u00f3n pasar\u00e1 todo el verano en una peque\u00f1a localidad bonaerense: &quot;Reposera y bordado&quot;<\/a> appeared first on <a href=\"https:\/\/www.paparazzi.com.ar\">Revista Paparazzi<\/a>.<\/p>\n","protected":false},"excerpt":{"rendered":"<p>Tras regresar de un divertido e inolvidable viaje a Estados Unidos donde recorrieron los parques<\/p>\n","protected":false},"author":0,"featured_media":10387,"comment_status":"","ping_status":"","sticky":false,"template":"","format":"standard","meta":{"footnotes":""},"categories":[11],"tags":[],"class_list":["post-10386","post","type-post","status-publish","format-standard","has-post-thumbnail","hentry","category-destacadas"],"yoast_head":"<!-- This site is optimized with the Yoast SEO plugin v27.4 - https:\/\/yoast.com\/product\/yoast-seo-wordpress\/ -->\n<title>\u00bfPlan aburrid\u00edsimo o idea genial? Jimena Bar\u00f3n pasar\u00e1 todo el verano en una peque\u00f1a localidad bonaerense: &quot;Reposera y bordado&quot; - Fm Gente<\/title>\n<meta name=\"robots\" content=\"index, follow, max-snippet:-1, max-image-preview:large, max-video-preview:-1\" \/>\n<link rel=\"canonical\" href=\"https:\/\/fmgente.com.ar\/web\/plan-aburridisimo-o-idea-genial-jimena-baron-pasara-todo-el-verano-en-una-pequena-localidad-bonaerense-reposera-y-bordado\/\" \/>\n<meta property=\"og:locale\" content=\"es_ES\" \/>\n<meta property=\"og:type\" content=\"article\" \/>\n<meta property=\"og:title\" content=\"\u00bfPlan aburrid\u00edsimo o idea genial? Jimena Bar\u00f3n pasar\u00e1 todo el verano en una peque\u00f1a localidad bonaerense: &quot;Reposera y bordado&quot; - Fm Gente\" \/>\n<meta property=\"og:description\" content=\"Tras regresar de un divertido e inolvidable viaje a Estados Unidos donde recorrieron los parques\" \/>\n<meta property=\"og:url\" content=\"https:\/\/fmgente.com.ar\/web\/plan-aburridisimo-o-idea-genial-jimena-baron-pasara-todo-el-verano-en-una-pequena-localidad-bonaerense-reposera-y-bordado\/\" \/>\n<meta property=\"og:site_name\" content=\"Fm Gente\" \/>\n<meta property=\"article:published_time\" content=\"2025-11-22T14:05:08+00:00\" \/>\n<meta property=\"og:image\" content=\"https:\/\/fmgente.com.ar\/web\/wp-content\/uploads\/2025\/11\/Moria-Casan-llorando-359x226-1.jpg\" \/>\n\t<meta property=\"og:image:width\" content=\"359\" \/>\n\t<meta property=\"og:image:height\" content=\"226\" \/>\n\t<meta property=\"og:image:type\" content=\"image\/jpeg\" \/>\n<meta name=\"twitter:card\" content=\"summary_large_image\" \/>\n<meta name=\"twitter:label1\" content=\"Tiempo de lectura\" \/>\n\t<meta name=\"twitter:data1\" content=\"2 minutos\" \/>\n<script type=\"application\/ld+json\" class=\"yoast-schema-graph\">{\"@context\":\"https:\\\/\\\/schema.org\",\"@graph\":[{\"@type\":\"Article\",\"@id\":\"https:\\\/\\\/fmgente.com.ar\\\/web\\\/plan-aburridisimo-o-idea-genial-jimena-baron-pasara-todo-el-verano-en-una-pequena-localidad-bonaerense-reposera-y-bordado\\\/#article\",\"isPartOf\":{\"@id\":\"https:\\\/\\\/fmgente.com.ar\\\/web\\\/plan-aburridisimo-o-idea-genial-jimena-baron-pasara-todo-el-verano-en-una-pequena-localidad-bonaerense-reposera-y-bordado\\\/\"},\"author\":{\"name\":\"\",\"@id\":\"\"},\"headline\":\"\u00bfPlan aburrid\u00edsimo o idea genial? Jimena Bar\u00f3n pasar\u00e1 todo el verano en una peque\u00f1a localidad bonaerense: &quot;Reposera y bordado&quot;\",\"datePublished\":\"2025-11-22T14:05:08+00:00\",\"mainEntityOfPage\":{\"@id\":\"https:\\\/\\\/fmgente.com.ar\\\/web\\\/plan-aburridisimo-o-idea-genial-jimena-baron-pasara-todo-el-verano-en-una-pequena-localidad-bonaerense-reposera-y-bordado\\\/\"},\"wordCount\":472,\"publisher\":{\"@id\":\"https:\\\/\\\/fmgente.com.ar\\\/web\\\/#organization\"},\"image\":{\"@id\":\"https:\\\/\\\/fmgente.com.ar\\\/web\\\/plan-aburridisimo-o-idea-genial-jimena-baron-pasara-todo-el-verano-en-una-pequena-localidad-bonaerense-reposera-y-bordado\\\/#primaryimage\"},\"thumbnailUrl\":\"https:\\\/\\\/fmgente.com.ar\\\/web\\\/wp-content\\\/uploads\\\/2025\\\/11\\\/Moria-Casan-llorando-359x226-1.jpg\",\"articleSection\":[\"DESTACADAS\"],\"inLanguage\":\"es\"},{\"@type\":\"WebPage\",\"@id\":\"https:\\\/\\\/fmgente.com.ar\\\/web\\\/plan-aburridisimo-o-idea-genial-jimena-baron-pasara-todo-el-verano-en-una-pequena-localidad-bonaerense-reposera-y-bordado\\\/\",\"url\":\"https:\\\/\\\/fmgente.com.ar\\\/web\\\/plan-aburridisimo-o-idea-genial-jimena-baron-pasara-todo-el-verano-en-una-pequena-localidad-bonaerense-reposera-y-bordado\\\/\",\"name\":\"\u00bfPlan aburrid\u00edsimo o idea genial? Jimena Bar\u00f3n pasar\u00e1 todo el verano en una peque\u00f1a localidad bonaerense: &quot;Reposera y bordado&quot; - Fm Gente\",\"isPartOf\":{\"@id\":\"https:\\\/\\\/fmgente.com.ar\\\/web\\\/#website\"},\"primaryImageOfPage\":{\"@id\":\"https:\\\/\\\/fmgente.com.ar\\\/web\\\/plan-aburridisimo-o-idea-genial-jimena-baron-pasara-todo-el-verano-en-una-pequena-localidad-bonaerense-reposera-y-bordado\\\/#primaryimage\"},\"image\":{\"@id\":\"https:\\\/\\\/fmgente.com.ar\\\/web\\\/plan-aburridisimo-o-idea-genial-jimena-baron-pasara-todo-el-verano-en-una-pequena-localidad-bonaerense-reposera-y-bordado\\\/#primaryimage\"},\"thumbnailUrl\":\"https:\\\/\\\/fmgente.com.ar\\\/web\\\/wp-content\\\/uploads\\\/2025\\\/11\\\/Moria-Casan-llorando-359x226-1.jpg\",\"datePublished\":\"2025-11-22T14:05:08+00:00\",\"inLanguage\":\"es\",\"potentialAction\":[{\"@type\":\"ReadAction\",\"target\":[\"https:\\\/\\\/fmgente.com.ar\\\/web\\\/plan-aburridisimo-o-idea-genial-jimena-baron-pasara-todo-el-verano-en-una-pequena-localidad-bonaerense-reposera-y-bordado\\\/\"]}]},{\"@type\":\"ImageObject\",\"inLanguage\":\"es\",\"@id\":\"https:\\\/\\\/fmgente.com.ar\\\/web\\\/plan-aburridisimo-o-idea-genial-jimena-baron-pasara-todo-el-verano-en-una-pequena-localidad-bonaerense-reposera-y-bordado\\\/#primaryimage\",\"url\":\"https:\\\/\\\/fmgente.com.ar\\\/web\\\/wp-content\\\/uploads\\\/2025\\\/11\\\/Moria-Casan-llorando-359x226-1.jpg\",\"contentUrl\":\"https:\\\/\\\/fmgente.com.ar\\\/web\\\/wp-content\\\/uploads\\\/2025\\\/11\\\/Moria-Casan-llorando-359x226-1.jpg\",\"width\":359,\"height\":226},{\"@type\":\"WebSite\",\"@id\":\"https:\\\/\\\/fmgente.com.ar\\\/web\\\/#website\",\"url\":\"https:\\\/\\\/fmgente.com.ar\\\/web\\\/\",\"name\":\"Fm Gente\",\"description\":\"- Jes\u00fas Mar\u00eda\",\"publisher\":{\"@id\":\"https:\\\/\\\/fmgente.com.ar\\\/web\\\/#organization\"},\"potentialAction\":[{\"@type\":\"SearchAction\",\"target\":{\"@type\":\"EntryPoint\",\"urlTemplate\":\"https:\\\/\\\/fmgente.com.ar\\\/web\\\/?s={search_term_string}\"},\"query-input\":{\"@type\":\"PropertyValueSpecification\",\"valueRequired\":true,\"valueName\":\"search_term_string\"}}],\"inLanguage\":\"es\"},{\"@type\":\"Organization\",\"@id\":\"https:\\\/\\\/fmgente.com.ar\\\/web\\\/#organization\",\"name\":\"Fm Gente\",\"url\":\"https:\\\/\\\/fmgente.com.ar\\\/web\\\/\",\"logo\":{\"@type\":\"ImageObject\",\"inLanguage\":\"es\",\"@id\":\"https:\\\/\\\/fmgente.com.ar\\\/web\\\/#\\\/schema\\\/logo\\\/image\\\/\",\"url\":\"https:\\\/\\\/fmgente.com.ar\\\/web\\\/wp-content\\\/uploads\\\/2023\\\/07\\\/cropped-cropped-logo-sombra2.png\",\"contentUrl\":\"https:\\\/\\\/fmgente.com.ar\\\/web\\\/wp-content\\\/uploads\\\/2023\\\/07\\\/cropped-cropped-logo-sombra2.png\",\"width\":1782,\"height\":1782,\"caption\":\"Fm Gente\"},\"image\":{\"@id\":\"https:\\\/\\\/fmgente.com.ar\\\/web\\\/#\\\/schema\\\/logo\\\/image\\\/\"}}]}<\/script>\n<!-- \/ Yoast SEO plugin. -->","yoast_head_json":{"title":"\u00bfPlan aburrid\u00edsimo o idea genial? Jimena Bar\u00f3n pasar\u00e1 todo el verano en una peque\u00f1a localidad bonaerense: &quot;Reposera y bordado&quot; - Fm Gente","robots":{"index":"index","follow":"follow","max-snippet":"max-snippet:-1","max-image-preview":"max-image-preview:large","max-video-preview":"max-video-preview:-1"},"canonical":"https:\/\/fmgente.com.ar\/web\/plan-aburridisimo-o-idea-genial-jimena-baron-pasara-todo-el-verano-en-una-pequena-localidad-bonaerense-reposera-y-bordado\/","og_locale":"es_ES","og_type":"article","og_title":"\u00bfPlan aburrid\u00edsimo o idea genial? Jimena Bar\u00f3n pasar\u00e1 todo el verano en una peque\u00f1a localidad bonaerense: &quot;Reposera y bordado&quot; - Fm Gente","og_description":"Tras regresar de un divertido e inolvidable viaje a Estados Unidos donde recorrieron los parques","og_url":"https:\/\/fmgente.com.ar\/web\/plan-aburridisimo-o-idea-genial-jimena-baron-pasara-todo-el-verano-en-una-pequena-localidad-bonaerense-reposera-y-bordado\/","og_site_name":"Fm Gente","article_published_time":"2025-11-22T14:05:08+00:00","og_image":[{"width":359,"height":226,"url":"https:\/\/fmgente.com.ar\/web\/wp-content\/uploads\/2025\/11\/Moria-Casan-llorando-359x226-1.jpg","type":"image\/jpeg"}],"twitter_card":"summary_large_image","twitter_misc":{"Tiempo de lectura":"2 minutos"},"schema":{"@context":"https:\/\/schema.org","@graph":[{"@type":"Article","@id":"https:\/\/fmgente.com.ar\/web\/plan-aburridisimo-o-idea-genial-jimena-baron-pasara-todo-el-verano-en-una-pequena-localidad-bonaerense-reposera-y-bordado\/#article","isPartOf":{"@id":"https:\/\/fmgente.com.ar\/web\/plan-aburridisimo-o-idea-genial-jimena-baron-pasara-todo-el-verano-en-una-pequena-localidad-bonaerense-reposera-y-bordado\/"},"author":{"name":"","@id":""},"headline":"\u00bfPlan aburrid\u00edsimo o idea genial? Jimena Bar\u00f3n pasar\u00e1 todo el verano en una peque\u00f1a localidad bonaerense: &quot;Reposera y bordado&quot;","datePublished":"2025-11-22T14:05:08+00:00","mainEntityOfPage":{"@id":"https:\/\/fmgente.com.ar\/web\/plan-aburridisimo-o-idea-genial-jimena-baron-pasara-todo-el-verano-en-una-pequena-localidad-bonaerense-reposera-y-bordado\/"},"wordCount":472,"publisher":{"@id":"https:\/\/fmgente.com.ar\/web\/#organization"},"image":{"@id":"https:\/\/fmgente.com.ar\/web\/plan-aburridisimo-o-idea-genial-jimena-baron-pasara-todo-el-verano-en-una-pequena-localidad-bonaerense-reposera-y-bordado\/#primaryimage"},"thumbnailUrl":"https:\/\/fmgente.com.ar\/web\/wp-content\/uploads\/2025\/11\/Moria-Casan-llorando-359x226-1.jpg","articleSection":["DESTACADAS"],"inLanguage":"es"},{"@type":"WebPage","@id":"https:\/\/fmgente.com.ar\/web\/plan-aburridisimo-o-idea-genial-jimena-baron-pasara-todo-el-verano-en-una-pequena-localidad-bonaerense-reposera-y-bordado\/","url":"https:\/\/fmgente.com.ar\/web\/plan-aburridisimo-o-idea-genial-jimena-baron-pasara-todo-el-verano-en-una-pequena-localidad-bonaerense-reposera-y-bordado\/","name":"\u00bfPlan aburrid\u00edsimo o idea genial? Jimena Bar\u00f3n pasar\u00e1 todo el verano en una peque\u00f1a localidad bonaerense: &quot;Reposera y bordado&quot; - Fm Gente","isPartOf":{"@id":"https:\/\/fmgente.com.ar\/web\/#website"},"primaryImageOfPage":{"@id":"https:\/\/fmgente.com.ar\/web\/plan-aburridisimo-o-idea-genial-jimena-baron-pasara-todo-el-verano-en-una-pequena-localidad-bonaerense-reposera-y-bordado\/#primaryimage"},"image":{"@id":"https:\/\/fmgente.com.ar\/web\/plan-aburridisimo-o-idea-genial-jimena-baron-pasara-todo-el-verano-en-una-pequena-localidad-bonaerense-reposera-y-bordado\/#primaryimage"},"thumbnailUrl":"https:\/\/fmgente.com.ar\/web\/wp-content\/uploads\/2025\/11\/Moria-Casan-llorando-359x226-1.jpg","datePublished":"2025-11-22T14:05:08+00:00","inLanguage":"es","potentialAction":[{"@type":"ReadAction","target":["https:\/\/fmgente.com.ar\/web\/plan-aburridisimo-o-idea-genial-jimena-baron-pasara-todo-el-verano-en-una-pequena-localidad-bonaerense-reposera-y-bordado\/"]}]},{"@type":"ImageObject","inLanguage":"es","@id":"https:\/\/fmgente.com.ar\/web\/plan-aburridisimo-o-idea-genial-jimena-baron-pasara-todo-el-verano-en-una-pequena-localidad-bonaerense-reposera-y-bordado\/#primaryimage","url":"https:\/\/fmgente.com.ar\/web\/wp-content\/uploads\/2025\/11\/Moria-Casan-llorando-359x226-1.jpg","contentUrl":"https:\/\/fmgente.com.ar\/web\/wp-content\/uploads\/2025\/11\/Moria-Casan-llorando-359x226-1.jpg","width":359,"height":226},{"@type":"WebSite","@id":"https:\/\/fmgente.com.ar\/web\/#website","url":"https:\/\/fmgente.com.ar\/web\/","name":"Fm Gente","description":"- Jes\u00fas Mar\u00eda","publisher":{"@id":"https:\/\/fmgente.com.ar\/web\/#organization"},"potentialAction":[{"@type":"SearchAction","target":{"@type":"EntryPoint","urlTemplate":"https:\/\/fmgente.com.ar\/web\/?s={search_term_string}"},"query-input":{"@type":"PropertyValueSpecification","valueRequired":true,"valueName":"search_term_string"}}],"inLanguage":"es"},{"@type":"Organization","@id":"https:\/\/fmgente.com.ar\/web\/#organization","name":"Fm Gente","url":"https:\/\/fmgente.com.ar\/web\/","logo":{"@type":"ImageObject","inLanguage":"es","@id":"https:\/\/fmgente.com.ar\/web\/#\/schema\/logo\/image\/","url":"https:\/\/fmgente.com.ar\/web\/wp-content\/uploads\/2023\/07\/cropped-cropped-logo-sombra2.png","contentUrl":"https:\/\/fmgente.com.ar\/web\/wp-content\/uploads\/2023\/07\/cropped-cropped-logo-sombra2.png","width":1782,"height":1782,"caption":"Fm Gente"},"image":{"@id":"https:\/\/fmgente.com.ar\/web\/#\/schema\/logo\/image\/"}}]}},"_links":{"self":[{"href":"https:\/\/fmgente.com.ar\/web\/wp-json\/wp\/v2\/posts\/10386","targetHints":{"allow":["GET"]}}],"collection":[{"href":"https:\/\/fmgente.com.ar\/web\/wp-json\/wp\/v2\/posts"}],"about":[{"href":"https:\/\/fmgente.com.ar\/web\/wp-json\/wp\/v2\/types\/post"}],"replies":[{"embeddable":true,"href":"https:\/\/fmgente.com.ar\/web\/wp-json\/wp\/v2\/comments?post=10386"}],"version-history":[{"count":0,"href":"https:\/\/fmgente.com.ar\/web\/wp-json\/wp\/v2\/posts\/10386\/revisions"}],"wp:featuredmedia":[{"embeddable":true,"href":"https:\/\/fmgente.com.ar\/web\/wp-json\/wp\/v2\/media\/10387"}],"wp:attachment":[{"href":"https:\/\/fmgente.com.ar\/web\/wp-json\/wp\/v2\/media?parent=10386"}],"wp:term":[{"taxonomy":"category","embeddable":true,"href":"https:\/\/fmgente.com.ar\/web\/wp-json\/wp\/v2\/categories?post=10386"},{"taxonomy":"post_tag","embeddable":true,"href":"https:\/\/fmgente.com.ar\/web\/wp-json\/wp\/v2\/tags?post=10386"}],"curies":[{"name":"wp","href":"https:\/\/api.w.org\/{rel}","templated":true}]}}