{"id":10384,"date":"2025-11-22T11:05:07","date_gmt":"2025-11-22T14:05:07","guid":{"rendered":"https:\/\/fmgente.com.ar\/el-fuerte-mensaje-de-francisco-tinelli-en-el-escandalo-que-viven-su-hermana-juana-y-su-papa-marcelo\/"},"modified":"2025-11-22T11:05:07","modified_gmt":"2025-11-22T14:05:07","slug":"el-fuerte-mensaje-de-francisco-tinelli-en-el-escandalo-que-viven-su-hermana-juana-y-su-papa-marcelo","status":"publish","type":"post","link":"https:\/\/fmgente.com.ar\/web\/el-fuerte-mensaje-de-francisco-tinelli-en-el-escandalo-que-viven-su-hermana-juana-y-su-papa-marcelo\/","title":{"rendered":"El fuerte mensaje de Francisco Tinelli en el esc\u00e1ndalo que viven su hermana Juana y su pap\u00e1 Marcelo"},"content":{"rendered":"<p>La familia <strong>Tinelli<\/strong> viene de atravesar uno de los a\u00f1os m\u00e1s duros en cuanto a exposici\u00f3n. Y si bien hist\u00f3ricamente, a partir de la popularidad de <strong><a href=\"https:\/\/www.paparazzi.com.ar\/teve\/angel-de-brito-confirmo-que-va-a-hacer-marcelo-tinelli-tras-el-escandalo-familiar-el-quiere\/\">Marcelo<\/a><\/strong>, enfrentaron siempre diferentes cuestiones medi\u00e1ticas, nunca de tanta magnitud como esta.<\/p>\n<p>Y en el marco de una semana especial, por el cumplea\u00f1os 23 de Juana, esta fecha signific\u00f3 mucho. Primero porque el Cabez\u00f3n se deshizo de palabras emotivas hacia su hija, y ella tambi\u00e9n le respondi\u00f3 con mucho amor.<\/p>\n<p>Pero el que ahora apareci\u00f3 y llam\u00f3 mucho la atenci\u00f3n tambi\u00e9n con su mensajes fue <strong><a href=\"https:\/\/www.paparazzi.com.ar\/teve\/francisco-tinelli-rompio-el-silencio-en-pleno-escandalo-familiar-y-dio-un-anuncio-que-cambia-su-vida\/\">Francisco Tinelli<\/a><\/strong>. El hermano mayor de <strong>Juana<\/strong>, que a partir del esc\u00e1ndalo que arm\u00f3 la modelo enfrent\u00f3 fuertes rumores de pelea con su pap\u00e1, eligi\u00f3 saludarla.<\/p>\n<div class=\"mt-box \">\n<h4 class=\"mt-heading\">Mir\u00e1 Tambi\u00e9n<\/h4>\n<p><a href=\"https:\/\/www.paparazzi.com.ar\/teve\/exclusivo-la-increible-salida-de-mirtha-legrand-viviendo-la-noche-portena-a-sus-98-anos\/\"><\/p>\n<div class=\"mt-content\">\n<div class=\"mt-image-container\"><img decoding=\"async\" src=\"https:\/\/www.paparazzi.com.ar\/wp-content\/uploads\/2025\/11\/\u00a1Exclusivo-La-increible-salida-de-Mirtha-Legrand-viviendo-la-noche-portena-a-sus-98-anos-359x226.jpg\" alt=\"\u00a1Exclusivo! La incre\u00edble salida de Mirtha Legrand viviendo la noche porte\u00f1a a sus 98 a\u00f1os\" class=\"mt-image\" loading=\"lazy\" \/><\/div>\n<h5 class=\"mt-title\">\u00a1Exclusivo! La incre\u00edble salida de Mirtha Legrand viviendo la noche porte\u00f1a a sus 98 a\u00f1os<\/h5>\n<\/div>\n<p><\/a><\/div>\n<p>Utilizando una foto de su hermana, en donde solo se ve una parte de su torso y el hombro, <a href=\"https:\/\/www.paparazzi.com.ar\/teve\/la-dura-medida-que-tomo-marcelo-tinelli-para-proteger-a-sus-hijas-tras-las-amenazas-de-muerte\/\">Fran<\/a> le regal\u00f3 un tierno mensaje y cargado de mucho amor: \u201c<em>Feliz cumple a mi compa\u00f1era de caminata. Mi hermana, mi mejor amiga<\/em>\u201d.\u00a0<\/p>\n<h2 class=\"wp-block-heading\">EL GESTO DE FRANCISCO TINELLI CON SU HERMANA JUANA<\/h2>\n<p>\u201c<em>La persona que cuando la miro la existencia tiene total sentido. Valiente, talentosa, aut\u00e9ntica, hermosa. Gracias por hacerme sentir as\u00ed. Te amo por siempre<\/em>\u201d, sentenci\u00f3 el otro hijo de <strong>Paula Robles<\/strong>, teniendo un gesto muy significativo con Juana.<\/p>\n<div class=\"mt-box \">\n<h4 class=\"mt-heading\">Mir\u00e1 Tambi\u00e9n<\/h4>\n<p><a href=\"https:\/\/www.paparazzi.com.ar\/teve\/juana-tinelli-se-puso-mas-firme-que-nunca-y-ubico-la-relacion-con-su-papa-en-la-mira-nunca-va-a-existir\/\"><\/p>\n<div class=\"mt-content\">\n<div class=\"mt-image-container\"><img decoding=\"async\" src=\"https:\/\/www.paparazzi.com.ar\/wp-content\/uploads\/2025\/11\/Juana-Tinelli-se-puso-mas-firme-que-nunca-y-ubico-la-relacion-con-su-papa-en-la-mira-22Nunca-va-a-existir.22-359x226.jpg\" alt=\"Juana Tinelli se puso m\u00e1s firme que nunca y ubic\u00f3 la relaci\u00f3n con su pap\u00e1 en la mira: &quot;Nunca va a existir...&quot;\" class=\"mt-image\" loading=\"lazy\" \/><\/div>\n<h5 class=\"mt-title\">Juana Tinelli se puso m\u00e1s firme que nunca y ubic\u00f3 la relaci\u00f3n con su pap\u00e1 en la mira: \u00abNunca va a existir&#8230;\u00bb<\/h5>\n<\/div>\n<p><\/a><\/div>\n<p>A diferencia de sus hermanas mayores, <strong>Mica<\/strong> y <strong>Cande Tinelli<\/strong>, quienes parecen estar enojadas con la menor por toda la repercusi\u00f3n que arm\u00f3, Fran sali\u00f3 a respaldarla y la salud\u00f3. Entendiendo que para la familia es un momento complicado, era necesario su gesto.<\/p>\n<p>Por su parte, muchos canales y medios hicieron referencia a lo que est\u00e1 pasando con Marcelo. El hist\u00f3rico conductor no vive su mejor momento y de hecho, en estos \u00faltimos d\u00edas, se lleg\u00f3 a hablar que est\u00e1 encerrado en su casa.<\/p>\n<div class=\"mt-box \">\n<h4 class=\"mt-heading\">Mir\u00e1 Tambi\u00e9n<\/h4>\n<p><a href=\"https:\/\/www.paparazzi.com.ar\/teve\/lo-que-faltaba-roberto-moritan-aparecio-en-el-escandalo-de-benjamin-vicuna-y-la-china-suarez-el-es-un\/\"><\/p>\n<div class=\"mt-content\">\n<div class=\"mt-image-container\"><img decoding=\"async\" src=\"https:\/\/www.paparazzi.com.ar\/wp-content\/uploads\/2025\/11\/\u00a1Lo-que-faltaba-Roberto-Moritan-aparecio-en-el-escandalo-de-Benjamin-Vicuna-y-la-China-Suarez-22El-es-un.22-359x226.jpg\" alt=\"\u00a1Lo que faltaba! Roberto Morit\u00e1n apareci\u00f3 en el esc\u00e1ndalo de Benjam\u00edn Vicu\u00f1a y la China Su\u00e1rez: &quot;\u00c9l es un...&quot;\" class=\"mt-image\" loading=\"lazy\" \/><\/div>\n<h5 class=\"mt-title\">\u00a1Lo que faltaba! Roberto Morit\u00e1n apareci\u00f3 en el esc\u00e1ndalo de Benjam\u00edn Vicu\u00f1a y la China Su\u00e1rez: \u00ab\u00c9l es un&#8230;\u00bb<\/h5>\n<\/div>\n<p><\/a><\/div>\n<div class=\"mt-box \">\n<h4 class=\"mt-heading\">Mir\u00e1 Tambi\u00e9n<\/h4>\n<p><a href=\"https:\/\/www.paparazzi.com.ar\/romances\/que-video-moria-casan-expuso-la-peligrosa-actitud-de-la-china-suarez-con-mauro-icardi-ella-tiene-una\/\"><\/p>\n<div class=\"mt-content\">\n<div class=\"mt-image-container\"><img decoding=\"async\" src=\"https:\/\/www.paparazzi.com.ar\/wp-content\/uploads\/2025\/11\/moria-casan-china-suarez-mauro-icardi-359x226.jpg\" alt=\"\u00a1Qu\u00e9 video! Moria Cas\u00e1n expuso la peligrosa actitud de la China Su\u00e1rez con Mauro Icardi: \u201cElla tiene una...\u201d\" class=\"mt-image\" loading=\"lazy\" \/><\/div>\n<h5 class=\"mt-title\">\u00a1Qu\u00e9 video! Moria Cas\u00e1n expuso la peligrosa actitud de la China Su\u00e1rez con Mauro Icardi: \u201cElla tiene una&#8230;\u201d<\/h5>\n<\/div>\n<p><\/a><\/div>\n<p>The post <a href=\"https:\/\/www.paparazzi.com.ar\/teve\/el-fuerte-mensaje-de-francisco-tinelli-en-el-escandalo-que-viven-su-hermana-juana-y-su-papa-marcelo\/\">El fuerte mensaje de Francisco Tinelli en el esc\u00e1ndalo que viven su hermana Juana y su pap\u00e1 Marcelo<\/a> appeared first on <a href=\"https:\/\/www.paparazzi.com.ar\">Revista Paparazzi<\/a>.<\/p>\n","protected":false},"excerpt":{"rendered":"<p>La familia Tinelli viene de atravesar uno de los a\u00f1os m\u00e1s duros en cuanto a<\/p>\n","protected":false},"author":0,"featured_media":10385,"comment_status":"","ping_status":"","sticky":false,"template":"","format":"standard","meta":{"footnotes":""},"categories":[11],"tags":[],"class_list":["post-10384","post","type-post","status-publish","format-standard","has-post-thumbnail","hentry","category-destacadas"],"yoast_head":"<!-- This site is optimized with the Yoast SEO plugin v27.4 - https:\/\/yoast.com\/product\/yoast-seo-wordpress\/ -->\n<title>El fuerte mensaje de Francisco Tinelli en el esc\u00e1ndalo que viven su hermana Juana y su pap\u00e1 Marcelo - Fm Gente<\/title>\n<meta name=\"robots\" content=\"index, follow, max-snippet:-1, max-image-preview:large, max-video-preview:-1\" \/>\n<link rel=\"canonical\" href=\"https:\/\/fmgente.com.ar\/web\/el-fuerte-mensaje-de-francisco-tinelli-en-el-escandalo-que-viven-su-hermana-juana-y-su-papa-marcelo\/\" \/>\n<meta property=\"og:locale\" content=\"es_ES\" \/>\n<meta property=\"og:type\" content=\"article\" \/>\n<meta property=\"og:title\" content=\"El fuerte mensaje de Francisco Tinelli en el esc\u00e1ndalo que viven su hermana Juana y su pap\u00e1 Marcelo - Fm Gente\" \/>\n<meta property=\"og:description\" content=\"La familia Tinelli viene de atravesar uno de los a\u00f1os m\u00e1s duros en cuanto a\" \/>\n<meta property=\"og:url\" content=\"https:\/\/fmgente.com.ar\/web\/el-fuerte-mensaje-de-francisco-tinelli-en-el-escandalo-que-viven-su-hermana-juana-y-su-papa-marcelo\/\" \/>\n<meta property=\"og:site_name\" content=\"Fm Gente\" \/>\n<meta property=\"article:published_time\" content=\"2025-11-22T14:05:07+00:00\" \/>\n<meta property=\"og:image\" content=\"https:\/\/fmgente.com.ar\/web\/wp-content\/uploads\/2025\/11\/\u00a1Exclusivo-La-increible-salida-de-Mirtha-Legrand-viviendo-la-noche-portena-a-sus-98-anos-359x226-7.jpg\" \/>\n\t<meta property=\"og:image:width\" content=\"359\" \/>\n\t<meta property=\"og:image:height\" content=\"226\" \/>\n\t<meta property=\"og:image:type\" content=\"image\/jpeg\" \/>\n<meta name=\"twitter:card\" content=\"summary_large_image\" \/>\n<meta name=\"twitter:label1\" content=\"Tiempo de lectura\" \/>\n\t<meta name=\"twitter:data1\" content=\"2 minutos\" \/>\n<script type=\"application\/ld+json\" class=\"yoast-schema-graph\">{\"@context\":\"https:\\\/\\\/schema.org\",\"@graph\":[{\"@type\":\"Article\",\"@id\":\"https:\\\/\\\/fmgente.com.ar\\\/web\\\/el-fuerte-mensaje-de-francisco-tinelli-en-el-escandalo-que-viven-su-hermana-juana-y-su-papa-marcelo\\\/#article\",\"isPartOf\":{\"@id\":\"https:\\\/\\\/fmgente.com.ar\\\/web\\\/el-fuerte-mensaje-de-francisco-tinelli-en-el-escandalo-que-viven-su-hermana-juana-y-su-papa-marcelo\\\/\"},\"author\":{\"name\":\"\",\"@id\":\"\"},\"headline\":\"El fuerte mensaje de Francisco Tinelli en el esc\u00e1ndalo que viven su hermana Juana y su pap\u00e1 Marcelo\",\"datePublished\":\"2025-11-22T14:05:07+00:00\",\"mainEntityOfPage\":{\"@id\":\"https:\\\/\\\/fmgente.com.ar\\\/web\\\/el-fuerte-mensaje-de-francisco-tinelli-en-el-escandalo-que-viven-su-hermana-juana-y-su-papa-marcelo\\\/\"},\"wordCount\":447,\"publisher\":{\"@id\":\"https:\\\/\\\/fmgente.com.ar\\\/web\\\/#organization\"},\"image\":{\"@id\":\"https:\\\/\\\/fmgente.com.ar\\\/web\\\/el-fuerte-mensaje-de-francisco-tinelli-en-el-escandalo-que-viven-su-hermana-juana-y-su-papa-marcelo\\\/#primaryimage\"},\"thumbnailUrl\":\"https:\\\/\\\/fmgente.com.ar\\\/web\\\/wp-content\\\/uploads\\\/2025\\\/11\\\/\u00a1Exclusivo-La-increible-salida-de-Mirtha-Legrand-viviendo-la-noche-portena-a-sus-98-anos-359x226-7.jpg\",\"articleSection\":[\"DESTACADAS\"],\"inLanguage\":\"es\"},{\"@type\":\"WebPage\",\"@id\":\"https:\\\/\\\/fmgente.com.ar\\\/web\\\/el-fuerte-mensaje-de-francisco-tinelli-en-el-escandalo-que-viven-su-hermana-juana-y-su-papa-marcelo\\\/\",\"url\":\"https:\\\/\\\/fmgente.com.ar\\\/web\\\/el-fuerte-mensaje-de-francisco-tinelli-en-el-escandalo-que-viven-su-hermana-juana-y-su-papa-marcelo\\\/\",\"name\":\"El fuerte mensaje de Francisco Tinelli en el esc\u00e1ndalo que viven su hermana Juana y su pap\u00e1 Marcelo - Fm Gente\",\"isPartOf\":{\"@id\":\"https:\\\/\\\/fmgente.com.ar\\\/web\\\/#website\"},\"primaryImageOfPage\":{\"@id\":\"https:\\\/\\\/fmgente.com.ar\\\/web\\\/el-fuerte-mensaje-de-francisco-tinelli-en-el-escandalo-que-viven-su-hermana-juana-y-su-papa-marcelo\\\/#primaryimage\"},\"image\":{\"@id\":\"https:\\\/\\\/fmgente.com.ar\\\/web\\\/el-fuerte-mensaje-de-francisco-tinelli-en-el-escandalo-que-viven-su-hermana-juana-y-su-papa-marcelo\\\/#primaryimage\"},\"thumbnailUrl\":\"https:\\\/\\\/fmgente.com.ar\\\/web\\\/wp-content\\\/uploads\\\/2025\\\/11\\\/\u00a1Exclusivo-La-increible-salida-de-Mirtha-Legrand-viviendo-la-noche-portena-a-sus-98-anos-359x226-7.jpg\",\"datePublished\":\"2025-11-22T14:05:07+00:00\",\"inLanguage\":\"es\",\"potentialAction\":[{\"@type\":\"ReadAction\",\"target\":[\"https:\\\/\\\/fmgente.com.ar\\\/web\\\/el-fuerte-mensaje-de-francisco-tinelli-en-el-escandalo-que-viven-su-hermana-juana-y-su-papa-marcelo\\\/\"]}]},{\"@type\":\"ImageObject\",\"inLanguage\":\"es\",\"@id\":\"https:\\\/\\\/fmgente.com.ar\\\/web\\\/el-fuerte-mensaje-de-francisco-tinelli-en-el-escandalo-que-viven-su-hermana-juana-y-su-papa-marcelo\\\/#primaryimage\",\"url\":\"https:\\\/\\\/fmgente.com.ar\\\/web\\\/wp-content\\\/uploads\\\/2025\\\/11\\\/\u00a1Exclusivo-La-increible-salida-de-Mirtha-Legrand-viviendo-la-noche-portena-a-sus-98-anos-359x226-7.jpg\",\"contentUrl\":\"https:\\\/\\\/fmgente.com.ar\\\/web\\\/wp-content\\\/uploads\\\/2025\\\/11\\\/\u00a1Exclusivo-La-increible-salida-de-Mirtha-Legrand-viviendo-la-noche-portena-a-sus-98-anos-359x226-7.jpg\",\"width\":359,\"height\":226},{\"@type\":\"WebSite\",\"@id\":\"https:\\\/\\\/fmgente.com.ar\\\/web\\\/#website\",\"url\":\"https:\\\/\\\/fmgente.com.ar\\\/web\\\/\",\"name\":\"Fm Gente\",\"description\":\"- Jes\u00fas Mar\u00eda\",\"publisher\":{\"@id\":\"https:\\\/\\\/fmgente.com.ar\\\/web\\\/#organization\"},\"potentialAction\":[{\"@type\":\"SearchAction\",\"target\":{\"@type\":\"EntryPoint\",\"urlTemplate\":\"https:\\\/\\\/fmgente.com.ar\\\/web\\\/?s={search_term_string}\"},\"query-input\":{\"@type\":\"PropertyValueSpecification\",\"valueRequired\":true,\"valueName\":\"search_term_string\"}}],\"inLanguage\":\"es\"},{\"@type\":\"Organization\",\"@id\":\"https:\\\/\\\/fmgente.com.ar\\\/web\\\/#organization\",\"name\":\"Fm Gente\",\"url\":\"https:\\\/\\\/fmgente.com.ar\\\/web\\\/\",\"logo\":{\"@type\":\"ImageObject\",\"inLanguage\":\"es\",\"@id\":\"https:\\\/\\\/fmgente.com.ar\\\/web\\\/#\\\/schema\\\/logo\\\/image\\\/\",\"url\":\"https:\\\/\\\/fmgente.com.ar\\\/web\\\/wp-content\\\/uploads\\\/2023\\\/07\\\/cropped-cropped-logo-sombra2.png\",\"contentUrl\":\"https:\\\/\\\/fmgente.com.ar\\\/web\\\/wp-content\\\/uploads\\\/2023\\\/07\\\/cropped-cropped-logo-sombra2.png\",\"width\":1782,\"height\":1782,\"caption\":\"Fm Gente\"},\"image\":{\"@id\":\"https:\\\/\\\/fmgente.com.ar\\\/web\\\/#\\\/schema\\\/logo\\\/image\\\/\"}}]}<\/script>\n<!-- \/ Yoast SEO plugin. -->","yoast_head_json":{"title":"El fuerte mensaje de Francisco Tinelli en el esc\u00e1ndalo que viven su hermana Juana y su pap\u00e1 Marcelo - Fm Gente","robots":{"index":"index","follow":"follow","max-snippet":"max-snippet:-1","max-image-preview":"max-image-preview:large","max-video-preview":"max-video-preview:-1"},"canonical":"https:\/\/fmgente.com.ar\/web\/el-fuerte-mensaje-de-francisco-tinelli-en-el-escandalo-que-viven-su-hermana-juana-y-su-papa-marcelo\/","og_locale":"es_ES","og_type":"article","og_title":"El fuerte mensaje de Francisco Tinelli en el esc\u00e1ndalo que viven su hermana Juana y su pap\u00e1 Marcelo - Fm Gente","og_description":"La familia Tinelli viene de atravesar uno de los a\u00f1os m\u00e1s duros en cuanto a","og_url":"https:\/\/fmgente.com.ar\/web\/el-fuerte-mensaje-de-francisco-tinelli-en-el-escandalo-que-viven-su-hermana-juana-y-su-papa-marcelo\/","og_site_name":"Fm Gente","article_published_time":"2025-11-22T14:05:07+00:00","og_image":[{"width":359,"height":226,"url":"https:\/\/fmgente.com.ar\/web\/wp-content\/uploads\/2025\/11\/\u00a1Exclusivo-La-increible-salida-de-Mirtha-Legrand-viviendo-la-noche-portena-a-sus-98-anos-359x226-7.jpg","type":"image\/jpeg"}],"twitter_card":"summary_large_image","twitter_misc":{"Tiempo de lectura":"2 minutos"},"schema":{"@context":"https:\/\/schema.org","@graph":[{"@type":"Article","@id":"https:\/\/fmgente.com.ar\/web\/el-fuerte-mensaje-de-francisco-tinelli-en-el-escandalo-que-viven-su-hermana-juana-y-su-papa-marcelo\/#article","isPartOf":{"@id":"https:\/\/fmgente.com.ar\/web\/el-fuerte-mensaje-de-francisco-tinelli-en-el-escandalo-que-viven-su-hermana-juana-y-su-papa-marcelo\/"},"author":{"name":"","@id":""},"headline":"El fuerte mensaje de Francisco Tinelli en el esc\u00e1ndalo que viven su hermana Juana y su pap\u00e1 Marcelo","datePublished":"2025-11-22T14:05:07+00:00","mainEntityOfPage":{"@id":"https:\/\/fmgente.com.ar\/web\/el-fuerte-mensaje-de-francisco-tinelli-en-el-escandalo-que-viven-su-hermana-juana-y-su-papa-marcelo\/"},"wordCount":447,"publisher":{"@id":"https:\/\/fmgente.com.ar\/web\/#organization"},"image":{"@id":"https:\/\/fmgente.com.ar\/web\/el-fuerte-mensaje-de-francisco-tinelli-en-el-escandalo-que-viven-su-hermana-juana-y-su-papa-marcelo\/#primaryimage"},"thumbnailUrl":"https:\/\/fmgente.com.ar\/web\/wp-content\/uploads\/2025\/11\/\u00a1Exclusivo-La-increible-salida-de-Mirtha-Legrand-viviendo-la-noche-portena-a-sus-98-anos-359x226-7.jpg","articleSection":["DESTACADAS"],"inLanguage":"es"},{"@type":"WebPage","@id":"https:\/\/fmgente.com.ar\/web\/el-fuerte-mensaje-de-francisco-tinelli-en-el-escandalo-que-viven-su-hermana-juana-y-su-papa-marcelo\/","url":"https:\/\/fmgente.com.ar\/web\/el-fuerte-mensaje-de-francisco-tinelli-en-el-escandalo-que-viven-su-hermana-juana-y-su-papa-marcelo\/","name":"El fuerte mensaje de Francisco Tinelli en el esc\u00e1ndalo que viven su hermana Juana y su pap\u00e1 Marcelo - Fm Gente","isPartOf":{"@id":"https:\/\/fmgente.com.ar\/web\/#website"},"primaryImageOfPage":{"@id":"https:\/\/fmgente.com.ar\/web\/el-fuerte-mensaje-de-francisco-tinelli-en-el-escandalo-que-viven-su-hermana-juana-y-su-papa-marcelo\/#primaryimage"},"image":{"@id":"https:\/\/fmgente.com.ar\/web\/el-fuerte-mensaje-de-francisco-tinelli-en-el-escandalo-que-viven-su-hermana-juana-y-su-papa-marcelo\/#primaryimage"},"thumbnailUrl":"https:\/\/fmgente.com.ar\/web\/wp-content\/uploads\/2025\/11\/\u00a1Exclusivo-La-increible-salida-de-Mirtha-Legrand-viviendo-la-noche-portena-a-sus-98-anos-359x226-7.jpg","datePublished":"2025-11-22T14:05:07+00:00","inLanguage":"es","potentialAction":[{"@type":"ReadAction","target":["https:\/\/fmgente.com.ar\/web\/el-fuerte-mensaje-de-francisco-tinelli-en-el-escandalo-que-viven-su-hermana-juana-y-su-papa-marcelo\/"]}]},{"@type":"ImageObject","inLanguage":"es","@id":"https:\/\/fmgente.com.ar\/web\/el-fuerte-mensaje-de-francisco-tinelli-en-el-escandalo-que-viven-su-hermana-juana-y-su-papa-marcelo\/#primaryimage","url":"https:\/\/fmgente.com.ar\/web\/wp-content\/uploads\/2025\/11\/\u00a1Exclusivo-La-increible-salida-de-Mirtha-Legrand-viviendo-la-noche-portena-a-sus-98-anos-359x226-7.jpg","contentUrl":"https:\/\/fmgente.com.ar\/web\/wp-content\/uploads\/2025\/11\/\u00a1Exclusivo-La-increible-salida-de-Mirtha-Legrand-viviendo-la-noche-portena-a-sus-98-anos-359x226-7.jpg","width":359,"height":226},{"@type":"WebSite","@id":"https:\/\/fmgente.com.ar\/web\/#website","url":"https:\/\/fmgente.com.ar\/web\/","name":"Fm Gente","description":"- Jes\u00fas Mar\u00eda","publisher":{"@id":"https:\/\/fmgente.com.ar\/web\/#organization"},"potentialAction":[{"@type":"SearchAction","target":{"@type":"EntryPoint","urlTemplate":"https:\/\/fmgente.com.ar\/web\/?s={search_term_string}"},"query-input":{"@type":"PropertyValueSpecification","valueRequired":true,"valueName":"search_term_string"}}],"inLanguage":"es"},{"@type":"Organization","@id":"https:\/\/fmgente.com.ar\/web\/#organization","name":"Fm Gente","url":"https:\/\/fmgente.com.ar\/web\/","logo":{"@type":"ImageObject","inLanguage":"es","@id":"https:\/\/fmgente.com.ar\/web\/#\/schema\/logo\/image\/","url":"https:\/\/fmgente.com.ar\/web\/wp-content\/uploads\/2023\/07\/cropped-cropped-logo-sombra2.png","contentUrl":"https:\/\/fmgente.com.ar\/web\/wp-content\/uploads\/2023\/07\/cropped-cropped-logo-sombra2.png","width":1782,"height":1782,"caption":"Fm Gente"},"image":{"@id":"https:\/\/fmgente.com.ar\/web\/#\/schema\/logo\/image\/"}}]}},"_links":{"self":[{"href":"https:\/\/fmgente.com.ar\/web\/wp-json\/wp\/v2\/posts\/10384","targetHints":{"allow":["GET"]}}],"collection":[{"href":"https:\/\/fmgente.com.ar\/web\/wp-json\/wp\/v2\/posts"}],"about":[{"href":"https:\/\/fmgente.com.ar\/web\/wp-json\/wp\/v2\/types\/post"}],"replies":[{"embeddable":true,"href":"https:\/\/fmgente.com.ar\/web\/wp-json\/wp\/v2\/comments?post=10384"}],"version-history":[{"count":0,"href":"https:\/\/fmgente.com.ar\/web\/wp-json\/wp\/v2\/posts\/10384\/revisions"}],"wp:featuredmedia":[{"embeddable":true,"href":"https:\/\/fmgente.com.ar\/web\/wp-json\/wp\/v2\/media\/10385"}],"wp:attachment":[{"href":"https:\/\/fmgente.com.ar\/web\/wp-json\/wp\/v2\/media?parent=10384"}],"wp:term":[{"taxonomy":"category","embeddable":true,"href":"https:\/\/fmgente.com.ar\/web\/wp-json\/wp\/v2\/categories?post=10384"},{"taxonomy":"post_tag","embeddable":true,"href":"https:\/\/fmgente.com.ar\/web\/wp-json\/wp\/v2\/tags?post=10384"}],"curies":[{"name":"wp","href":"https:\/\/api.w.org\/{rel}","templated":true}]}}