{"id":10380,"date":"2025-11-22T10:04:58","date_gmt":"2025-11-22T13:04:58","guid":{"rendered":"https:\/\/fmgente.com.ar\/el-dramatico-momento-que-vive-alejandra-maglietti-a-tres-meses-de-ser-mama-tengan-cuidado\/"},"modified":"2025-11-22T10:04:58","modified_gmt":"2025-11-22T13:04:58","slug":"el-dramatico-momento-que-vive-alejandra-maglietti-a-tres-meses-de-ser-mama-tengan-cuidado","status":"publish","type":"post","link":"https:\/\/fmgente.com.ar\/web\/el-dramatico-momento-que-vive-alejandra-maglietti-a-tres-meses-de-ser-mama-tengan-cuidado\/","title":{"rendered":"El dram\u00e1tico momento que vive Alejandra Maglietti a tres meses de ser mam\u00e1: &quot;Tengan cuidado&quot;"},"content":{"rendered":"<p>La inseguridad en las calles hoy es un tema que sigue sin tener una soluci\u00f3n y que d\u00eda a d\u00eda afecta a much\u00edsimas personas. Los famosos no est\u00e1n exentos de ello, y la que vivi\u00f3 esto en carne propia fue <strong><a href=\"https:\/\/www.paparazzi.com.ar\/romances\/el-marido-de-alejandra-maglietti-revelo-como-lo-salvo-del-incendio-feroz-en-ezeiza-ella-tenia-que\/\">Alejandra Maglietti<\/a><\/strong>.<\/p>\n<p>La panelista de Bendita fue mam\u00e1 hace solo tres meses y en este tiempo vivi\u00f3 situaciones muy dif\u00edciles. Primero la semana pasada se dio a conocer que su actual pareja, due\u00f1o de una f\u00e1brica en Ezeiza, se vio afectado por el impactante incendio que ocurri\u00f3.<\/p>\n<p>Y ahora, lamentablemente para ella, dio a conocer la noticia que fue v\u00edctima de un robo. Si bien no lo vivi\u00f3 en primera persona, s\u00ed sufri\u00f3 el hurto de uno de sus bolsos, el cual estaba en el interior de su veh\u00edculo y se lo llevaron mediante una pr\u00e1ctica que se puso muy de moda.<\/p>\n<div class=\"mt-box \">\n<h4 class=\"mt-heading\">Mir\u00e1 Tambi\u00e9n<\/h4>\n<p><a href=\"https:\/\/www.paparazzi.com.ar\/looks\/fotos-exclusivas-el-jugadisimo-cambio-de-look-de-pampita-nueva-era-total\/\"><\/p>\n<div class=\"mt-content\">\n<div class=\"mt-image-container\"><img decoding=\"async\" src=\"https:\/\/www.paparazzi.com.ar\/wp-content\/uploads\/2025\/11\/pampita-1-359x226.jpg\" alt=\"\u00a1Fotos exclusivas! El jugad\u00edsimo cambio de look de Pampita: nueva era total\" class=\"mt-image\" loading=\"lazy\" \/><\/div>\n<h5 class=\"mt-title\">\u00a1Fotos exclusivas! El jugad\u00edsimo cambio de look de Pampita: nueva era total<\/h5>\n<\/div>\n<p><\/a><\/div>\n<p>\u201c<em>Ayer me robaron en Palermo Soho con el famoso inhibidor. Se llevaron mi bolso con maquillaje, ropa y accesorios que iba a usar en Bendita<\/em>\u201d, sostuvo <a href=\"https:\/\/www.paparazzi.com.ar\/teve\/el-desolador-momento-de-alejandra-maglietti-victima-de-la-explosion-en-ezeiza-se-perdio\/\">Maglietti<\/a>, quien agreg\u00f3 que esto se dio en pleno centro del barrio de Palermo Soho.<\/p>\n<h2 class=\"wp-block-heading\"> EL MAL MOMENTO QUE VIVI\u00d3 ALEJANDRA MAGLIETTI<\/h2>\n<p>El hecho de darle visibilidad a este tema, hizo que much\u00edsimas otras personas salieran a contar que fueron v\u00edctimas del mismo robo. Siendo un hecho lamentable y del cual no siempre se puede prevenir, hoy le toc\u00f3 a <a href=\"https:\/\/www.paparazzi.com.ar\/teve\/alejandra-maglietti-revelo-las-noches-de-terror-que-sufrio-con-su-bebe-de-2-meses-mucho-miedo\/\">Alejandra<\/a>.<\/p>\n<div class=\"mt-box \">\n<h4 class=\"mt-heading\">Mir\u00e1 Tambi\u00e9n<\/h4>\n<p><a href=\"https:\/\/www.paparazzi.com.ar\/romances\/el-marido-de-alejandra-maglietti-revelo-como-lo-salvo-del-incendio-feroz-en-ezeiza-ella-tenia-que\/\"><\/p>\n<div class=\"mt-content\">\n<div class=\"mt-image-container\"><img decoding=\"async\" src=\"https:\/\/www.paparazzi.com.ar\/wp-content\/uploads\/2025\/11\/Alejandra-Maglietti-359x226.jpg\" alt=\"El marido de Alejandra Maglietti revel\u00f3 c\u00f3mo lo salv\u00f3 del incendio feroz en Ezeiza: \u201cElla ten\u00eda que\u2026\u201d\" class=\"mt-image\" loading=\"lazy\" \/><\/div>\n<h5 class=\"mt-title\">El marido de Alejandra Maglietti revel\u00f3 c\u00f3mo lo salv\u00f3 del incendio feroz en Ezeiza: \u201cElla ten\u00eda que\u2026\u201d<\/h5>\n<\/div>\n<p><\/a><\/div>\n<p>\u201c<em>Desde que lo cont\u00e9, no paro de recibir mensajes de gente a la que le pas\u00f3 lo mismo, sobre todo en zonas comerciales. Tengan cuidado. Ahora hablo con la gente del local sobre la calle El Salvador al que hab\u00eda ido a retirar cosas y me dicen que es una constante<\/em>\u201d, cont\u00f3 Maglietti.<\/p>\n<p>Y al finalizar agreg\u00f3 c\u00f3mo contin\u00faa la investigaci\u00f3n: \u201c<em>Estoy tratando de conseguir las c\u00e1maras para hacer la denuncia, pero evidentemente lo hacen en zonas donde la gente se baja del auto un ratito, pasan con una mochila o algo que disimula el inhibidor. \u00a1As\u00ed que ya saben, corroboren que el auto haya cerrado correctamente!<\/em>\u201d.<\/p>\n<div class=\"mt-box \">\n<h4 class=\"mt-heading\">Mir\u00e1 Tambi\u00e9n<\/h4>\n<p><a href=\"https:\/\/www.paparazzi.com.ar\/sin-categoria\/el-preocupante-video-del-pity-alvarez-con-la-policia-tras-el-escandalo-en-su-show\/\"><\/p>\n<div class=\"mt-content\">\n<div class=\"mt-image-container\"><img decoding=\"async\" src=\"https:\/\/www.paparazzi.com.ar\/wp-content\/uploads\/2025\/11\/pity-alvarez-359x226.png\" alt=\"El preocupante video del Pity \u00c1lvarez con la polic\u00eda tras el esc\u00e1ndalo en su show\" class=\"mt-image\" loading=\"lazy\" \/><\/div>\n<h5 class=\"mt-title\">El preocupante video del Pity \u00c1lvarez con la polic\u00eda tras el esc\u00e1ndalo en su show<\/h5>\n<\/div>\n<p><\/a><\/div>\n<div class=\"mt-box \">\n<h4 class=\"mt-heading\">Mir\u00e1 Tambi\u00e9n<\/h4>\n<p><a href=\"https:\/\/www.paparazzi.com.ar\/teve\/lo-que-faltaba-roberto-moritan-aparecio-en-el-escandalo-de-benjamin-vicuna-y-la-china-suarez-el-es-un\/\"><\/p>\n<div class=\"mt-content\">\n<div class=\"mt-image-container\"><img decoding=\"async\" src=\"https:\/\/www.paparazzi.com.ar\/wp-content\/uploads\/2025\/11\/\u00a1Lo-que-faltaba-Roberto-Moritan-aparecio-en-el-escandalo-de-Benjamin-Vicuna-y-la-China-Suarez-22El-es-un.22-359x226.jpg\" alt=\"\u00a1Lo que faltaba! Roberto Morit\u00e1n apareci\u00f3 en el esc\u00e1ndalo de Benjam\u00edn Vicu\u00f1a y la China Su\u00e1rez: &quot;\u00c9l es un...&quot;\" class=\"mt-image\" loading=\"lazy\" \/><\/div>\n<h5 class=\"mt-title\">\u00a1Lo que faltaba! Roberto Morit\u00e1n apareci\u00f3 en el esc\u00e1ndalo de Benjam\u00edn Vicu\u00f1a y la China Su\u00e1rez: \u00ab\u00c9l es un&#8230;\u00bb<\/h5>\n<\/div>\n<p><\/a><\/div>\n<p>The post <a href=\"https:\/\/www.paparazzi.com.ar\/teve\/el-dramatico-momento-que-vive-alejandra-maglietti-a-tres-meses-de-ser-mama-tengan-cuidado\/\">El dram\u00e1tico momento que vive Alejandra Maglietti a tres meses de ser mam\u00e1: &quot;Tengan cuidado&quot;<\/a> appeared first on <a href=\"https:\/\/www.paparazzi.com.ar\">Revista Paparazzi<\/a>.<\/p>\n","protected":false},"excerpt":{"rendered":"<p>La inseguridad en las calles hoy es un tema que sigue sin tener una soluci\u00f3n<\/p>\n","protected":false},"author":0,"featured_media":10381,"comment_status":"","ping_status":"","sticky":false,"template":"","format":"standard","meta":{"footnotes":""},"categories":[11],"tags":[],"class_list":["post-10380","post","type-post","status-publish","format-standard","has-post-thumbnail","hentry","category-destacadas"],"yoast_head":"<!-- This site is optimized with the Yoast SEO plugin v27.4 - https:\/\/yoast.com\/product\/yoast-seo-wordpress\/ -->\n<title>El dram\u00e1tico momento que vive Alejandra Maglietti a tres meses de ser mam\u00e1: &quot;Tengan cuidado&quot; - Fm Gente<\/title>\n<meta name=\"robots\" content=\"index, follow, max-snippet:-1, max-image-preview:large, max-video-preview:-1\" \/>\n<link rel=\"canonical\" href=\"https:\/\/fmgente.com.ar\/web\/el-dramatico-momento-que-vive-alejandra-maglietti-a-tres-meses-de-ser-mama-tengan-cuidado\/\" \/>\n<meta property=\"og:locale\" content=\"es_ES\" \/>\n<meta property=\"og:type\" content=\"article\" \/>\n<meta property=\"og:title\" content=\"El dram\u00e1tico momento que vive Alejandra Maglietti a tres meses de ser mam\u00e1: &quot;Tengan cuidado&quot; - Fm Gente\" \/>\n<meta property=\"og:description\" content=\"La inseguridad en las calles hoy es un tema que sigue sin tener una soluci\u00f3n\" \/>\n<meta property=\"og:url\" content=\"https:\/\/fmgente.com.ar\/web\/el-dramatico-momento-que-vive-alejandra-maglietti-a-tres-meses-de-ser-mama-tengan-cuidado\/\" \/>\n<meta property=\"og:site_name\" content=\"Fm Gente\" \/>\n<meta property=\"article:published_time\" content=\"2025-11-22T13:04:58+00:00\" \/>\n<meta property=\"og:image\" content=\"https:\/\/fmgente.com.ar\/web\/wp-content\/uploads\/2025\/11\/pampita-1-359x226-2.jpg\" \/>\n\t<meta property=\"og:image:width\" content=\"359\" \/>\n\t<meta property=\"og:image:height\" content=\"226\" \/>\n\t<meta property=\"og:image:type\" content=\"image\/jpeg\" \/>\n<meta name=\"twitter:card\" content=\"summary_large_image\" \/>\n<meta name=\"twitter:label1\" content=\"Tiempo de lectura\" \/>\n\t<meta name=\"twitter:data1\" content=\"2 minutos\" \/>\n<script type=\"application\/ld+json\" class=\"yoast-schema-graph\">{\"@context\":\"https:\\\/\\\/schema.org\",\"@graph\":[{\"@type\":\"Article\",\"@id\":\"https:\\\/\\\/fmgente.com.ar\\\/web\\\/el-dramatico-momento-que-vive-alejandra-maglietti-a-tres-meses-de-ser-mama-tengan-cuidado\\\/#article\",\"isPartOf\":{\"@id\":\"https:\\\/\\\/fmgente.com.ar\\\/web\\\/el-dramatico-momento-que-vive-alejandra-maglietti-a-tres-meses-de-ser-mama-tengan-cuidado\\\/\"},\"author\":{\"name\":\"\",\"@id\":\"\"},\"headline\":\"El dram\u00e1tico momento que vive Alejandra Maglietti a tres meses de ser mam\u00e1: &quot;Tengan cuidado&quot;\",\"datePublished\":\"2025-11-22T13:04:58+00:00\",\"mainEntityOfPage\":{\"@id\":\"https:\\\/\\\/fmgente.com.ar\\\/web\\\/el-dramatico-momento-que-vive-alejandra-maglietti-a-tres-meses-de-ser-mama-tengan-cuidado\\\/\"},\"wordCount\":482,\"publisher\":{\"@id\":\"https:\\\/\\\/fmgente.com.ar\\\/web\\\/#organization\"},\"image\":{\"@id\":\"https:\\\/\\\/fmgente.com.ar\\\/web\\\/el-dramatico-momento-que-vive-alejandra-maglietti-a-tres-meses-de-ser-mama-tengan-cuidado\\\/#primaryimage\"},\"thumbnailUrl\":\"https:\\\/\\\/fmgente.com.ar\\\/web\\\/wp-content\\\/uploads\\\/2025\\\/11\\\/pampita-1-359x226-2.jpg\",\"articleSection\":[\"DESTACADAS\"],\"inLanguage\":\"es\"},{\"@type\":\"WebPage\",\"@id\":\"https:\\\/\\\/fmgente.com.ar\\\/web\\\/el-dramatico-momento-que-vive-alejandra-maglietti-a-tres-meses-de-ser-mama-tengan-cuidado\\\/\",\"url\":\"https:\\\/\\\/fmgente.com.ar\\\/web\\\/el-dramatico-momento-que-vive-alejandra-maglietti-a-tres-meses-de-ser-mama-tengan-cuidado\\\/\",\"name\":\"El dram\u00e1tico momento que vive Alejandra Maglietti a tres meses de ser mam\u00e1: &quot;Tengan cuidado&quot; - Fm Gente\",\"isPartOf\":{\"@id\":\"https:\\\/\\\/fmgente.com.ar\\\/web\\\/#website\"},\"primaryImageOfPage\":{\"@id\":\"https:\\\/\\\/fmgente.com.ar\\\/web\\\/el-dramatico-momento-que-vive-alejandra-maglietti-a-tres-meses-de-ser-mama-tengan-cuidado\\\/#primaryimage\"},\"image\":{\"@id\":\"https:\\\/\\\/fmgente.com.ar\\\/web\\\/el-dramatico-momento-que-vive-alejandra-maglietti-a-tres-meses-de-ser-mama-tengan-cuidado\\\/#primaryimage\"},\"thumbnailUrl\":\"https:\\\/\\\/fmgente.com.ar\\\/web\\\/wp-content\\\/uploads\\\/2025\\\/11\\\/pampita-1-359x226-2.jpg\",\"datePublished\":\"2025-11-22T13:04:58+00:00\",\"inLanguage\":\"es\",\"potentialAction\":[{\"@type\":\"ReadAction\",\"target\":[\"https:\\\/\\\/fmgente.com.ar\\\/web\\\/el-dramatico-momento-que-vive-alejandra-maglietti-a-tres-meses-de-ser-mama-tengan-cuidado\\\/\"]}]},{\"@type\":\"ImageObject\",\"inLanguage\":\"es\",\"@id\":\"https:\\\/\\\/fmgente.com.ar\\\/web\\\/el-dramatico-momento-que-vive-alejandra-maglietti-a-tres-meses-de-ser-mama-tengan-cuidado\\\/#primaryimage\",\"url\":\"https:\\\/\\\/fmgente.com.ar\\\/web\\\/wp-content\\\/uploads\\\/2025\\\/11\\\/pampita-1-359x226-2.jpg\",\"contentUrl\":\"https:\\\/\\\/fmgente.com.ar\\\/web\\\/wp-content\\\/uploads\\\/2025\\\/11\\\/pampita-1-359x226-2.jpg\",\"width\":359,\"height\":226},{\"@type\":\"WebSite\",\"@id\":\"https:\\\/\\\/fmgente.com.ar\\\/web\\\/#website\",\"url\":\"https:\\\/\\\/fmgente.com.ar\\\/web\\\/\",\"name\":\"Fm Gente\",\"description\":\"- Jes\u00fas Mar\u00eda\",\"publisher\":{\"@id\":\"https:\\\/\\\/fmgente.com.ar\\\/web\\\/#organization\"},\"potentialAction\":[{\"@type\":\"SearchAction\",\"target\":{\"@type\":\"EntryPoint\",\"urlTemplate\":\"https:\\\/\\\/fmgente.com.ar\\\/web\\\/?s={search_term_string}\"},\"query-input\":{\"@type\":\"PropertyValueSpecification\",\"valueRequired\":true,\"valueName\":\"search_term_string\"}}],\"inLanguage\":\"es\"},{\"@type\":\"Organization\",\"@id\":\"https:\\\/\\\/fmgente.com.ar\\\/web\\\/#organization\",\"name\":\"Fm Gente\",\"url\":\"https:\\\/\\\/fmgente.com.ar\\\/web\\\/\",\"logo\":{\"@type\":\"ImageObject\",\"inLanguage\":\"es\",\"@id\":\"https:\\\/\\\/fmgente.com.ar\\\/web\\\/#\\\/schema\\\/logo\\\/image\\\/\",\"url\":\"https:\\\/\\\/fmgente.com.ar\\\/web\\\/wp-content\\\/uploads\\\/2023\\\/07\\\/cropped-cropped-logo-sombra2.png\",\"contentUrl\":\"https:\\\/\\\/fmgente.com.ar\\\/web\\\/wp-content\\\/uploads\\\/2023\\\/07\\\/cropped-cropped-logo-sombra2.png\",\"width\":1782,\"height\":1782,\"caption\":\"Fm Gente\"},\"image\":{\"@id\":\"https:\\\/\\\/fmgente.com.ar\\\/web\\\/#\\\/schema\\\/logo\\\/image\\\/\"}}]}<\/script>\n<!-- \/ Yoast SEO plugin. -->","yoast_head_json":{"title":"El dram\u00e1tico momento que vive Alejandra Maglietti a tres meses de ser mam\u00e1: &quot;Tengan cuidado&quot; - Fm Gente","robots":{"index":"index","follow":"follow","max-snippet":"max-snippet:-1","max-image-preview":"max-image-preview:large","max-video-preview":"max-video-preview:-1"},"canonical":"https:\/\/fmgente.com.ar\/web\/el-dramatico-momento-que-vive-alejandra-maglietti-a-tres-meses-de-ser-mama-tengan-cuidado\/","og_locale":"es_ES","og_type":"article","og_title":"El dram\u00e1tico momento que vive Alejandra Maglietti a tres meses de ser mam\u00e1: &quot;Tengan cuidado&quot; - Fm Gente","og_description":"La inseguridad en las calles hoy es un tema que sigue sin tener una soluci\u00f3n","og_url":"https:\/\/fmgente.com.ar\/web\/el-dramatico-momento-que-vive-alejandra-maglietti-a-tres-meses-de-ser-mama-tengan-cuidado\/","og_site_name":"Fm Gente","article_published_time":"2025-11-22T13:04:58+00:00","og_image":[{"width":359,"height":226,"url":"https:\/\/fmgente.com.ar\/web\/wp-content\/uploads\/2025\/11\/pampita-1-359x226-2.jpg","type":"image\/jpeg"}],"twitter_card":"summary_large_image","twitter_misc":{"Tiempo de lectura":"2 minutos"},"schema":{"@context":"https:\/\/schema.org","@graph":[{"@type":"Article","@id":"https:\/\/fmgente.com.ar\/web\/el-dramatico-momento-que-vive-alejandra-maglietti-a-tres-meses-de-ser-mama-tengan-cuidado\/#article","isPartOf":{"@id":"https:\/\/fmgente.com.ar\/web\/el-dramatico-momento-que-vive-alejandra-maglietti-a-tres-meses-de-ser-mama-tengan-cuidado\/"},"author":{"name":"","@id":""},"headline":"El dram\u00e1tico momento que vive Alejandra Maglietti a tres meses de ser mam\u00e1: &quot;Tengan cuidado&quot;","datePublished":"2025-11-22T13:04:58+00:00","mainEntityOfPage":{"@id":"https:\/\/fmgente.com.ar\/web\/el-dramatico-momento-que-vive-alejandra-maglietti-a-tres-meses-de-ser-mama-tengan-cuidado\/"},"wordCount":482,"publisher":{"@id":"https:\/\/fmgente.com.ar\/web\/#organization"},"image":{"@id":"https:\/\/fmgente.com.ar\/web\/el-dramatico-momento-que-vive-alejandra-maglietti-a-tres-meses-de-ser-mama-tengan-cuidado\/#primaryimage"},"thumbnailUrl":"https:\/\/fmgente.com.ar\/web\/wp-content\/uploads\/2025\/11\/pampita-1-359x226-2.jpg","articleSection":["DESTACADAS"],"inLanguage":"es"},{"@type":"WebPage","@id":"https:\/\/fmgente.com.ar\/web\/el-dramatico-momento-que-vive-alejandra-maglietti-a-tres-meses-de-ser-mama-tengan-cuidado\/","url":"https:\/\/fmgente.com.ar\/web\/el-dramatico-momento-que-vive-alejandra-maglietti-a-tres-meses-de-ser-mama-tengan-cuidado\/","name":"El dram\u00e1tico momento que vive Alejandra Maglietti a tres meses de ser mam\u00e1: &quot;Tengan cuidado&quot; - Fm Gente","isPartOf":{"@id":"https:\/\/fmgente.com.ar\/web\/#website"},"primaryImageOfPage":{"@id":"https:\/\/fmgente.com.ar\/web\/el-dramatico-momento-que-vive-alejandra-maglietti-a-tres-meses-de-ser-mama-tengan-cuidado\/#primaryimage"},"image":{"@id":"https:\/\/fmgente.com.ar\/web\/el-dramatico-momento-que-vive-alejandra-maglietti-a-tres-meses-de-ser-mama-tengan-cuidado\/#primaryimage"},"thumbnailUrl":"https:\/\/fmgente.com.ar\/web\/wp-content\/uploads\/2025\/11\/pampita-1-359x226-2.jpg","datePublished":"2025-11-22T13:04:58+00:00","inLanguage":"es","potentialAction":[{"@type":"ReadAction","target":["https:\/\/fmgente.com.ar\/web\/el-dramatico-momento-que-vive-alejandra-maglietti-a-tres-meses-de-ser-mama-tengan-cuidado\/"]}]},{"@type":"ImageObject","inLanguage":"es","@id":"https:\/\/fmgente.com.ar\/web\/el-dramatico-momento-que-vive-alejandra-maglietti-a-tres-meses-de-ser-mama-tengan-cuidado\/#primaryimage","url":"https:\/\/fmgente.com.ar\/web\/wp-content\/uploads\/2025\/11\/pampita-1-359x226-2.jpg","contentUrl":"https:\/\/fmgente.com.ar\/web\/wp-content\/uploads\/2025\/11\/pampita-1-359x226-2.jpg","width":359,"height":226},{"@type":"WebSite","@id":"https:\/\/fmgente.com.ar\/web\/#website","url":"https:\/\/fmgente.com.ar\/web\/","name":"Fm Gente","description":"- Jes\u00fas Mar\u00eda","publisher":{"@id":"https:\/\/fmgente.com.ar\/web\/#organization"},"potentialAction":[{"@type":"SearchAction","target":{"@type":"EntryPoint","urlTemplate":"https:\/\/fmgente.com.ar\/web\/?s={search_term_string}"},"query-input":{"@type":"PropertyValueSpecification","valueRequired":true,"valueName":"search_term_string"}}],"inLanguage":"es"},{"@type":"Organization","@id":"https:\/\/fmgente.com.ar\/web\/#organization","name":"Fm Gente","url":"https:\/\/fmgente.com.ar\/web\/","logo":{"@type":"ImageObject","inLanguage":"es","@id":"https:\/\/fmgente.com.ar\/web\/#\/schema\/logo\/image\/","url":"https:\/\/fmgente.com.ar\/web\/wp-content\/uploads\/2023\/07\/cropped-cropped-logo-sombra2.png","contentUrl":"https:\/\/fmgente.com.ar\/web\/wp-content\/uploads\/2023\/07\/cropped-cropped-logo-sombra2.png","width":1782,"height":1782,"caption":"Fm Gente"},"image":{"@id":"https:\/\/fmgente.com.ar\/web\/#\/schema\/logo\/image\/"}}]}},"_links":{"self":[{"href":"https:\/\/fmgente.com.ar\/web\/wp-json\/wp\/v2\/posts\/10380","targetHints":{"allow":["GET"]}}],"collection":[{"href":"https:\/\/fmgente.com.ar\/web\/wp-json\/wp\/v2\/posts"}],"about":[{"href":"https:\/\/fmgente.com.ar\/web\/wp-json\/wp\/v2\/types\/post"}],"replies":[{"embeddable":true,"href":"https:\/\/fmgente.com.ar\/web\/wp-json\/wp\/v2\/comments?post=10380"}],"version-history":[{"count":0,"href":"https:\/\/fmgente.com.ar\/web\/wp-json\/wp\/v2\/posts\/10380\/revisions"}],"wp:featuredmedia":[{"embeddable":true,"href":"https:\/\/fmgente.com.ar\/web\/wp-json\/wp\/v2\/media\/10381"}],"wp:attachment":[{"href":"https:\/\/fmgente.com.ar\/web\/wp-json\/wp\/v2\/media?parent=10380"}],"wp:term":[{"taxonomy":"category","embeddable":true,"href":"https:\/\/fmgente.com.ar\/web\/wp-json\/wp\/v2\/categories?post=10380"},{"taxonomy":"post_tag","embeddable":true,"href":"https:\/\/fmgente.com.ar\/web\/wp-json\/wp\/v2\/tags?post=10380"}],"curies":[{"name":"wp","href":"https:\/\/api.w.org\/{rel}","templated":true}]}}