{"id":10378,"date":"2025-11-22T09:04:59","date_gmt":"2025-11-22T12:04:59","guid":{"rendered":"https:\/\/fmgente.com.ar\/el-reclamo-de-marcela-tauro-a-andrea-taboada-por-un-novio-periodista-que-compartieron-me-engano-con-vos\/"},"modified":"2025-11-22T09:04:59","modified_gmt":"2025-11-22T12:04:59","slug":"el-reclamo-de-marcela-tauro-a-andrea-taboada-por-un-novio-periodista-que-compartieron-me-engano-con-vos","status":"publish","type":"post","link":"https:\/\/fmgente.com.ar\/web\/el-reclamo-de-marcela-tauro-a-andrea-taboada-por-un-novio-periodista-que-compartieron-me-engano-con-vos\/","title":{"rendered":"El reclamo de Marcela Tauro a Andrea Taboada por un novio periodista que compartieron: \u201cMe enga\u00f1\u00f3 con vos\u201d"},"content":{"rendered":"<p>Los mediod\u00edas en <strong><em>Intrusos<\/em><\/strong> suelen tener momentos de confesiones inesperadas, pero lo que ocurri\u00f3 este jueves dej\u00f3 al estudio en shock. Todo comenz\u00f3 con una an\u00e9cdota que parec\u00eda ser apenas un recuerdo divertido, pero termin\u00f3 destapando una coincidencia que nadie -ni siquiera sus protagonistas- imagin\u00f3.<\/p>\n<p><strong>Rodrigo Lussich <\/strong>abri\u00f3 el juego contando una situaci\u00f3n del pasado, cuando en sus inicios estaba <em>\u201cperdidamente enamorado\u201d <\/em>de un productor de El Nueve. Seg\u00fan cont\u00f3 el periodista, ese hombre le daba una mano extra en algunos juegos de los programas de <strong>Gerardo Sofovich<\/strong>. Aquella confesi\u00f3n, graciosa y descontracturada, hizo que <strong><a href=\"https:\/\/www.paparazzi.com.ar\/teve\/la-estremecedora-experiencia-de-marcela-tauro-en-un-accidente-similar-al-de-thiago-medina\/\">Marcela Tauro<\/a><\/strong> sumase una historia propia.<\/p>\n<p><em>\u201c\u00bfSe acuerdan de ese premio\u2026 Esa es mi mujer? Bueno, yo fui con un novio\u2026\u201d<\/em>, empez\u00f3 diciendo <strong><a href=\"https:\/\/www.paparazzi.com.ar\/teve\/marcela-tauro-falto-a-intrusos-tras-su-polemico-y-abrupto-portazo-en-vivo-que-paso\/\">Tauro<\/a><\/strong>, lista para revivir una an\u00e9cdota retro. Sin embargo, sus compa\u00f1eros la frenaron en seco para preguntarle qui\u00e9n era ese ex que estaba por revelar. Y entonces revel\u00f3 su nombre: <strong>Gustavo Lanzi<\/strong>, periodista y exproductor de Canal 9, recordado por su paso por los ciclos de <strong>Chiche Gelblung<\/strong>.<\/p>\n<div class=\"mt-box \">\n<h4 class=\"mt-heading\">Mir\u00e1 Tambi\u00e9n<\/h4>\n<p><a href=\"https:\/\/www.paparazzi.com.ar\/videos\/exclusivo-la-sensible-revelacion-de-luis-ventura-sobre-sus-noches-duermo-con-los-seres-queridos-que-ya-partieron\/\"><\/p>\n<div class=\"mt-content\">\n<div class=\"mt-image-container\"><img decoding=\"async\" src=\"https:\/\/www.paparazzi.com.ar\/wp-content\/uploads\/2025\/11\/Ventura-1-359x226.jpg\" alt=\"\u00a1Exclusivo! La sensible revelaci\u00f3n de Luis Ventura sobre sus noches: &quot;Duermo con los seres queridos que ya partieron&quot;\" class=\"mt-image\" loading=\"lazy\" \/><\/div>\n<h5 class=\"mt-title\">\u00a1Exclusivo! La sensible revelaci\u00f3n de Luis Ventura sobre sus noches: \u00abDuermo con los seres queridos que ya partieron\u00bb<\/h5>\n<\/div>\n<p><\/a><\/div>\n<p>Pero lo que nadie imaginaba era que eso desat\u00f3 un caos. <strong>Karina Iav\u00edcoli <\/strong>intervino y provoc\u00f3 un giro inmediato a la historia. <em>\u201cTambi\u00e9n sali\u00f3 con Taboada, perd\u00f3name\u201d<\/em>, lanz\u00f3 sumando un nuevo personaje al romance: su compa\u00f1era <strong><a href=\"https:\/\/www.paparazzi.com.ar\/teve\/marcela-tauro-revelo-el-durisimo-momento-que-vive-tras-su-pelea-en-intrusos\/\">Andrea Taboada<\/a><\/strong>. En ese momento, los rostros de <strong>Lussich<\/strong> y <strong>Adri\u00e1n Pallares<\/strong> se transformaron y la sorpresa fue absoluta.<\/p>\n<h2 class=\"wp-block-heading\">QUI\u00c9N ES EL NOVIO PERIODISTA QUE COMPARTIERON MARCELA TAURO Y ANDREA TABOADA<\/h2>\n<p><em>\u201c\u00bfLanzi sali\u00f3 con vos? \u00a1No!\u201d<\/em>, reaccion\u00f3 <strong>Tauro<\/strong> dirigi\u00e9ndose hacia <strong>Taboada<\/strong>, casi sin poder procesar lo que escuchaba. En medio del desconcierto, la hist\u00f3rica panelista de Intrusos se levant\u00f3 de su silla, camin\u00f3 hacia su compa\u00f1era y, entre carcajadas, la abraz\u00f3 con una frase que sell\u00f3 el momento:<em> \u201c\u00a1Somos primas! \u00a1Dame un abrazo!\u201d<\/em>.<\/p>\n<p>Con mucha picard\u00eda, <strong>Pallares<\/strong> remat\u00f3 la escena con humor: <em>\u201cLas dos se voltearon a un productor de Chiche\u2026 \u00a1Gracias Gustavo!\u201d<\/em>. Mientras tanto en el piso comenzaron a repasar el historial amoroso del productor y algunos romances pasados de <strong>Taboada<\/strong> dentro del medio.<\/p>\n<div class=\"mt-box \">\n<h4 class=\"mt-heading\">Mir\u00e1 Tambi\u00e9n<\/h4>\n<p><a href=\"https:\/\/www.paparazzi.com.ar\/teve\/la-estremecedora-experiencia-de-marcela-tauro-en-un-accidente-similar-al-de-thiago-medina\/\"><\/p>\n<div class=\"mt-content\">\n<div class=\"mt-image-container\"><img decoding=\"async\" src=\"https:\/\/www.paparazzi.com.ar\/wp-content\/uploads\/2025\/09\/Marcela-Tauro-y-Thiago-Medina.jpg.webp\" alt=\"La estremecedora experiencia de Marcela Tauro en un accidente similar al de Thiago Medina\" class=\"mt-image\" loading=\"lazy\" \/><\/div>\n<h5 class=\"mt-title\">La estremecedora experiencia de Marcela Tauro en un accidente similar al de Thiago Medina<\/h5>\n<\/div>\n<p><\/a><\/div>\n<p>A partir de ese momento, comenzaron a reconstruir la l\u00ednea temporal. <strong>Tauro<\/strong> cont\u00f3 que su relaci\u00f3n con <strong>Lanzi<\/strong> tuvo lugar entre 1996 y 1998. <strong>Taboada<\/strong>, por su parte, aclar\u00f3 que lo suyo hab\u00eda sido mucho m\u00e1s informal.<\/p>\n<p><em>\u201cYo fui al programa de novia, y nos hemos re\u00eddo porque no nos conoc\u00edamos tanto. Si me enga\u00f1\u00f3 con vos, me estoy enterando ahora\u201d<\/em>, dijo <strong>Marcela<\/strong> con humor y soltura. Por su parte, <strong>Andrea<\/strong> lo neg\u00f3 de inmediato: <em>\u201cNo, no, fue pareja tuya, lo m\u00edo fue un free free\u201d<\/em>.<\/p>\n<div class=\"mt-box \">\n<h4 class=\"mt-heading\">Mir\u00e1 Tambi\u00e9n<\/h4>\n<p><a href=\"https:\/\/www.paparazzi.com.ar\/teve\/marcela-tauro-falto-a-intrusos-tras-su-polemico-y-abrupto-portazo-en-vivo-que-paso\/\"><\/p>\n<div class=\"mt-content\">\n<div class=\"mt-image-container\"><img decoding=\"async\" src=\"https:\/\/www.paparazzi.com.ar\/wp-content\/uploads\/2025\/08\/Marcela-Tauro.jpg.webp\" alt=\"Marcela Tauro falt\u00f3 a Intrusos tras su pol\u00e9mico y abrupto portazo en vivo: qu\u00e9 pas\u00f3\" class=\"mt-image\" loading=\"lazy\" \/><\/div>\n<h5 class=\"mt-title\">Marcela Tauro falt\u00f3 a Intrusos tras su pol\u00e9mico y abrupto portazo en vivo: qu\u00e9 pas\u00f3<\/h5>\n<\/div>\n<p><\/a><\/div>\n<p>La charla termin\u00f3 con otro dato jugoso: <strong>Tauro<\/strong> revel\u00f3 que en aquel programa conducido por Jorge Rossi gan\u00f3 un auto porque los productores pensaban que era parte de APTRA. Un malentendido que, lejos de molestarla, record\u00f3 entre risas.<\/p>\n<div class=\"mt-box \">\n<h4 class=\"mt-heading\">Mir\u00e1 Tambi\u00e9n<\/h4>\n<p><a href=\"https:\/\/www.paparazzi.com.ar\/teve\/marcela-tauro-revelo-el-durisimo-momento-que-vive-tras-su-pelea-en-intrusos\/\"><\/p>\n<div class=\"mt-content\">\n<div class=\"mt-image-container\"><img decoding=\"async\" src=\"https:\/\/www.paparazzi.com.ar\/wp-content\/uploads\/2025\/09\/marcela-tauro-3.png.webp\" alt=\"Marcela Tauro revel\u00f3 el dur\u00edsimo momento que vive tras su pelea en Intrusos\" class=\"mt-image\" loading=\"lazy\" \/><\/div>\n<h5 class=\"mt-title\">Marcela Tauro revel\u00f3 el dur\u00edsimo momento que vive tras su pelea en Intrusos<\/h5>\n<\/div>\n<p><\/a><\/div>\n<div class=\"mt-box \">\n<h4 class=\"mt-heading\">Mir\u00e1 Tambi\u00e9n<\/h4>\n<p><a href=\"https:\/\/www.paparazzi.com.ar\/teve\/escandalo-total-marcela-tauro-se-peleo-con-todos-en-intrusos-y-abandono-el-programa-en-vivo\/\"><\/p>\n<div class=\"mt-content\">\n<div class=\"mt-image-container\"><img decoding=\"async\" src=\"https:\/\/www.paparazzi.com.ar\/wp-content\/uploads\/2025\/09\/Marcela-Tauro-Intrusos.jpg.webp\" alt=\"Esc\u00e1ndalo total: Marcela Tauro se pele\u00f3 con todos en Intrusos y abandon\u00f3 el programa en vivo\" class=\"mt-image\" loading=\"lazy\" \/><\/div>\n<h5 class=\"mt-title\">Esc\u00e1ndalo total: Marcela Tauro se pele\u00f3 con todos en Intrusos y abandon\u00f3 el programa en vivo<\/h5>\n<\/div>\n<p><\/a><\/div>\n<p>The post <a href=\"https:\/\/www.paparazzi.com.ar\/romances\/el-reclamo-de-marcela-tauro-a-andrea-taboada-por-un-novio-periodista-que-compartieron-me-engano-con-vos\/\">El reclamo de Marcela Tauro a Andrea Taboada por un novio periodista que compartieron: \u201cMe enga\u00f1\u00f3 con vos\u201d<\/a> appeared first on <a href=\"https:\/\/www.paparazzi.com.ar\">Revista Paparazzi<\/a>.<\/p>\n","protected":false},"excerpt":{"rendered":"<p>Los mediod\u00edas en Intrusos suelen tener momentos de confesiones inesperadas, pero lo que ocurri\u00f3 este<\/p>\n","protected":false},"author":0,"featured_media":10379,"comment_status":"","ping_status":"","sticky":false,"template":"","format":"standard","meta":{"footnotes":""},"categories":[11],"tags":[],"class_list":["post-10378","post","type-post","status-publish","format-standard","has-post-thumbnail","hentry","category-destacadas"],"yoast_head":"<!-- This site is optimized with the Yoast SEO plugin v27.4 - https:\/\/yoast.com\/product\/yoast-seo-wordpress\/ -->\n<title>El reclamo de Marcela Tauro a Andrea Taboada por un novio periodista que compartieron: \u201cMe enga\u00f1\u00f3 con vos\u201d - Fm Gente<\/title>\n<meta name=\"robots\" content=\"index, follow, max-snippet:-1, max-image-preview:large, max-video-preview:-1\" \/>\n<link rel=\"canonical\" href=\"https:\/\/fmgente.com.ar\/web\/el-reclamo-de-marcela-tauro-a-andrea-taboada-por-un-novio-periodista-que-compartieron-me-engano-con-vos\/\" \/>\n<meta property=\"og:locale\" content=\"es_ES\" \/>\n<meta property=\"og:type\" content=\"article\" \/>\n<meta property=\"og:title\" content=\"El reclamo de Marcela Tauro a Andrea Taboada por un novio periodista que compartieron: \u201cMe enga\u00f1\u00f3 con vos\u201d - Fm Gente\" \/>\n<meta property=\"og:description\" content=\"Los mediod\u00edas en Intrusos suelen tener momentos de confesiones inesperadas, pero lo que ocurri\u00f3 este\" \/>\n<meta property=\"og:url\" content=\"https:\/\/fmgente.com.ar\/web\/el-reclamo-de-marcela-tauro-a-andrea-taboada-por-un-novio-periodista-que-compartieron-me-engano-con-vos\/\" \/>\n<meta property=\"og:site_name\" content=\"Fm Gente\" \/>\n<meta property=\"article:published_time\" content=\"2025-11-22T12:04:59+00:00\" \/>\n<meta property=\"og:image\" content=\"https:\/\/fmgente.com.ar\/web\/wp-content\/uploads\/2025\/11\/Ventura-1-359x226-73.jpg\" \/>\n\t<meta property=\"og:image:width\" content=\"359\" \/>\n\t<meta property=\"og:image:height\" content=\"226\" \/>\n\t<meta property=\"og:image:type\" content=\"image\/jpeg\" \/>\n<meta name=\"twitter:card\" content=\"summary_large_image\" \/>\n<meta name=\"twitter:label1\" content=\"Tiempo de lectura\" \/>\n\t<meta name=\"twitter:data1\" content=\"3 minutos\" \/>\n<script type=\"application\/ld+json\" class=\"yoast-schema-graph\">{\"@context\":\"https:\\\/\\\/schema.org\",\"@graph\":[{\"@type\":\"Article\",\"@id\":\"https:\\\/\\\/fmgente.com.ar\\\/web\\\/el-reclamo-de-marcela-tauro-a-andrea-taboada-por-un-novio-periodista-que-compartieron-me-engano-con-vos\\\/#article\",\"isPartOf\":{\"@id\":\"https:\\\/\\\/fmgente.com.ar\\\/web\\\/el-reclamo-de-marcela-tauro-a-andrea-taboada-por-un-novio-periodista-que-compartieron-me-engano-con-vos\\\/\"},\"author\":{\"name\":\"\",\"@id\":\"\"},\"headline\":\"El reclamo de Marcela Tauro a Andrea Taboada por un novio periodista que compartieron: \u201cMe enga\u00f1\u00f3 con vos\u201d\",\"datePublished\":\"2025-11-22T12:04:59+00:00\",\"mainEntityOfPage\":{\"@id\":\"https:\\\/\\\/fmgente.com.ar\\\/web\\\/el-reclamo-de-marcela-tauro-a-andrea-taboada-por-un-novio-periodista-que-compartieron-me-engano-con-vos\\\/\"},\"wordCount\":612,\"publisher\":{\"@id\":\"https:\\\/\\\/fmgente.com.ar\\\/web\\\/#organization\"},\"image\":{\"@id\":\"https:\\\/\\\/fmgente.com.ar\\\/web\\\/el-reclamo-de-marcela-tauro-a-andrea-taboada-por-un-novio-periodista-que-compartieron-me-engano-con-vos\\\/#primaryimage\"},\"thumbnailUrl\":\"https:\\\/\\\/fmgente.com.ar\\\/web\\\/wp-content\\\/uploads\\\/2025\\\/11\\\/Ventura-1-359x226-73.jpg\",\"articleSection\":[\"DESTACADAS\"],\"inLanguage\":\"es\"},{\"@type\":\"WebPage\",\"@id\":\"https:\\\/\\\/fmgente.com.ar\\\/web\\\/el-reclamo-de-marcela-tauro-a-andrea-taboada-por-un-novio-periodista-que-compartieron-me-engano-con-vos\\\/\",\"url\":\"https:\\\/\\\/fmgente.com.ar\\\/web\\\/el-reclamo-de-marcela-tauro-a-andrea-taboada-por-un-novio-periodista-que-compartieron-me-engano-con-vos\\\/\",\"name\":\"El reclamo de Marcela Tauro a Andrea Taboada por un novio periodista que compartieron: \u201cMe enga\u00f1\u00f3 con vos\u201d - Fm Gente\",\"isPartOf\":{\"@id\":\"https:\\\/\\\/fmgente.com.ar\\\/web\\\/#website\"},\"primaryImageOfPage\":{\"@id\":\"https:\\\/\\\/fmgente.com.ar\\\/web\\\/el-reclamo-de-marcela-tauro-a-andrea-taboada-por-un-novio-periodista-que-compartieron-me-engano-con-vos\\\/#primaryimage\"},\"image\":{\"@id\":\"https:\\\/\\\/fmgente.com.ar\\\/web\\\/el-reclamo-de-marcela-tauro-a-andrea-taboada-por-un-novio-periodista-que-compartieron-me-engano-con-vos\\\/#primaryimage\"},\"thumbnailUrl\":\"https:\\\/\\\/fmgente.com.ar\\\/web\\\/wp-content\\\/uploads\\\/2025\\\/11\\\/Ventura-1-359x226-73.jpg\",\"datePublished\":\"2025-11-22T12:04:59+00:00\",\"inLanguage\":\"es\",\"potentialAction\":[{\"@type\":\"ReadAction\",\"target\":[\"https:\\\/\\\/fmgente.com.ar\\\/web\\\/el-reclamo-de-marcela-tauro-a-andrea-taboada-por-un-novio-periodista-que-compartieron-me-engano-con-vos\\\/\"]}]},{\"@type\":\"ImageObject\",\"inLanguage\":\"es\",\"@id\":\"https:\\\/\\\/fmgente.com.ar\\\/web\\\/el-reclamo-de-marcela-tauro-a-andrea-taboada-por-un-novio-periodista-que-compartieron-me-engano-con-vos\\\/#primaryimage\",\"url\":\"https:\\\/\\\/fmgente.com.ar\\\/web\\\/wp-content\\\/uploads\\\/2025\\\/11\\\/Ventura-1-359x226-73.jpg\",\"contentUrl\":\"https:\\\/\\\/fmgente.com.ar\\\/web\\\/wp-content\\\/uploads\\\/2025\\\/11\\\/Ventura-1-359x226-73.jpg\",\"width\":359,\"height\":226},{\"@type\":\"WebSite\",\"@id\":\"https:\\\/\\\/fmgente.com.ar\\\/web\\\/#website\",\"url\":\"https:\\\/\\\/fmgente.com.ar\\\/web\\\/\",\"name\":\"Fm Gente\",\"description\":\"- Jes\u00fas Mar\u00eda\",\"publisher\":{\"@id\":\"https:\\\/\\\/fmgente.com.ar\\\/web\\\/#organization\"},\"potentialAction\":[{\"@type\":\"SearchAction\",\"target\":{\"@type\":\"EntryPoint\",\"urlTemplate\":\"https:\\\/\\\/fmgente.com.ar\\\/web\\\/?s={search_term_string}\"},\"query-input\":{\"@type\":\"PropertyValueSpecification\",\"valueRequired\":true,\"valueName\":\"search_term_string\"}}],\"inLanguage\":\"es\"},{\"@type\":\"Organization\",\"@id\":\"https:\\\/\\\/fmgente.com.ar\\\/web\\\/#organization\",\"name\":\"Fm Gente\",\"url\":\"https:\\\/\\\/fmgente.com.ar\\\/web\\\/\",\"logo\":{\"@type\":\"ImageObject\",\"inLanguage\":\"es\",\"@id\":\"https:\\\/\\\/fmgente.com.ar\\\/web\\\/#\\\/schema\\\/logo\\\/image\\\/\",\"url\":\"https:\\\/\\\/fmgente.com.ar\\\/web\\\/wp-content\\\/uploads\\\/2023\\\/07\\\/cropped-cropped-logo-sombra2.png\",\"contentUrl\":\"https:\\\/\\\/fmgente.com.ar\\\/web\\\/wp-content\\\/uploads\\\/2023\\\/07\\\/cropped-cropped-logo-sombra2.png\",\"width\":1782,\"height\":1782,\"caption\":\"Fm Gente\"},\"image\":{\"@id\":\"https:\\\/\\\/fmgente.com.ar\\\/web\\\/#\\\/schema\\\/logo\\\/image\\\/\"}}]}<\/script>\n<!-- \/ Yoast SEO plugin. -->","yoast_head_json":{"title":"El reclamo de Marcela Tauro a Andrea Taboada por un novio periodista que compartieron: \u201cMe enga\u00f1\u00f3 con vos\u201d - Fm Gente","robots":{"index":"index","follow":"follow","max-snippet":"max-snippet:-1","max-image-preview":"max-image-preview:large","max-video-preview":"max-video-preview:-1"},"canonical":"https:\/\/fmgente.com.ar\/web\/el-reclamo-de-marcela-tauro-a-andrea-taboada-por-un-novio-periodista-que-compartieron-me-engano-con-vos\/","og_locale":"es_ES","og_type":"article","og_title":"El reclamo de Marcela Tauro a Andrea Taboada por un novio periodista que compartieron: \u201cMe enga\u00f1\u00f3 con vos\u201d - Fm Gente","og_description":"Los mediod\u00edas en Intrusos suelen tener momentos de confesiones inesperadas, pero lo que ocurri\u00f3 este","og_url":"https:\/\/fmgente.com.ar\/web\/el-reclamo-de-marcela-tauro-a-andrea-taboada-por-un-novio-periodista-que-compartieron-me-engano-con-vos\/","og_site_name":"Fm Gente","article_published_time":"2025-11-22T12:04:59+00:00","og_image":[{"width":359,"height":226,"url":"https:\/\/fmgente.com.ar\/web\/wp-content\/uploads\/2025\/11\/Ventura-1-359x226-73.jpg","type":"image\/jpeg"}],"twitter_card":"summary_large_image","twitter_misc":{"Tiempo de lectura":"3 minutos"},"schema":{"@context":"https:\/\/schema.org","@graph":[{"@type":"Article","@id":"https:\/\/fmgente.com.ar\/web\/el-reclamo-de-marcela-tauro-a-andrea-taboada-por-un-novio-periodista-que-compartieron-me-engano-con-vos\/#article","isPartOf":{"@id":"https:\/\/fmgente.com.ar\/web\/el-reclamo-de-marcela-tauro-a-andrea-taboada-por-un-novio-periodista-que-compartieron-me-engano-con-vos\/"},"author":{"name":"","@id":""},"headline":"El reclamo de Marcela Tauro a Andrea Taboada por un novio periodista que compartieron: \u201cMe enga\u00f1\u00f3 con vos\u201d","datePublished":"2025-11-22T12:04:59+00:00","mainEntityOfPage":{"@id":"https:\/\/fmgente.com.ar\/web\/el-reclamo-de-marcela-tauro-a-andrea-taboada-por-un-novio-periodista-que-compartieron-me-engano-con-vos\/"},"wordCount":612,"publisher":{"@id":"https:\/\/fmgente.com.ar\/web\/#organization"},"image":{"@id":"https:\/\/fmgente.com.ar\/web\/el-reclamo-de-marcela-tauro-a-andrea-taboada-por-un-novio-periodista-que-compartieron-me-engano-con-vos\/#primaryimage"},"thumbnailUrl":"https:\/\/fmgente.com.ar\/web\/wp-content\/uploads\/2025\/11\/Ventura-1-359x226-73.jpg","articleSection":["DESTACADAS"],"inLanguage":"es"},{"@type":"WebPage","@id":"https:\/\/fmgente.com.ar\/web\/el-reclamo-de-marcela-tauro-a-andrea-taboada-por-un-novio-periodista-que-compartieron-me-engano-con-vos\/","url":"https:\/\/fmgente.com.ar\/web\/el-reclamo-de-marcela-tauro-a-andrea-taboada-por-un-novio-periodista-que-compartieron-me-engano-con-vos\/","name":"El reclamo de Marcela Tauro a Andrea Taboada por un novio periodista que compartieron: \u201cMe enga\u00f1\u00f3 con vos\u201d - Fm Gente","isPartOf":{"@id":"https:\/\/fmgente.com.ar\/web\/#website"},"primaryImageOfPage":{"@id":"https:\/\/fmgente.com.ar\/web\/el-reclamo-de-marcela-tauro-a-andrea-taboada-por-un-novio-periodista-que-compartieron-me-engano-con-vos\/#primaryimage"},"image":{"@id":"https:\/\/fmgente.com.ar\/web\/el-reclamo-de-marcela-tauro-a-andrea-taboada-por-un-novio-periodista-que-compartieron-me-engano-con-vos\/#primaryimage"},"thumbnailUrl":"https:\/\/fmgente.com.ar\/web\/wp-content\/uploads\/2025\/11\/Ventura-1-359x226-73.jpg","datePublished":"2025-11-22T12:04:59+00:00","inLanguage":"es","potentialAction":[{"@type":"ReadAction","target":["https:\/\/fmgente.com.ar\/web\/el-reclamo-de-marcela-tauro-a-andrea-taboada-por-un-novio-periodista-que-compartieron-me-engano-con-vos\/"]}]},{"@type":"ImageObject","inLanguage":"es","@id":"https:\/\/fmgente.com.ar\/web\/el-reclamo-de-marcela-tauro-a-andrea-taboada-por-un-novio-periodista-que-compartieron-me-engano-con-vos\/#primaryimage","url":"https:\/\/fmgente.com.ar\/web\/wp-content\/uploads\/2025\/11\/Ventura-1-359x226-73.jpg","contentUrl":"https:\/\/fmgente.com.ar\/web\/wp-content\/uploads\/2025\/11\/Ventura-1-359x226-73.jpg","width":359,"height":226},{"@type":"WebSite","@id":"https:\/\/fmgente.com.ar\/web\/#website","url":"https:\/\/fmgente.com.ar\/web\/","name":"Fm Gente","description":"- Jes\u00fas Mar\u00eda","publisher":{"@id":"https:\/\/fmgente.com.ar\/web\/#organization"},"potentialAction":[{"@type":"SearchAction","target":{"@type":"EntryPoint","urlTemplate":"https:\/\/fmgente.com.ar\/web\/?s={search_term_string}"},"query-input":{"@type":"PropertyValueSpecification","valueRequired":true,"valueName":"search_term_string"}}],"inLanguage":"es"},{"@type":"Organization","@id":"https:\/\/fmgente.com.ar\/web\/#organization","name":"Fm Gente","url":"https:\/\/fmgente.com.ar\/web\/","logo":{"@type":"ImageObject","inLanguage":"es","@id":"https:\/\/fmgente.com.ar\/web\/#\/schema\/logo\/image\/","url":"https:\/\/fmgente.com.ar\/web\/wp-content\/uploads\/2023\/07\/cropped-cropped-logo-sombra2.png","contentUrl":"https:\/\/fmgente.com.ar\/web\/wp-content\/uploads\/2023\/07\/cropped-cropped-logo-sombra2.png","width":1782,"height":1782,"caption":"Fm Gente"},"image":{"@id":"https:\/\/fmgente.com.ar\/web\/#\/schema\/logo\/image\/"}}]}},"_links":{"self":[{"href":"https:\/\/fmgente.com.ar\/web\/wp-json\/wp\/v2\/posts\/10378","targetHints":{"allow":["GET"]}}],"collection":[{"href":"https:\/\/fmgente.com.ar\/web\/wp-json\/wp\/v2\/posts"}],"about":[{"href":"https:\/\/fmgente.com.ar\/web\/wp-json\/wp\/v2\/types\/post"}],"replies":[{"embeddable":true,"href":"https:\/\/fmgente.com.ar\/web\/wp-json\/wp\/v2\/comments?post=10378"}],"version-history":[{"count":0,"href":"https:\/\/fmgente.com.ar\/web\/wp-json\/wp\/v2\/posts\/10378\/revisions"}],"wp:featuredmedia":[{"embeddable":true,"href":"https:\/\/fmgente.com.ar\/web\/wp-json\/wp\/v2\/media\/10379"}],"wp:attachment":[{"href":"https:\/\/fmgente.com.ar\/web\/wp-json\/wp\/v2\/media?parent=10378"}],"wp:term":[{"taxonomy":"category","embeddable":true,"href":"https:\/\/fmgente.com.ar\/web\/wp-json\/wp\/v2\/categories?post=10378"},{"taxonomy":"post_tag","embeddable":true,"href":"https:\/\/fmgente.com.ar\/web\/wp-json\/wp\/v2\/tags?post=10378"}],"curies":[{"name":"wp","href":"https:\/\/api.w.org\/{rel}","templated":true}]}}