{"id":10374,"date":"2025-11-22T09:04:58","date_gmt":"2025-11-22T12:04:58","guid":{"rendered":"https:\/\/fmgente.com.ar\/pampita-confeso-cual-es-su-mayor-temor-ante-el-paso-del-tiempo-no-me-quiero-deformar-la-cara\/"},"modified":"2025-11-22T09:04:58","modified_gmt":"2025-11-22T12:04:58","slug":"pampita-confeso-cual-es-su-mayor-temor-ante-el-paso-del-tiempo-no-me-quiero-deformar-la-cara","status":"publish","type":"post","link":"https:\/\/fmgente.com.ar\/web\/pampita-confeso-cual-es-su-mayor-temor-ante-el-paso-del-tiempo-no-me-quiero-deformar-la-cara\/","title":{"rendered":"Pampita confes\u00f3 cu\u00e1l es su mayor temor ante el paso del tiempo: \u201cNo me quiero deformar la cara\u201d"},"content":{"rendered":"<p><strong>Carolina Ardohain, m\u00e1s y mejor conocida como Pampita, <\/strong>visit\u00f3 los estudios de <em>Olga<\/em> donde particip\u00f3 del ciclo <em>Ser\u00eda incre\u00edble<\/em> y se anim\u00f3 a hablar y contestar de todo. Entre otras cosas revel\u00f3 c\u00f3mo administrar su econom\u00eda, c\u00f3mo enfrent\u00f3 rumores de romances con futbolistas comprometidos, cuestiones de la maternidad, de su carrera y sus tips de belleza.<\/p>\n<p>As\u00ed, en ese contexto fue que<strong> Nati Jota<\/strong>, quien oficia de host del programa, le pregunt\u00f3 c\u00f3mo hace, siendo una de las mujeres m\u00e1s hermosas e influyentes de nuestro pa\u00eds, para no caer en la tentaci\u00f3n de tantas cirug\u00edas y retoques que suelen hacerse hoy en d\u00eda.<\/p>\n<p>A lo que <strong><em><a href=\"https:\/\/www.paparazzi.com.ar\/teve\/pampita-confeso-como-hace-para-espiar-cuando-la-gente-habla-de-ella-en-redes-sociales\/\">Pampita<\/a><\/em><\/strong>, consciente del paso del tiempo y de la oferta de posibles rejuvenecimientos que podr\u00eda hacerse, explic\u00f3: \u201cS<em>\u00ed, quiero estar bien si voy a estar en la tele muchos a\u00f1os m\u00e1s. Como que m\u00e1s o menos mantenerme. Pero mantenerme con un equilibrio\u201d<\/em>.<\/p>\n<div class=\"mt-box \">\n<h4 class=\"mt-heading\">Mir\u00e1 Tambi\u00e9n<\/h4>\n<p><a href=\"https:\/\/www.paparazzi.com.ar\/teve\/las-fotos-de-las-hijas-de-wanda-nara-y-de-la-china-suarez-juntas-y-en-familia-las-nenitas-estaban\/\"><\/p>\n<div class=\"mt-content\">\n<div class=\"mt-image-container\"><img decoding=\"async\" src=\"https:\/\/www.paparazzi.com.ar\/wp-content\/uploads\/2025\/11\/china-suarez-hijas-359x226.jpg\" alt=\"Las fotos de las hijas de Wanda Nara y de la China Su\u00e1rez, juntas y en familia: \u201cLas nenitas estaban\u2026\u201d\" class=\"mt-image\" loading=\"lazy\" \/><\/div>\n<h5 class=\"mt-title\">Las fotos de las hijas de Wanda Nara y de la China Su\u00e1rez, juntas y en familia: \u201cLas nenitas estaban\u2026\u201d<\/h5>\n<\/div>\n<p><\/a><\/div>\n<p>\u201c<em>No me quiero deformar la cara. Tengo un centro de est\u00e9tica donde tenemos m\u00e1quinas incre\u00edbles y s\u00ed, las uso, obviamente. Por ejemplo, uso radiofrecuencia. No son invasivas. Soy cuidadosa con el tema de inyectarme cosas porque me da miedo\u201d, co<\/em>ntinu\u00f3 remarcando.<\/p>\n<h2 class=\"wp-block-heading\">BELLEZA NATURAL&#8230; Y SIN RETOQUES PARA PAMPITA<\/h2>\n<p>Si bien luce espl\u00e9ndida y el tiempo no parece pasar para<a href=\"https:\/\/www.paparazzi.com.ar\/romances\/pampita-conto-el-cara-a-cara-que-tuvo-con-su-hijo-beltran-por-su-romance-con-enzo-fernandez\/\"> la modelo y conductora,<\/a> lejos de someterse a cirug\u00edas o cambios m\u00e1s bruscos reconoci\u00f3 que prefiere, por ahora, cuidarse con aparatolog\u00eda. \u201c<em>Me da miedo deformarme. Como que despu\u00e9s no hay vuelta atr\u00e1s<\/em>\u201d, lanz\u00f3.<\/p>\n<p>A los 47 a\u00f1os, tras dar a luz a cinco hijos y con una agenda ajustada de compromisos laborales y personales Carolina Pampita Ardoahin sigue destac\u00e1ndose como modelo y es una de las celebridades preferidas de las marcas y empresas para trabajar con su imagen.<\/p>\n<figure class=\"wp-block-image size-full\"><img decoding=\"async\" width=\"424\" height=\"229\" src=\"https:\/\/www.paparazzi.com.ar\/wp-content\/uploads\/2025\/11\/pampita-olga.jpeg.webp\" loading=\"lazy\" alt=\"\" class=\"wp-image-453565\" \/><\/figure>\n<div class=\"mt-box \">\n<h4 class=\"mt-heading\">Mir\u00e1 Tambi\u00e9n<\/h4>\n<p><a href=\"https:\/\/www.paparazzi.com.ar\/teve\/terrible-sol-perez-confeso-los-choques-mas-fuertes-que-tiene-con-su-marido-soy-muy\/\"><\/p>\n<div class=\"mt-content\">\n<div class=\"mt-image-container\"><img decoding=\"async\" src=\"https:\/\/www.paparazzi.com.ar\/wp-content\/uploads\/2025\/11\/sol-perez-359x226.jpeg\" alt=\"\u00a1Terrible! Sol P\u00e9rez confes\u00f3 los choques m\u00e1s fuertes que tiene con su marido: \u201cSoy muy... \u201c\" class=\"mt-image\" loading=\"lazy\" \/><\/div>\n<h5 class=\"mt-title\">\u00a1Terrible! Sol P\u00e9rez confes\u00f3 los choques m\u00e1s fuertes que tiene con su marido: \u201cSoy muy&#8230; \u201c<\/h5>\n<\/div>\n<p><\/a><\/div>\n<div class=\"mt-box \">\n<h4 class=\"mt-heading\">Mir\u00e1 Tambi\u00e9n<\/h4>\n<p><a href=\"https:\/\/www.paparazzi.com.ar\/teve\/enamoramiento-la-confesion-de-andy-chango-sobre-maxi-lopez-que-sorprendio-a-todos-en-masterchef\/\"><\/p>\n<div class=\"mt-content\">\n<div class=\"mt-image-container\"><img decoding=\"async\" src=\"https:\/\/www.paparazzi.com.ar\/wp-content\/uploads\/2025\/11\/Maxi-Lopez-y-Andy-Chango-359x226.jpg\" alt=\"\u00bfEnamoramiento? La confesi\u00f3n de Andy Chango sobre Maxi L\u00f3pez que sorprendi\u00f3 a todos en MasterChef\" class=\"mt-image\" loading=\"lazy\" \/><\/div>\n<h5 class=\"mt-title\">\u00bfEnamoramiento? La confesi\u00f3n de Andy Chango sobre Maxi L\u00f3pez que sorprendi\u00f3 a todos en MasterChef<\/h5>\n<\/div>\n<p><\/a><\/div>\n<p>The post <a href=\"https:\/\/www.paparazzi.com.ar\/teve\/pampita-confeso-cual-es-su-mayor-temor-ante-el-paso-del-tiempo-no-me-quiero-deformar-la-cara\/\">Pampita confes\u00f3 cu\u00e1l es su mayor temor ante el paso del tiempo: \u201cNo me quiero deformar la cara\u201d<\/a> appeared first on <a href=\"https:\/\/www.paparazzi.com.ar\">Revista Paparazzi<\/a>.<\/p>\n","protected":false},"excerpt":{"rendered":"<p>Carolina Ardohain, m\u00e1s y mejor conocida como Pampita, visit\u00f3 los estudios de Olga donde particip\u00f3<\/p>\n","protected":false},"author":0,"featured_media":10375,"comment_status":"","ping_status":"","sticky":false,"template":"","format":"standard","meta":{"footnotes":""},"categories":[11],"tags":[],"class_list":["post-10374","post","type-post","status-publish","format-standard","has-post-thumbnail","hentry","category-destacadas"],"yoast_head":"<!-- This site is optimized with the Yoast SEO plugin v27.4 - https:\/\/yoast.com\/product\/yoast-seo-wordpress\/ -->\n<title>Pampita confes\u00f3 cu\u00e1l es su mayor temor ante el paso del tiempo: \u201cNo me quiero deformar la cara\u201d - Fm Gente<\/title>\n<meta name=\"robots\" content=\"index, follow, max-snippet:-1, max-image-preview:large, max-video-preview:-1\" \/>\n<link rel=\"canonical\" href=\"https:\/\/fmgente.com.ar\/web\/pampita-confeso-cual-es-su-mayor-temor-ante-el-paso-del-tiempo-no-me-quiero-deformar-la-cara\/\" \/>\n<meta property=\"og:locale\" content=\"es_ES\" \/>\n<meta property=\"og:type\" content=\"article\" \/>\n<meta property=\"og:title\" content=\"Pampita confes\u00f3 cu\u00e1l es su mayor temor ante el paso del tiempo: \u201cNo me quiero deformar la cara\u201d - Fm Gente\" \/>\n<meta property=\"og:description\" content=\"Carolina Ardohain, m\u00e1s y mejor conocida como Pampita, visit\u00f3 los estudios de Olga donde particip\u00f3\" \/>\n<meta property=\"og:url\" content=\"https:\/\/fmgente.com.ar\/web\/pampita-confeso-cual-es-su-mayor-temor-ante-el-paso-del-tiempo-no-me-quiero-deformar-la-cara\/\" \/>\n<meta property=\"og:site_name\" content=\"Fm Gente\" \/>\n<meta property=\"article:published_time\" content=\"2025-11-22T12:04:58+00:00\" \/>\n<meta property=\"og:image\" content=\"https:\/\/fmgente.com.ar\/web\/wp-content\/uploads\/2025\/11\/china-suarez-hijas-359x226-2.jpg\" \/>\n\t<meta property=\"og:image:width\" content=\"359\" \/>\n\t<meta property=\"og:image:height\" content=\"226\" \/>\n\t<meta property=\"og:image:type\" content=\"image\/jpeg\" \/>\n<meta name=\"twitter:card\" content=\"summary_large_image\" \/>\n<meta name=\"twitter:label1\" content=\"Tiempo de lectura\" \/>\n\t<meta name=\"twitter:data1\" content=\"2 minutos\" \/>\n<script type=\"application\/ld+json\" class=\"yoast-schema-graph\">{\"@context\":\"https:\\\/\\\/schema.org\",\"@graph\":[{\"@type\":\"Article\",\"@id\":\"https:\\\/\\\/fmgente.com.ar\\\/web\\\/pampita-confeso-cual-es-su-mayor-temor-ante-el-paso-del-tiempo-no-me-quiero-deformar-la-cara\\\/#article\",\"isPartOf\":{\"@id\":\"https:\\\/\\\/fmgente.com.ar\\\/web\\\/pampita-confeso-cual-es-su-mayor-temor-ante-el-paso-del-tiempo-no-me-quiero-deformar-la-cara\\\/\"},\"author\":{\"name\":\"\",\"@id\":\"\"},\"headline\":\"Pampita confes\u00f3 cu\u00e1l es su mayor temor ante el paso del tiempo: \u201cNo me quiero deformar la cara\u201d\",\"datePublished\":\"2025-11-22T12:04:58+00:00\",\"mainEntityOfPage\":{\"@id\":\"https:\\\/\\\/fmgente.com.ar\\\/web\\\/pampita-confeso-cual-es-su-mayor-temor-ante-el-paso-del-tiempo-no-me-quiero-deformar-la-cara\\\/\"},\"wordCount\":420,\"publisher\":{\"@id\":\"https:\\\/\\\/fmgente.com.ar\\\/web\\\/#organization\"},\"image\":{\"@id\":\"https:\\\/\\\/fmgente.com.ar\\\/web\\\/pampita-confeso-cual-es-su-mayor-temor-ante-el-paso-del-tiempo-no-me-quiero-deformar-la-cara\\\/#primaryimage\"},\"thumbnailUrl\":\"https:\\\/\\\/fmgente.com.ar\\\/web\\\/wp-content\\\/uploads\\\/2025\\\/11\\\/china-suarez-hijas-359x226-2.jpg\",\"articleSection\":[\"DESTACADAS\"],\"inLanguage\":\"es\"},{\"@type\":\"WebPage\",\"@id\":\"https:\\\/\\\/fmgente.com.ar\\\/web\\\/pampita-confeso-cual-es-su-mayor-temor-ante-el-paso-del-tiempo-no-me-quiero-deformar-la-cara\\\/\",\"url\":\"https:\\\/\\\/fmgente.com.ar\\\/web\\\/pampita-confeso-cual-es-su-mayor-temor-ante-el-paso-del-tiempo-no-me-quiero-deformar-la-cara\\\/\",\"name\":\"Pampita confes\u00f3 cu\u00e1l es su mayor temor ante el paso del tiempo: \u201cNo me quiero deformar la cara\u201d - Fm Gente\",\"isPartOf\":{\"@id\":\"https:\\\/\\\/fmgente.com.ar\\\/web\\\/#website\"},\"primaryImageOfPage\":{\"@id\":\"https:\\\/\\\/fmgente.com.ar\\\/web\\\/pampita-confeso-cual-es-su-mayor-temor-ante-el-paso-del-tiempo-no-me-quiero-deformar-la-cara\\\/#primaryimage\"},\"image\":{\"@id\":\"https:\\\/\\\/fmgente.com.ar\\\/web\\\/pampita-confeso-cual-es-su-mayor-temor-ante-el-paso-del-tiempo-no-me-quiero-deformar-la-cara\\\/#primaryimage\"},\"thumbnailUrl\":\"https:\\\/\\\/fmgente.com.ar\\\/web\\\/wp-content\\\/uploads\\\/2025\\\/11\\\/china-suarez-hijas-359x226-2.jpg\",\"datePublished\":\"2025-11-22T12:04:58+00:00\",\"inLanguage\":\"es\",\"potentialAction\":[{\"@type\":\"ReadAction\",\"target\":[\"https:\\\/\\\/fmgente.com.ar\\\/web\\\/pampita-confeso-cual-es-su-mayor-temor-ante-el-paso-del-tiempo-no-me-quiero-deformar-la-cara\\\/\"]}]},{\"@type\":\"ImageObject\",\"inLanguage\":\"es\",\"@id\":\"https:\\\/\\\/fmgente.com.ar\\\/web\\\/pampita-confeso-cual-es-su-mayor-temor-ante-el-paso-del-tiempo-no-me-quiero-deformar-la-cara\\\/#primaryimage\",\"url\":\"https:\\\/\\\/fmgente.com.ar\\\/web\\\/wp-content\\\/uploads\\\/2025\\\/11\\\/china-suarez-hijas-359x226-2.jpg\",\"contentUrl\":\"https:\\\/\\\/fmgente.com.ar\\\/web\\\/wp-content\\\/uploads\\\/2025\\\/11\\\/china-suarez-hijas-359x226-2.jpg\",\"width\":359,\"height\":226},{\"@type\":\"WebSite\",\"@id\":\"https:\\\/\\\/fmgente.com.ar\\\/web\\\/#website\",\"url\":\"https:\\\/\\\/fmgente.com.ar\\\/web\\\/\",\"name\":\"Fm Gente\",\"description\":\"- Jes\u00fas Mar\u00eda\",\"publisher\":{\"@id\":\"https:\\\/\\\/fmgente.com.ar\\\/web\\\/#organization\"},\"potentialAction\":[{\"@type\":\"SearchAction\",\"target\":{\"@type\":\"EntryPoint\",\"urlTemplate\":\"https:\\\/\\\/fmgente.com.ar\\\/web\\\/?s={search_term_string}\"},\"query-input\":{\"@type\":\"PropertyValueSpecification\",\"valueRequired\":true,\"valueName\":\"search_term_string\"}}],\"inLanguage\":\"es\"},{\"@type\":\"Organization\",\"@id\":\"https:\\\/\\\/fmgente.com.ar\\\/web\\\/#organization\",\"name\":\"Fm Gente\",\"url\":\"https:\\\/\\\/fmgente.com.ar\\\/web\\\/\",\"logo\":{\"@type\":\"ImageObject\",\"inLanguage\":\"es\",\"@id\":\"https:\\\/\\\/fmgente.com.ar\\\/web\\\/#\\\/schema\\\/logo\\\/image\\\/\",\"url\":\"https:\\\/\\\/fmgente.com.ar\\\/web\\\/wp-content\\\/uploads\\\/2023\\\/07\\\/cropped-cropped-logo-sombra2.png\",\"contentUrl\":\"https:\\\/\\\/fmgente.com.ar\\\/web\\\/wp-content\\\/uploads\\\/2023\\\/07\\\/cropped-cropped-logo-sombra2.png\",\"width\":1782,\"height\":1782,\"caption\":\"Fm Gente\"},\"image\":{\"@id\":\"https:\\\/\\\/fmgente.com.ar\\\/web\\\/#\\\/schema\\\/logo\\\/image\\\/\"}}]}<\/script>\n<!-- \/ Yoast SEO plugin. -->","yoast_head_json":{"title":"Pampita confes\u00f3 cu\u00e1l es su mayor temor ante el paso del tiempo: \u201cNo me quiero deformar la cara\u201d - Fm Gente","robots":{"index":"index","follow":"follow","max-snippet":"max-snippet:-1","max-image-preview":"max-image-preview:large","max-video-preview":"max-video-preview:-1"},"canonical":"https:\/\/fmgente.com.ar\/web\/pampita-confeso-cual-es-su-mayor-temor-ante-el-paso-del-tiempo-no-me-quiero-deformar-la-cara\/","og_locale":"es_ES","og_type":"article","og_title":"Pampita confes\u00f3 cu\u00e1l es su mayor temor ante el paso del tiempo: \u201cNo me quiero deformar la cara\u201d - Fm Gente","og_description":"Carolina Ardohain, m\u00e1s y mejor conocida como Pampita, visit\u00f3 los estudios de Olga donde particip\u00f3","og_url":"https:\/\/fmgente.com.ar\/web\/pampita-confeso-cual-es-su-mayor-temor-ante-el-paso-del-tiempo-no-me-quiero-deformar-la-cara\/","og_site_name":"Fm Gente","article_published_time":"2025-11-22T12:04:58+00:00","og_image":[{"width":359,"height":226,"url":"https:\/\/fmgente.com.ar\/web\/wp-content\/uploads\/2025\/11\/china-suarez-hijas-359x226-2.jpg","type":"image\/jpeg"}],"twitter_card":"summary_large_image","twitter_misc":{"Tiempo de lectura":"2 minutos"},"schema":{"@context":"https:\/\/schema.org","@graph":[{"@type":"Article","@id":"https:\/\/fmgente.com.ar\/web\/pampita-confeso-cual-es-su-mayor-temor-ante-el-paso-del-tiempo-no-me-quiero-deformar-la-cara\/#article","isPartOf":{"@id":"https:\/\/fmgente.com.ar\/web\/pampita-confeso-cual-es-su-mayor-temor-ante-el-paso-del-tiempo-no-me-quiero-deformar-la-cara\/"},"author":{"name":"","@id":""},"headline":"Pampita confes\u00f3 cu\u00e1l es su mayor temor ante el paso del tiempo: \u201cNo me quiero deformar la cara\u201d","datePublished":"2025-11-22T12:04:58+00:00","mainEntityOfPage":{"@id":"https:\/\/fmgente.com.ar\/web\/pampita-confeso-cual-es-su-mayor-temor-ante-el-paso-del-tiempo-no-me-quiero-deformar-la-cara\/"},"wordCount":420,"publisher":{"@id":"https:\/\/fmgente.com.ar\/web\/#organization"},"image":{"@id":"https:\/\/fmgente.com.ar\/web\/pampita-confeso-cual-es-su-mayor-temor-ante-el-paso-del-tiempo-no-me-quiero-deformar-la-cara\/#primaryimage"},"thumbnailUrl":"https:\/\/fmgente.com.ar\/web\/wp-content\/uploads\/2025\/11\/china-suarez-hijas-359x226-2.jpg","articleSection":["DESTACADAS"],"inLanguage":"es"},{"@type":"WebPage","@id":"https:\/\/fmgente.com.ar\/web\/pampita-confeso-cual-es-su-mayor-temor-ante-el-paso-del-tiempo-no-me-quiero-deformar-la-cara\/","url":"https:\/\/fmgente.com.ar\/web\/pampita-confeso-cual-es-su-mayor-temor-ante-el-paso-del-tiempo-no-me-quiero-deformar-la-cara\/","name":"Pampita confes\u00f3 cu\u00e1l es su mayor temor ante el paso del tiempo: \u201cNo me quiero deformar la cara\u201d - Fm Gente","isPartOf":{"@id":"https:\/\/fmgente.com.ar\/web\/#website"},"primaryImageOfPage":{"@id":"https:\/\/fmgente.com.ar\/web\/pampita-confeso-cual-es-su-mayor-temor-ante-el-paso-del-tiempo-no-me-quiero-deformar-la-cara\/#primaryimage"},"image":{"@id":"https:\/\/fmgente.com.ar\/web\/pampita-confeso-cual-es-su-mayor-temor-ante-el-paso-del-tiempo-no-me-quiero-deformar-la-cara\/#primaryimage"},"thumbnailUrl":"https:\/\/fmgente.com.ar\/web\/wp-content\/uploads\/2025\/11\/china-suarez-hijas-359x226-2.jpg","datePublished":"2025-11-22T12:04:58+00:00","inLanguage":"es","potentialAction":[{"@type":"ReadAction","target":["https:\/\/fmgente.com.ar\/web\/pampita-confeso-cual-es-su-mayor-temor-ante-el-paso-del-tiempo-no-me-quiero-deformar-la-cara\/"]}]},{"@type":"ImageObject","inLanguage":"es","@id":"https:\/\/fmgente.com.ar\/web\/pampita-confeso-cual-es-su-mayor-temor-ante-el-paso-del-tiempo-no-me-quiero-deformar-la-cara\/#primaryimage","url":"https:\/\/fmgente.com.ar\/web\/wp-content\/uploads\/2025\/11\/china-suarez-hijas-359x226-2.jpg","contentUrl":"https:\/\/fmgente.com.ar\/web\/wp-content\/uploads\/2025\/11\/china-suarez-hijas-359x226-2.jpg","width":359,"height":226},{"@type":"WebSite","@id":"https:\/\/fmgente.com.ar\/web\/#website","url":"https:\/\/fmgente.com.ar\/web\/","name":"Fm Gente","description":"- Jes\u00fas Mar\u00eda","publisher":{"@id":"https:\/\/fmgente.com.ar\/web\/#organization"},"potentialAction":[{"@type":"SearchAction","target":{"@type":"EntryPoint","urlTemplate":"https:\/\/fmgente.com.ar\/web\/?s={search_term_string}"},"query-input":{"@type":"PropertyValueSpecification","valueRequired":true,"valueName":"search_term_string"}}],"inLanguage":"es"},{"@type":"Organization","@id":"https:\/\/fmgente.com.ar\/web\/#organization","name":"Fm Gente","url":"https:\/\/fmgente.com.ar\/web\/","logo":{"@type":"ImageObject","inLanguage":"es","@id":"https:\/\/fmgente.com.ar\/web\/#\/schema\/logo\/image\/","url":"https:\/\/fmgente.com.ar\/web\/wp-content\/uploads\/2023\/07\/cropped-cropped-logo-sombra2.png","contentUrl":"https:\/\/fmgente.com.ar\/web\/wp-content\/uploads\/2023\/07\/cropped-cropped-logo-sombra2.png","width":1782,"height":1782,"caption":"Fm Gente"},"image":{"@id":"https:\/\/fmgente.com.ar\/web\/#\/schema\/logo\/image\/"}}]}},"_links":{"self":[{"href":"https:\/\/fmgente.com.ar\/web\/wp-json\/wp\/v2\/posts\/10374","targetHints":{"allow":["GET"]}}],"collection":[{"href":"https:\/\/fmgente.com.ar\/web\/wp-json\/wp\/v2\/posts"}],"about":[{"href":"https:\/\/fmgente.com.ar\/web\/wp-json\/wp\/v2\/types\/post"}],"replies":[{"embeddable":true,"href":"https:\/\/fmgente.com.ar\/web\/wp-json\/wp\/v2\/comments?post=10374"}],"version-history":[{"count":0,"href":"https:\/\/fmgente.com.ar\/web\/wp-json\/wp\/v2\/posts\/10374\/revisions"}],"wp:featuredmedia":[{"embeddable":true,"href":"https:\/\/fmgente.com.ar\/web\/wp-json\/wp\/v2\/media\/10375"}],"wp:attachment":[{"href":"https:\/\/fmgente.com.ar\/web\/wp-json\/wp\/v2\/media?parent=10374"}],"wp:term":[{"taxonomy":"category","embeddable":true,"href":"https:\/\/fmgente.com.ar\/web\/wp-json\/wp\/v2\/categories?post=10374"},{"taxonomy":"post_tag","embeddable":true,"href":"https:\/\/fmgente.com.ar\/web\/wp-json\/wp\/v2\/tags?post=10374"}],"curies":[{"name":"wp","href":"https:\/\/api.w.org\/{rel}","templated":true}]}}