{"id":10368,"date":"2025-11-22T02:05:49","date_gmt":"2025-11-22T05:05:49","guid":{"rendered":"https:\/\/fmgente.com.ar\/que-ver-en-netflix-la-miniserie-de-5-episodios-que-se-termina-en-menos-de-un-dia\/"},"modified":"2025-11-22T02:05:49","modified_gmt":"2025-11-22T05:05:49","slug":"que-ver-en-netflix-la-miniserie-de-5-episodios-que-se-termina-en-menos-de-un-dia","status":"publish","type":"post","link":"https:\/\/fmgente.com.ar\/web\/que-ver-en-netflix-la-miniserie-de-5-episodios-que-se-termina-en-menos-de-un-dia\/","title":{"rendered":"Qu\u00e9 ver en Netflix: la miniserie de 5 episodios que se termina en menos de un d\u00eda"},"content":{"rendered":"<p>La miniserie que est\u00e1 explotando en <strong><a href=\"https:\/\/www.paparazzi.com.ar\/teve\/que-ver-en-netflix-la-miniserie-con-6-episodios-que-revoluciono-al-mundo\/\">Netflix<\/a><\/strong> es <em>Ve en tus manos<\/em>, un drama sueco de <strong>cinco episodios<\/strong> que te atrapa desde el primer segundo. Ideal para un marat\u00f3n de fin de semana, es la definici\u00f3n perfecta de contenido breve pero poderoso.<\/p>\n<p>La historia gira alrededor de dos adolescentes, <strong>Billy<\/strong> y <strong>Dogge<\/strong>, quienes son reclutados por una banda criminal en su barrio. A pesar de su juventud, se ven arrastrados a un mundo peligroso del que no pueden despegarse.<\/p>\n<p>Con cada cap\u00edtulo que propuso <a href=\"https:\/\/www.paparazzi.com.ar\/teve\/que-ver-en-netflix-la-miniserie-de-4-episodios-basada-en-hechos-reales-que-es-furor-mundial\/\">Netflix<\/a>, tienen una duraci\u00f3n entre <strong>40 y 50 minutos<\/strong>, se desarrolla un relato intenso sobre violencia, lealtad y las consecuencias de crecer en entornos complicados.<\/p>\n<div class=\"mt-box \">\n<h4 class=\"mt-heading\">Mir\u00e1 Tambi\u00e9n<\/h4>\n<p><a href=\"https:\/\/www.paparazzi.com.ar\/teve\/exclusivo-la-increible-salida-de-mirtha-legrand-viviendo-la-noche-portena-a-sus-98-anos\/\"><\/p>\n<div class=\"mt-content\">\n<div class=\"mt-image-container\"><img decoding=\"async\" src=\"https:\/\/www.paparazzi.com.ar\/wp-content\/uploads\/2025\/11\/\u00a1Exclusivo-La-increible-salida-de-Mirtha-Legrand-viviendo-la-noche-portena-a-sus-98-anos-359x226.jpg\" alt=\"\u00a1Exclusivo! La incre\u00edble salida de Mirtha Legrand viviendo la noche porte\u00f1a a sus 98 a\u00f1os\" class=\"mt-image\" loading=\"lazy\" \/><\/div>\n<h5 class=\"mt-title\">\u00a1Exclusivo! La incre\u00edble salida de Mirtha Legrand viviendo la noche porte\u00f1a a sus 98 a\u00f1os<\/h5>\n<\/div>\n<p><\/a><\/div>\n<p>La direcci\u00f3n est\u00e1 a cargo de <strong>Anna Zackrisson<\/strong>, mientras que el gui\u00f3n fue escrito por <strong>Amanda H\u00f6gberg<\/strong> y <strong>Alex Haridi<\/strong>, quienes logran dar voz a un conflicto social profundo sin caer en lo moralizante.<\/p>\n<h2 class=\"wp-block-heading\">LA MINISERIE DE NETFLIX IDEAL PARA TERMINAR EN UN SOLO D\u00cdA<\/h2>\n<p>La serie se basa en la novela hom\u00f3nima de <strong>Malin Persson Giolito<\/strong>, lo que aporta una base literaria s\u00f3lida y le da a\u00fan m\u00e1s peso a las decisiones que toman los j\u00f3venes protagonistas.<\/p>\n<div class=\"mt-box \">\n<h4 class=\"mt-heading\">Mir\u00e1 Tambi\u00e9n<\/h4>\n<p><a href=\"https:\/\/www.paparazzi.com.ar\/teve\/que-ver-en-netflix-la-miniserie-con-6-episodios-que-revoluciono-al-mundo\/\"><\/p>\n<div class=\"mt-content\">\n<div class=\"mt-image-container\"><img decoding=\"async\" src=\"https:\/\/www.paparazzi.com.ar\/wp-content\/uploads\/2025\/11\/Que-ver-en-Netflix-la-miniserie-con-6-episodios-que-revoluciono-al-mundo--359x226.jpg\" alt=\"Qu\u00e9 ver en Netflix: la miniserie con 6 episodios que revolucion\u00f3 al mundo\" class=\"mt-image\" loading=\"lazy\" \/><\/div>\n<h5 class=\"mt-title\">Qu\u00e9 ver en Netflix: la miniserie con 6 episodios que revolucion\u00f3 al mundo<\/h5>\n<\/div>\n<p><\/a><\/div>\n<p>En el centro de la trama tambi\u00e9n aparece un detective, <strong>Farid<\/strong>, interpretado por <strong>Ardalan Esmaili<\/strong>, que intenta contener la corriente de criminalidad entre menores. Su personaje aporta una mirada policial y humana.<\/p>\n<p><em>Ve<\/em> e<em>n tus manos<\/em> no es solo entretenimiento: hace una reflexi\u00f3n social cruda sobre la exclusi\u00f3n, la marginaci\u00f3n juvenil y c\u00f3mo ciertos j\u00f3venes ven el crimen como \u00fanica salida. Es una serie breve pero con un mensaje potente que est\u00e1 dando que hablar entre los suscriptores de <a href=\"https:\/\/www.paparazzi.com.ar\/teve\/que-ver-en-netflix-la-miniserie-de-5-episodios-que-se-termina-en-unas-horas-y-sorprendio-al-mundo\/\">Netflix<\/a>.<\/p>\n<div class=\"mt-box \">\n<h4 class=\"mt-heading\">Mir\u00e1 Tambi\u00e9n<\/h4>\n<p><a href=\"https:\/\/www.paparazzi.com.ar\/romances\/la-lista-de-las-lujosas-exigencias-de-jesica-cirio-para-su-proximo-novio\/\"><\/p>\n<div class=\"mt-content\">\n<div class=\"mt-image-container\"><img decoding=\"async\" src=\"https:\/\/www.paparazzi.com.ar\/wp-content\/uploads\/2025\/05\/Jesica-Cirio-feria.jpg.webp\" alt=\"La lista de las lujosas exigencias de Jesica Cirio para su pr\u00f3ximo novio\" class=\"mt-image\" loading=\"lazy\" \/><\/div>\n<h5 class=\"mt-title\">La lista de las lujosas exigencias de Jesica Cirio para su pr\u00f3ximo novio<\/h5>\n<\/div>\n<p><\/a><\/div>\n<div class=\"mt-box \">\n<h4 class=\"mt-heading\">Mir\u00e1 Tambi\u00e9n<\/h4>\n<p><a href=\"https:\/\/www.paparazzi.com.ar\/teve\/el-duro-momento-de-salud-de-la-chepi-que-la-llevo-de-urgencia-a-la-clinica-saquenme-este-dolor\/\"><\/p>\n<div class=\"mt-content\">\n<div class=\"mt-image-container\"><img decoding=\"async\" src=\"https:\/\/www.paparazzi.com.ar\/wp-content\/uploads\/2023\/07\/dani-la-chepi-insultos.png.webp\" alt=\"El duro momento de salud de La Chepi que la llev\u00f3 de urgencia a la cl\u00ednica: &quot;\u00a1S\u00e1quenme este dolor!&quot;\" class=\"mt-image\" loading=\"lazy\" \/><\/div>\n<h5 class=\"mt-title\">El duro momento de salud de La Chepi que la llev\u00f3 de urgencia a la cl\u00ednica: \u00ab\u00a1S\u00e1quenme este dolor!\u00bb<\/h5>\n<\/div>\n<p><\/a><\/div>\n<p>The post <a href=\"https:\/\/www.paparazzi.com.ar\/teve\/que-ver-en-netflix-la-miniserie-de-5-episodios-que-se-termina-en-menos-de-un-dia\/\">Qu\u00e9 ver en Netflix: la miniserie de 5 episodios que se termina en menos de un d\u00eda<\/a> appeared first on <a href=\"https:\/\/www.paparazzi.com.ar\">Revista Paparazzi<\/a>.<\/p>\n","protected":false},"excerpt":{"rendered":"<p>La miniserie que est\u00e1 explotando en Netflix es Ve en tus manos, un drama sueco<\/p>\n","protected":false},"author":0,"featured_media":10369,"comment_status":"","ping_status":"","sticky":false,"template":"","format":"standard","meta":{"footnotes":""},"categories":[11],"tags":[],"class_list":["post-10368","post","type-post","status-publish","format-standard","has-post-thumbnail","hentry","category-destacadas"],"yoast_head":"<!-- This site is optimized with the Yoast SEO plugin v27.4 - https:\/\/yoast.com\/product\/yoast-seo-wordpress\/ -->\n<title>Qu\u00e9 ver en Netflix: la miniserie de 5 episodios que se termina en menos de un d\u00eda - Fm Gente<\/title>\n<meta name=\"robots\" content=\"index, follow, max-snippet:-1, max-image-preview:large, max-video-preview:-1\" \/>\n<link rel=\"canonical\" href=\"https:\/\/fmgente.com.ar\/web\/que-ver-en-netflix-la-miniserie-de-5-episodios-que-se-termina-en-menos-de-un-dia\/\" \/>\n<meta property=\"og:locale\" content=\"es_ES\" \/>\n<meta property=\"og:type\" content=\"article\" \/>\n<meta property=\"og:title\" content=\"Qu\u00e9 ver en Netflix: la miniserie de 5 episodios que se termina en menos de un d\u00eda - Fm Gente\" \/>\n<meta property=\"og:description\" content=\"La miniserie que est\u00e1 explotando en Netflix es Ve en tus manos, un drama sueco\" \/>\n<meta property=\"og:url\" content=\"https:\/\/fmgente.com.ar\/web\/que-ver-en-netflix-la-miniserie-de-5-episodios-que-se-termina-en-menos-de-un-dia\/\" \/>\n<meta property=\"og:site_name\" content=\"Fm Gente\" \/>\n<meta property=\"article:published_time\" content=\"2025-11-22T05:05:49+00:00\" \/>\n<meta property=\"og:image\" content=\"https:\/\/fmgente.com.ar\/web\/wp-content\/uploads\/2025\/11\/\u00a1Exclusivo-La-increible-salida-de-Mirtha-Legrand-viviendo-la-noche-portena-a-sus-98-anos-359x226-6.jpg\" \/>\n\t<meta property=\"og:image:width\" content=\"359\" \/>\n\t<meta property=\"og:image:height\" content=\"226\" \/>\n\t<meta property=\"og:image:type\" content=\"image\/jpeg\" \/>\n<meta name=\"twitter:card\" content=\"summary_large_image\" \/>\n<meta name=\"twitter:label1\" content=\"Tiempo de lectura\" \/>\n\t<meta name=\"twitter:data1\" content=\"2 minutos\" \/>\n<script type=\"application\/ld+json\" class=\"yoast-schema-graph\">{\"@context\":\"https:\\\/\\\/schema.org\",\"@graph\":[{\"@type\":\"Article\",\"@id\":\"https:\\\/\\\/fmgente.com.ar\\\/web\\\/que-ver-en-netflix-la-miniserie-de-5-episodios-que-se-termina-en-menos-de-un-dia\\\/#article\",\"isPartOf\":{\"@id\":\"https:\\\/\\\/fmgente.com.ar\\\/web\\\/que-ver-en-netflix-la-miniserie-de-5-episodios-que-se-termina-en-menos-de-un-dia\\\/\"},\"author\":{\"name\":\"\",\"@id\":\"\"},\"headline\":\"Qu\u00e9 ver en Netflix: la miniserie de 5 episodios que se termina en menos de un d\u00eda\",\"datePublished\":\"2025-11-22T05:05:49+00:00\",\"mainEntityOfPage\":{\"@id\":\"https:\\\/\\\/fmgente.com.ar\\\/web\\\/que-ver-en-netflix-la-miniserie-de-5-episodios-que-se-termina-en-menos-de-un-dia\\\/\"},\"wordCount\":401,\"publisher\":{\"@id\":\"https:\\\/\\\/fmgente.com.ar\\\/web\\\/#organization\"},\"image\":{\"@id\":\"https:\\\/\\\/fmgente.com.ar\\\/web\\\/que-ver-en-netflix-la-miniserie-de-5-episodios-que-se-termina-en-menos-de-un-dia\\\/#primaryimage\"},\"thumbnailUrl\":\"https:\\\/\\\/fmgente.com.ar\\\/web\\\/wp-content\\\/uploads\\\/2025\\\/11\\\/\u00a1Exclusivo-La-increible-salida-de-Mirtha-Legrand-viviendo-la-noche-portena-a-sus-98-anos-359x226-6.jpg\",\"articleSection\":[\"DESTACADAS\"],\"inLanguage\":\"es\"},{\"@type\":\"WebPage\",\"@id\":\"https:\\\/\\\/fmgente.com.ar\\\/web\\\/que-ver-en-netflix-la-miniserie-de-5-episodios-que-se-termina-en-menos-de-un-dia\\\/\",\"url\":\"https:\\\/\\\/fmgente.com.ar\\\/web\\\/que-ver-en-netflix-la-miniserie-de-5-episodios-que-se-termina-en-menos-de-un-dia\\\/\",\"name\":\"Qu\u00e9 ver en Netflix: la miniserie de 5 episodios que se termina en menos de un d\u00eda - Fm Gente\",\"isPartOf\":{\"@id\":\"https:\\\/\\\/fmgente.com.ar\\\/web\\\/#website\"},\"primaryImageOfPage\":{\"@id\":\"https:\\\/\\\/fmgente.com.ar\\\/web\\\/que-ver-en-netflix-la-miniserie-de-5-episodios-que-se-termina-en-menos-de-un-dia\\\/#primaryimage\"},\"image\":{\"@id\":\"https:\\\/\\\/fmgente.com.ar\\\/web\\\/que-ver-en-netflix-la-miniserie-de-5-episodios-que-se-termina-en-menos-de-un-dia\\\/#primaryimage\"},\"thumbnailUrl\":\"https:\\\/\\\/fmgente.com.ar\\\/web\\\/wp-content\\\/uploads\\\/2025\\\/11\\\/\u00a1Exclusivo-La-increible-salida-de-Mirtha-Legrand-viviendo-la-noche-portena-a-sus-98-anos-359x226-6.jpg\",\"datePublished\":\"2025-11-22T05:05:49+00:00\",\"inLanguage\":\"es\",\"potentialAction\":[{\"@type\":\"ReadAction\",\"target\":[\"https:\\\/\\\/fmgente.com.ar\\\/web\\\/que-ver-en-netflix-la-miniserie-de-5-episodios-que-se-termina-en-menos-de-un-dia\\\/\"]}]},{\"@type\":\"ImageObject\",\"inLanguage\":\"es\",\"@id\":\"https:\\\/\\\/fmgente.com.ar\\\/web\\\/que-ver-en-netflix-la-miniserie-de-5-episodios-que-se-termina-en-menos-de-un-dia\\\/#primaryimage\",\"url\":\"https:\\\/\\\/fmgente.com.ar\\\/web\\\/wp-content\\\/uploads\\\/2025\\\/11\\\/\u00a1Exclusivo-La-increible-salida-de-Mirtha-Legrand-viviendo-la-noche-portena-a-sus-98-anos-359x226-6.jpg\",\"contentUrl\":\"https:\\\/\\\/fmgente.com.ar\\\/web\\\/wp-content\\\/uploads\\\/2025\\\/11\\\/\u00a1Exclusivo-La-increible-salida-de-Mirtha-Legrand-viviendo-la-noche-portena-a-sus-98-anos-359x226-6.jpg\",\"width\":359,\"height\":226},{\"@type\":\"WebSite\",\"@id\":\"https:\\\/\\\/fmgente.com.ar\\\/web\\\/#website\",\"url\":\"https:\\\/\\\/fmgente.com.ar\\\/web\\\/\",\"name\":\"Fm Gente\",\"description\":\"- Jes\u00fas Mar\u00eda\",\"publisher\":{\"@id\":\"https:\\\/\\\/fmgente.com.ar\\\/web\\\/#organization\"},\"potentialAction\":[{\"@type\":\"SearchAction\",\"target\":{\"@type\":\"EntryPoint\",\"urlTemplate\":\"https:\\\/\\\/fmgente.com.ar\\\/web\\\/?s={search_term_string}\"},\"query-input\":{\"@type\":\"PropertyValueSpecification\",\"valueRequired\":true,\"valueName\":\"search_term_string\"}}],\"inLanguage\":\"es\"},{\"@type\":\"Organization\",\"@id\":\"https:\\\/\\\/fmgente.com.ar\\\/web\\\/#organization\",\"name\":\"Fm Gente\",\"url\":\"https:\\\/\\\/fmgente.com.ar\\\/web\\\/\",\"logo\":{\"@type\":\"ImageObject\",\"inLanguage\":\"es\",\"@id\":\"https:\\\/\\\/fmgente.com.ar\\\/web\\\/#\\\/schema\\\/logo\\\/image\\\/\",\"url\":\"https:\\\/\\\/fmgente.com.ar\\\/web\\\/wp-content\\\/uploads\\\/2023\\\/07\\\/cropped-cropped-logo-sombra2.png\",\"contentUrl\":\"https:\\\/\\\/fmgente.com.ar\\\/web\\\/wp-content\\\/uploads\\\/2023\\\/07\\\/cropped-cropped-logo-sombra2.png\",\"width\":1782,\"height\":1782,\"caption\":\"Fm Gente\"},\"image\":{\"@id\":\"https:\\\/\\\/fmgente.com.ar\\\/web\\\/#\\\/schema\\\/logo\\\/image\\\/\"}}]}<\/script>\n<!-- \/ Yoast SEO plugin. -->","yoast_head_json":{"title":"Qu\u00e9 ver en Netflix: la miniserie de 5 episodios que se termina en menos de un d\u00eda - Fm Gente","robots":{"index":"index","follow":"follow","max-snippet":"max-snippet:-1","max-image-preview":"max-image-preview:large","max-video-preview":"max-video-preview:-1"},"canonical":"https:\/\/fmgente.com.ar\/web\/que-ver-en-netflix-la-miniserie-de-5-episodios-que-se-termina-en-menos-de-un-dia\/","og_locale":"es_ES","og_type":"article","og_title":"Qu\u00e9 ver en Netflix: la miniserie de 5 episodios que se termina en menos de un d\u00eda - Fm Gente","og_description":"La miniserie que est\u00e1 explotando en Netflix es Ve en tus manos, un drama sueco","og_url":"https:\/\/fmgente.com.ar\/web\/que-ver-en-netflix-la-miniserie-de-5-episodios-que-se-termina-en-menos-de-un-dia\/","og_site_name":"Fm Gente","article_published_time":"2025-11-22T05:05:49+00:00","og_image":[{"width":359,"height":226,"url":"https:\/\/fmgente.com.ar\/web\/wp-content\/uploads\/2025\/11\/\u00a1Exclusivo-La-increible-salida-de-Mirtha-Legrand-viviendo-la-noche-portena-a-sus-98-anos-359x226-6.jpg","type":"image\/jpeg"}],"twitter_card":"summary_large_image","twitter_misc":{"Tiempo de lectura":"2 minutos"},"schema":{"@context":"https:\/\/schema.org","@graph":[{"@type":"Article","@id":"https:\/\/fmgente.com.ar\/web\/que-ver-en-netflix-la-miniserie-de-5-episodios-que-se-termina-en-menos-de-un-dia\/#article","isPartOf":{"@id":"https:\/\/fmgente.com.ar\/web\/que-ver-en-netflix-la-miniserie-de-5-episodios-que-se-termina-en-menos-de-un-dia\/"},"author":{"name":"","@id":""},"headline":"Qu\u00e9 ver en Netflix: la miniserie de 5 episodios que se termina en menos de un d\u00eda","datePublished":"2025-11-22T05:05:49+00:00","mainEntityOfPage":{"@id":"https:\/\/fmgente.com.ar\/web\/que-ver-en-netflix-la-miniserie-de-5-episodios-que-se-termina-en-menos-de-un-dia\/"},"wordCount":401,"publisher":{"@id":"https:\/\/fmgente.com.ar\/web\/#organization"},"image":{"@id":"https:\/\/fmgente.com.ar\/web\/que-ver-en-netflix-la-miniserie-de-5-episodios-que-se-termina-en-menos-de-un-dia\/#primaryimage"},"thumbnailUrl":"https:\/\/fmgente.com.ar\/web\/wp-content\/uploads\/2025\/11\/\u00a1Exclusivo-La-increible-salida-de-Mirtha-Legrand-viviendo-la-noche-portena-a-sus-98-anos-359x226-6.jpg","articleSection":["DESTACADAS"],"inLanguage":"es"},{"@type":"WebPage","@id":"https:\/\/fmgente.com.ar\/web\/que-ver-en-netflix-la-miniserie-de-5-episodios-que-se-termina-en-menos-de-un-dia\/","url":"https:\/\/fmgente.com.ar\/web\/que-ver-en-netflix-la-miniserie-de-5-episodios-que-se-termina-en-menos-de-un-dia\/","name":"Qu\u00e9 ver en Netflix: la miniserie de 5 episodios que se termina en menos de un d\u00eda - Fm Gente","isPartOf":{"@id":"https:\/\/fmgente.com.ar\/web\/#website"},"primaryImageOfPage":{"@id":"https:\/\/fmgente.com.ar\/web\/que-ver-en-netflix-la-miniserie-de-5-episodios-que-se-termina-en-menos-de-un-dia\/#primaryimage"},"image":{"@id":"https:\/\/fmgente.com.ar\/web\/que-ver-en-netflix-la-miniserie-de-5-episodios-que-se-termina-en-menos-de-un-dia\/#primaryimage"},"thumbnailUrl":"https:\/\/fmgente.com.ar\/web\/wp-content\/uploads\/2025\/11\/\u00a1Exclusivo-La-increible-salida-de-Mirtha-Legrand-viviendo-la-noche-portena-a-sus-98-anos-359x226-6.jpg","datePublished":"2025-11-22T05:05:49+00:00","inLanguage":"es","potentialAction":[{"@type":"ReadAction","target":["https:\/\/fmgente.com.ar\/web\/que-ver-en-netflix-la-miniserie-de-5-episodios-que-se-termina-en-menos-de-un-dia\/"]}]},{"@type":"ImageObject","inLanguage":"es","@id":"https:\/\/fmgente.com.ar\/web\/que-ver-en-netflix-la-miniserie-de-5-episodios-que-se-termina-en-menos-de-un-dia\/#primaryimage","url":"https:\/\/fmgente.com.ar\/web\/wp-content\/uploads\/2025\/11\/\u00a1Exclusivo-La-increible-salida-de-Mirtha-Legrand-viviendo-la-noche-portena-a-sus-98-anos-359x226-6.jpg","contentUrl":"https:\/\/fmgente.com.ar\/web\/wp-content\/uploads\/2025\/11\/\u00a1Exclusivo-La-increible-salida-de-Mirtha-Legrand-viviendo-la-noche-portena-a-sus-98-anos-359x226-6.jpg","width":359,"height":226},{"@type":"WebSite","@id":"https:\/\/fmgente.com.ar\/web\/#website","url":"https:\/\/fmgente.com.ar\/web\/","name":"Fm Gente","description":"- Jes\u00fas Mar\u00eda","publisher":{"@id":"https:\/\/fmgente.com.ar\/web\/#organization"},"potentialAction":[{"@type":"SearchAction","target":{"@type":"EntryPoint","urlTemplate":"https:\/\/fmgente.com.ar\/web\/?s={search_term_string}"},"query-input":{"@type":"PropertyValueSpecification","valueRequired":true,"valueName":"search_term_string"}}],"inLanguage":"es"},{"@type":"Organization","@id":"https:\/\/fmgente.com.ar\/web\/#organization","name":"Fm Gente","url":"https:\/\/fmgente.com.ar\/web\/","logo":{"@type":"ImageObject","inLanguage":"es","@id":"https:\/\/fmgente.com.ar\/web\/#\/schema\/logo\/image\/","url":"https:\/\/fmgente.com.ar\/web\/wp-content\/uploads\/2023\/07\/cropped-cropped-logo-sombra2.png","contentUrl":"https:\/\/fmgente.com.ar\/web\/wp-content\/uploads\/2023\/07\/cropped-cropped-logo-sombra2.png","width":1782,"height":1782,"caption":"Fm Gente"},"image":{"@id":"https:\/\/fmgente.com.ar\/web\/#\/schema\/logo\/image\/"}}]}},"_links":{"self":[{"href":"https:\/\/fmgente.com.ar\/web\/wp-json\/wp\/v2\/posts\/10368","targetHints":{"allow":["GET"]}}],"collection":[{"href":"https:\/\/fmgente.com.ar\/web\/wp-json\/wp\/v2\/posts"}],"about":[{"href":"https:\/\/fmgente.com.ar\/web\/wp-json\/wp\/v2\/types\/post"}],"replies":[{"embeddable":true,"href":"https:\/\/fmgente.com.ar\/web\/wp-json\/wp\/v2\/comments?post=10368"}],"version-history":[{"count":0,"href":"https:\/\/fmgente.com.ar\/web\/wp-json\/wp\/v2\/posts\/10368\/revisions"}],"wp:featuredmedia":[{"embeddable":true,"href":"https:\/\/fmgente.com.ar\/web\/wp-json\/wp\/v2\/media\/10369"}],"wp:attachment":[{"href":"https:\/\/fmgente.com.ar\/web\/wp-json\/wp\/v2\/media?parent=10368"}],"wp:term":[{"taxonomy":"category","embeddable":true,"href":"https:\/\/fmgente.com.ar\/web\/wp-json\/wp\/v2\/categories?post=10368"},{"taxonomy":"post_tag","embeddable":true,"href":"https:\/\/fmgente.com.ar\/web\/wp-json\/wp\/v2\/tags?post=10368"}],"curies":[{"name":"wp","href":"https:\/\/api.w.org\/{rel}","templated":true}]}}