{"id":10366,"date":"2025-11-22T01:05:39","date_gmt":"2025-11-22T04:05:39","guid":{"rendered":"https:\/\/fmgente.com.ar\/thiago-medina-revelo-las-graves-secuelas-que-le-quedaron-tras-su-accidente-me-duele\/"},"modified":"2025-11-22T01:05:39","modified_gmt":"2025-11-22T04:05:39","slug":"thiago-medina-revelo-las-graves-secuelas-que-le-quedaron-tras-su-accidente-me-duele","status":"publish","type":"post","link":"https:\/\/fmgente.com.ar\/web\/thiago-medina-revelo-las-graves-secuelas-que-le-quedaron-tras-su-accidente-me-duele\/","title":{"rendered":"Thiago Medina revel\u00f3 las graves secuelas que le quedaron tras su accidente: \u201cMe duele\u2026\u201d"},"content":{"rendered":"<p><strong>Thiago Medina<\/strong> cmbi\u00f3 su vida de un momento a otro desde el dram\u00e1tico accidente que sufri\u00f3 hace ya dos meses. En aquel momento en el que su moto choc\u00f3 contra un auto a gran velocidad, estuvo batallando contra la muerte durante semanas. Y contra todos los pron\u00f3sticos, en uno de los momentos m\u00e1s dif\u00edciles, logr\u00f3 salir del coma y luego fue dado de alta.<\/p>\n<p>Podr\u00eda decirse que el resumen en definitiva es ese. Sin embargo, no todo pas\u00f3 tan r\u00e1pido y se vivieron semanas angustiantes. <strong><a href=\"https:\/\/www.paparazzi.com.ar\/romances\/thiago-medina-destapo-la-verdad-de-su-convivencia-con-daniela-celis-dormimos-separados-y-no-queremos\/\">Thiago<\/a><\/strong> logr\u00f3 regresar a su casa despu\u00e9s de pelear por su vida y comenz\u00f3 con su recuperaci\u00f3n. Hablamos de una rehabilitaci\u00f3n importante, que requiri\u00f3 de la ayuda no s\u00f3lo de sus hijas gemelas -Laia y Aim\u00e9- sino tambi\u00e9n de<strong> Daniela Celis<\/strong>, su ex.<\/p>\n<p>Ahora bien, <strong><a href=\"https:\/\/www.paparazzi.com.ar\/teve\/la-cruda-confesion-de-thiago-medina-a-sus-22-anos-tras-su-accidente-quedar-en-sillas-de-ruedas\/\">Thiago<\/a><\/strong> tambi\u00e9n reflot\u00f3 su presencia en los medios desde el accidente. Su pr\u00e1cticamente milagrosa recuperaci\u00f3n lo hizo pasar por diferentes programas y entrevistas para dar su testimonio, y lo mismo pas\u00f3 en sus redes sociales. Y hoy, tratando de recuperar su vida en esta nueva oportunidad que tiene, se anim\u00f3 a hacer una profunda confesi\u00f3n sobre su estado de salud.<\/p>\n<div class=\"mt-box \">\n<h4 class=\"mt-heading\">Mir\u00e1 Tambi\u00e9n<\/h4>\n<p><a href=\"https:\/\/www.paparazzi.com.ar\/videos\/exclusivo-la-sensible-revelacion-de-luis-ventura-sobre-sus-noches-duermo-con-los-seres-queridos-que-ya-partieron\/\"><\/p>\n<div class=\"mt-content\">\n<div class=\"mt-image-container\"><img decoding=\"async\" src=\"https:\/\/www.paparazzi.com.ar\/wp-content\/uploads\/2025\/11\/Ventura-1-359x226.jpg\" alt=\"\u00a1Exclusivo! La sensible revelaci\u00f3n de Luis Ventura sobre sus noches: &quot;Duermo con los seres queridos que ya partieron&quot;\" class=\"mt-image\" loading=\"lazy\" \/><\/div>\n<h5 class=\"mt-title\">\u00a1Exclusivo! La sensible revelaci\u00f3n de Luis Ventura sobre sus noches: \u00abDuermo con los seres queridos que ya partieron\u00bb<\/h5>\n<\/div>\n<p><\/a><\/div>\n<p>Todo se dio a trav\u00e9s de su cuenta de Instagram, donde <strong><a href=\"https:\/\/www.paparazzi.com.ar\/romances\/la-letal-frase-de-daniela-celis-sobre-su-reconciliacion-con-thiago-medina-no-nos-queremos\/\">Medina<\/a><\/strong> fue respondiendo varias consultas que le fueron dejando sus seguidores. Dentro de todas estas preguntas, hubo una en particular que llam\u00f3 la atenci\u00f3n de todos: cuando una persona le pregunt\u00f3 c\u00f3mo segu\u00eda de salud. Y sabiendo que est\u00e1 en rehabilitaci\u00f3n, el joven cont\u00f3 toda la verdad.<\/p>\n<h2 class=\"wp-block-heading\">QU\u00c9 PASA CON LA SALUD DE THIAGO MEDINA A 2 MESES DE SU DRAM\u00c1TICO ACCIDENTE<\/h2>\n<p><em>\u201cEstos d\u00edas as\u00ed con humedad me hace doler todo el cuerpo, pero bien por suerte\u201d<\/em>, explic\u00f3 <strong>Thiago<\/strong> sobre c\u00f3mo lo afectaron estos d\u00edas de lluvia en Buenos Aires. Definitivamente, todav\u00eda tiene un largo camino en su recuperaci\u00f3n y hay diferentes situaciones -como en este caso el clima- que no solo lo afectan sino que adem\u00e1s le traen el recuerdo v\u00edvido del accidente que sufri\u00f3.<\/p>\n<p>Dicho comentario despert\u00f3 una inesperada preocupaci\u00f3n de algunos de sus fans, ya que <strong>Thiago<\/strong> dej\u00f3 en claro que los cambios clim\u00e1ticos le afectan f\u00edsicamente. Sin embargo, m\u00e1s all\u00e1 de ese malestar, el ex participante de Gran Hermano 2022 aclar\u00f3 que se encuentra<em> \u201cbien\u201d<\/em>. Por supuesto habr\u00e1 cosas que ir\u00e1n mejorando con el correr del tiempo y una rehabilitaci\u00f3n acorde.<\/p>\n<div class=\"mt-box \">\n<h4 class=\"mt-heading\">Mir\u00e1 Tambi\u00e9n<\/h4>\n<p><a href=\"https:\/\/www.paparazzi.com.ar\/romances\/thiago-medina-destapo-la-verdad-de-su-convivencia-con-daniela-celis-dormimos-separados-y-no-queremos\/\"><\/p>\n<div class=\"mt-content\">\n<div class=\"mt-image-container\"><img decoding=\"async\" src=\"https:\/\/www.paparazzi.com.ar\/wp-content\/uploads\/2025\/11\/thiago-medina-daniela-celis-359x226.jpg\" alt=\"Thiago Medina destap\u00f3 la verdad de su convivencia con Daniela Celis: \u201cDormimos separados y no queremos\u2026\u201d\" class=\"mt-image\" loading=\"lazy\" \/><\/div>\n<h5 class=\"mt-title\">Thiago Medina destap\u00f3 la verdad de su convivencia con Daniela Celis: \u201cDormimos separados y no queremos\u2026\u201d<\/h5>\n<\/div>\n<p><\/a><\/div>\n<p>Por lo pronto, <strong>Thiago<\/strong> se mantiene en un v\u00ednculo constante con su comunidad de seguidores. Si bien es cierto que mucho se centra en el dur\u00edsimo accidente que sufri\u00f3, ahora es tiempo de dar vuelta de p\u00e1gina y seguir por este camino para estar en plenitud lo antes posible. El trayecto no es nada f\u00e1cil y puede parecer largo, pero la fuerza de voluntad parece sobrarle.<\/p>\n<figure class=\"wp-block-image size-full\"><img decoding=\"async\" width=\"301\" height=\"520\" src=\"https:\/\/www.paparazzi.com.ar\/wp-content\/uploads\/2025\/11\/thiago-medina-1.png.webp\" loading=\"lazy\" alt=\"\" class=\"wp-image-454004\" \/><\/figure>\n<div class=\"mt-box \">\n<h4 class=\"mt-heading\">Mir\u00e1 Tambi\u00e9n<\/h4>\n<p><a href=\"https:\/\/www.paparazzi.com.ar\/teve\/la-cruda-confesion-de-thiago-medina-a-sus-22-anos-tras-su-accidente-quedar-en-sillas-de-ruedas\/\"><\/p>\n<div class=\"mt-content\">\n<div class=\"mt-image-container\"><img decoding=\"async\" src=\"https:\/\/www.paparazzi.com.ar\/wp-content\/uploads\/2025\/11\/La-cruda-confesion-de-Thiago-Medina-a-sus-22-anos-tras-su-accidente-22Quedar-en-sillas-de-ruedas22-359x226.jpg\" alt=\"La cruda confesi\u00f3n de Thiago Medina a sus 22 a\u00f1os tras su accidente: &quot;Quedar en sillas de ruedas&quot;\" class=\"mt-image\" loading=\"lazy\" \/><\/div>\n<h5 class=\"mt-title\">La cruda confesi\u00f3n de Thiago Medina a sus 22 a\u00f1os tras su accidente: \u00abQuedar en sillas de ruedas\u00bb<\/h5>\n<\/div>\n<p><\/a><\/div>\n<div class=\"mt-box \">\n<h4 class=\"mt-heading\">Mir\u00e1 Tambi\u00e9n<\/h4>\n<p><a href=\"https:\/\/www.paparazzi.com.ar\/romances\/la-letal-frase-de-daniela-celis-sobre-su-reconciliacion-con-thiago-medina-no-nos-queremos\/\"><\/p>\n<div class=\"mt-content\">\n<div class=\"mt-image-container\"><img decoding=\"async\" src=\"https:\/\/www.paparazzi.com.ar\/wp-content\/uploads\/2025\/09\/Daniela-Celis-Thiago-Medina-2-2.jpg.webp\" alt=\"La letal frase de Daniela Celis sobre su reconciliaci\u00f3n con Thiago Medina: \u201cNo nos queremos\u2026\u201d\" class=\"mt-image\" loading=\"lazy\" \/><\/div>\n<h5 class=\"mt-title\">La letal frase de Daniela Celis sobre su reconciliaci\u00f3n con Thiago Medina: \u201cNo nos queremos\u2026\u201d<\/h5>\n<\/div>\n<p><\/a><\/div>\n<p>The post <a href=\"https:\/\/www.paparazzi.com.ar\/teve\/thiago-medina-revelo-las-graves-secuelas-que-le-quedaron-tras-su-accidente-me-duele\/\">Thiago Medina revel\u00f3 las graves secuelas que le quedaron tras su accidente: \u201cMe duele\u2026\u201d<\/a> appeared first on <a href=\"https:\/\/www.paparazzi.com.ar\">Revista Paparazzi<\/a>.<\/p>\n","protected":false},"excerpt":{"rendered":"<p>Thiago Medina cmbi\u00f3 su vida de un momento a otro desde el dram\u00e1tico accidente que<\/p>\n","protected":false},"author":0,"featured_media":10367,"comment_status":"","ping_status":"","sticky":false,"template":"","format":"standard","meta":{"footnotes":""},"categories":[11],"tags":[],"class_list":["post-10366","post","type-post","status-publish","format-standard","has-post-thumbnail","hentry","category-destacadas"],"yoast_head":"<!-- This site is optimized with the Yoast SEO plugin v27.4 - https:\/\/yoast.com\/product\/yoast-seo-wordpress\/ -->\n<title>Thiago Medina revel\u00f3 las graves secuelas que le quedaron tras su accidente: \u201cMe duele\u2026\u201d - Fm Gente<\/title>\n<meta name=\"robots\" content=\"index, follow, max-snippet:-1, max-image-preview:large, max-video-preview:-1\" \/>\n<link rel=\"canonical\" href=\"https:\/\/fmgente.com.ar\/web\/thiago-medina-revelo-las-graves-secuelas-que-le-quedaron-tras-su-accidente-me-duele\/\" \/>\n<meta property=\"og:locale\" content=\"es_ES\" \/>\n<meta property=\"og:type\" content=\"article\" \/>\n<meta property=\"og:title\" content=\"Thiago Medina revel\u00f3 las graves secuelas que le quedaron tras su accidente: \u201cMe duele\u2026\u201d - Fm Gente\" \/>\n<meta property=\"og:description\" content=\"Thiago Medina cmbi\u00f3 su vida de un momento a otro desde el dram\u00e1tico accidente que\" \/>\n<meta property=\"og:url\" content=\"https:\/\/fmgente.com.ar\/web\/thiago-medina-revelo-las-graves-secuelas-que-le-quedaron-tras-su-accidente-me-duele\/\" \/>\n<meta property=\"og:site_name\" content=\"Fm Gente\" \/>\n<meta property=\"article:published_time\" content=\"2025-11-22T04:05:39+00:00\" \/>\n<meta property=\"og:image\" content=\"https:\/\/fmgente.com.ar\/web\/wp-content\/uploads\/2025\/11\/Ventura-1-359x226-72.jpg\" \/>\n\t<meta property=\"og:image:width\" content=\"359\" \/>\n\t<meta property=\"og:image:height\" content=\"226\" \/>\n\t<meta property=\"og:image:type\" content=\"image\/jpeg\" \/>\n<meta name=\"twitter:card\" content=\"summary_large_image\" \/>\n<meta name=\"twitter:label1\" content=\"Tiempo de lectura\" \/>\n\t<meta name=\"twitter:data1\" content=\"3 minutos\" \/>\n<script type=\"application\/ld+json\" class=\"yoast-schema-graph\">{\"@context\":\"https:\\\/\\\/schema.org\",\"@graph\":[{\"@type\":\"Article\",\"@id\":\"https:\\\/\\\/fmgente.com.ar\\\/web\\\/thiago-medina-revelo-las-graves-secuelas-que-le-quedaron-tras-su-accidente-me-duele\\\/#article\",\"isPartOf\":{\"@id\":\"https:\\\/\\\/fmgente.com.ar\\\/web\\\/thiago-medina-revelo-las-graves-secuelas-que-le-quedaron-tras-su-accidente-me-duele\\\/\"},\"author\":{\"name\":\"\",\"@id\":\"\"},\"headline\":\"Thiago Medina revel\u00f3 las graves secuelas que le quedaron tras su accidente: \u201cMe duele\u2026\u201d\",\"datePublished\":\"2025-11-22T04:05:39+00:00\",\"mainEntityOfPage\":{\"@id\":\"https:\\\/\\\/fmgente.com.ar\\\/web\\\/thiago-medina-revelo-las-graves-secuelas-que-le-quedaron-tras-su-accidente-me-duele\\\/\"},\"wordCount\":606,\"publisher\":{\"@id\":\"https:\\\/\\\/fmgente.com.ar\\\/web\\\/#organization\"},\"image\":{\"@id\":\"https:\\\/\\\/fmgente.com.ar\\\/web\\\/thiago-medina-revelo-las-graves-secuelas-que-le-quedaron-tras-su-accidente-me-duele\\\/#primaryimage\"},\"thumbnailUrl\":\"https:\\\/\\\/fmgente.com.ar\\\/web\\\/wp-content\\\/uploads\\\/2025\\\/11\\\/Ventura-1-359x226-72.jpg\",\"articleSection\":[\"DESTACADAS\"],\"inLanguage\":\"es\"},{\"@type\":\"WebPage\",\"@id\":\"https:\\\/\\\/fmgente.com.ar\\\/web\\\/thiago-medina-revelo-las-graves-secuelas-que-le-quedaron-tras-su-accidente-me-duele\\\/\",\"url\":\"https:\\\/\\\/fmgente.com.ar\\\/web\\\/thiago-medina-revelo-las-graves-secuelas-que-le-quedaron-tras-su-accidente-me-duele\\\/\",\"name\":\"Thiago Medina revel\u00f3 las graves secuelas que le quedaron tras su accidente: \u201cMe duele\u2026\u201d - Fm Gente\",\"isPartOf\":{\"@id\":\"https:\\\/\\\/fmgente.com.ar\\\/web\\\/#website\"},\"primaryImageOfPage\":{\"@id\":\"https:\\\/\\\/fmgente.com.ar\\\/web\\\/thiago-medina-revelo-las-graves-secuelas-que-le-quedaron-tras-su-accidente-me-duele\\\/#primaryimage\"},\"image\":{\"@id\":\"https:\\\/\\\/fmgente.com.ar\\\/web\\\/thiago-medina-revelo-las-graves-secuelas-que-le-quedaron-tras-su-accidente-me-duele\\\/#primaryimage\"},\"thumbnailUrl\":\"https:\\\/\\\/fmgente.com.ar\\\/web\\\/wp-content\\\/uploads\\\/2025\\\/11\\\/Ventura-1-359x226-72.jpg\",\"datePublished\":\"2025-11-22T04:05:39+00:00\",\"inLanguage\":\"es\",\"potentialAction\":[{\"@type\":\"ReadAction\",\"target\":[\"https:\\\/\\\/fmgente.com.ar\\\/web\\\/thiago-medina-revelo-las-graves-secuelas-que-le-quedaron-tras-su-accidente-me-duele\\\/\"]}]},{\"@type\":\"ImageObject\",\"inLanguage\":\"es\",\"@id\":\"https:\\\/\\\/fmgente.com.ar\\\/web\\\/thiago-medina-revelo-las-graves-secuelas-que-le-quedaron-tras-su-accidente-me-duele\\\/#primaryimage\",\"url\":\"https:\\\/\\\/fmgente.com.ar\\\/web\\\/wp-content\\\/uploads\\\/2025\\\/11\\\/Ventura-1-359x226-72.jpg\",\"contentUrl\":\"https:\\\/\\\/fmgente.com.ar\\\/web\\\/wp-content\\\/uploads\\\/2025\\\/11\\\/Ventura-1-359x226-72.jpg\",\"width\":359,\"height\":226},{\"@type\":\"WebSite\",\"@id\":\"https:\\\/\\\/fmgente.com.ar\\\/web\\\/#website\",\"url\":\"https:\\\/\\\/fmgente.com.ar\\\/web\\\/\",\"name\":\"Fm Gente\",\"description\":\"- Jes\u00fas Mar\u00eda\",\"publisher\":{\"@id\":\"https:\\\/\\\/fmgente.com.ar\\\/web\\\/#organization\"},\"potentialAction\":[{\"@type\":\"SearchAction\",\"target\":{\"@type\":\"EntryPoint\",\"urlTemplate\":\"https:\\\/\\\/fmgente.com.ar\\\/web\\\/?s={search_term_string}\"},\"query-input\":{\"@type\":\"PropertyValueSpecification\",\"valueRequired\":true,\"valueName\":\"search_term_string\"}}],\"inLanguage\":\"es\"},{\"@type\":\"Organization\",\"@id\":\"https:\\\/\\\/fmgente.com.ar\\\/web\\\/#organization\",\"name\":\"Fm Gente\",\"url\":\"https:\\\/\\\/fmgente.com.ar\\\/web\\\/\",\"logo\":{\"@type\":\"ImageObject\",\"inLanguage\":\"es\",\"@id\":\"https:\\\/\\\/fmgente.com.ar\\\/web\\\/#\\\/schema\\\/logo\\\/image\\\/\",\"url\":\"https:\\\/\\\/fmgente.com.ar\\\/web\\\/wp-content\\\/uploads\\\/2023\\\/07\\\/cropped-cropped-logo-sombra2.png\",\"contentUrl\":\"https:\\\/\\\/fmgente.com.ar\\\/web\\\/wp-content\\\/uploads\\\/2023\\\/07\\\/cropped-cropped-logo-sombra2.png\",\"width\":1782,\"height\":1782,\"caption\":\"Fm Gente\"},\"image\":{\"@id\":\"https:\\\/\\\/fmgente.com.ar\\\/web\\\/#\\\/schema\\\/logo\\\/image\\\/\"}}]}<\/script>\n<!-- \/ Yoast SEO plugin. -->","yoast_head_json":{"title":"Thiago Medina revel\u00f3 las graves secuelas que le quedaron tras su accidente: \u201cMe duele\u2026\u201d - Fm Gente","robots":{"index":"index","follow":"follow","max-snippet":"max-snippet:-1","max-image-preview":"max-image-preview:large","max-video-preview":"max-video-preview:-1"},"canonical":"https:\/\/fmgente.com.ar\/web\/thiago-medina-revelo-las-graves-secuelas-que-le-quedaron-tras-su-accidente-me-duele\/","og_locale":"es_ES","og_type":"article","og_title":"Thiago Medina revel\u00f3 las graves secuelas que le quedaron tras su accidente: \u201cMe duele\u2026\u201d - Fm Gente","og_description":"Thiago Medina cmbi\u00f3 su vida de un momento a otro desde el dram\u00e1tico accidente que","og_url":"https:\/\/fmgente.com.ar\/web\/thiago-medina-revelo-las-graves-secuelas-que-le-quedaron-tras-su-accidente-me-duele\/","og_site_name":"Fm Gente","article_published_time":"2025-11-22T04:05:39+00:00","og_image":[{"width":359,"height":226,"url":"https:\/\/fmgente.com.ar\/web\/wp-content\/uploads\/2025\/11\/Ventura-1-359x226-72.jpg","type":"image\/jpeg"}],"twitter_card":"summary_large_image","twitter_misc":{"Tiempo de lectura":"3 minutos"},"schema":{"@context":"https:\/\/schema.org","@graph":[{"@type":"Article","@id":"https:\/\/fmgente.com.ar\/web\/thiago-medina-revelo-las-graves-secuelas-que-le-quedaron-tras-su-accidente-me-duele\/#article","isPartOf":{"@id":"https:\/\/fmgente.com.ar\/web\/thiago-medina-revelo-las-graves-secuelas-que-le-quedaron-tras-su-accidente-me-duele\/"},"author":{"name":"","@id":""},"headline":"Thiago Medina revel\u00f3 las graves secuelas que le quedaron tras su accidente: \u201cMe duele\u2026\u201d","datePublished":"2025-11-22T04:05:39+00:00","mainEntityOfPage":{"@id":"https:\/\/fmgente.com.ar\/web\/thiago-medina-revelo-las-graves-secuelas-que-le-quedaron-tras-su-accidente-me-duele\/"},"wordCount":606,"publisher":{"@id":"https:\/\/fmgente.com.ar\/web\/#organization"},"image":{"@id":"https:\/\/fmgente.com.ar\/web\/thiago-medina-revelo-las-graves-secuelas-que-le-quedaron-tras-su-accidente-me-duele\/#primaryimage"},"thumbnailUrl":"https:\/\/fmgente.com.ar\/web\/wp-content\/uploads\/2025\/11\/Ventura-1-359x226-72.jpg","articleSection":["DESTACADAS"],"inLanguage":"es"},{"@type":"WebPage","@id":"https:\/\/fmgente.com.ar\/web\/thiago-medina-revelo-las-graves-secuelas-que-le-quedaron-tras-su-accidente-me-duele\/","url":"https:\/\/fmgente.com.ar\/web\/thiago-medina-revelo-las-graves-secuelas-que-le-quedaron-tras-su-accidente-me-duele\/","name":"Thiago Medina revel\u00f3 las graves secuelas que le quedaron tras su accidente: \u201cMe duele\u2026\u201d - Fm Gente","isPartOf":{"@id":"https:\/\/fmgente.com.ar\/web\/#website"},"primaryImageOfPage":{"@id":"https:\/\/fmgente.com.ar\/web\/thiago-medina-revelo-las-graves-secuelas-que-le-quedaron-tras-su-accidente-me-duele\/#primaryimage"},"image":{"@id":"https:\/\/fmgente.com.ar\/web\/thiago-medina-revelo-las-graves-secuelas-que-le-quedaron-tras-su-accidente-me-duele\/#primaryimage"},"thumbnailUrl":"https:\/\/fmgente.com.ar\/web\/wp-content\/uploads\/2025\/11\/Ventura-1-359x226-72.jpg","datePublished":"2025-11-22T04:05:39+00:00","inLanguage":"es","potentialAction":[{"@type":"ReadAction","target":["https:\/\/fmgente.com.ar\/web\/thiago-medina-revelo-las-graves-secuelas-que-le-quedaron-tras-su-accidente-me-duele\/"]}]},{"@type":"ImageObject","inLanguage":"es","@id":"https:\/\/fmgente.com.ar\/web\/thiago-medina-revelo-las-graves-secuelas-que-le-quedaron-tras-su-accidente-me-duele\/#primaryimage","url":"https:\/\/fmgente.com.ar\/web\/wp-content\/uploads\/2025\/11\/Ventura-1-359x226-72.jpg","contentUrl":"https:\/\/fmgente.com.ar\/web\/wp-content\/uploads\/2025\/11\/Ventura-1-359x226-72.jpg","width":359,"height":226},{"@type":"WebSite","@id":"https:\/\/fmgente.com.ar\/web\/#website","url":"https:\/\/fmgente.com.ar\/web\/","name":"Fm Gente","description":"- Jes\u00fas Mar\u00eda","publisher":{"@id":"https:\/\/fmgente.com.ar\/web\/#organization"},"potentialAction":[{"@type":"SearchAction","target":{"@type":"EntryPoint","urlTemplate":"https:\/\/fmgente.com.ar\/web\/?s={search_term_string}"},"query-input":{"@type":"PropertyValueSpecification","valueRequired":true,"valueName":"search_term_string"}}],"inLanguage":"es"},{"@type":"Organization","@id":"https:\/\/fmgente.com.ar\/web\/#organization","name":"Fm Gente","url":"https:\/\/fmgente.com.ar\/web\/","logo":{"@type":"ImageObject","inLanguage":"es","@id":"https:\/\/fmgente.com.ar\/web\/#\/schema\/logo\/image\/","url":"https:\/\/fmgente.com.ar\/web\/wp-content\/uploads\/2023\/07\/cropped-cropped-logo-sombra2.png","contentUrl":"https:\/\/fmgente.com.ar\/web\/wp-content\/uploads\/2023\/07\/cropped-cropped-logo-sombra2.png","width":1782,"height":1782,"caption":"Fm Gente"},"image":{"@id":"https:\/\/fmgente.com.ar\/web\/#\/schema\/logo\/image\/"}}]}},"_links":{"self":[{"href":"https:\/\/fmgente.com.ar\/web\/wp-json\/wp\/v2\/posts\/10366","targetHints":{"allow":["GET"]}}],"collection":[{"href":"https:\/\/fmgente.com.ar\/web\/wp-json\/wp\/v2\/posts"}],"about":[{"href":"https:\/\/fmgente.com.ar\/web\/wp-json\/wp\/v2\/types\/post"}],"replies":[{"embeddable":true,"href":"https:\/\/fmgente.com.ar\/web\/wp-json\/wp\/v2\/comments?post=10366"}],"version-history":[{"count":0,"href":"https:\/\/fmgente.com.ar\/web\/wp-json\/wp\/v2\/posts\/10366\/revisions"}],"wp:featuredmedia":[{"embeddable":true,"href":"https:\/\/fmgente.com.ar\/web\/wp-json\/wp\/v2\/media\/10367"}],"wp:attachment":[{"href":"https:\/\/fmgente.com.ar\/web\/wp-json\/wp\/v2\/media?parent=10366"}],"wp:term":[{"taxonomy":"category","embeddable":true,"href":"https:\/\/fmgente.com.ar\/web\/wp-json\/wp\/v2\/categories?post=10366"},{"taxonomy":"post_tag","embeddable":true,"href":"https:\/\/fmgente.com.ar\/web\/wp-json\/wp\/v2\/tags?post=10366"}],"curies":[{"name":"wp","href":"https:\/\/api.w.org\/{rel}","templated":true}]}}