{"id":10364,"date":"2025-11-22T01:05:39","date_gmt":"2025-11-22T04:05:39","guid":{"rendered":"https:\/\/fmgente.com.ar\/la-dolorosa-experiencia-que-flor-jazmin-pena-oculto-por-anos-me-quise-matar\/"},"modified":"2025-11-22T01:05:39","modified_gmt":"2025-11-22T04:05:39","slug":"la-dolorosa-experiencia-que-flor-jazmin-pena-oculto-por-anos-me-quise-matar","status":"publish","type":"post","link":"https:\/\/fmgente.com.ar\/web\/la-dolorosa-experiencia-que-flor-jazmin-pena-oculto-por-anos-me-quise-matar\/","title":{"rendered":"La dolorosa experiencia que Flor Jazm\u00edn Pe\u00f1a ocult\u00f3 por a\u00f1os: &quot;Me quise matar&quot;"},"content":{"rendered":"<p><strong><a href=\"https:\/\/www.paparazzi.com.ar\/?s=Flor+Jazm%C3%ADn+Pe%C3%B1a\">Flor Jazm\u00edn Pe\u00f1a<\/a><\/strong> abri\u00f3 su coraz\u00f3n y dej\u00f3 al descubierto uno de los momentos m\u00e1s frustrantes de su carrera. En una entrevista con la revista <em>Gente<\/em>, la bailarina record\u00f3 la desilusi\u00f3n m\u00e1s grande de su vida, un episodio que la marc\u00f3 profundamente y que seg\u00fan confes\u00f3, le ense\u00f1\u00f3 una de las lecciones m\u00e1s importantes de su camino art\u00edstico.<\/p>\n<p>Todo ocurri\u00f3 en una etapa en la que Flor trabajaba sin descanso. Estaba dedicada a perfeccionarse en el baile mientras cumpl\u00eda con intensas jornadas como promotora. Por aquel entonces, cada oportunidad que surg\u00eda era un desaf\u00edo y un compromiso que asum\u00eda con responsabilidad. <\/p>\n<p>Por eso, cuando recibi\u00f3 un llamado para una presentaci\u00f3n art\u00edstica, no dud\u00f3 en rechazarla: ya hab\u00eda aceptado otro trabajo y fiel a su palabra, prefiri\u00f3 no cancelar. Lo que no sab\u00eda la bailarina que <a href=\"https:\/\/www.paparazzi.com.ar\/teve\/flor-jazmin-pena-revelo-la-profunda-crisis-que-tuvo-por-culpa-de-nico-occhiato\/\">pas\u00f3 por una terrible crisis por su pareja<\/a> <strong><a href=\"https:\/\/www.paparazzi.com.ar\/?s=Nicol%C3%A1s+Occhiato\">Nicol\u00e1s Occhiato<\/a><\/strong>, era la magnitud de lo que estaba dejando pasar.<\/p>\n<div class=\"mt-box \">\n<h4 class=\"mt-heading\">Mir\u00e1 Tambi\u00e9n<\/h4>\n<p><a href=\"https:\/\/www.paparazzi.com.ar\/romances\/exclusivo-el-video-de-la-china-suarez-y-mauro-icardi-viajando-a-turquia-sin-sus-hijos-y-en-un-vuelo-normal\/\"><\/p>\n<div class=\"mt-content\">\n<div class=\"mt-image-container\"><img decoding=\"async\" src=\"https:\/\/www.paparazzi.com.ar\/wp-content\/uploads\/2025\/11\/Mauro-Icardi-China-Suarez-aeropuerto-359x226.jpg\" alt=\"\u00a1Exclusivo! El video de la China Su\u00e1rez y Mauro Icardi viajando a Turqu\u00eda sin sus hijos y en un vuelo normal\" class=\"mt-image\" loading=\"lazy\" \/><\/div>\n<h5 class=\"mt-title\">\u00a1Exclusivo! El video de la China Su\u00e1rez y Mauro Icardi viajando a Turqu\u00eda sin sus hijos y en un vuelo normal<\/h5>\n<\/div>\n<p><\/a><\/div>\n<p>La revelaci\u00f3n lleg\u00f3 demasiado tarde.<em> \u201cEse d\u00eda que me hab\u00edan llamado era para bailar con Tini en el programa de Susana Jim\u00e9nez. Me quise matar\u201d,<\/em> cont\u00f3 Flor, todav\u00eda con esa mezcla de sorpresa y bronca que la acompa\u00f1\u00f3 al enterarse. <\/p>\n<p>Debido al car\u00e1cter confidencial del pedido, nunca le dijeron para qu\u00e9 era el proyecto, y ella, sin imaginarlo, hab\u00eda dejado ir una oportunidad enorme. En ese momento, Flor estaba realizando una promoci\u00f3n agotadora. \u201c<em>Yo estaba haciendo una promoci\u00f3n que es dur\u00edsima, que son como dieciocho d\u00edas seguidos, doce horas en La Rural de lunes a lunes\u201d,<\/em> explic\u00f3. <\/p>\n<div class=\"mt-box \">\n<h4 class=\"mt-heading\">Mir\u00e1 Tambi\u00e9n<\/h4>\n<p><a href=\"https:\/\/www.paparazzi.com.ar\/romances\/escandalosa-version-del-conflicto-china-suarez-luzu-la-bajo-flor-jazmin-pena-para-que-no-tenga-contacto-con-occhiato\/\"><\/p>\n<div class=\"mt-content\">\n<div class=\"mt-image-container\"><img decoding=\"async\" src=\"https:\/\/www.paparazzi.com.ar\/wp-content\/uploads\/2025\/11\/China-Flor-Occhiato-1-359x226.jpg\" alt=\"Escandalosa versi\u00f3n del conflicto China Su\u00e1rez-Luzu: &quot;La baj\u00f3 Flor Jazm\u00edn Pe\u00f1a para que no tenga contacto con Occhiato&quot;\" class=\"mt-image\" loading=\"lazy\" \/><\/div>\n<h5 class=\"mt-title\">Escandalosa versi\u00f3n del conflicto China Su\u00e1rez-Luzu: \u00abLa baj\u00f3 Flor Jazm\u00edn Pe\u00f1a para que no tenga contacto con Occhiato\u00bb<\/h5>\n<\/div>\n<p><\/a><\/div>\n<p>Ese ritmo extenuante hac\u00eda que priorizara el compromiso econ\u00f3mico y la estabilidad laboral por encima de cualquier otro factor. <em>\u201cTermino diciendo que no a esta presentaci\u00f3n que me llamaban como bailarina porque no sab\u00eda de qu\u00e9 se trataba\u201d,<\/em> record\u00f3.<\/p>\n<p>Con el correr del tiempo entendi\u00f3 que aquella decisi\u00f3n, aunque equivocada, le dej\u00f3 un aprendizaje. Incluso su propio jefe le dijo que la hubiera reemplazado sin problema de haber sabido la importancia de la propuesta. Pero fue su mam\u00e1 quien le dio la reflexi\u00f3n m\u00e1s profunda: <em>\u201cCreo que ten\u00e9s que empezar a priorizar menos el dinero y empezar a usar tal vez tus ahorros porque me iba pagando mis clases\u201d.<\/em> <\/p>\n<div class=\"mt-box \">\n<h4 class=\"mt-heading\">Mir\u00e1 Tambi\u00e9n<\/h4>\n<p><a href=\"https:\/\/www.paparazzi.com.ar\/romances\/bebe-en-camino-nico-occhiato-y-el-fuerte-anuncio-sobre-su-paternidad-junto-a-flor-jazmin-pena-estamos\/\"><\/p>\n<div class=\"mt-content\">\n<div class=\"mt-image-container\"><img decoding=\"async\" src=\"https:\/\/www.paparazzi.com.ar\/wp-content\/uploads\/2025\/11\/Nico-Occhiato-Flor-Jazmin-Pena-359x226.jpg\" alt=\"\u00bfBeb\u00e9 en camino? Nico Occhiato y el fuerte anuncio sobre su paternidad junto a Flor Jazm\u00edn Pe\u00f1a: \u201cEstamos\u2026\u201d\u00a0\" class=\"mt-image\" loading=\"lazy\" \/><\/div>\n<h5 class=\"mt-title\">\u00bfBeb\u00e9 en camino? Nico Occhiato y el fuerte anuncio sobre su paternidad junto a Flor Jazm\u00edn Pe\u00f1a: \u201cEstamos\u2026\u201d\u00a0<\/h5>\n<\/div>\n<p><\/a><\/div>\n<p>Ese consejo, seg\u00fan Flor, fue una br\u00fajula para reconstruir su mirada sobre la profesi\u00f3n. La bailarina asegur\u00f3 que esa experiencia la ayud\u00f3 a revalorizar su carrera y a entender que, en el mundo art\u00edstico, las oportunidades no siempre vuelven. Y mientras compart\u00eda esta ense\u00f1anza, tambi\u00e9n enfrentaba un presente cargado de tensi\u00f3n.<\/p>\n<p>En LAM, Flor Jazm\u00edn Pe\u00f1a respondi\u00f3 a los pol\u00e9micos dichos de su ex pareja, Agust\u00edn Franzoni, quien admiti\u00f3 p\u00fablicamente conservar videos \u00edntimos de la \u00e9poca en la que estaban juntos.<em> <\/em><\/p>\n<div class=\"mt-box \">\n<h4 class=\"mt-heading\">Mir\u00e1 Tambi\u00e9n<\/h4>\n<p><a href=\"https:\/\/www.paparazzi.com.ar\/romances\/flor-jazmin-pena-conto-lo-peor-de-su-ex-agus-franzoni-por-extorsionarla-con-videos-intimos-me-siento\/\"><\/p>\n<div class=\"mt-content\">\n<div class=\"mt-image-container\"><img decoding=\"async\" src=\"https:\/\/www.paparazzi.com.ar\/wp-content\/uploads\/2025\/09\/Flor-Jazmin-Pena-1.jpg.webp\" alt=\"Flor Jazm\u00edn Pe\u00f1a cont\u00f3 lo peor de su ex Agus Franzoni por extorsionarla con videos \u00edntimos: &quot;Me siento...&quot;\" class=\"mt-image\" loading=\"lazy\" \/><\/div>\n<h5 class=\"mt-title\">Flor Jazm\u00edn Pe\u00f1a cont\u00f3 lo peor de su ex Agus Franzoni por extorsionarla con videos \u00edntimos: \u00abMe siento&#8230;\u00bb<\/h5>\n<\/div>\n<p><\/a><\/div>\n<p><em>\u201cMe da una verg\u00fcenza total\u2026 Lo siento como una amenaza. Est\u00e1 diciendo al aire que tiene videos \u00edntimos m\u00edos y que puede hacer con ellos lo que quiera\u201d,<\/em> expres\u00f3 indignada. Adem\u00e1s, confirm\u00f3 que recurrir\u00e1 a la Justicia: <em>\u201cLo que dijo cruza cualquier tipo de l\u00edmite\u201d.<\/em><\/p>\n<p>Flor asegur\u00f3 estar en shock por la situaci\u00f3n y remarc\u00f3 que ya no tiene intenci\u00f3n de tolerar faltas de respeto. Entre el pasado que la marc\u00f3 y el presente que la empuja a defenderse, logr\u00f3 transformar su dolor en un mensaje de crecimiento.<\/p>\n<div class=\"mt-box \">\n<h4 class=\"mt-heading\">Mir\u00e1 Tambi\u00e9n<\/h4>\n<p><a href=\"https:\/\/www.paparazzi.com.ar\/romances\/asi-fue-la-fiesta-sorpresa-que-nico-occhiato-le-hizo-a-flor-jazmin-pena-por-su-cumpleanos\/\"><\/p>\n<div class=\"mt-content\">\n<div class=\"mt-image-container\"><img decoding=\"async\" src=\"https:\/\/www.paparazzi.com.ar\/wp-content\/uploads\/2025\/08\/Flor-Jazmin-y-Nico-Occhiato.jpg.webp\" alt=\"As\u00ed fue la fiesta sorpresa que Nico Occhiato le hizo a Flor Jazm\u00edn Pe\u00f1a por su cumplea\u00f1os\" class=\"mt-image\" loading=\"lazy\" \/><\/div>\n<h5 class=\"mt-title\">As\u00ed fue la fiesta sorpresa que Nico Occhiato le hizo a Flor Jazm\u00edn Pe\u00f1a por su cumplea\u00f1os<\/h5>\n<\/div>\n<p><\/a><\/div>\n<div class=\"mt-box \">\n<h4 class=\"mt-heading\">Mir\u00e1 Tambi\u00e9n<\/h4>\n<p><a href=\"https:\/\/www.paparazzi.com.ar\/teve\/flor-jazmin-pena-revelo-la-profunda-crisis-que-tuvo-por-culpa-de-nico-occhiato\/\"><\/p>\n<div class=\"mt-content\">\n<div class=\"mt-image-container\"><img decoding=\"async\" src=\"https:\/\/www.paparazzi.com.ar\/wp-content\/uploads\/2025\/08\/Nico-Occhiato-Flor-Jazmin-Pena.jpg.webp\" alt=\"Flor Jazm\u00edn Pe\u00f1a revel\u00f3 la profunda crisis que tuvo por culpa de Nico Occhiato\" class=\"mt-image\" loading=\"lazy\" \/><\/div>\n<h5 class=\"mt-title\">Flor Jazm\u00edn Pe\u00f1a revel\u00f3 la profunda crisis que tuvo por culpa de Nico Occhiato<\/h5>\n<\/div>\n<p><\/a><\/div>\n<p>The post <a href=\"https:\/\/www.paparazzi.com.ar\/teve\/la-dolorosa-experiencia-que-flor-jazmin-pena-oculto-por-anos-me-quise-matar\/\">La dolorosa experiencia que Flor Jazm\u00edn Pe\u00f1a ocult\u00f3 por a\u00f1os: &quot;Me quise matar&quot;<\/a> appeared first on <a href=\"https:\/\/www.paparazzi.com.ar\">Revista Paparazzi<\/a>.<\/p>\n","protected":false},"excerpt":{"rendered":"<p>Flor Jazm\u00edn Pe\u00f1a abri\u00f3 su coraz\u00f3n y dej\u00f3 al descubierto uno de los momentos m\u00e1s<\/p>\n","protected":false},"author":0,"featured_media":10365,"comment_status":"","ping_status":"","sticky":false,"template":"","format":"standard","meta":{"footnotes":""},"categories":[11],"tags":[],"class_list":["post-10364","post","type-post","status-publish","format-standard","has-post-thumbnail","hentry","category-destacadas"],"yoast_head":"<!-- This site is optimized with the Yoast SEO plugin v27.4 - https:\/\/yoast.com\/product\/yoast-seo-wordpress\/ -->\n<title>La dolorosa experiencia que Flor Jazm\u00edn Pe\u00f1a ocult\u00f3 por a\u00f1os: &quot;Me quise matar&quot; - Fm Gente<\/title>\n<meta name=\"robots\" content=\"index, follow, max-snippet:-1, max-image-preview:large, max-video-preview:-1\" \/>\n<link rel=\"canonical\" href=\"https:\/\/fmgente.com.ar\/web\/la-dolorosa-experiencia-que-flor-jazmin-pena-oculto-por-anos-me-quise-matar\/\" \/>\n<meta property=\"og:locale\" content=\"es_ES\" \/>\n<meta property=\"og:type\" content=\"article\" \/>\n<meta property=\"og:title\" content=\"La dolorosa experiencia que Flor Jazm\u00edn Pe\u00f1a ocult\u00f3 por a\u00f1os: &quot;Me quise matar&quot; - Fm Gente\" \/>\n<meta property=\"og:description\" content=\"Flor Jazm\u00edn Pe\u00f1a abri\u00f3 su coraz\u00f3n y dej\u00f3 al descubierto uno de los momentos m\u00e1s\" \/>\n<meta property=\"og:url\" content=\"https:\/\/fmgente.com.ar\/web\/la-dolorosa-experiencia-que-flor-jazmin-pena-oculto-por-anos-me-quise-matar\/\" \/>\n<meta property=\"og:site_name\" content=\"Fm Gente\" \/>\n<meta property=\"article:published_time\" content=\"2025-11-22T04:05:39+00:00\" \/>\n<meta property=\"og:image\" content=\"https:\/\/fmgente.com.ar\/web\/wp-content\/uploads\/2025\/11\/Mauro-Icardi-China-Suarez-aeropuerto-359x226-16.jpg\" \/>\n\t<meta property=\"og:image:width\" content=\"359\" \/>\n\t<meta property=\"og:image:height\" content=\"226\" \/>\n\t<meta property=\"og:image:type\" content=\"image\/jpeg\" \/>\n<meta name=\"twitter:card\" content=\"summary_large_image\" \/>\n<meta name=\"twitter:label1\" content=\"Tiempo de lectura\" \/>\n\t<meta name=\"twitter:data1\" content=\"4 minutos\" \/>\n<script type=\"application\/ld+json\" class=\"yoast-schema-graph\">{\"@context\":\"https:\\\/\\\/schema.org\",\"@graph\":[{\"@type\":\"Article\",\"@id\":\"https:\\\/\\\/fmgente.com.ar\\\/web\\\/la-dolorosa-experiencia-que-flor-jazmin-pena-oculto-por-anos-me-quise-matar\\\/#article\",\"isPartOf\":{\"@id\":\"https:\\\/\\\/fmgente.com.ar\\\/web\\\/la-dolorosa-experiencia-que-flor-jazmin-pena-oculto-por-anos-me-quise-matar\\\/\"},\"author\":{\"name\":\"\",\"@id\":\"\"},\"headline\":\"La dolorosa experiencia que Flor Jazm\u00edn Pe\u00f1a ocult\u00f3 por a\u00f1os: &quot;Me quise matar&quot;\",\"datePublished\":\"2025-11-22T04:05:39+00:00\",\"mainEntityOfPage\":{\"@id\":\"https:\\\/\\\/fmgente.com.ar\\\/web\\\/la-dolorosa-experiencia-que-flor-jazmin-pena-oculto-por-anos-me-quise-matar\\\/\"},\"wordCount\":767,\"publisher\":{\"@id\":\"https:\\\/\\\/fmgente.com.ar\\\/web\\\/#organization\"},\"image\":{\"@id\":\"https:\\\/\\\/fmgente.com.ar\\\/web\\\/la-dolorosa-experiencia-que-flor-jazmin-pena-oculto-por-anos-me-quise-matar\\\/#primaryimage\"},\"thumbnailUrl\":\"https:\\\/\\\/fmgente.com.ar\\\/web\\\/wp-content\\\/uploads\\\/2025\\\/11\\\/Mauro-Icardi-China-Suarez-aeropuerto-359x226-16.jpg\",\"articleSection\":[\"DESTACADAS\"],\"inLanguage\":\"es\"},{\"@type\":\"WebPage\",\"@id\":\"https:\\\/\\\/fmgente.com.ar\\\/web\\\/la-dolorosa-experiencia-que-flor-jazmin-pena-oculto-por-anos-me-quise-matar\\\/\",\"url\":\"https:\\\/\\\/fmgente.com.ar\\\/web\\\/la-dolorosa-experiencia-que-flor-jazmin-pena-oculto-por-anos-me-quise-matar\\\/\",\"name\":\"La dolorosa experiencia que Flor Jazm\u00edn Pe\u00f1a ocult\u00f3 por a\u00f1os: &quot;Me quise matar&quot; - Fm Gente\",\"isPartOf\":{\"@id\":\"https:\\\/\\\/fmgente.com.ar\\\/web\\\/#website\"},\"primaryImageOfPage\":{\"@id\":\"https:\\\/\\\/fmgente.com.ar\\\/web\\\/la-dolorosa-experiencia-que-flor-jazmin-pena-oculto-por-anos-me-quise-matar\\\/#primaryimage\"},\"image\":{\"@id\":\"https:\\\/\\\/fmgente.com.ar\\\/web\\\/la-dolorosa-experiencia-que-flor-jazmin-pena-oculto-por-anos-me-quise-matar\\\/#primaryimage\"},\"thumbnailUrl\":\"https:\\\/\\\/fmgente.com.ar\\\/web\\\/wp-content\\\/uploads\\\/2025\\\/11\\\/Mauro-Icardi-China-Suarez-aeropuerto-359x226-16.jpg\",\"datePublished\":\"2025-11-22T04:05:39+00:00\",\"inLanguage\":\"es\",\"potentialAction\":[{\"@type\":\"ReadAction\",\"target\":[\"https:\\\/\\\/fmgente.com.ar\\\/web\\\/la-dolorosa-experiencia-que-flor-jazmin-pena-oculto-por-anos-me-quise-matar\\\/\"]}]},{\"@type\":\"ImageObject\",\"inLanguage\":\"es\",\"@id\":\"https:\\\/\\\/fmgente.com.ar\\\/web\\\/la-dolorosa-experiencia-que-flor-jazmin-pena-oculto-por-anos-me-quise-matar\\\/#primaryimage\",\"url\":\"https:\\\/\\\/fmgente.com.ar\\\/web\\\/wp-content\\\/uploads\\\/2025\\\/11\\\/Mauro-Icardi-China-Suarez-aeropuerto-359x226-16.jpg\",\"contentUrl\":\"https:\\\/\\\/fmgente.com.ar\\\/web\\\/wp-content\\\/uploads\\\/2025\\\/11\\\/Mauro-Icardi-China-Suarez-aeropuerto-359x226-16.jpg\",\"width\":359,\"height\":226},{\"@type\":\"WebSite\",\"@id\":\"https:\\\/\\\/fmgente.com.ar\\\/web\\\/#website\",\"url\":\"https:\\\/\\\/fmgente.com.ar\\\/web\\\/\",\"name\":\"Fm Gente\",\"description\":\"- Jes\u00fas Mar\u00eda\",\"publisher\":{\"@id\":\"https:\\\/\\\/fmgente.com.ar\\\/web\\\/#organization\"},\"potentialAction\":[{\"@type\":\"SearchAction\",\"target\":{\"@type\":\"EntryPoint\",\"urlTemplate\":\"https:\\\/\\\/fmgente.com.ar\\\/web\\\/?s={search_term_string}\"},\"query-input\":{\"@type\":\"PropertyValueSpecification\",\"valueRequired\":true,\"valueName\":\"search_term_string\"}}],\"inLanguage\":\"es\"},{\"@type\":\"Organization\",\"@id\":\"https:\\\/\\\/fmgente.com.ar\\\/web\\\/#organization\",\"name\":\"Fm Gente\",\"url\":\"https:\\\/\\\/fmgente.com.ar\\\/web\\\/\",\"logo\":{\"@type\":\"ImageObject\",\"inLanguage\":\"es\",\"@id\":\"https:\\\/\\\/fmgente.com.ar\\\/web\\\/#\\\/schema\\\/logo\\\/image\\\/\",\"url\":\"https:\\\/\\\/fmgente.com.ar\\\/web\\\/wp-content\\\/uploads\\\/2023\\\/07\\\/cropped-cropped-logo-sombra2.png\",\"contentUrl\":\"https:\\\/\\\/fmgente.com.ar\\\/web\\\/wp-content\\\/uploads\\\/2023\\\/07\\\/cropped-cropped-logo-sombra2.png\",\"width\":1782,\"height\":1782,\"caption\":\"Fm Gente\"},\"image\":{\"@id\":\"https:\\\/\\\/fmgente.com.ar\\\/web\\\/#\\\/schema\\\/logo\\\/image\\\/\"}}]}<\/script>\n<!-- \/ Yoast SEO plugin. -->","yoast_head_json":{"title":"La dolorosa experiencia que Flor Jazm\u00edn Pe\u00f1a ocult\u00f3 por a\u00f1os: &quot;Me quise matar&quot; - Fm Gente","robots":{"index":"index","follow":"follow","max-snippet":"max-snippet:-1","max-image-preview":"max-image-preview:large","max-video-preview":"max-video-preview:-1"},"canonical":"https:\/\/fmgente.com.ar\/web\/la-dolorosa-experiencia-que-flor-jazmin-pena-oculto-por-anos-me-quise-matar\/","og_locale":"es_ES","og_type":"article","og_title":"La dolorosa experiencia que Flor Jazm\u00edn Pe\u00f1a ocult\u00f3 por a\u00f1os: &quot;Me quise matar&quot; - Fm Gente","og_description":"Flor Jazm\u00edn Pe\u00f1a abri\u00f3 su coraz\u00f3n y dej\u00f3 al descubierto uno de los momentos m\u00e1s","og_url":"https:\/\/fmgente.com.ar\/web\/la-dolorosa-experiencia-que-flor-jazmin-pena-oculto-por-anos-me-quise-matar\/","og_site_name":"Fm Gente","article_published_time":"2025-11-22T04:05:39+00:00","og_image":[{"width":359,"height":226,"url":"https:\/\/fmgente.com.ar\/web\/wp-content\/uploads\/2025\/11\/Mauro-Icardi-China-Suarez-aeropuerto-359x226-16.jpg","type":"image\/jpeg"}],"twitter_card":"summary_large_image","twitter_misc":{"Tiempo de lectura":"4 minutos"},"schema":{"@context":"https:\/\/schema.org","@graph":[{"@type":"Article","@id":"https:\/\/fmgente.com.ar\/web\/la-dolorosa-experiencia-que-flor-jazmin-pena-oculto-por-anos-me-quise-matar\/#article","isPartOf":{"@id":"https:\/\/fmgente.com.ar\/web\/la-dolorosa-experiencia-que-flor-jazmin-pena-oculto-por-anos-me-quise-matar\/"},"author":{"name":"","@id":""},"headline":"La dolorosa experiencia que Flor Jazm\u00edn Pe\u00f1a ocult\u00f3 por a\u00f1os: &quot;Me quise matar&quot;","datePublished":"2025-11-22T04:05:39+00:00","mainEntityOfPage":{"@id":"https:\/\/fmgente.com.ar\/web\/la-dolorosa-experiencia-que-flor-jazmin-pena-oculto-por-anos-me-quise-matar\/"},"wordCount":767,"publisher":{"@id":"https:\/\/fmgente.com.ar\/web\/#organization"},"image":{"@id":"https:\/\/fmgente.com.ar\/web\/la-dolorosa-experiencia-que-flor-jazmin-pena-oculto-por-anos-me-quise-matar\/#primaryimage"},"thumbnailUrl":"https:\/\/fmgente.com.ar\/web\/wp-content\/uploads\/2025\/11\/Mauro-Icardi-China-Suarez-aeropuerto-359x226-16.jpg","articleSection":["DESTACADAS"],"inLanguage":"es"},{"@type":"WebPage","@id":"https:\/\/fmgente.com.ar\/web\/la-dolorosa-experiencia-que-flor-jazmin-pena-oculto-por-anos-me-quise-matar\/","url":"https:\/\/fmgente.com.ar\/web\/la-dolorosa-experiencia-que-flor-jazmin-pena-oculto-por-anos-me-quise-matar\/","name":"La dolorosa experiencia que Flor Jazm\u00edn Pe\u00f1a ocult\u00f3 por a\u00f1os: &quot;Me quise matar&quot; - Fm Gente","isPartOf":{"@id":"https:\/\/fmgente.com.ar\/web\/#website"},"primaryImageOfPage":{"@id":"https:\/\/fmgente.com.ar\/web\/la-dolorosa-experiencia-que-flor-jazmin-pena-oculto-por-anos-me-quise-matar\/#primaryimage"},"image":{"@id":"https:\/\/fmgente.com.ar\/web\/la-dolorosa-experiencia-que-flor-jazmin-pena-oculto-por-anos-me-quise-matar\/#primaryimage"},"thumbnailUrl":"https:\/\/fmgente.com.ar\/web\/wp-content\/uploads\/2025\/11\/Mauro-Icardi-China-Suarez-aeropuerto-359x226-16.jpg","datePublished":"2025-11-22T04:05:39+00:00","inLanguage":"es","potentialAction":[{"@type":"ReadAction","target":["https:\/\/fmgente.com.ar\/web\/la-dolorosa-experiencia-que-flor-jazmin-pena-oculto-por-anos-me-quise-matar\/"]}]},{"@type":"ImageObject","inLanguage":"es","@id":"https:\/\/fmgente.com.ar\/web\/la-dolorosa-experiencia-que-flor-jazmin-pena-oculto-por-anos-me-quise-matar\/#primaryimage","url":"https:\/\/fmgente.com.ar\/web\/wp-content\/uploads\/2025\/11\/Mauro-Icardi-China-Suarez-aeropuerto-359x226-16.jpg","contentUrl":"https:\/\/fmgente.com.ar\/web\/wp-content\/uploads\/2025\/11\/Mauro-Icardi-China-Suarez-aeropuerto-359x226-16.jpg","width":359,"height":226},{"@type":"WebSite","@id":"https:\/\/fmgente.com.ar\/web\/#website","url":"https:\/\/fmgente.com.ar\/web\/","name":"Fm Gente","description":"- Jes\u00fas Mar\u00eda","publisher":{"@id":"https:\/\/fmgente.com.ar\/web\/#organization"},"potentialAction":[{"@type":"SearchAction","target":{"@type":"EntryPoint","urlTemplate":"https:\/\/fmgente.com.ar\/web\/?s={search_term_string}"},"query-input":{"@type":"PropertyValueSpecification","valueRequired":true,"valueName":"search_term_string"}}],"inLanguage":"es"},{"@type":"Organization","@id":"https:\/\/fmgente.com.ar\/web\/#organization","name":"Fm Gente","url":"https:\/\/fmgente.com.ar\/web\/","logo":{"@type":"ImageObject","inLanguage":"es","@id":"https:\/\/fmgente.com.ar\/web\/#\/schema\/logo\/image\/","url":"https:\/\/fmgente.com.ar\/web\/wp-content\/uploads\/2023\/07\/cropped-cropped-logo-sombra2.png","contentUrl":"https:\/\/fmgente.com.ar\/web\/wp-content\/uploads\/2023\/07\/cropped-cropped-logo-sombra2.png","width":1782,"height":1782,"caption":"Fm Gente"},"image":{"@id":"https:\/\/fmgente.com.ar\/web\/#\/schema\/logo\/image\/"}}]}},"_links":{"self":[{"href":"https:\/\/fmgente.com.ar\/web\/wp-json\/wp\/v2\/posts\/10364","targetHints":{"allow":["GET"]}}],"collection":[{"href":"https:\/\/fmgente.com.ar\/web\/wp-json\/wp\/v2\/posts"}],"about":[{"href":"https:\/\/fmgente.com.ar\/web\/wp-json\/wp\/v2\/types\/post"}],"replies":[{"embeddable":true,"href":"https:\/\/fmgente.com.ar\/web\/wp-json\/wp\/v2\/comments?post=10364"}],"version-history":[{"count":0,"href":"https:\/\/fmgente.com.ar\/web\/wp-json\/wp\/v2\/posts\/10364\/revisions"}],"wp:featuredmedia":[{"embeddable":true,"href":"https:\/\/fmgente.com.ar\/web\/wp-json\/wp\/v2\/media\/10365"}],"wp:attachment":[{"href":"https:\/\/fmgente.com.ar\/web\/wp-json\/wp\/v2\/media?parent=10364"}],"wp:term":[{"taxonomy":"category","embeddable":true,"href":"https:\/\/fmgente.com.ar\/web\/wp-json\/wp\/v2\/categories?post=10364"},{"taxonomy":"post_tag","embeddable":true,"href":"https:\/\/fmgente.com.ar\/web\/wp-json\/wp\/v2\/tags?post=10364"}],"curies":[{"name":"wp","href":"https:\/\/api.w.org\/{rel}","templated":true}]}}