{"id":10362,"date":"2025-11-22T00:05:14","date_gmt":"2025-11-22T03:05:14","guid":{"rendered":"https:\/\/fmgente.com.ar\/la-bomba-que-dio-yanina-latorre-del-futuro-de-flor-de-la-v-en-el-nueve-en-diciembre\/"},"modified":"2025-11-22T00:05:14","modified_gmt":"2025-11-22T03:05:14","slug":"la-bomba-que-dio-yanina-latorre-del-futuro-de-flor-de-la-v-en-el-nueve-en-diciembre","status":"publish","type":"post","link":"https:\/\/fmgente.com.ar\/web\/la-bomba-que-dio-yanina-latorre-del-futuro-de-flor-de-la-v-en-el-nueve-en-diciembre\/","title":{"rendered":"La bomba que dio Yanina Latorre del futuro de Flor de la V en El Nueve: \u201cEn diciembre\u201d"},"content":{"rendered":"<p>Yanina Latorre sac\u00f3 a relucir sus fuentes, siempre confiables, y ilumin\u00f3 una situaci\u00f3n que se cuece en los pasillos de El Nueve, m\u00e1s precisamente sobre Florencia de la V y su continuidad al aire con el ciclo Los Profesionales de Siempre y dej\u00f3 a todos at\u00f3nitos.<\/p>\n<p>La conductora de S\u00e1lvese quien pueda se lanz\u00f3&nbsp; con todo a describir los datos que recopil\u00f3: \u201cLes voy a contar. \u00bfSe acuerdan de que hac\u00eda poco se habl\u00f3 que iban a cambiar de horario el programa de Carmen Barbieri y de Flor de la V para fin de a\u00f1o? Que los van como a enrocar. Que va a ir primero Flor y despu\u00e9s Carmen\u201d.&nbsp;<\/p>\n<p>Y agreg\u00f3: \u201cPorque a una le dijeron que el rating, que no, que la tarde, que el combo. Canal 9 a una de estas dos conductoras le minti\u00f3\u201c. Y en consecuencia prendi\u00f3 la mecha de la bomba: \u201cHay una que va a seguir y la otra que a fin de diciembre se lo van a levantar\u201d.&nbsp;<\/p>\n<div class=\"mt-box \">\n<h4 class=\"mt-heading\">Mir\u00e1 Tambi\u00e9n<\/h4>\n<p><a href=\"https:\/\/www.paparazzi.com.ar\/teve\/marcelo-tinelli-le-dedico-un-mensaje-muy-intimo-a-su-hija-juanita-tras-el-escandalo-familiar-en-las-malas\/\"><\/p>\n<div class=\"mt-content\">\n<div class=\"mt-image-container\"><img decoding=\"async\" src=\"https:\/\/www.paparazzi.com.ar\/wp-content\/uploads\/2025\/11\/Marcelo-Tinelli-Juanita-Tinelli-3-359x226.jpg\" alt=\"Marcelo Tinelli le dedic\u00f3 un mensaje muy \u00edntimo a su hija Juanita tras el esc\u00e1ndalo familiar: \u201cEn las malas\u201d\" class=\"mt-image\" loading=\"lazy\" \/><\/div>\n<h5 class=\"mt-title\">Marcelo Tinelli le dedic\u00f3 un mensaje muy \u00edntimo a su hija Juanita tras el esc\u00e1ndalo familiar: \u201cEn las malas\u201d<\/h5>\n<\/div>\n<p><\/a><\/div>\n<p>Tremendo. Sin dudas y con mucha confianza en su gesti\u00f3n de informaci\u00f3n, Yanina exterioriz\u00f3: \u201cY ni a ella ni a su panel todav\u00eda se lo comunicaron. Canal 9 tiene pensado descontinuar el programa de Flor de la B. No est\u00e1n contentos con el programa. Hubo mucho recambio de panelistas, muchos panelistas que renunciaron. Nada. Se fue Ale Castelo que se va\u201d.<\/p>\n<h2 class=\"wp-block-heading\">YANINA LATORRE CONT\u00d3 QUE LEVANTAN A FLOR DE LA V DE CANAL 9<\/h2>\n<p>Lejos de amenizar el cuadro de situaci\u00f3n, con las implicancias del cierre de un ciclo, Latorre expres\u00f3 de manera tajante: \u201cY lo gracioso de esto y lo cuento, es que me entero primero yo y se entera la gente y no se entera ni Flor ni sus panelistas puestos. Muy del 9\u2033.<\/p>\n<p>Unas horas m\u00e1s tarde, <a href=\"https:\/\/www.paparazzi.com.ar\/teve\/angel-de-brito-confirmo-la-salida-de-yanina-latorre-en-lam-y-abandona-para-siempre-el-programa\/\">\u00c1ngel de Brito<\/a> tambi\u00e9n abord\u00f3 el tema y en el desarrollo de LAM contradijo a su compa\u00f1era m\u00e1s exitosa, la panelista m\u00e1s confiable y poderoso. \u00abEl canal me dice que Flor va a continuar y que tiene contrato por tres a\u00f1os\u00bb, sostuvo.<\/p>\n<div class=\"mt-box \">\n<h4 class=\"mt-heading\">Mir\u00e1 Tambi\u00e9n<\/h4>\n<p><a href=\"https:\/\/www.paparazzi.com.ar\/teve\/angel-de-brito-confirmo-la-salida-de-yanina-latorre-en-lam-y-abandona-para-siempre-el-programa\/\"><\/p>\n<div class=\"mt-content\">\n<div class=\"mt-image-container\"><img decoding=\"async\" src=\"https:\/\/www.paparazzi.com.ar\/wp-content\/uploads\/2025\/11\/Angel-de-Brito-confirmo-la-salida-de-Yanina-Latorre-en-LAM-y-abandona-para-siempre-el-programa-359x226.jpg\" alt=\"\u00c1ngel de Brito confirm\u00f3 la salida de Yanina Latorre en LAM y abandona para siempre el programa\" class=\"mt-image\" loading=\"lazy\" \/><\/div>\n<h5 class=\"mt-title\">\u00c1ngel de Brito confirm\u00f3 la salida de Yanina Latorre en LAM y abandona para siempre el programa<\/h5>\n<\/div>\n<p><\/a><\/div>\n<div class=\"mt-box \">\n<h4 class=\"mt-heading\">Mir\u00e1 Tambi\u00e9n<\/h4>\n<p><a href=\"https:\/\/www.paparazzi.com.ar\/teve\/la-enorme-lista-de-caprichos-de-yanina-latorre-para-seguir-en-america-tv-soy-conductora-me-tienen-que-dar-un\/\"><\/p>\n<div class=\"mt-content\">\n<div class=\"mt-image-container\"><img decoding=\"async\" src=\"https:\/\/www.paparazzi.com.ar\/wp-content\/uploads\/2025\/11\/Yanina-Latorre-sqp-359x226.jpg\" alt=\"La enorme lista de caprichos de Yanina Latorre para seguir en Am\u00e9rica TV: \u201cSoy conductora me tienen que dar un\u2026\u201d\" class=\"mt-image\" loading=\"lazy\" \/><\/div>\n<h5 class=\"mt-title\">La enorme lista de caprichos de Yanina Latorre para seguir en Am\u00e9rica TV: \u201cSoy conductora me tienen que dar un\u2026\u201d<\/h5>\n<\/div>\n<p><\/a><\/div>\n<p>The post <a href=\"https:\/\/www.paparazzi.com.ar\/teve\/la-bomba-que-dio-yanina-latorre-del-futuro-de-flor-de-la-v-en-el-nueve-en-diciembre\/\">La bomba que dio Yanina Latorre del futuro de Flor de la V en El Nueve: \u201cEn diciembre\u201d<\/a> appeared first on <a href=\"https:\/\/www.paparazzi.com.ar\">Revista Paparazzi<\/a>.<\/p>\n","protected":false},"excerpt":{"rendered":"<p>Yanina Latorre sac\u00f3 a relucir sus fuentes, siempre confiables, y ilumin\u00f3 una situaci\u00f3n que se<\/p>\n","protected":false},"author":0,"featured_media":10363,"comment_status":"","ping_status":"","sticky":false,"template":"","format":"standard","meta":{"footnotes":""},"categories":[11],"tags":[],"class_list":["post-10362","post","type-post","status-publish","format-standard","has-post-thumbnail","hentry","category-destacadas"],"yoast_head":"<!-- This site is optimized with the Yoast SEO plugin v27.4 - https:\/\/yoast.com\/product\/yoast-seo-wordpress\/ -->\n<title>La bomba que dio Yanina Latorre del futuro de Flor de la V en El Nueve: \u201cEn diciembre\u201d - Fm Gente<\/title>\n<meta name=\"robots\" content=\"index, follow, max-snippet:-1, max-image-preview:large, max-video-preview:-1\" \/>\n<link rel=\"canonical\" href=\"https:\/\/fmgente.com.ar\/web\/la-bomba-que-dio-yanina-latorre-del-futuro-de-flor-de-la-v-en-el-nueve-en-diciembre\/\" \/>\n<meta property=\"og:locale\" content=\"es_ES\" \/>\n<meta property=\"og:type\" content=\"article\" \/>\n<meta property=\"og:title\" content=\"La bomba que dio Yanina Latorre del futuro de Flor de la V en El Nueve: \u201cEn diciembre\u201d - Fm Gente\" \/>\n<meta property=\"og:description\" content=\"Yanina Latorre sac\u00f3 a relucir sus fuentes, siempre confiables, y ilumin\u00f3 una situaci\u00f3n que se\" \/>\n<meta property=\"og:url\" content=\"https:\/\/fmgente.com.ar\/web\/la-bomba-que-dio-yanina-latorre-del-futuro-de-flor-de-la-v-en-el-nueve-en-diciembre\/\" \/>\n<meta property=\"og:site_name\" content=\"Fm Gente\" \/>\n<meta property=\"article:published_time\" content=\"2025-11-22T03:05:14+00:00\" \/>\n<meta property=\"og:image\" content=\"https:\/\/fmgente.com.ar\/web\/wp-content\/uploads\/2025\/11\/Marcelo-Tinelli-Juanita-Tinelli-3-359x226-1.jpg\" \/>\n\t<meta property=\"og:image:width\" content=\"359\" \/>\n\t<meta property=\"og:image:height\" content=\"226\" \/>\n\t<meta property=\"og:image:type\" content=\"image\/jpeg\" \/>\n<meta name=\"twitter:card\" content=\"summary_large_image\" \/>\n<meta name=\"twitter:label1\" content=\"Tiempo de lectura\" \/>\n\t<meta name=\"twitter:data1\" content=\"2 minutos\" \/>\n<script type=\"application\/ld+json\" class=\"yoast-schema-graph\">{\"@context\":\"https:\\\/\\\/schema.org\",\"@graph\":[{\"@type\":\"Article\",\"@id\":\"https:\\\/\\\/fmgente.com.ar\\\/web\\\/la-bomba-que-dio-yanina-latorre-del-futuro-de-flor-de-la-v-en-el-nueve-en-diciembre\\\/#article\",\"isPartOf\":{\"@id\":\"https:\\\/\\\/fmgente.com.ar\\\/web\\\/la-bomba-que-dio-yanina-latorre-del-futuro-de-flor-de-la-v-en-el-nueve-en-diciembre\\\/\"},\"author\":{\"name\":\"\",\"@id\":\"\"},\"headline\":\"La bomba que dio Yanina Latorre del futuro de Flor de la V en El Nueve: \u201cEn diciembre\u201d\",\"datePublished\":\"2025-11-22T03:05:14+00:00\",\"mainEntityOfPage\":{\"@id\":\"https:\\\/\\\/fmgente.com.ar\\\/web\\\/la-bomba-que-dio-yanina-latorre-del-futuro-de-flor-de-la-v-en-el-nueve-en-diciembre\\\/\"},\"wordCount\":465,\"publisher\":{\"@id\":\"https:\\\/\\\/fmgente.com.ar\\\/web\\\/#organization\"},\"image\":{\"@id\":\"https:\\\/\\\/fmgente.com.ar\\\/web\\\/la-bomba-que-dio-yanina-latorre-del-futuro-de-flor-de-la-v-en-el-nueve-en-diciembre\\\/#primaryimage\"},\"thumbnailUrl\":\"https:\\\/\\\/fmgente.com.ar\\\/web\\\/wp-content\\\/uploads\\\/2025\\\/11\\\/Marcelo-Tinelli-Juanita-Tinelli-3-359x226-1.jpg\",\"articleSection\":[\"DESTACADAS\"],\"inLanguage\":\"es\"},{\"@type\":\"WebPage\",\"@id\":\"https:\\\/\\\/fmgente.com.ar\\\/web\\\/la-bomba-que-dio-yanina-latorre-del-futuro-de-flor-de-la-v-en-el-nueve-en-diciembre\\\/\",\"url\":\"https:\\\/\\\/fmgente.com.ar\\\/web\\\/la-bomba-que-dio-yanina-latorre-del-futuro-de-flor-de-la-v-en-el-nueve-en-diciembre\\\/\",\"name\":\"La bomba que dio Yanina Latorre del futuro de Flor de la V en El Nueve: \u201cEn diciembre\u201d - Fm Gente\",\"isPartOf\":{\"@id\":\"https:\\\/\\\/fmgente.com.ar\\\/web\\\/#website\"},\"primaryImageOfPage\":{\"@id\":\"https:\\\/\\\/fmgente.com.ar\\\/web\\\/la-bomba-que-dio-yanina-latorre-del-futuro-de-flor-de-la-v-en-el-nueve-en-diciembre\\\/#primaryimage\"},\"image\":{\"@id\":\"https:\\\/\\\/fmgente.com.ar\\\/web\\\/la-bomba-que-dio-yanina-latorre-del-futuro-de-flor-de-la-v-en-el-nueve-en-diciembre\\\/#primaryimage\"},\"thumbnailUrl\":\"https:\\\/\\\/fmgente.com.ar\\\/web\\\/wp-content\\\/uploads\\\/2025\\\/11\\\/Marcelo-Tinelli-Juanita-Tinelli-3-359x226-1.jpg\",\"datePublished\":\"2025-11-22T03:05:14+00:00\",\"inLanguage\":\"es\",\"potentialAction\":[{\"@type\":\"ReadAction\",\"target\":[\"https:\\\/\\\/fmgente.com.ar\\\/web\\\/la-bomba-que-dio-yanina-latorre-del-futuro-de-flor-de-la-v-en-el-nueve-en-diciembre\\\/\"]}]},{\"@type\":\"ImageObject\",\"inLanguage\":\"es\",\"@id\":\"https:\\\/\\\/fmgente.com.ar\\\/web\\\/la-bomba-que-dio-yanina-latorre-del-futuro-de-flor-de-la-v-en-el-nueve-en-diciembre\\\/#primaryimage\",\"url\":\"https:\\\/\\\/fmgente.com.ar\\\/web\\\/wp-content\\\/uploads\\\/2025\\\/11\\\/Marcelo-Tinelli-Juanita-Tinelli-3-359x226-1.jpg\",\"contentUrl\":\"https:\\\/\\\/fmgente.com.ar\\\/web\\\/wp-content\\\/uploads\\\/2025\\\/11\\\/Marcelo-Tinelli-Juanita-Tinelli-3-359x226-1.jpg\",\"width\":359,\"height\":226},{\"@type\":\"WebSite\",\"@id\":\"https:\\\/\\\/fmgente.com.ar\\\/web\\\/#website\",\"url\":\"https:\\\/\\\/fmgente.com.ar\\\/web\\\/\",\"name\":\"Fm Gente\",\"description\":\"- Jes\u00fas Mar\u00eda\",\"publisher\":{\"@id\":\"https:\\\/\\\/fmgente.com.ar\\\/web\\\/#organization\"},\"potentialAction\":[{\"@type\":\"SearchAction\",\"target\":{\"@type\":\"EntryPoint\",\"urlTemplate\":\"https:\\\/\\\/fmgente.com.ar\\\/web\\\/?s={search_term_string}\"},\"query-input\":{\"@type\":\"PropertyValueSpecification\",\"valueRequired\":true,\"valueName\":\"search_term_string\"}}],\"inLanguage\":\"es\"},{\"@type\":\"Organization\",\"@id\":\"https:\\\/\\\/fmgente.com.ar\\\/web\\\/#organization\",\"name\":\"Fm Gente\",\"url\":\"https:\\\/\\\/fmgente.com.ar\\\/web\\\/\",\"logo\":{\"@type\":\"ImageObject\",\"inLanguage\":\"es\",\"@id\":\"https:\\\/\\\/fmgente.com.ar\\\/web\\\/#\\\/schema\\\/logo\\\/image\\\/\",\"url\":\"https:\\\/\\\/fmgente.com.ar\\\/web\\\/wp-content\\\/uploads\\\/2023\\\/07\\\/cropped-cropped-logo-sombra2.png\",\"contentUrl\":\"https:\\\/\\\/fmgente.com.ar\\\/web\\\/wp-content\\\/uploads\\\/2023\\\/07\\\/cropped-cropped-logo-sombra2.png\",\"width\":1782,\"height\":1782,\"caption\":\"Fm Gente\"},\"image\":{\"@id\":\"https:\\\/\\\/fmgente.com.ar\\\/web\\\/#\\\/schema\\\/logo\\\/image\\\/\"}}]}<\/script>\n<!-- \/ Yoast SEO plugin. -->","yoast_head_json":{"title":"La bomba que dio Yanina Latorre del futuro de Flor de la V en El Nueve: \u201cEn diciembre\u201d - Fm Gente","robots":{"index":"index","follow":"follow","max-snippet":"max-snippet:-1","max-image-preview":"max-image-preview:large","max-video-preview":"max-video-preview:-1"},"canonical":"https:\/\/fmgente.com.ar\/web\/la-bomba-que-dio-yanina-latorre-del-futuro-de-flor-de-la-v-en-el-nueve-en-diciembre\/","og_locale":"es_ES","og_type":"article","og_title":"La bomba que dio Yanina Latorre del futuro de Flor de la V en El Nueve: \u201cEn diciembre\u201d - Fm Gente","og_description":"Yanina Latorre sac\u00f3 a relucir sus fuentes, siempre confiables, y ilumin\u00f3 una situaci\u00f3n que se","og_url":"https:\/\/fmgente.com.ar\/web\/la-bomba-que-dio-yanina-latorre-del-futuro-de-flor-de-la-v-en-el-nueve-en-diciembre\/","og_site_name":"Fm Gente","article_published_time":"2025-11-22T03:05:14+00:00","og_image":[{"width":359,"height":226,"url":"https:\/\/fmgente.com.ar\/web\/wp-content\/uploads\/2025\/11\/Marcelo-Tinelli-Juanita-Tinelli-3-359x226-1.jpg","type":"image\/jpeg"}],"twitter_card":"summary_large_image","twitter_misc":{"Tiempo de lectura":"2 minutos"},"schema":{"@context":"https:\/\/schema.org","@graph":[{"@type":"Article","@id":"https:\/\/fmgente.com.ar\/web\/la-bomba-que-dio-yanina-latorre-del-futuro-de-flor-de-la-v-en-el-nueve-en-diciembre\/#article","isPartOf":{"@id":"https:\/\/fmgente.com.ar\/web\/la-bomba-que-dio-yanina-latorre-del-futuro-de-flor-de-la-v-en-el-nueve-en-diciembre\/"},"author":{"name":"","@id":""},"headline":"La bomba que dio Yanina Latorre del futuro de Flor de la V en El Nueve: \u201cEn diciembre\u201d","datePublished":"2025-11-22T03:05:14+00:00","mainEntityOfPage":{"@id":"https:\/\/fmgente.com.ar\/web\/la-bomba-que-dio-yanina-latorre-del-futuro-de-flor-de-la-v-en-el-nueve-en-diciembre\/"},"wordCount":465,"publisher":{"@id":"https:\/\/fmgente.com.ar\/web\/#organization"},"image":{"@id":"https:\/\/fmgente.com.ar\/web\/la-bomba-que-dio-yanina-latorre-del-futuro-de-flor-de-la-v-en-el-nueve-en-diciembre\/#primaryimage"},"thumbnailUrl":"https:\/\/fmgente.com.ar\/web\/wp-content\/uploads\/2025\/11\/Marcelo-Tinelli-Juanita-Tinelli-3-359x226-1.jpg","articleSection":["DESTACADAS"],"inLanguage":"es"},{"@type":"WebPage","@id":"https:\/\/fmgente.com.ar\/web\/la-bomba-que-dio-yanina-latorre-del-futuro-de-flor-de-la-v-en-el-nueve-en-diciembre\/","url":"https:\/\/fmgente.com.ar\/web\/la-bomba-que-dio-yanina-latorre-del-futuro-de-flor-de-la-v-en-el-nueve-en-diciembre\/","name":"La bomba que dio Yanina Latorre del futuro de Flor de la V en El Nueve: \u201cEn diciembre\u201d - Fm Gente","isPartOf":{"@id":"https:\/\/fmgente.com.ar\/web\/#website"},"primaryImageOfPage":{"@id":"https:\/\/fmgente.com.ar\/web\/la-bomba-que-dio-yanina-latorre-del-futuro-de-flor-de-la-v-en-el-nueve-en-diciembre\/#primaryimage"},"image":{"@id":"https:\/\/fmgente.com.ar\/web\/la-bomba-que-dio-yanina-latorre-del-futuro-de-flor-de-la-v-en-el-nueve-en-diciembre\/#primaryimage"},"thumbnailUrl":"https:\/\/fmgente.com.ar\/web\/wp-content\/uploads\/2025\/11\/Marcelo-Tinelli-Juanita-Tinelli-3-359x226-1.jpg","datePublished":"2025-11-22T03:05:14+00:00","inLanguage":"es","potentialAction":[{"@type":"ReadAction","target":["https:\/\/fmgente.com.ar\/web\/la-bomba-que-dio-yanina-latorre-del-futuro-de-flor-de-la-v-en-el-nueve-en-diciembre\/"]}]},{"@type":"ImageObject","inLanguage":"es","@id":"https:\/\/fmgente.com.ar\/web\/la-bomba-que-dio-yanina-latorre-del-futuro-de-flor-de-la-v-en-el-nueve-en-diciembre\/#primaryimage","url":"https:\/\/fmgente.com.ar\/web\/wp-content\/uploads\/2025\/11\/Marcelo-Tinelli-Juanita-Tinelli-3-359x226-1.jpg","contentUrl":"https:\/\/fmgente.com.ar\/web\/wp-content\/uploads\/2025\/11\/Marcelo-Tinelli-Juanita-Tinelli-3-359x226-1.jpg","width":359,"height":226},{"@type":"WebSite","@id":"https:\/\/fmgente.com.ar\/web\/#website","url":"https:\/\/fmgente.com.ar\/web\/","name":"Fm Gente","description":"- Jes\u00fas Mar\u00eda","publisher":{"@id":"https:\/\/fmgente.com.ar\/web\/#organization"},"potentialAction":[{"@type":"SearchAction","target":{"@type":"EntryPoint","urlTemplate":"https:\/\/fmgente.com.ar\/web\/?s={search_term_string}"},"query-input":{"@type":"PropertyValueSpecification","valueRequired":true,"valueName":"search_term_string"}}],"inLanguage":"es"},{"@type":"Organization","@id":"https:\/\/fmgente.com.ar\/web\/#organization","name":"Fm Gente","url":"https:\/\/fmgente.com.ar\/web\/","logo":{"@type":"ImageObject","inLanguage":"es","@id":"https:\/\/fmgente.com.ar\/web\/#\/schema\/logo\/image\/","url":"https:\/\/fmgente.com.ar\/web\/wp-content\/uploads\/2023\/07\/cropped-cropped-logo-sombra2.png","contentUrl":"https:\/\/fmgente.com.ar\/web\/wp-content\/uploads\/2023\/07\/cropped-cropped-logo-sombra2.png","width":1782,"height":1782,"caption":"Fm Gente"},"image":{"@id":"https:\/\/fmgente.com.ar\/web\/#\/schema\/logo\/image\/"}}]}},"_links":{"self":[{"href":"https:\/\/fmgente.com.ar\/web\/wp-json\/wp\/v2\/posts\/10362","targetHints":{"allow":["GET"]}}],"collection":[{"href":"https:\/\/fmgente.com.ar\/web\/wp-json\/wp\/v2\/posts"}],"about":[{"href":"https:\/\/fmgente.com.ar\/web\/wp-json\/wp\/v2\/types\/post"}],"replies":[{"embeddable":true,"href":"https:\/\/fmgente.com.ar\/web\/wp-json\/wp\/v2\/comments?post=10362"}],"version-history":[{"count":0,"href":"https:\/\/fmgente.com.ar\/web\/wp-json\/wp\/v2\/posts\/10362\/revisions"}],"wp:featuredmedia":[{"embeddable":true,"href":"https:\/\/fmgente.com.ar\/web\/wp-json\/wp\/v2\/media\/10363"}],"wp:attachment":[{"href":"https:\/\/fmgente.com.ar\/web\/wp-json\/wp\/v2\/media?parent=10362"}],"wp:term":[{"taxonomy":"category","embeddable":true,"href":"https:\/\/fmgente.com.ar\/web\/wp-json\/wp\/v2\/categories?post=10362"},{"taxonomy":"post_tag","embeddable":true,"href":"https:\/\/fmgente.com.ar\/web\/wp-json\/wp\/v2\/tags?post=10362"}],"curies":[{"name":"wp","href":"https:\/\/api.w.org\/{rel}","templated":true}]}}