{"id":10360,"date":"2025-11-22T00:05:14","date_gmt":"2025-11-22T03:05:14","guid":{"rendered":"https:\/\/fmgente.com.ar\/angel-de-brito-confirmo-que-va-a-hacer-marcelo-tinelli-tras-el-escandalo-familiar-el-quiere\/"},"modified":"2025-11-22T00:05:14","modified_gmt":"2025-11-22T03:05:14","slug":"angel-de-brito-confirmo-que-va-a-hacer-marcelo-tinelli-tras-el-escandalo-familiar-el-quiere","status":"publish","type":"post","link":"https:\/\/fmgente.com.ar\/web\/angel-de-brito-confirmo-que-va-a-hacer-marcelo-tinelli-tras-el-escandalo-familiar-el-quiere\/","title":{"rendered":"\u00c1ngel de Brito confirm\u00f3 qu\u00e9 va a hacer Marcelo Tinelli tras el esc\u00e1ndalo familiar: \u201c\u00c9l quiere\u201d"},"content":{"rendered":"<p>La familia de Marcelo Tinelli atraviesa el presente m\u00e1s \u00e1lgido de toda su trayectoria, porque se ilumin\u00f3 una interna inesperada y principalmente por la complejidad de vivir una amenaza de muerte y todo lo que conlleva semejante amedrentamiento.&nbsp;<\/p>\n<p>La armon\u00eda se resquebraj\u00f3 en el clan, a tal punto que Juanita Tinelli cont\u00f3, en un posteo, que ya no posee una relaci\u00f3n con su padre, al mismo tiempo que Candelaria admiti\u00f3 que no tiene relaci\u00f3n con su hermana menor y la ex del conductor Soledad Aquino dispar\u00f3 contra Paula Robles.<\/p>\n<p>En todo ese ruido, ese panorama complejo lleno de espinas, \u00c1ngel de Brito sac\u00f3 a la luz un dato desconocido del conductor m\u00e1s famoso de la televisi\u00f3n argentina, aunque en referencia a su futuro laboral, que luce como inc\u00f3gnita tras el levantamiento del ciclo de streaming.<\/p>\n<div class=\"mt-box \">\n<h4 class=\"mt-heading\">Mir\u00e1 Tambi\u00e9n<\/h4>\n<p><a href=\"https:\/\/www.paparazzi.com.ar\/teve\/la-bomba-que-dio-yanina-latorre-del-futuro-de-flor-de-la-v-en-el-nueve-en-diciembre\/\"><\/p>\n<div class=\"mt-content\">\n<div class=\"mt-image-container\"><img decoding=\"async\" src=\"https:\/\/www.paparazzi.com.ar\/wp-content\/uploads\/2025\/11\/Yanina-Latorre-Flor-de-la-V-359x226.jpg\" alt=\"La bomba que dio Yanina Latorre del futuro de Flor de la V en El Nueve: \u201cEn diciembre\u201d\" class=\"mt-image\" loading=\"lazy\" \/><\/div>\n<h5 class=\"mt-title\">La bomba que dio Yanina Latorre del futuro de Flor de la V en El Nueve: \u201cEn diciembre\u201d<\/h5>\n<\/div>\n<p><\/a><\/div>\n<p>En el desarrollo de LAM, el periodista hizo gala de su acceso a informaci\u00f3n calificada, y su llegada al entorno de Marcelo, y narr\u00f3: \u201cLamento pincharles el globo a todos. Tinelli no va a ir a Uruguay, no va a ir a Chile. No va a volver a la televisi\u00f3n ni en Uruguay ni en Chile, m\u00e1s all\u00e1 de que tengan intenciones de llevarlo\u201d.<\/p>\n<h2 class=\"wp-block-heading\">\u00c1NGEL DE BRITO CONT\u00d3 QUE TINELLI QUIERE VOLVER A LA TV<\/h2>\n<p>Y as\u00ed, el hombre de Am\u00e9rica procur\u00f3 destrabar el asombro de todas las angelitas, que no entend\u00edan el tenor de esa coyuntura, y termin\u00f3 por revelar el secreto del anhelo del novio de Milett Figueroa: \u201cMarcelo Tinelli quiere trabajar el a\u00f1o que viene en la televisi\u00f3n argentina\u201d.<\/p>\n<p>Claro que \u00c1ngel aclar\u00f3 que todo se remite al plano de las intenciones, de los sue\u00f1os y que todav\u00eda no existe ninguna oferta formal, ni un proyecto posible. \u201cQue eso pase\u2026 bueno, eso es otro tema\u201c, asever\u00f3.<\/p>\n<div class=\"mt-box \">\n<h4 class=\"mt-heading\">Mir\u00e1 Tambi\u00e9n<\/h4>\n<p><a href=\"https:\/\/www.paparazzi.com.ar\/teve\/marcelo-tinelli-le-dedico-un-mensaje-muy-intimo-a-su-hija-juanita-tras-el-escandalo-familiar-en-las-malas\/\"><\/p>\n<div class=\"mt-content\">\n<div class=\"mt-image-container\"><img decoding=\"async\" src=\"https:\/\/www.paparazzi.com.ar\/wp-content\/uploads\/2025\/11\/Marcelo-Tinelli-Juanita-Tinelli-3-359x226.jpg\" alt=\"Marcelo Tinelli le dedic\u00f3 un mensaje muy \u00edntimo a su hija Juanita tras el esc\u00e1ndalo familiar: \u201cEn las malas\u201d\" class=\"mt-image\" loading=\"lazy\" \/><\/div>\n<h5 class=\"mt-title\">Marcelo Tinelli le dedic\u00f3 un mensaje muy \u00edntimo a su hija Juanita tras el esc\u00e1ndalo familiar: \u201cEn las malas\u201d<\/h5>\n<\/div>\n<p><\/a><\/div>\n<div class=\"mt-box \">\n<h4 class=\"mt-heading\">Mir\u00e1 Tambi\u00e9n<\/h4>\n<p><a href=\"https:\/\/www.paparazzi.com.ar\/teve\/bomba-total-revelan-quien-es-el-polemico-famoso-que-reemplazara-a-marcelo-tinelli-en-carnaval\/\"><\/p>\n<div class=\"mt-content\">\n<div class=\"mt-image-container\"><img decoding=\"async\" src=\"https:\/\/www.paparazzi.com.ar\/wp-content\/uploads\/2025\/11\/marcelo-tinelli-3-359x226.jpg\" alt=\"\u00a1Bomba total! Revelan qui\u00e9n es el pol\u00e9mico famoso que reemplazar\u00e1 a Marcelo Tinelli en Carnaval\" class=\"mt-image\" loading=\"lazy\" \/><\/div>\n<h5 class=\"mt-title\">\u00a1Bomba total! Revelan qui\u00e9n es el pol\u00e9mico famoso que reemplazar\u00e1 a Marcelo Tinelli en Carnaval<\/h5>\n<\/div>\n<p><\/a><\/div>\n<p>The post <a href=\"https:\/\/www.paparazzi.com.ar\/teve\/angel-de-brito-confirmo-que-va-a-hacer-marcelo-tinelli-tras-el-escandalo-familiar-el-quiere\/\">\u00c1ngel de Brito confirm\u00f3 qu\u00e9 va a hacer Marcelo Tinelli tras el esc\u00e1ndalo familiar: \u201c\u00c9l quiere\u201d<\/a> appeared first on <a href=\"https:\/\/www.paparazzi.com.ar\">Revista Paparazzi<\/a>.<\/p>\n","protected":false},"excerpt":{"rendered":"<p>La familia de Marcelo Tinelli atraviesa el presente m\u00e1s \u00e1lgido de toda su trayectoria, porque<\/p>\n","protected":false},"author":0,"featured_media":10361,"comment_status":"","ping_status":"","sticky":false,"template":"","format":"standard","meta":{"footnotes":""},"categories":[11],"tags":[],"class_list":["post-10360","post","type-post","status-publish","format-standard","has-post-thumbnail","hentry","category-destacadas"],"yoast_head":"<!-- This site is optimized with the Yoast SEO plugin v27.4 - https:\/\/yoast.com\/product\/yoast-seo-wordpress\/ -->\n<title>\u00c1ngel de Brito confirm\u00f3 qu\u00e9 va a hacer Marcelo Tinelli tras el esc\u00e1ndalo familiar: \u201c\u00c9l quiere\u201d - Fm Gente<\/title>\n<meta name=\"robots\" content=\"index, follow, max-snippet:-1, max-image-preview:large, max-video-preview:-1\" \/>\n<link rel=\"canonical\" href=\"https:\/\/fmgente.com.ar\/web\/angel-de-brito-confirmo-que-va-a-hacer-marcelo-tinelli-tras-el-escandalo-familiar-el-quiere\/\" \/>\n<meta property=\"og:locale\" content=\"es_ES\" \/>\n<meta property=\"og:type\" content=\"article\" \/>\n<meta property=\"og:title\" content=\"\u00c1ngel de Brito confirm\u00f3 qu\u00e9 va a hacer Marcelo Tinelli tras el esc\u00e1ndalo familiar: \u201c\u00c9l quiere\u201d - Fm Gente\" \/>\n<meta property=\"og:description\" content=\"La familia de Marcelo Tinelli atraviesa el presente m\u00e1s \u00e1lgido de toda su trayectoria, porque\" \/>\n<meta property=\"og:url\" content=\"https:\/\/fmgente.com.ar\/web\/angel-de-brito-confirmo-que-va-a-hacer-marcelo-tinelli-tras-el-escandalo-familiar-el-quiere\/\" \/>\n<meta property=\"og:site_name\" content=\"Fm Gente\" \/>\n<meta property=\"article:published_time\" content=\"2025-11-22T03:05:14+00:00\" \/>\n<meta property=\"og:image\" content=\"https:\/\/fmgente.com.ar\/web\/wp-content\/uploads\/2025\/11\/Yanina-Latorre-Flor-de-la-V-359x226-1.jpg\" \/>\n\t<meta property=\"og:image:width\" content=\"359\" \/>\n\t<meta property=\"og:image:height\" content=\"226\" \/>\n\t<meta property=\"og:image:type\" content=\"image\/jpeg\" \/>\n<meta name=\"twitter:card\" content=\"summary_large_image\" \/>\n<meta name=\"twitter:label1\" content=\"Tiempo de lectura\" \/>\n\t<meta name=\"twitter:data1\" content=\"2 minutos\" \/>\n<script type=\"application\/ld+json\" class=\"yoast-schema-graph\">{\"@context\":\"https:\\\/\\\/schema.org\",\"@graph\":[{\"@type\":\"Article\",\"@id\":\"https:\\\/\\\/fmgente.com.ar\\\/web\\\/angel-de-brito-confirmo-que-va-a-hacer-marcelo-tinelli-tras-el-escandalo-familiar-el-quiere\\\/#article\",\"isPartOf\":{\"@id\":\"https:\\\/\\\/fmgente.com.ar\\\/web\\\/angel-de-brito-confirmo-que-va-a-hacer-marcelo-tinelli-tras-el-escandalo-familiar-el-quiere\\\/\"},\"author\":{\"name\":\"\",\"@id\":\"\"},\"headline\":\"\u00c1ngel de Brito confirm\u00f3 qu\u00e9 va a hacer Marcelo Tinelli tras el esc\u00e1ndalo familiar: \u201c\u00c9l quiere\u201d\",\"datePublished\":\"2025-11-22T03:05:14+00:00\",\"mainEntityOfPage\":{\"@id\":\"https:\\\/\\\/fmgente.com.ar\\\/web\\\/angel-de-brito-confirmo-que-va-a-hacer-marcelo-tinelli-tras-el-escandalo-familiar-el-quiere\\\/\"},\"wordCount\":416,\"publisher\":{\"@id\":\"https:\\\/\\\/fmgente.com.ar\\\/web\\\/#organization\"},\"image\":{\"@id\":\"https:\\\/\\\/fmgente.com.ar\\\/web\\\/angel-de-brito-confirmo-que-va-a-hacer-marcelo-tinelli-tras-el-escandalo-familiar-el-quiere\\\/#primaryimage\"},\"thumbnailUrl\":\"https:\\\/\\\/fmgente.com.ar\\\/web\\\/wp-content\\\/uploads\\\/2025\\\/11\\\/Yanina-Latorre-Flor-de-la-V-359x226-1.jpg\",\"articleSection\":[\"DESTACADAS\"],\"inLanguage\":\"es\"},{\"@type\":\"WebPage\",\"@id\":\"https:\\\/\\\/fmgente.com.ar\\\/web\\\/angel-de-brito-confirmo-que-va-a-hacer-marcelo-tinelli-tras-el-escandalo-familiar-el-quiere\\\/\",\"url\":\"https:\\\/\\\/fmgente.com.ar\\\/web\\\/angel-de-brito-confirmo-que-va-a-hacer-marcelo-tinelli-tras-el-escandalo-familiar-el-quiere\\\/\",\"name\":\"\u00c1ngel de Brito confirm\u00f3 qu\u00e9 va a hacer Marcelo Tinelli tras el esc\u00e1ndalo familiar: \u201c\u00c9l quiere\u201d - Fm Gente\",\"isPartOf\":{\"@id\":\"https:\\\/\\\/fmgente.com.ar\\\/web\\\/#website\"},\"primaryImageOfPage\":{\"@id\":\"https:\\\/\\\/fmgente.com.ar\\\/web\\\/angel-de-brito-confirmo-que-va-a-hacer-marcelo-tinelli-tras-el-escandalo-familiar-el-quiere\\\/#primaryimage\"},\"image\":{\"@id\":\"https:\\\/\\\/fmgente.com.ar\\\/web\\\/angel-de-brito-confirmo-que-va-a-hacer-marcelo-tinelli-tras-el-escandalo-familiar-el-quiere\\\/#primaryimage\"},\"thumbnailUrl\":\"https:\\\/\\\/fmgente.com.ar\\\/web\\\/wp-content\\\/uploads\\\/2025\\\/11\\\/Yanina-Latorre-Flor-de-la-V-359x226-1.jpg\",\"datePublished\":\"2025-11-22T03:05:14+00:00\",\"inLanguage\":\"es\",\"potentialAction\":[{\"@type\":\"ReadAction\",\"target\":[\"https:\\\/\\\/fmgente.com.ar\\\/web\\\/angel-de-brito-confirmo-que-va-a-hacer-marcelo-tinelli-tras-el-escandalo-familiar-el-quiere\\\/\"]}]},{\"@type\":\"ImageObject\",\"inLanguage\":\"es\",\"@id\":\"https:\\\/\\\/fmgente.com.ar\\\/web\\\/angel-de-brito-confirmo-que-va-a-hacer-marcelo-tinelli-tras-el-escandalo-familiar-el-quiere\\\/#primaryimage\",\"url\":\"https:\\\/\\\/fmgente.com.ar\\\/web\\\/wp-content\\\/uploads\\\/2025\\\/11\\\/Yanina-Latorre-Flor-de-la-V-359x226-1.jpg\",\"contentUrl\":\"https:\\\/\\\/fmgente.com.ar\\\/web\\\/wp-content\\\/uploads\\\/2025\\\/11\\\/Yanina-Latorre-Flor-de-la-V-359x226-1.jpg\",\"width\":359,\"height\":226},{\"@type\":\"WebSite\",\"@id\":\"https:\\\/\\\/fmgente.com.ar\\\/web\\\/#website\",\"url\":\"https:\\\/\\\/fmgente.com.ar\\\/web\\\/\",\"name\":\"Fm Gente\",\"description\":\"- Jes\u00fas Mar\u00eda\",\"publisher\":{\"@id\":\"https:\\\/\\\/fmgente.com.ar\\\/web\\\/#organization\"},\"potentialAction\":[{\"@type\":\"SearchAction\",\"target\":{\"@type\":\"EntryPoint\",\"urlTemplate\":\"https:\\\/\\\/fmgente.com.ar\\\/web\\\/?s={search_term_string}\"},\"query-input\":{\"@type\":\"PropertyValueSpecification\",\"valueRequired\":true,\"valueName\":\"search_term_string\"}}],\"inLanguage\":\"es\"},{\"@type\":\"Organization\",\"@id\":\"https:\\\/\\\/fmgente.com.ar\\\/web\\\/#organization\",\"name\":\"Fm Gente\",\"url\":\"https:\\\/\\\/fmgente.com.ar\\\/web\\\/\",\"logo\":{\"@type\":\"ImageObject\",\"inLanguage\":\"es\",\"@id\":\"https:\\\/\\\/fmgente.com.ar\\\/web\\\/#\\\/schema\\\/logo\\\/image\\\/\",\"url\":\"https:\\\/\\\/fmgente.com.ar\\\/web\\\/wp-content\\\/uploads\\\/2023\\\/07\\\/cropped-cropped-logo-sombra2.png\",\"contentUrl\":\"https:\\\/\\\/fmgente.com.ar\\\/web\\\/wp-content\\\/uploads\\\/2023\\\/07\\\/cropped-cropped-logo-sombra2.png\",\"width\":1782,\"height\":1782,\"caption\":\"Fm Gente\"},\"image\":{\"@id\":\"https:\\\/\\\/fmgente.com.ar\\\/web\\\/#\\\/schema\\\/logo\\\/image\\\/\"}}]}<\/script>\n<!-- \/ Yoast SEO plugin. -->","yoast_head_json":{"title":"\u00c1ngel de Brito confirm\u00f3 qu\u00e9 va a hacer Marcelo Tinelli tras el esc\u00e1ndalo familiar: \u201c\u00c9l quiere\u201d - Fm Gente","robots":{"index":"index","follow":"follow","max-snippet":"max-snippet:-1","max-image-preview":"max-image-preview:large","max-video-preview":"max-video-preview:-1"},"canonical":"https:\/\/fmgente.com.ar\/web\/angel-de-brito-confirmo-que-va-a-hacer-marcelo-tinelli-tras-el-escandalo-familiar-el-quiere\/","og_locale":"es_ES","og_type":"article","og_title":"\u00c1ngel de Brito confirm\u00f3 qu\u00e9 va a hacer Marcelo Tinelli tras el esc\u00e1ndalo familiar: \u201c\u00c9l quiere\u201d - Fm Gente","og_description":"La familia de Marcelo Tinelli atraviesa el presente m\u00e1s \u00e1lgido de toda su trayectoria, porque","og_url":"https:\/\/fmgente.com.ar\/web\/angel-de-brito-confirmo-que-va-a-hacer-marcelo-tinelli-tras-el-escandalo-familiar-el-quiere\/","og_site_name":"Fm Gente","article_published_time":"2025-11-22T03:05:14+00:00","og_image":[{"width":359,"height":226,"url":"https:\/\/fmgente.com.ar\/web\/wp-content\/uploads\/2025\/11\/Yanina-Latorre-Flor-de-la-V-359x226-1.jpg","type":"image\/jpeg"}],"twitter_card":"summary_large_image","twitter_misc":{"Tiempo de lectura":"2 minutos"},"schema":{"@context":"https:\/\/schema.org","@graph":[{"@type":"Article","@id":"https:\/\/fmgente.com.ar\/web\/angel-de-brito-confirmo-que-va-a-hacer-marcelo-tinelli-tras-el-escandalo-familiar-el-quiere\/#article","isPartOf":{"@id":"https:\/\/fmgente.com.ar\/web\/angel-de-brito-confirmo-que-va-a-hacer-marcelo-tinelli-tras-el-escandalo-familiar-el-quiere\/"},"author":{"name":"","@id":""},"headline":"\u00c1ngel de Brito confirm\u00f3 qu\u00e9 va a hacer Marcelo Tinelli tras el esc\u00e1ndalo familiar: \u201c\u00c9l quiere\u201d","datePublished":"2025-11-22T03:05:14+00:00","mainEntityOfPage":{"@id":"https:\/\/fmgente.com.ar\/web\/angel-de-brito-confirmo-que-va-a-hacer-marcelo-tinelli-tras-el-escandalo-familiar-el-quiere\/"},"wordCount":416,"publisher":{"@id":"https:\/\/fmgente.com.ar\/web\/#organization"},"image":{"@id":"https:\/\/fmgente.com.ar\/web\/angel-de-brito-confirmo-que-va-a-hacer-marcelo-tinelli-tras-el-escandalo-familiar-el-quiere\/#primaryimage"},"thumbnailUrl":"https:\/\/fmgente.com.ar\/web\/wp-content\/uploads\/2025\/11\/Yanina-Latorre-Flor-de-la-V-359x226-1.jpg","articleSection":["DESTACADAS"],"inLanguage":"es"},{"@type":"WebPage","@id":"https:\/\/fmgente.com.ar\/web\/angel-de-brito-confirmo-que-va-a-hacer-marcelo-tinelli-tras-el-escandalo-familiar-el-quiere\/","url":"https:\/\/fmgente.com.ar\/web\/angel-de-brito-confirmo-que-va-a-hacer-marcelo-tinelli-tras-el-escandalo-familiar-el-quiere\/","name":"\u00c1ngel de Brito confirm\u00f3 qu\u00e9 va a hacer Marcelo Tinelli tras el esc\u00e1ndalo familiar: \u201c\u00c9l quiere\u201d - Fm Gente","isPartOf":{"@id":"https:\/\/fmgente.com.ar\/web\/#website"},"primaryImageOfPage":{"@id":"https:\/\/fmgente.com.ar\/web\/angel-de-brito-confirmo-que-va-a-hacer-marcelo-tinelli-tras-el-escandalo-familiar-el-quiere\/#primaryimage"},"image":{"@id":"https:\/\/fmgente.com.ar\/web\/angel-de-brito-confirmo-que-va-a-hacer-marcelo-tinelli-tras-el-escandalo-familiar-el-quiere\/#primaryimage"},"thumbnailUrl":"https:\/\/fmgente.com.ar\/web\/wp-content\/uploads\/2025\/11\/Yanina-Latorre-Flor-de-la-V-359x226-1.jpg","datePublished":"2025-11-22T03:05:14+00:00","inLanguage":"es","potentialAction":[{"@type":"ReadAction","target":["https:\/\/fmgente.com.ar\/web\/angel-de-brito-confirmo-que-va-a-hacer-marcelo-tinelli-tras-el-escandalo-familiar-el-quiere\/"]}]},{"@type":"ImageObject","inLanguage":"es","@id":"https:\/\/fmgente.com.ar\/web\/angel-de-brito-confirmo-que-va-a-hacer-marcelo-tinelli-tras-el-escandalo-familiar-el-quiere\/#primaryimage","url":"https:\/\/fmgente.com.ar\/web\/wp-content\/uploads\/2025\/11\/Yanina-Latorre-Flor-de-la-V-359x226-1.jpg","contentUrl":"https:\/\/fmgente.com.ar\/web\/wp-content\/uploads\/2025\/11\/Yanina-Latorre-Flor-de-la-V-359x226-1.jpg","width":359,"height":226},{"@type":"WebSite","@id":"https:\/\/fmgente.com.ar\/web\/#website","url":"https:\/\/fmgente.com.ar\/web\/","name":"Fm Gente","description":"- Jes\u00fas Mar\u00eda","publisher":{"@id":"https:\/\/fmgente.com.ar\/web\/#organization"},"potentialAction":[{"@type":"SearchAction","target":{"@type":"EntryPoint","urlTemplate":"https:\/\/fmgente.com.ar\/web\/?s={search_term_string}"},"query-input":{"@type":"PropertyValueSpecification","valueRequired":true,"valueName":"search_term_string"}}],"inLanguage":"es"},{"@type":"Organization","@id":"https:\/\/fmgente.com.ar\/web\/#organization","name":"Fm Gente","url":"https:\/\/fmgente.com.ar\/web\/","logo":{"@type":"ImageObject","inLanguage":"es","@id":"https:\/\/fmgente.com.ar\/web\/#\/schema\/logo\/image\/","url":"https:\/\/fmgente.com.ar\/web\/wp-content\/uploads\/2023\/07\/cropped-cropped-logo-sombra2.png","contentUrl":"https:\/\/fmgente.com.ar\/web\/wp-content\/uploads\/2023\/07\/cropped-cropped-logo-sombra2.png","width":1782,"height":1782,"caption":"Fm Gente"},"image":{"@id":"https:\/\/fmgente.com.ar\/web\/#\/schema\/logo\/image\/"}}]}},"_links":{"self":[{"href":"https:\/\/fmgente.com.ar\/web\/wp-json\/wp\/v2\/posts\/10360","targetHints":{"allow":["GET"]}}],"collection":[{"href":"https:\/\/fmgente.com.ar\/web\/wp-json\/wp\/v2\/posts"}],"about":[{"href":"https:\/\/fmgente.com.ar\/web\/wp-json\/wp\/v2\/types\/post"}],"replies":[{"embeddable":true,"href":"https:\/\/fmgente.com.ar\/web\/wp-json\/wp\/v2\/comments?post=10360"}],"version-history":[{"count":0,"href":"https:\/\/fmgente.com.ar\/web\/wp-json\/wp\/v2\/posts\/10360\/revisions"}],"wp:featuredmedia":[{"embeddable":true,"href":"https:\/\/fmgente.com.ar\/web\/wp-json\/wp\/v2\/media\/10361"}],"wp:attachment":[{"href":"https:\/\/fmgente.com.ar\/web\/wp-json\/wp\/v2\/media?parent=10360"}],"wp:term":[{"taxonomy":"category","embeddable":true,"href":"https:\/\/fmgente.com.ar\/web\/wp-json\/wp\/v2\/categories?post=10360"},{"taxonomy":"post_tag","embeddable":true,"href":"https:\/\/fmgente.com.ar\/web\/wp-json\/wp\/v2\/tags?post=10360"}],"curies":[{"name":"wp","href":"https:\/\/api.w.org\/{rel}","templated":true}]}}