{"id":10358,"date":"2025-11-22T00:05:12","date_gmt":"2025-11-22T03:05:12","guid":{"rendered":"https:\/\/fmgente.com.ar\/el-preocupante-video-del-pity-alvarez-con-la-policia-tras-el-escandalo-en-su-show\/"},"modified":"2025-11-22T00:05:12","modified_gmt":"2025-11-22T03:05:12","slug":"el-preocupante-video-del-pity-alvarez-con-la-policia-tras-el-escandalo-en-su-show","status":"publish","type":"post","link":"https:\/\/fmgente.com.ar\/web\/el-preocupante-video-del-pity-alvarez-con-la-policia-tras-el-escandalo-en-su-show\/","title":{"rendered":"El preocupante video del Pity \u00c1lvarez con la polic\u00eda tras el esc\u00e1ndalo en su show"},"content":{"rendered":"<p>La escena fue tan inesperada como explosiva: <strong><a href=\"https:\/\/www.paparazzi.com.ar\/tag\/pity-alvarez\/\">Pity \u00c1lvarez<\/a><\/strong>, a d\u00edas de su anunciado regreso a los escenarios y a\u00fan envuelto en el juicio por el asesinato de <strong>Cristian Maximiliano D\u00edaz<\/strong> \u2014otra vez suspendido por supuestos problemas de salud mental\u2014, fue interceptado por la Polic\u00eda en pleno Palermo. Las im\u00e1genes, reveladas horas m\u00e1s tarde en televisi\u00f3n, reavivaron las dudas sobre su presente judicial y encendieron una pol\u00e9mica que parec\u00eda inevitable.<\/p>\n<p>En la \u00faltima emisi\u00f3n de DDM mostraron el video donde se lo ve caminando solo, de madrugada, cuando una productora del programa se lo cruz\u00f3. Desde el ciclo explicaron que <em>\u201choy a las 7:20 de la ma\u00f1ana en Palermo una productora nuestra se encontr\u00f3 con Pity, que fue noticia porque anunci\u00f3 su show en C\u00f3rdoba\u201d<\/em>. Una postal que sorprendi\u00f3 incluso a quienes siguen de cerca el caso y que volvi\u00f3 a poner en foco el contraste entre su estado legal y sus planes art\u00edsticos.<\/p>\n<p>Las im\u00e1genes tambi\u00e9n registraron la interacci\u00f3n del m\u00fasico con dos efectivos policiales. En el estudio, <strong><a href=\"https:\/\/www.paparazzi.com.ar\/teve\/en-medio-de-su-condena-pity-alvarez-fue-visto-en-las-calles-y-sorprendio-con-su-cambio-fisico\/\">Mariana Fabbiani<\/a><\/strong> resalt\u00f3 el gesto que m\u00e1s impacto gener\u00f3: <em>\u201cestaba saludando a unos polic\u00edas a quienes les regal\u00f3 rosas\u201d<\/em>. Ese detalle, captado al aire libre y sin filtro, agreg\u00f3 un matiz inesperado a un episodio que ya de por s\u00ed ven\u00eda cargado de interrogantes.<\/p>\n<div class=\"mt-box \">\n<h4 class=\"mt-heading\">Mir\u00e1 Tambi\u00e9n<\/h4>\n<p><a href=\"https:\/\/www.paparazzi.com.ar\/teve\/exclusivo-el-video-de-la-salida-de-thiago-medina-del-hospital-que-famosos-lo-fueron-a-buscar\/\"><\/p>\n<div class=\"mt-content\">\n<div class=\"mt-image-container\"><img decoding=\"async\" src=\"https:\/\/www.paparazzi.com.ar\/wp-content\/uploads\/2025\/10\/Thiago-Medina-hospital-359x226.jpg\" alt=\"\u00a1Exclusivo! El video de la salida de Thiago Medina del hospital: qu\u00e9 famosos lo fueron a buscar\" class=\"mt-image\" loading=\"lazy\" \/><\/div>\n<h5 class=\"mt-title\">\u00a1Exclusivo! El video de la salida de Thiago Medina del hospital: qu\u00e9 famosos lo fueron a buscar<\/h5>\n<\/div>\n<p><\/a><\/div>\n<p>El video se viraliz\u00f3 casi de inmediato y provoc\u00f3 un aluvi\u00f3n de interpretaciones. Para algunos, se trat\u00f3 de una excentricidad t\u00edpica del m\u00fasico; para otros, de una conducta desconcertante si se considera que su capacidad mental est\u00e1 siendo evaluada por la Justicia. El gesto, en cualquier caso, no pas\u00f3 inadvertido.<\/p>\n<h2 class=\"wp-block-heading\">EL VIDEO DEL PITY \u00c1LVAREZ<\/h2>\n<p>En medio de esta difusi\u00f3n, el anuncio de su show en C\u00f3rdoba qued\u00f3 envuelto en una nube de dudas. El entorno del <strong><a href=\"https:\/\/www.paparazzi.com.ar\/teve\/lluvia-de-memes-creyeron-que-pity-alvarez-se-habia-fugado-pero-era-un-video-inedito-grabado-en-2005-las-imagenes\/\">Pity<\/a><\/strong> evita dar definiciones, mientras la producci\u00f3n del evento se mantiene atenta a un clima p\u00fablico que cambia minuto a minuto. Aunque la fecha sigue en pie, el episodio en Palermo volvi\u00f3 a desordenar los papeles.<\/p>\n<p>Lo \u00fanico concreto es que cada aparici\u00f3n suya genera ruido. Y esta vez, como remarcaron en el programa, el momento qued\u00f3 sintetizado en una frase que se repiti\u00f3 en el estudio: <em>\u201cEstaba saludando a unos polic\u00edas a quienes les regal\u00f3 rosas\u201d<\/em>.<\/p>\n<div class=\"mt-box \">\n<h4 class=\"mt-heading\">Mir\u00e1 Tambi\u00e9n<\/h4>\n<p><a href=\"https:\/\/www.paparazzi.com.ar\/teve\/revelaron-si-el-streaming-de-jorge-rial-echo-a-marcelo-tinelli-en-medio-de-su-crisis-familiar\/\"><\/p>\n<div class=\"mt-content\">\n<div class=\"mt-image-container\"><img decoding=\"async\" src=\"https:\/\/www.paparazzi.com.ar\/wp-content\/uploads\/2025\/11\/Tinelli-1-2-359x226.jpg\" alt=\"Revelaron si el streaming de Jorge Rial ech\u00f3 a Marcelo Tinelli en medio de su crisis familiar\" class=\"mt-image\" loading=\"lazy\" \/><\/div>\n<h5 class=\"mt-title\">Revelaron si el streaming de Jorge Rial ech\u00f3 a Marcelo Tinelli en medio de su crisis familiar<\/h5>\n<\/div>\n<p><\/a><\/div>\n<div class=\"mt-box \">\n<h4 class=\"mt-heading\">Mir\u00e1 Tambi\u00e9n<\/h4>\n<p><a href=\"https:\/\/www.paparazzi.com.ar\/romances\/el-revelador-dato-que-expone-que-el-romance-de-la-china-suarez-y-mauro-icardi-inicio-antes-del-wandagate\/\"><\/p>\n<div class=\"mt-content\">\n<div class=\"mt-image-container\"><img decoding=\"async\" src=\"https:\/\/www.paparazzi.com.ar\/wp-content\/uploads\/2025\/11\/China-Suarez-Mauro-Icardi-Wanda-Nara-359x226.jpg\" alt=\"El revelador dato que expone que el romance de la China Su\u00e1rez y Mauro Icardi inici\u00f3 antes del WandaGate\" class=\"mt-image\" loading=\"lazy\" \/><\/div>\n<h5 class=\"mt-title\">El revelador dato que expone que el romance de la China Su\u00e1rez y Mauro Icardi inici\u00f3 antes del WandaGate<\/h5>\n<\/div>\n<p><\/a><\/div>\n<p>The post <a href=\"https:\/\/www.paparazzi.com.ar\/sin-categoria\/el-preocupante-video-del-pity-alvarez-con-la-policia-tras-el-escandalo-en-su-show\/\">El preocupante video del Pity \u00c1lvarez con la polic\u00eda tras el esc\u00e1ndalo en su show<\/a> appeared first on <a href=\"https:\/\/www.paparazzi.com.ar\">Revista Paparazzi<\/a>.<\/p>\n","protected":false},"excerpt":{"rendered":"<p>La escena fue tan inesperada como explosiva: Pity \u00c1lvarez, a d\u00edas de su anunciado regreso<\/p>\n","protected":false},"author":0,"featured_media":10359,"comment_status":"","ping_status":"","sticky":false,"template":"","format":"standard","meta":{"footnotes":""},"categories":[11],"tags":[],"class_list":["post-10358","post","type-post","status-publish","format-standard","has-post-thumbnail","hentry","category-destacadas"],"yoast_head":"<!-- This site is optimized with the Yoast SEO plugin v27.4 - https:\/\/yoast.com\/product\/yoast-seo-wordpress\/ -->\n<title>El preocupante video del Pity \u00c1lvarez con la polic\u00eda tras el esc\u00e1ndalo en su show - Fm Gente<\/title>\n<meta name=\"robots\" content=\"index, follow, max-snippet:-1, max-image-preview:large, max-video-preview:-1\" \/>\n<link rel=\"canonical\" href=\"https:\/\/fmgente.com.ar\/web\/el-preocupante-video-del-pity-alvarez-con-la-policia-tras-el-escandalo-en-su-show\/\" \/>\n<meta property=\"og:locale\" content=\"es_ES\" \/>\n<meta property=\"og:type\" content=\"article\" \/>\n<meta property=\"og:title\" content=\"El preocupante video del Pity \u00c1lvarez con la polic\u00eda tras el esc\u00e1ndalo en su show - Fm Gente\" \/>\n<meta property=\"og:description\" content=\"La escena fue tan inesperada como explosiva: Pity \u00c1lvarez, a d\u00edas de su anunciado regreso\" \/>\n<meta property=\"og:url\" content=\"https:\/\/fmgente.com.ar\/web\/el-preocupante-video-del-pity-alvarez-con-la-policia-tras-el-escandalo-en-su-show\/\" \/>\n<meta property=\"og:site_name\" content=\"Fm Gente\" \/>\n<meta property=\"article:published_time\" content=\"2025-11-22T03:05:12+00:00\" \/>\n<meta property=\"og:image\" content=\"https:\/\/fmgente.com.ar\/web\/wp-content\/uploads\/2025\/11\/Thiago-Medina-hospital-359x226-26.jpg\" \/>\n\t<meta property=\"og:image:width\" content=\"359\" \/>\n\t<meta property=\"og:image:height\" content=\"226\" \/>\n\t<meta property=\"og:image:type\" content=\"image\/jpeg\" \/>\n<meta name=\"twitter:card\" content=\"summary_large_image\" \/>\n<meta name=\"twitter:label1\" content=\"Tiempo de lectura\" \/>\n\t<meta name=\"twitter:data1\" content=\"2 minutos\" \/>\n<script type=\"application\/ld+json\" class=\"yoast-schema-graph\">{\"@context\":\"https:\\\/\\\/schema.org\",\"@graph\":[{\"@type\":\"Article\",\"@id\":\"https:\\\/\\\/fmgente.com.ar\\\/web\\\/el-preocupante-video-del-pity-alvarez-con-la-policia-tras-el-escandalo-en-su-show\\\/#article\",\"isPartOf\":{\"@id\":\"https:\\\/\\\/fmgente.com.ar\\\/web\\\/el-preocupante-video-del-pity-alvarez-con-la-policia-tras-el-escandalo-en-su-show\\\/\"},\"author\":{\"name\":\"\",\"@id\":\"\"},\"headline\":\"El preocupante video del Pity \u00c1lvarez con la polic\u00eda tras el esc\u00e1ndalo en su show\",\"datePublished\":\"2025-11-22T03:05:12+00:00\",\"mainEntityOfPage\":{\"@id\":\"https:\\\/\\\/fmgente.com.ar\\\/web\\\/el-preocupante-video-del-pity-alvarez-con-la-policia-tras-el-escandalo-en-su-show\\\/\"},\"wordCount\":499,\"publisher\":{\"@id\":\"https:\\\/\\\/fmgente.com.ar\\\/web\\\/#organization\"},\"image\":{\"@id\":\"https:\\\/\\\/fmgente.com.ar\\\/web\\\/el-preocupante-video-del-pity-alvarez-con-la-policia-tras-el-escandalo-en-su-show\\\/#primaryimage\"},\"thumbnailUrl\":\"https:\\\/\\\/fmgente.com.ar\\\/web\\\/wp-content\\\/uploads\\\/2025\\\/11\\\/Thiago-Medina-hospital-359x226-26.jpg\",\"articleSection\":[\"DESTACADAS\"],\"inLanguage\":\"es\"},{\"@type\":\"WebPage\",\"@id\":\"https:\\\/\\\/fmgente.com.ar\\\/web\\\/el-preocupante-video-del-pity-alvarez-con-la-policia-tras-el-escandalo-en-su-show\\\/\",\"url\":\"https:\\\/\\\/fmgente.com.ar\\\/web\\\/el-preocupante-video-del-pity-alvarez-con-la-policia-tras-el-escandalo-en-su-show\\\/\",\"name\":\"El preocupante video del Pity \u00c1lvarez con la polic\u00eda tras el esc\u00e1ndalo en su show - Fm Gente\",\"isPartOf\":{\"@id\":\"https:\\\/\\\/fmgente.com.ar\\\/web\\\/#website\"},\"primaryImageOfPage\":{\"@id\":\"https:\\\/\\\/fmgente.com.ar\\\/web\\\/el-preocupante-video-del-pity-alvarez-con-la-policia-tras-el-escandalo-en-su-show\\\/#primaryimage\"},\"image\":{\"@id\":\"https:\\\/\\\/fmgente.com.ar\\\/web\\\/el-preocupante-video-del-pity-alvarez-con-la-policia-tras-el-escandalo-en-su-show\\\/#primaryimage\"},\"thumbnailUrl\":\"https:\\\/\\\/fmgente.com.ar\\\/web\\\/wp-content\\\/uploads\\\/2025\\\/11\\\/Thiago-Medina-hospital-359x226-26.jpg\",\"datePublished\":\"2025-11-22T03:05:12+00:00\",\"inLanguage\":\"es\",\"potentialAction\":[{\"@type\":\"ReadAction\",\"target\":[\"https:\\\/\\\/fmgente.com.ar\\\/web\\\/el-preocupante-video-del-pity-alvarez-con-la-policia-tras-el-escandalo-en-su-show\\\/\"]}]},{\"@type\":\"ImageObject\",\"inLanguage\":\"es\",\"@id\":\"https:\\\/\\\/fmgente.com.ar\\\/web\\\/el-preocupante-video-del-pity-alvarez-con-la-policia-tras-el-escandalo-en-su-show\\\/#primaryimage\",\"url\":\"https:\\\/\\\/fmgente.com.ar\\\/web\\\/wp-content\\\/uploads\\\/2025\\\/11\\\/Thiago-Medina-hospital-359x226-26.jpg\",\"contentUrl\":\"https:\\\/\\\/fmgente.com.ar\\\/web\\\/wp-content\\\/uploads\\\/2025\\\/11\\\/Thiago-Medina-hospital-359x226-26.jpg\",\"width\":359,\"height\":226},{\"@type\":\"WebSite\",\"@id\":\"https:\\\/\\\/fmgente.com.ar\\\/web\\\/#website\",\"url\":\"https:\\\/\\\/fmgente.com.ar\\\/web\\\/\",\"name\":\"Fm Gente\",\"description\":\"- Jes\u00fas Mar\u00eda\",\"publisher\":{\"@id\":\"https:\\\/\\\/fmgente.com.ar\\\/web\\\/#organization\"},\"potentialAction\":[{\"@type\":\"SearchAction\",\"target\":{\"@type\":\"EntryPoint\",\"urlTemplate\":\"https:\\\/\\\/fmgente.com.ar\\\/web\\\/?s={search_term_string}\"},\"query-input\":{\"@type\":\"PropertyValueSpecification\",\"valueRequired\":true,\"valueName\":\"search_term_string\"}}],\"inLanguage\":\"es\"},{\"@type\":\"Organization\",\"@id\":\"https:\\\/\\\/fmgente.com.ar\\\/web\\\/#organization\",\"name\":\"Fm Gente\",\"url\":\"https:\\\/\\\/fmgente.com.ar\\\/web\\\/\",\"logo\":{\"@type\":\"ImageObject\",\"inLanguage\":\"es\",\"@id\":\"https:\\\/\\\/fmgente.com.ar\\\/web\\\/#\\\/schema\\\/logo\\\/image\\\/\",\"url\":\"https:\\\/\\\/fmgente.com.ar\\\/web\\\/wp-content\\\/uploads\\\/2023\\\/07\\\/cropped-cropped-logo-sombra2.png\",\"contentUrl\":\"https:\\\/\\\/fmgente.com.ar\\\/web\\\/wp-content\\\/uploads\\\/2023\\\/07\\\/cropped-cropped-logo-sombra2.png\",\"width\":1782,\"height\":1782,\"caption\":\"Fm Gente\"},\"image\":{\"@id\":\"https:\\\/\\\/fmgente.com.ar\\\/web\\\/#\\\/schema\\\/logo\\\/image\\\/\"}}]}<\/script>\n<!-- \/ Yoast SEO plugin. -->","yoast_head_json":{"title":"El preocupante video del Pity \u00c1lvarez con la polic\u00eda tras el esc\u00e1ndalo en su show - Fm Gente","robots":{"index":"index","follow":"follow","max-snippet":"max-snippet:-1","max-image-preview":"max-image-preview:large","max-video-preview":"max-video-preview:-1"},"canonical":"https:\/\/fmgente.com.ar\/web\/el-preocupante-video-del-pity-alvarez-con-la-policia-tras-el-escandalo-en-su-show\/","og_locale":"es_ES","og_type":"article","og_title":"El preocupante video del Pity \u00c1lvarez con la polic\u00eda tras el esc\u00e1ndalo en su show - Fm Gente","og_description":"La escena fue tan inesperada como explosiva: Pity \u00c1lvarez, a d\u00edas de su anunciado regreso","og_url":"https:\/\/fmgente.com.ar\/web\/el-preocupante-video-del-pity-alvarez-con-la-policia-tras-el-escandalo-en-su-show\/","og_site_name":"Fm Gente","article_published_time":"2025-11-22T03:05:12+00:00","og_image":[{"width":359,"height":226,"url":"https:\/\/fmgente.com.ar\/web\/wp-content\/uploads\/2025\/11\/Thiago-Medina-hospital-359x226-26.jpg","type":"image\/jpeg"}],"twitter_card":"summary_large_image","twitter_misc":{"Tiempo de lectura":"2 minutos"},"schema":{"@context":"https:\/\/schema.org","@graph":[{"@type":"Article","@id":"https:\/\/fmgente.com.ar\/web\/el-preocupante-video-del-pity-alvarez-con-la-policia-tras-el-escandalo-en-su-show\/#article","isPartOf":{"@id":"https:\/\/fmgente.com.ar\/web\/el-preocupante-video-del-pity-alvarez-con-la-policia-tras-el-escandalo-en-su-show\/"},"author":{"name":"","@id":""},"headline":"El preocupante video del Pity \u00c1lvarez con la polic\u00eda tras el esc\u00e1ndalo en su show","datePublished":"2025-11-22T03:05:12+00:00","mainEntityOfPage":{"@id":"https:\/\/fmgente.com.ar\/web\/el-preocupante-video-del-pity-alvarez-con-la-policia-tras-el-escandalo-en-su-show\/"},"wordCount":499,"publisher":{"@id":"https:\/\/fmgente.com.ar\/web\/#organization"},"image":{"@id":"https:\/\/fmgente.com.ar\/web\/el-preocupante-video-del-pity-alvarez-con-la-policia-tras-el-escandalo-en-su-show\/#primaryimage"},"thumbnailUrl":"https:\/\/fmgente.com.ar\/web\/wp-content\/uploads\/2025\/11\/Thiago-Medina-hospital-359x226-26.jpg","articleSection":["DESTACADAS"],"inLanguage":"es"},{"@type":"WebPage","@id":"https:\/\/fmgente.com.ar\/web\/el-preocupante-video-del-pity-alvarez-con-la-policia-tras-el-escandalo-en-su-show\/","url":"https:\/\/fmgente.com.ar\/web\/el-preocupante-video-del-pity-alvarez-con-la-policia-tras-el-escandalo-en-su-show\/","name":"El preocupante video del Pity \u00c1lvarez con la polic\u00eda tras el esc\u00e1ndalo en su show - Fm Gente","isPartOf":{"@id":"https:\/\/fmgente.com.ar\/web\/#website"},"primaryImageOfPage":{"@id":"https:\/\/fmgente.com.ar\/web\/el-preocupante-video-del-pity-alvarez-con-la-policia-tras-el-escandalo-en-su-show\/#primaryimage"},"image":{"@id":"https:\/\/fmgente.com.ar\/web\/el-preocupante-video-del-pity-alvarez-con-la-policia-tras-el-escandalo-en-su-show\/#primaryimage"},"thumbnailUrl":"https:\/\/fmgente.com.ar\/web\/wp-content\/uploads\/2025\/11\/Thiago-Medina-hospital-359x226-26.jpg","datePublished":"2025-11-22T03:05:12+00:00","inLanguage":"es","potentialAction":[{"@type":"ReadAction","target":["https:\/\/fmgente.com.ar\/web\/el-preocupante-video-del-pity-alvarez-con-la-policia-tras-el-escandalo-en-su-show\/"]}]},{"@type":"ImageObject","inLanguage":"es","@id":"https:\/\/fmgente.com.ar\/web\/el-preocupante-video-del-pity-alvarez-con-la-policia-tras-el-escandalo-en-su-show\/#primaryimage","url":"https:\/\/fmgente.com.ar\/web\/wp-content\/uploads\/2025\/11\/Thiago-Medina-hospital-359x226-26.jpg","contentUrl":"https:\/\/fmgente.com.ar\/web\/wp-content\/uploads\/2025\/11\/Thiago-Medina-hospital-359x226-26.jpg","width":359,"height":226},{"@type":"WebSite","@id":"https:\/\/fmgente.com.ar\/web\/#website","url":"https:\/\/fmgente.com.ar\/web\/","name":"Fm Gente","description":"- Jes\u00fas Mar\u00eda","publisher":{"@id":"https:\/\/fmgente.com.ar\/web\/#organization"},"potentialAction":[{"@type":"SearchAction","target":{"@type":"EntryPoint","urlTemplate":"https:\/\/fmgente.com.ar\/web\/?s={search_term_string}"},"query-input":{"@type":"PropertyValueSpecification","valueRequired":true,"valueName":"search_term_string"}}],"inLanguage":"es"},{"@type":"Organization","@id":"https:\/\/fmgente.com.ar\/web\/#organization","name":"Fm Gente","url":"https:\/\/fmgente.com.ar\/web\/","logo":{"@type":"ImageObject","inLanguage":"es","@id":"https:\/\/fmgente.com.ar\/web\/#\/schema\/logo\/image\/","url":"https:\/\/fmgente.com.ar\/web\/wp-content\/uploads\/2023\/07\/cropped-cropped-logo-sombra2.png","contentUrl":"https:\/\/fmgente.com.ar\/web\/wp-content\/uploads\/2023\/07\/cropped-cropped-logo-sombra2.png","width":1782,"height":1782,"caption":"Fm Gente"},"image":{"@id":"https:\/\/fmgente.com.ar\/web\/#\/schema\/logo\/image\/"}}]}},"_links":{"self":[{"href":"https:\/\/fmgente.com.ar\/web\/wp-json\/wp\/v2\/posts\/10358","targetHints":{"allow":["GET"]}}],"collection":[{"href":"https:\/\/fmgente.com.ar\/web\/wp-json\/wp\/v2\/posts"}],"about":[{"href":"https:\/\/fmgente.com.ar\/web\/wp-json\/wp\/v2\/types\/post"}],"replies":[{"embeddable":true,"href":"https:\/\/fmgente.com.ar\/web\/wp-json\/wp\/v2\/comments?post=10358"}],"version-history":[{"count":0,"href":"https:\/\/fmgente.com.ar\/web\/wp-json\/wp\/v2\/posts\/10358\/revisions"}],"wp:featuredmedia":[{"embeddable":true,"href":"https:\/\/fmgente.com.ar\/web\/wp-json\/wp\/v2\/media\/10359"}],"wp:attachment":[{"href":"https:\/\/fmgente.com.ar\/web\/wp-json\/wp\/v2\/media?parent=10358"}],"wp:term":[{"taxonomy":"category","embeddable":true,"href":"https:\/\/fmgente.com.ar\/web\/wp-json\/wp\/v2\/categories?post=10358"},{"taxonomy":"post_tag","embeddable":true,"href":"https:\/\/fmgente.com.ar\/web\/wp-json\/wp\/v2\/tags?post=10358"}],"curies":[{"name":"wp","href":"https:\/\/api.w.org\/{rel}","templated":true}]}}