{"id":10354,"date":"2025-11-21T23:05:02","date_gmt":"2025-11-22T02:05:02","guid":{"rendered":"https:\/\/fmgente.com.ar\/wanda-nara-confeso-si-quiere-que-maxi-lopez-se-mude-y-viva-en-argentina-el-sabe-que\/"},"modified":"2025-11-21T23:05:02","modified_gmt":"2025-11-22T02:05:02","slug":"wanda-nara-confeso-si-quiere-que-maxi-lopez-se-mude-y-viva-en-argentina-el-sabe-que","status":"publish","type":"post","link":"https:\/\/fmgente.com.ar\/web\/wanda-nara-confeso-si-quiere-que-maxi-lopez-se-mude-y-viva-en-argentina-el-sabe-que\/","title":{"rendered":"Wanda Nara confes\u00f3 si quiere que Maxi L\u00f3pez se mude y viva en Argentina: \u201c\u00c9l sabe que\u2026\u201d"},"content":{"rendered":"<p>El clima en <strong><em>MasterChef Celebrity<\/em><\/strong> viene cargado de emociones y la \u00faltima gala dej\u00f3 a todos sumergidos entre l\u00e1grimas. M\u00e1s all\u00e1 de que varios de los participantes famosos tuvieron una jornada profunda y con sensaciones encontradas, uno de los grandes protagonistas fue <strong>Maxi L\u00f3pez<\/strong>, que vivi\u00f3 un pasaje muy fuerte junto a sus tres hijos con <strong>Wanda Nara.<\/strong><\/p>\n<p>Est\u00e1 claro que, m\u00e1s all\u00e1 de que todos los participantes tuvieron su momento, <strong>Maxi<\/strong> y <strong><a href=\"https:\/\/www.paparazzi.com.ar\/teve\/lo-fulmino-el-reclamo-inesperado-de-valentino-lopez-que-hizo-quebrar-en-llanto-a-maxi-lopez-en-masterchef\/\">Wanda<\/a><\/strong> tuvieron un rol protag\u00f3nico especial. Por la historia que los antecede pero tambi\u00e9n por la emoci\u00f3n que generaron sus hijos. Por supuesto que tambi\u00e9n es el gran atractivo que tiene MasterChef, por los idas y vueltas que suelen tener noche tras noche delante de las c\u00e1maras.<\/p>\n<p>Tras las grabaciones de este viernes, <strong><a href=\"https:\/\/www.paparazzi.com.ar\/romances\/wanda-nara-mostro-como-la-china-suarez-mintio-al-hablar-de-su-romance-con-mauro-icardi\/\">Wanda<\/a><\/strong> fue abordada por la prensa y la pregunta se ca\u00eda de madura: \u00bfC\u00f3mo est\u00e1 ese v\u00ednculo con <strong>Maxi<\/strong> despu\u00e9s de tantos a\u00f1os de esc\u00e1ndalos? Y si intent\u00f3 ocultarse un poco en sus anteojos oscuros, confes\u00f3: <em>\u201cEst\u00e1 Maxi, funciona muy bien, a la gente le gusta y en tele se ve lo que la gente quiere ver, est\u00e1 muy feliz ac\u00e1\u201d<\/em>.<\/p>\n<div class=\"mt-box \">\n<h4 class=\"mt-heading\">Mir\u00e1 Tambi\u00e9n<\/h4>\n<p><a href=\"https:\/\/www.paparazzi.com.ar\/videos\/exclusivo-la-sensible-revelacion-de-luis-ventura-sobre-sus-noches-duermo-con-los-seres-queridos-que-ya-partieron\/\"><\/p>\n<div class=\"mt-content\">\n<div class=\"mt-image-container\"><img decoding=\"async\" src=\"https:\/\/www.paparazzi.com.ar\/wp-content\/uploads\/2025\/11\/Ventura-1-359x226.jpg\" alt=\"\u00a1Exclusivo! La sensible revelaci\u00f3n de Luis Ventura sobre sus noches: &quot;Duermo con los seres queridos que ya partieron&quot;\" class=\"mt-image\" loading=\"lazy\" \/><\/div>\n<h5 class=\"mt-title\">\u00a1Exclusivo! La sensible revelaci\u00f3n de Luis Ventura sobre sus noches: \u00abDuermo con los seres queridos que ya partieron\u00bb<\/h5>\n<\/div>\n<p><\/a><\/div>\n<p>El comentario abri\u00f3 la puerta a una pregunta que desde hace semanas ronda: la chance de que <strong><a href=\"https:\/\/www.paparazzi.com.ar\/romances\/el-video-por-el-que-wanda-nara-trabo-el-acuerdo-por-sus-hijas-con-mauro-icardi-peligra-que-el-las-vuelva-a-ver\/\">Maxi<\/a><\/strong> se mude nuevamente a la Argentina con su familia. El ex River se encuentra esperando el nacimiento de su segundo hijo con <strong>Daniela Christiansson<\/strong>, por lo que pronto debe volver a Suiza. Sin embargo, la posibilidad de instalarse en Buenos Aires en un futuro parece ser algo posible.<\/p>\n<h2 class=\"wp-block-heading\">WANDA NARA CONT\u00d3 POR QU\u00c9 QUIERE QUE MAXI L\u00d3PEZ VUELVA A VIVIR EN ARGENTINA<\/h2>\n<p>Lejos de esquivar el tema, <strong>Wanda<\/strong> se sincer\u00f3 por completo. <em>\u201cOjal\u00e1, lo que m\u00e1s quiero es tener la tranquilidad de los chicos, que ellos aman estar con su pap\u00e1 y ahora con el tema del f\u00fatbol puede estar m\u00e1s cerca de ellos. Si pudiera venir me parece que est\u00e1 bueno y Maxi sabe que cuenta conmigo, lo voy a ayudar\u201d<\/em>, dijo.<\/p>\n<p><strong>Maxi<\/strong> ya ha viajado recientemente a Ginebra, donde vive actualmente con su esposa Daniela. Sin embargo, esta es la primera vez que se reinstala en la Argentina despu\u00e9s de muchos a\u00f1os. Si bien suele visitar el pa\u00eds para ver a sus hijos, nunca se ha quedado tanto tiempo y ahora parece picarle el bichito de en alg\u00fan momento asentarse en Buenos Aires. \u00bfSe dar\u00e1?<\/p>\n<div class=\"mt-box \">\n<h4 class=\"mt-heading\">Mir\u00e1 Tambi\u00e9n<\/h4>\n<p><a href=\"https:\/\/www.paparazzi.com.ar\/teve\/lo-fulmino-el-reclamo-inesperado-de-valentino-lopez-que-hizo-quebrar-en-llanto-a-maxi-lopez-en-masterchef\/\"><\/p>\n<div class=\"mt-content\">\n<div class=\"mt-image-container\"><img decoding=\"async\" src=\"https:\/\/www.paparazzi.com.ar\/wp-content\/uploads\/2025\/11\/maxi-lopez-masterchef-359x226.jpg\" alt=\"\u00a1Lo fulmin\u00f3! El reclamo inesperado de Valentino L\u00f3pez que hizo quebrar en llanto a Maxi L\u00f3pez en MasterChef\" class=\"mt-image\" loading=\"lazy\" \/><\/div>\n<h5 class=\"mt-title\">\u00a1Lo fulmin\u00f3! El reclamo inesperado de Valentino L\u00f3pez que hizo quebrar en llanto a Maxi L\u00f3pez en MasterChef<\/h5>\n<\/div>\n<p><\/a><\/div>\n<p>Por otro lado, <strong>Wanda<\/strong> tambi\u00e9n se refiri\u00f3 a las supuestas internas que hay en <strong><em>MasterChef<\/em><\/strong>. <em>\u201cComo en todos los grupos, creo que se llevan todos b\u00e1rbaro. Me toc\u00f3 hacer el primer MasterChef que fue un grupo hermoso, el primer Bake Off que hice tambi\u00e9n se hizo un grupo re lindo y ahora MasterChef. Yo no suelo ir a las fiestas que hacen por una cuesti\u00f3n de&#8230; me lo pide la producci\u00f3n, pero s\u00ed hago una fiesta a fin de a\u00f1o con los que trabajan adelante de c\u00e1mara y los que est\u00e1n por detr\u00e1s\u201d<\/em>, explic\u00f3.<\/p>\n<p>Y cuando fueron al hueso para preguntarle si se lleva bien con el grupo de participantes -recordando una supuesta pelea con La Joaqui-, <strong>Wanda<\/strong> fue clara. <em>\u201cS\u00ed, todo bien con todos. Hoy est\u00e1 el cumplea\u00f1os del Turco (Hussain) y estamos discutiendo con Mart\u00edn, \u00e9l quiere ir. La Joaqui me invita todo el tiempo a eventos. Muy buena onda con todos\u201d<\/em>, remarc\u00f3.<\/p>\n<div class=\"mt-box \">\n<h4 class=\"mt-heading\">Mir\u00e1 Tambi\u00e9n<\/h4>\n<p><a href=\"https:\/\/www.paparazzi.com.ar\/romances\/wanda-nara-mostro-como-la-china-suarez-mintio-al-hablar-de-su-romance-con-mauro-icardi\/\"><\/p>\n<div class=\"mt-content\">\n<div class=\"mt-image-container\"><img decoding=\"async\" src=\"https:\/\/www.paparazzi.com.ar\/wp-content\/uploads\/2025\/06\/Wanda-Nara-rompio-el-silencio-sobre-tras-el-pedido-de-Icardi-parar-estar-con-sus-hijas-y-la-China-Suarez.jpg.webp\" alt=\"No resiste archivo: Wanda Nara mostr\u00f3 c\u00f3mo la China Su\u00e1rez minti\u00f3 por su romance con Mauro Icardi\" class=\"mt-image\" loading=\"lazy\" \/><\/div>\n<h5 class=\"mt-title\">No resiste archivo: Wanda Nara mostr\u00f3 c\u00f3mo la China Su\u00e1rez minti\u00f3 por su romance con Mauro Icardi<\/h5>\n<\/div>\n<p><\/a><\/div>\n<div class=\"mt-box \">\n<h4 class=\"mt-heading\">Mir\u00e1 Tambi\u00e9n<\/h4>\n<p><a href=\"https:\/\/www.paparazzi.com.ar\/romances\/el-video-por-el-que-wanda-nara-trabo-el-acuerdo-por-sus-hijas-con-mauro-icardi-peligra-que-el-las-vuelva-a-ver\/\"><\/p>\n<div class=\"mt-content\">\n<div class=\"mt-image-container\"><img decoding=\"async\" src=\"https:\/\/www.paparazzi.com.ar\/wp-content\/uploads\/2025\/11\/Wanda-Nara-Mauro-Icardi-hijas-359x226.jpg\" alt=\"El video por el que Wanda Nara trab\u00f3 el acuerdo por sus hijas con Mauro Icardi: \u201cPeligra que \u00e9l las vuelva a ver\u2026\u201d\" class=\"mt-image\" loading=\"lazy\" \/><\/div>\n<h5 class=\"mt-title\">El video por el que Wanda Nara trab\u00f3 el acuerdo por sus hijas con Mauro Icardi: \u201cPeligra que \u00e9l las vuelva a ver\u2026\u201d<\/h5>\n<\/div>\n<p><\/a><\/div>\n<p>The post <a href=\"https:\/\/www.paparazzi.com.ar\/romances\/wanda-nara-confeso-si-quiere-que-maxi-lopez-se-mude-y-viva-en-argentina-el-sabe-que\/\">Wanda Nara confes\u00f3 si quiere que Maxi L\u00f3pez se mude y viva en Argentina: \u201c\u00c9l sabe que\u2026\u201d<\/a> appeared first on <a href=\"https:\/\/www.paparazzi.com.ar\">Revista Paparazzi<\/a>.<\/p>\n","protected":false},"excerpt":{"rendered":"<p>El clima en MasterChef Celebrity viene cargado de emociones y la \u00faltima gala dej\u00f3 a<\/p>\n","protected":false},"author":0,"featured_media":10355,"comment_status":"","ping_status":"","sticky":false,"template":"","format":"standard","meta":{"footnotes":""},"categories":[11],"tags":[],"class_list":["post-10354","post","type-post","status-publish","format-standard","has-post-thumbnail","hentry","category-destacadas"],"yoast_head":"<!-- This site is optimized with the Yoast SEO plugin v27.4 - https:\/\/yoast.com\/product\/yoast-seo-wordpress\/ -->\n<title>Wanda Nara confes\u00f3 si quiere que Maxi L\u00f3pez se mude y viva en Argentina: \u201c\u00c9l sabe que\u2026\u201d - Fm Gente<\/title>\n<meta name=\"robots\" content=\"index, follow, max-snippet:-1, max-image-preview:large, max-video-preview:-1\" \/>\n<link rel=\"canonical\" href=\"https:\/\/fmgente.com.ar\/web\/wanda-nara-confeso-si-quiere-que-maxi-lopez-se-mude-y-viva-en-argentina-el-sabe-que\/\" \/>\n<meta property=\"og:locale\" content=\"es_ES\" \/>\n<meta property=\"og:type\" content=\"article\" \/>\n<meta property=\"og:title\" content=\"Wanda Nara confes\u00f3 si quiere que Maxi L\u00f3pez se mude y viva en Argentina: \u201c\u00c9l sabe que\u2026\u201d - Fm Gente\" \/>\n<meta property=\"og:description\" content=\"El clima en MasterChef Celebrity viene cargado de emociones y la \u00faltima gala dej\u00f3 a\" \/>\n<meta property=\"og:url\" content=\"https:\/\/fmgente.com.ar\/web\/wanda-nara-confeso-si-quiere-que-maxi-lopez-se-mude-y-viva-en-argentina-el-sabe-que\/\" \/>\n<meta property=\"og:site_name\" content=\"Fm Gente\" \/>\n<meta property=\"article:published_time\" content=\"2025-11-22T02:05:02+00:00\" \/>\n<meta property=\"og:image\" content=\"https:\/\/fmgente.com.ar\/web\/wp-content\/uploads\/2025\/11\/Ventura-1-359x226-71.jpg\" \/>\n\t<meta property=\"og:image:width\" content=\"359\" \/>\n\t<meta property=\"og:image:height\" content=\"226\" \/>\n\t<meta property=\"og:image:type\" content=\"image\/jpeg\" \/>\n<meta name=\"twitter:card\" content=\"summary_large_image\" \/>\n<meta name=\"twitter:label1\" content=\"Tiempo de lectura\" \/>\n\t<meta name=\"twitter:data1\" content=\"3 minutos\" \/>\n<script type=\"application\/ld+json\" class=\"yoast-schema-graph\">{\"@context\":\"https:\\\/\\\/schema.org\",\"@graph\":[{\"@type\":\"Article\",\"@id\":\"https:\\\/\\\/fmgente.com.ar\\\/web\\\/wanda-nara-confeso-si-quiere-que-maxi-lopez-se-mude-y-viva-en-argentina-el-sabe-que\\\/#article\",\"isPartOf\":{\"@id\":\"https:\\\/\\\/fmgente.com.ar\\\/web\\\/wanda-nara-confeso-si-quiere-que-maxi-lopez-se-mude-y-viva-en-argentina-el-sabe-que\\\/\"},\"author\":{\"name\":\"\",\"@id\":\"\"},\"headline\":\"Wanda Nara confes\u00f3 si quiere que Maxi L\u00f3pez se mude y viva en Argentina: \u201c\u00c9l sabe que\u2026\u201d\",\"datePublished\":\"2025-11-22T02:05:02+00:00\",\"mainEntityOfPage\":{\"@id\":\"https:\\\/\\\/fmgente.com.ar\\\/web\\\/wanda-nara-confeso-si-quiere-que-maxi-lopez-se-mude-y-viva-en-argentina-el-sabe-que\\\/\"},\"wordCount\":717,\"publisher\":{\"@id\":\"https:\\\/\\\/fmgente.com.ar\\\/web\\\/#organization\"},\"image\":{\"@id\":\"https:\\\/\\\/fmgente.com.ar\\\/web\\\/wanda-nara-confeso-si-quiere-que-maxi-lopez-se-mude-y-viva-en-argentina-el-sabe-que\\\/#primaryimage\"},\"thumbnailUrl\":\"https:\\\/\\\/fmgente.com.ar\\\/web\\\/wp-content\\\/uploads\\\/2025\\\/11\\\/Ventura-1-359x226-71.jpg\",\"articleSection\":[\"DESTACADAS\"],\"inLanguage\":\"es\"},{\"@type\":\"WebPage\",\"@id\":\"https:\\\/\\\/fmgente.com.ar\\\/web\\\/wanda-nara-confeso-si-quiere-que-maxi-lopez-se-mude-y-viva-en-argentina-el-sabe-que\\\/\",\"url\":\"https:\\\/\\\/fmgente.com.ar\\\/web\\\/wanda-nara-confeso-si-quiere-que-maxi-lopez-se-mude-y-viva-en-argentina-el-sabe-que\\\/\",\"name\":\"Wanda Nara confes\u00f3 si quiere que Maxi L\u00f3pez se mude y viva en Argentina: \u201c\u00c9l sabe que\u2026\u201d - Fm Gente\",\"isPartOf\":{\"@id\":\"https:\\\/\\\/fmgente.com.ar\\\/web\\\/#website\"},\"primaryImageOfPage\":{\"@id\":\"https:\\\/\\\/fmgente.com.ar\\\/web\\\/wanda-nara-confeso-si-quiere-que-maxi-lopez-se-mude-y-viva-en-argentina-el-sabe-que\\\/#primaryimage\"},\"image\":{\"@id\":\"https:\\\/\\\/fmgente.com.ar\\\/web\\\/wanda-nara-confeso-si-quiere-que-maxi-lopez-se-mude-y-viva-en-argentina-el-sabe-que\\\/#primaryimage\"},\"thumbnailUrl\":\"https:\\\/\\\/fmgente.com.ar\\\/web\\\/wp-content\\\/uploads\\\/2025\\\/11\\\/Ventura-1-359x226-71.jpg\",\"datePublished\":\"2025-11-22T02:05:02+00:00\",\"inLanguage\":\"es\",\"potentialAction\":[{\"@type\":\"ReadAction\",\"target\":[\"https:\\\/\\\/fmgente.com.ar\\\/web\\\/wanda-nara-confeso-si-quiere-que-maxi-lopez-se-mude-y-viva-en-argentina-el-sabe-que\\\/\"]}]},{\"@type\":\"ImageObject\",\"inLanguage\":\"es\",\"@id\":\"https:\\\/\\\/fmgente.com.ar\\\/web\\\/wanda-nara-confeso-si-quiere-que-maxi-lopez-se-mude-y-viva-en-argentina-el-sabe-que\\\/#primaryimage\",\"url\":\"https:\\\/\\\/fmgente.com.ar\\\/web\\\/wp-content\\\/uploads\\\/2025\\\/11\\\/Ventura-1-359x226-71.jpg\",\"contentUrl\":\"https:\\\/\\\/fmgente.com.ar\\\/web\\\/wp-content\\\/uploads\\\/2025\\\/11\\\/Ventura-1-359x226-71.jpg\",\"width\":359,\"height\":226},{\"@type\":\"WebSite\",\"@id\":\"https:\\\/\\\/fmgente.com.ar\\\/web\\\/#website\",\"url\":\"https:\\\/\\\/fmgente.com.ar\\\/web\\\/\",\"name\":\"Fm Gente\",\"description\":\"- Jes\u00fas Mar\u00eda\",\"publisher\":{\"@id\":\"https:\\\/\\\/fmgente.com.ar\\\/web\\\/#organization\"},\"potentialAction\":[{\"@type\":\"SearchAction\",\"target\":{\"@type\":\"EntryPoint\",\"urlTemplate\":\"https:\\\/\\\/fmgente.com.ar\\\/web\\\/?s={search_term_string}\"},\"query-input\":{\"@type\":\"PropertyValueSpecification\",\"valueRequired\":true,\"valueName\":\"search_term_string\"}}],\"inLanguage\":\"es\"},{\"@type\":\"Organization\",\"@id\":\"https:\\\/\\\/fmgente.com.ar\\\/web\\\/#organization\",\"name\":\"Fm Gente\",\"url\":\"https:\\\/\\\/fmgente.com.ar\\\/web\\\/\",\"logo\":{\"@type\":\"ImageObject\",\"inLanguage\":\"es\",\"@id\":\"https:\\\/\\\/fmgente.com.ar\\\/web\\\/#\\\/schema\\\/logo\\\/image\\\/\",\"url\":\"https:\\\/\\\/fmgente.com.ar\\\/web\\\/wp-content\\\/uploads\\\/2023\\\/07\\\/cropped-cropped-logo-sombra2.png\",\"contentUrl\":\"https:\\\/\\\/fmgente.com.ar\\\/web\\\/wp-content\\\/uploads\\\/2023\\\/07\\\/cropped-cropped-logo-sombra2.png\",\"width\":1782,\"height\":1782,\"caption\":\"Fm Gente\"},\"image\":{\"@id\":\"https:\\\/\\\/fmgente.com.ar\\\/web\\\/#\\\/schema\\\/logo\\\/image\\\/\"}}]}<\/script>\n<!-- \/ Yoast SEO plugin. -->","yoast_head_json":{"title":"Wanda Nara confes\u00f3 si quiere que Maxi L\u00f3pez se mude y viva en Argentina: \u201c\u00c9l sabe que\u2026\u201d - Fm Gente","robots":{"index":"index","follow":"follow","max-snippet":"max-snippet:-1","max-image-preview":"max-image-preview:large","max-video-preview":"max-video-preview:-1"},"canonical":"https:\/\/fmgente.com.ar\/web\/wanda-nara-confeso-si-quiere-que-maxi-lopez-se-mude-y-viva-en-argentina-el-sabe-que\/","og_locale":"es_ES","og_type":"article","og_title":"Wanda Nara confes\u00f3 si quiere que Maxi L\u00f3pez se mude y viva en Argentina: \u201c\u00c9l sabe que\u2026\u201d - Fm Gente","og_description":"El clima en MasterChef Celebrity viene cargado de emociones y la \u00faltima gala dej\u00f3 a","og_url":"https:\/\/fmgente.com.ar\/web\/wanda-nara-confeso-si-quiere-que-maxi-lopez-se-mude-y-viva-en-argentina-el-sabe-que\/","og_site_name":"Fm Gente","article_published_time":"2025-11-22T02:05:02+00:00","og_image":[{"width":359,"height":226,"url":"https:\/\/fmgente.com.ar\/web\/wp-content\/uploads\/2025\/11\/Ventura-1-359x226-71.jpg","type":"image\/jpeg"}],"twitter_card":"summary_large_image","twitter_misc":{"Tiempo de lectura":"3 minutos"},"schema":{"@context":"https:\/\/schema.org","@graph":[{"@type":"Article","@id":"https:\/\/fmgente.com.ar\/web\/wanda-nara-confeso-si-quiere-que-maxi-lopez-se-mude-y-viva-en-argentina-el-sabe-que\/#article","isPartOf":{"@id":"https:\/\/fmgente.com.ar\/web\/wanda-nara-confeso-si-quiere-que-maxi-lopez-se-mude-y-viva-en-argentina-el-sabe-que\/"},"author":{"name":"","@id":""},"headline":"Wanda Nara confes\u00f3 si quiere que Maxi L\u00f3pez se mude y viva en Argentina: \u201c\u00c9l sabe que\u2026\u201d","datePublished":"2025-11-22T02:05:02+00:00","mainEntityOfPage":{"@id":"https:\/\/fmgente.com.ar\/web\/wanda-nara-confeso-si-quiere-que-maxi-lopez-se-mude-y-viva-en-argentina-el-sabe-que\/"},"wordCount":717,"publisher":{"@id":"https:\/\/fmgente.com.ar\/web\/#organization"},"image":{"@id":"https:\/\/fmgente.com.ar\/web\/wanda-nara-confeso-si-quiere-que-maxi-lopez-se-mude-y-viva-en-argentina-el-sabe-que\/#primaryimage"},"thumbnailUrl":"https:\/\/fmgente.com.ar\/web\/wp-content\/uploads\/2025\/11\/Ventura-1-359x226-71.jpg","articleSection":["DESTACADAS"],"inLanguage":"es"},{"@type":"WebPage","@id":"https:\/\/fmgente.com.ar\/web\/wanda-nara-confeso-si-quiere-que-maxi-lopez-se-mude-y-viva-en-argentina-el-sabe-que\/","url":"https:\/\/fmgente.com.ar\/web\/wanda-nara-confeso-si-quiere-que-maxi-lopez-se-mude-y-viva-en-argentina-el-sabe-que\/","name":"Wanda Nara confes\u00f3 si quiere que Maxi L\u00f3pez se mude y viva en Argentina: \u201c\u00c9l sabe que\u2026\u201d - Fm Gente","isPartOf":{"@id":"https:\/\/fmgente.com.ar\/web\/#website"},"primaryImageOfPage":{"@id":"https:\/\/fmgente.com.ar\/web\/wanda-nara-confeso-si-quiere-que-maxi-lopez-se-mude-y-viva-en-argentina-el-sabe-que\/#primaryimage"},"image":{"@id":"https:\/\/fmgente.com.ar\/web\/wanda-nara-confeso-si-quiere-que-maxi-lopez-se-mude-y-viva-en-argentina-el-sabe-que\/#primaryimage"},"thumbnailUrl":"https:\/\/fmgente.com.ar\/web\/wp-content\/uploads\/2025\/11\/Ventura-1-359x226-71.jpg","datePublished":"2025-11-22T02:05:02+00:00","inLanguage":"es","potentialAction":[{"@type":"ReadAction","target":["https:\/\/fmgente.com.ar\/web\/wanda-nara-confeso-si-quiere-que-maxi-lopez-se-mude-y-viva-en-argentina-el-sabe-que\/"]}]},{"@type":"ImageObject","inLanguage":"es","@id":"https:\/\/fmgente.com.ar\/web\/wanda-nara-confeso-si-quiere-que-maxi-lopez-se-mude-y-viva-en-argentina-el-sabe-que\/#primaryimage","url":"https:\/\/fmgente.com.ar\/web\/wp-content\/uploads\/2025\/11\/Ventura-1-359x226-71.jpg","contentUrl":"https:\/\/fmgente.com.ar\/web\/wp-content\/uploads\/2025\/11\/Ventura-1-359x226-71.jpg","width":359,"height":226},{"@type":"WebSite","@id":"https:\/\/fmgente.com.ar\/web\/#website","url":"https:\/\/fmgente.com.ar\/web\/","name":"Fm Gente","description":"- Jes\u00fas Mar\u00eda","publisher":{"@id":"https:\/\/fmgente.com.ar\/web\/#organization"},"potentialAction":[{"@type":"SearchAction","target":{"@type":"EntryPoint","urlTemplate":"https:\/\/fmgente.com.ar\/web\/?s={search_term_string}"},"query-input":{"@type":"PropertyValueSpecification","valueRequired":true,"valueName":"search_term_string"}}],"inLanguage":"es"},{"@type":"Organization","@id":"https:\/\/fmgente.com.ar\/web\/#organization","name":"Fm Gente","url":"https:\/\/fmgente.com.ar\/web\/","logo":{"@type":"ImageObject","inLanguage":"es","@id":"https:\/\/fmgente.com.ar\/web\/#\/schema\/logo\/image\/","url":"https:\/\/fmgente.com.ar\/web\/wp-content\/uploads\/2023\/07\/cropped-cropped-logo-sombra2.png","contentUrl":"https:\/\/fmgente.com.ar\/web\/wp-content\/uploads\/2023\/07\/cropped-cropped-logo-sombra2.png","width":1782,"height":1782,"caption":"Fm Gente"},"image":{"@id":"https:\/\/fmgente.com.ar\/web\/#\/schema\/logo\/image\/"}}]}},"_links":{"self":[{"href":"https:\/\/fmgente.com.ar\/web\/wp-json\/wp\/v2\/posts\/10354","targetHints":{"allow":["GET"]}}],"collection":[{"href":"https:\/\/fmgente.com.ar\/web\/wp-json\/wp\/v2\/posts"}],"about":[{"href":"https:\/\/fmgente.com.ar\/web\/wp-json\/wp\/v2\/types\/post"}],"replies":[{"embeddable":true,"href":"https:\/\/fmgente.com.ar\/web\/wp-json\/wp\/v2\/comments?post=10354"}],"version-history":[{"count":0,"href":"https:\/\/fmgente.com.ar\/web\/wp-json\/wp\/v2\/posts\/10354\/revisions"}],"wp:featuredmedia":[{"embeddable":true,"href":"https:\/\/fmgente.com.ar\/web\/wp-json\/wp\/v2\/media\/10355"}],"wp:attachment":[{"href":"https:\/\/fmgente.com.ar\/web\/wp-json\/wp\/v2\/media?parent=10354"}],"wp:term":[{"taxonomy":"category","embeddable":true,"href":"https:\/\/fmgente.com.ar\/web\/wp-json\/wp\/v2\/categories?post=10354"},{"taxonomy":"post_tag","embeddable":true,"href":"https:\/\/fmgente.com.ar\/web\/wp-json\/wp\/v2\/tags?post=10354"}],"curies":[{"name":"wp","href":"https:\/\/api.w.org\/{rel}","templated":true}]}}