{"id":10352,"date":"2025-11-21T22:04:58","date_gmt":"2025-11-22T01:04:58","guid":{"rendered":"https:\/\/fmgente.com.ar\/la-drastica-decision-de-nicolas-cabre-a-dias-de-su-boda-con-rocio-pardo-colgarlo-todo\/"},"modified":"2025-11-21T22:04:58","modified_gmt":"2025-11-22T01:04:58","slug":"la-drastica-decision-de-nicolas-cabre-a-dias-de-su-boda-con-rocio-pardo-colgarlo-todo","status":"publish","type":"post","link":"https:\/\/fmgente.com.ar\/web\/la-drastica-decision-de-nicolas-cabre-a-dias-de-su-boda-con-rocio-pardo-colgarlo-todo\/","title":{"rendered":"La dr\u00e1stica decisi\u00f3n de Nicol\u00e1s Cabr\u00e9 a d\u00edas de su boda con Roc\u00edo Pardo: \u201cColgarlo todo\u2026\u201d"},"content":{"rendered":"<p>La vida de <strong>Nicol\u00e1s Cabr\u00e9<\/strong> viene sumergida desde hace meses en situaciones tan fuertes como emotivas. Se encuentra atravesando un momento de plenitud absoluta mientras se prepara para casarse con <strong>Roc\u00edo Pardo<\/strong>. Ambos lograron conformar una pareja muy s\u00f3lida desde hace tiempo, y ahora buscar\u00e1n ponerle el broche de oro a su relaci\u00f3n dando el <em>\u201cs\u00ed, quiero\u201d<\/em>.<\/p>\n<p>En ese clima de preparativos y diferentes detalles que deben quedar listos para el gran d\u00eda, <strong><a href=\"https:\/\/www.paparazzi.com.ar\/romances\/la-china-suarez-volvio-a-turquia-con-mauro-icardi-pero-sin-sus-tres-hijos-el-verdadero-motivo\/\">Cabr\u00e9<\/a><\/strong> tambi\u00e9n sigue de cerca la situaci\u00f3n de <strong>Rufina<\/strong>, su hija con la <strong>China Su\u00e1rez<\/strong>. La nena permanecer\u00e1 en la Argentina para acompa\u00f1arlo en esta etapa, ya que su mam\u00e1 y <strong>Mauro Icardi <\/strong>regresaron a Turqu\u00eda, pa\u00eds donde la peque\u00f1a decidi\u00f3 seguir su vida. Con esa din\u00e1mica ya establecida, todo parec\u00eda fluir sin sobresaltos, hasta que una inesperada confesi\u00f3n tom\u00f3 de sorpresa a todos.<\/p>\n<p>En una reciente charla con <strong><em>+Caras<\/em><\/strong> y hablando de sus expectativas rumbo al altar, <strong><a href=\"https:\/\/www.paparazzi.com.ar\/romances\/nicolas-cabre-revelo-lo-mas-dificil-de-tener-a-su-hija-rufina-viviendo-con-la-china-suarez\/\">Nicol\u00e1s<\/a><\/strong> habl\u00f3 no solo de c\u00f3mo vive este presente personal sino tambi\u00e9n cu\u00e1nto impacta en lo profesional. Pero no hablamos de una situaci\u00f3n en la que uno debe hacer un equilibrio, sino de algo m\u00e1s profundo, con cambios y decisiones que pueden ser muy dr\u00e1sticas.<\/p>\n<div class=\"mt-box \">\n<h4 class=\"mt-heading\">Mir\u00e1 Tambi\u00e9n<\/h4>\n<p><a href=\"https:\/\/www.paparazzi.com.ar\/videos\/exclusivo-la-sensible-revelacion-de-luis-ventura-sobre-sus-noches-duermo-con-los-seres-queridos-que-ya-partieron\/\"><\/p>\n<div class=\"mt-content\">\n<div class=\"mt-image-container\"><img decoding=\"async\" src=\"https:\/\/www.paparazzi.com.ar\/wp-content\/uploads\/2025\/11\/Ventura-1-359x226.jpg\" alt=\"\u00a1Exclusivo! La sensible revelaci\u00f3n de Luis Ventura sobre sus noches: &quot;Duermo con los seres queridos que ya partieron&quot;\" class=\"mt-image\" loading=\"lazy\" \/><\/div>\n<h5 class=\"mt-title\">\u00a1Exclusivo! La sensible revelaci\u00f3n de Luis Ventura sobre sus noches: \u00abDuermo con los seres queridos que ya partieron\u00bb<\/h5>\n<\/div>\n<p><\/a><\/div>\n<p><em>\u201cSiempre estoy pensando en colgar todo. Desde que empec\u00e9 a trabajar supe que me iba a retirar\u201d<\/em>, confes\u00f3 <strong><a href=\"https:\/\/www.paparazzi.com.ar\/romances\/la-hija-de-la-china-suarez-se-quedo-en-argentina-por-una-tajante-exigencia-de-nico-cabre\/\">Cabr\u00e9<\/a><\/strong> sobre lo serio que se est\u00e1 tomando retirarse de la actuaci\u00f3n. Al parecer no es la primera vez que tiene en mente dicha posibilidad, sino que es algo que ha masticado en varias oportunidades. \u00bfSe bajar\u00e1 del todo o se trata de algo m\u00e1s pasajero?<\/p>\n<h2 class=\"wp-block-heading\">NICOL\u00c1S CABR\u00c9 REVEL\u00d3 SUS DESEOS DE DEJAR LA ACTUACI\u00d3N A D\u00cdAS DE SU CASAMIENTO<\/h2>\n<p><strong>Cabr\u00e9<\/strong> tambi\u00e9n profundiz\u00f3 sobre qu\u00e9 lo motivar\u00eda a tomar este camino: <em>\u201cDisfruto mucho de lo que hago, pero mi atenci\u00f3n a veces est\u00e1 en otros lados\u201d<\/em>. Definitivamente, su vida ha ido cambiando de prioridades y ya no es lo mismo que antes. <em>\u201cEn un momento dej\u00e9 de trabajar. Si yo tuviese que trabajar 12 horas como antes y despu\u00e9s ir al teatro\u2026 no estar\u00eda nada feliz\u201d<\/em>, agreg\u00f3.<\/p>\n<p>La charla tambi\u00e9n deriv\u00f3 en un tema recurrente: la mudanza de la <strong>China<\/strong> a Turqu\u00eda para acompa\u00f1ar a <strong>Icardi<\/strong>. Sin embargo, <strong>Nicol\u00e1s<\/strong> evit\u00f3 meterse en conflictos y dijo que su \u00fanica prioridad es Rufina. <em>&nbsp;\u201cYo no opino sobre la vida de los dem\u00e1s. No soy qui\u00e9n para hacerlo. Yo formo parte de la vida de Rufi, y me ocupo de que ella sea feliz. Le deseo lo mejor a todos. Rufi es lo \u00fanico que me importa. Yo la veo bien, sonr\u00ede, me cuenta lo que hace, y eso es lo que me hace feliz\u201d<\/em>, cont\u00f3.<\/p>\n<div class=\"mt-box \">\n<h4 class=\"mt-heading\">Mir\u00e1 Tambi\u00e9n<\/h4>\n<p><a href=\"https:\/\/www.paparazzi.com.ar\/romances\/la-china-suarez-volvio-a-turquia-con-mauro-icardi-pero-sin-sus-tres-hijos-el-verdadero-motivo\/\"><\/p>\n<div class=\"mt-content\">\n<div class=\"mt-image-container\"><img decoding=\"async\" src=\"https:\/\/www.paparazzi.com.ar\/wp-content\/uploads\/2025\/11\/China-Suarez-hijos-359x226.jpg\" alt=\"La China Su\u00e1rez volvi\u00f3 a Turqu\u00eda con Mauro Icardi pero sin sus tres hijos: el verdadero motivo\" class=\"mt-image\" loading=\"lazy\" \/><\/div>\n<h5 class=\"mt-title\">La China Su\u00e1rez volvi\u00f3 a Turqu\u00eda con Mauro Icardi pero sin sus tres hijos: el verdadero motivo<\/h5>\n<\/div>\n<p><\/a><\/div>\n<p>Por \u00faltimo, <strong>Cabr\u00e9<\/strong> reflexion\u00f3: <em>\u201cEs la elecci\u00f3n de la madre, en la cual yo conf\u00edo. Puedo estar de acuerdo o no con muchas cosas, pero eso es algo m\u00edo. Yo la veo bien a Rufi, y eso me alcanza. Es su elecci\u00f3n. Su vida la maneja ella. Yo no tengo opini\u00f3n ni potestad para decir nada. S\u00e9 que por sus hijos da todo. Despu\u00e9s, lo que muestra o no muestra, es tema de ella\u201d<\/em>.<\/p>\n<div class=\"mt-box \">\n<h4 class=\"mt-heading\">Mir\u00e1 Tambi\u00e9n<\/h4>\n<p><a href=\"https:\/\/www.paparazzi.com.ar\/romances\/nicolas-cabre-revelo-lo-mas-dificil-de-tener-a-su-hija-rufina-viviendo-con-la-china-suarez\/\"><\/p>\n<div class=\"mt-content\">\n<div class=\"mt-image-container\"><img decoding=\"async\" src=\"https:\/\/www.paparazzi.com.ar\/wp-content\/uploads\/2025\/11\/Nicolas-Cabre-Rufina-China-Suarez-359x226.jpg\" alt=\"Nicol\u00e1s Cabr\u00e9 revel\u00f3 lo m\u00e1s dif\u00edcil de tener a su hija Rufina viviendo con la China Su\u00e1rez\" class=\"mt-image\" loading=\"lazy\" \/><\/div>\n<h5 class=\"mt-title\">Nicol\u00e1s Cabr\u00e9 revel\u00f3 lo m\u00e1s dif\u00edcil de tener a su hija Rufina viviendo con la China Su\u00e1rez<\/h5>\n<\/div>\n<p><\/a><\/div>\n<div class=\"mt-box \">\n<h4 class=\"mt-heading\">Mir\u00e1 Tambi\u00e9n<\/h4>\n<p><a href=\"https:\/\/www.paparazzi.com.ar\/romances\/la-hija-de-la-china-suarez-se-quedo-en-argentina-por-una-tajante-exigencia-de-nico-cabre\/\"><\/p>\n<div class=\"mt-content\">\n<div class=\"mt-image-container\"><img decoding=\"async\" src=\"https:\/\/www.paparazzi.com.ar\/wp-content\/uploads\/2025\/08\/Rufina-Cabre-dejo-a-la-China-Suarez-en-Turquia-y-se-volvio-al-pais-con-Nico-Cabre-los-polemicos-motivos.jpg.webp\" alt=\"La hija de la China Su\u00e1rez se qued\u00f3 en Argentina por una tajante exigencia de Nico Cabr\u00e9\" class=\"mt-image\" loading=\"lazy\" \/><\/div>\n<h5 class=\"mt-title\">La hija de la China Su\u00e1rez se qued\u00f3 en Argentina por una tajante exigencia de Nico Cabr\u00e9<\/h5>\n<\/div>\n<p><\/a><\/div>\n<p>The post <a href=\"https:\/\/www.paparazzi.com.ar\/teve\/la-drastica-decision-de-nicolas-cabre-a-dias-de-su-boda-con-rocio-pardo-colgar-todo\/\">La dr\u00e1stica decisi\u00f3n de Nicol\u00e1s Cabr\u00e9 a d\u00edas de su boda con Roc\u00edo Pardo: \u201cColgarlo todo\u2026\u201d<\/a> appeared first on <a href=\"https:\/\/www.paparazzi.com.ar\">Revista Paparazzi<\/a>.<\/p>\n","protected":false},"excerpt":{"rendered":"<p>La vida de Nicol\u00e1s Cabr\u00e9 viene sumergida desde hace meses en situaciones tan fuertes como<\/p>\n","protected":false},"author":0,"featured_media":10353,"comment_status":"","ping_status":"","sticky":false,"template":"","format":"standard","meta":{"footnotes":""},"categories":[11],"tags":[],"class_list":["post-10352","post","type-post","status-publish","format-standard","has-post-thumbnail","hentry","category-destacadas"],"yoast_head":"<!-- This site is optimized with the Yoast SEO plugin v27.4 - https:\/\/yoast.com\/product\/yoast-seo-wordpress\/ -->\n<title>La dr\u00e1stica decisi\u00f3n de Nicol\u00e1s Cabr\u00e9 a d\u00edas de su boda con Roc\u00edo Pardo: \u201cColgarlo todo\u2026\u201d - Fm Gente<\/title>\n<meta name=\"robots\" content=\"index, follow, max-snippet:-1, max-image-preview:large, max-video-preview:-1\" \/>\n<link rel=\"canonical\" href=\"https:\/\/fmgente.com.ar\/web\/la-drastica-decision-de-nicolas-cabre-a-dias-de-su-boda-con-rocio-pardo-colgarlo-todo\/\" \/>\n<meta property=\"og:locale\" content=\"es_ES\" \/>\n<meta property=\"og:type\" content=\"article\" \/>\n<meta property=\"og:title\" content=\"La dr\u00e1stica decisi\u00f3n de Nicol\u00e1s Cabr\u00e9 a d\u00edas de su boda con Roc\u00edo Pardo: \u201cColgarlo todo\u2026\u201d - Fm Gente\" \/>\n<meta property=\"og:description\" content=\"La vida de Nicol\u00e1s Cabr\u00e9 viene sumergida desde hace meses en situaciones tan fuertes como\" \/>\n<meta property=\"og:url\" content=\"https:\/\/fmgente.com.ar\/web\/la-drastica-decision-de-nicolas-cabre-a-dias-de-su-boda-con-rocio-pardo-colgarlo-todo\/\" \/>\n<meta property=\"og:site_name\" content=\"Fm Gente\" \/>\n<meta property=\"article:published_time\" content=\"2025-11-22T01:04:58+00:00\" \/>\n<meta property=\"og:image\" content=\"https:\/\/fmgente.com.ar\/web\/wp-content\/uploads\/2025\/11\/Ventura-1-359x226-70.jpg\" \/>\n\t<meta property=\"og:image:width\" content=\"359\" \/>\n\t<meta property=\"og:image:height\" content=\"226\" \/>\n\t<meta property=\"og:image:type\" content=\"image\/jpeg\" \/>\n<meta name=\"twitter:card\" content=\"summary_large_image\" \/>\n<meta name=\"twitter:label1\" content=\"Tiempo de lectura\" \/>\n\t<meta name=\"twitter:data1\" content=\"3 minutos\" \/>\n<script type=\"application\/ld+json\" class=\"yoast-schema-graph\">{\"@context\":\"https:\\\/\\\/schema.org\",\"@graph\":[{\"@type\":\"Article\",\"@id\":\"https:\\\/\\\/fmgente.com.ar\\\/web\\\/la-drastica-decision-de-nicolas-cabre-a-dias-de-su-boda-con-rocio-pardo-colgarlo-todo\\\/#article\",\"isPartOf\":{\"@id\":\"https:\\\/\\\/fmgente.com.ar\\\/web\\\/la-drastica-decision-de-nicolas-cabre-a-dias-de-su-boda-con-rocio-pardo-colgarlo-todo\\\/\"},\"author\":{\"name\":\"\",\"@id\":\"\"},\"headline\":\"La dr\u00e1stica decisi\u00f3n de Nicol\u00e1s Cabr\u00e9 a d\u00edas de su boda con Roc\u00edo Pardo: \u201cColgarlo todo\u2026\u201d\",\"datePublished\":\"2025-11-22T01:04:58+00:00\",\"mainEntityOfPage\":{\"@id\":\"https:\\\/\\\/fmgente.com.ar\\\/web\\\/la-drastica-decision-de-nicolas-cabre-a-dias-de-su-boda-con-rocio-pardo-colgarlo-todo\\\/\"},\"wordCount\":695,\"publisher\":{\"@id\":\"https:\\\/\\\/fmgente.com.ar\\\/web\\\/#organization\"},\"image\":{\"@id\":\"https:\\\/\\\/fmgente.com.ar\\\/web\\\/la-drastica-decision-de-nicolas-cabre-a-dias-de-su-boda-con-rocio-pardo-colgarlo-todo\\\/#primaryimage\"},\"thumbnailUrl\":\"https:\\\/\\\/fmgente.com.ar\\\/web\\\/wp-content\\\/uploads\\\/2025\\\/11\\\/Ventura-1-359x226-70.jpg\",\"articleSection\":[\"DESTACADAS\"],\"inLanguage\":\"es\"},{\"@type\":\"WebPage\",\"@id\":\"https:\\\/\\\/fmgente.com.ar\\\/web\\\/la-drastica-decision-de-nicolas-cabre-a-dias-de-su-boda-con-rocio-pardo-colgarlo-todo\\\/\",\"url\":\"https:\\\/\\\/fmgente.com.ar\\\/web\\\/la-drastica-decision-de-nicolas-cabre-a-dias-de-su-boda-con-rocio-pardo-colgarlo-todo\\\/\",\"name\":\"La dr\u00e1stica decisi\u00f3n de Nicol\u00e1s Cabr\u00e9 a d\u00edas de su boda con Roc\u00edo Pardo: \u201cColgarlo todo\u2026\u201d - Fm Gente\",\"isPartOf\":{\"@id\":\"https:\\\/\\\/fmgente.com.ar\\\/web\\\/#website\"},\"primaryImageOfPage\":{\"@id\":\"https:\\\/\\\/fmgente.com.ar\\\/web\\\/la-drastica-decision-de-nicolas-cabre-a-dias-de-su-boda-con-rocio-pardo-colgarlo-todo\\\/#primaryimage\"},\"image\":{\"@id\":\"https:\\\/\\\/fmgente.com.ar\\\/web\\\/la-drastica-decision-de-nicolas-cabre-a-dias-de-su-boda-con-rocio-pardo-colgarlo-todo\\\/#primaryimage\"},\"thumbnailUrl\":\"https:\\\/\\\/fmgente.com.ar\\\/web\\\/wp-content\\\/uploads\\\/2025\\\/11\\\/Ventura-1-359x226-70.jpg\",\"datePublished\":\"2025-11-22T01:04:58+00:00\",\"inLanguage\":\"es\",\"potentialAction\":[{\"@type\":\"ReadAction\",\"target\":[\"https:\\\/\\\/fmgente.com.ar\\\/web\\\/la-drastica-decision-de-nicolas-cabre-a-dias-de-su-boda-con-rocio-pardo-colgarlo-todo\\\/\"]}]},{\"@type\":\"ImageObject\",\"inLanguage\":\"es\",\"@id\":\"https:\\\/\\\/fmgente.com.ar\\\/web\\\/la-drastica-decision-de-nicolas-cabre-a-dias-de-su-boda-con-rocio-pardo-colgarlo-todo\\\/#primaryimage\",\"url\":\"https:\\\/\\\/fmgente.com.ar\\\/web\\\/wp-content\\\/uploads\\\/2025\\\/11\\\/Ventura-1-359x226-70.jpg\",\"contentUrl\":\"https:\\\/\\\/fmgente.com.ar\\\/web\\\/wp-content\\\/uploads\\\/2025\\\/11\\\/Ventura-1-359x226-70.jpg\",\"width\":359,\"height\":226},{\"@type\":\"WebSite\",\"@id\":\"https:\\\/\\\/fmgente.com.ar\\\/web\\\/#website\",\"url\":\"https:\\\/\\\/fmgente.com.ar\\\/web\\\/\",\"name\":\"Fm Gente\",\"description\":\"- Jes\u00fas Mar\u00eda\",\"publisher\":{\"@id\":\"https:\\\/\\\/fmgente.com.ar\\\/web\\\/#organization\"},\"potentialAction\":[{\"@type\":\"SearchAction\",\"target\":{\"@type\":\"EntryPoint\",\"urlTemplate\":\"https:\\\/\\\/fmgente.com.ar\\\/web\\\/?s={search_term_string}\"},\"query-input\":{\"@type\":\"PropertyValueSpecification\",\"valueRequired\":true,\"valueName\":\"search_term_string\"}}],\"inLanguage\":\"es\"},{\"@type\":\"Organization\",\"@id\":\"https:\\\/\\\/fmgente.com.ar\\\/web\\\/#organization\",\"name\":\"Fm Gente\",\"url\":\"https:\\\/\\\/fmgente.com.ar\\\/web\\\/\",\"logo\":{\"@type\":\"ImageObject\",\"inLanguage\":\"es\",\"@id\":\"https:\\\/\\\/fmgente.com.ar\\\/web\\\/#\\\/schema\\\/logo\\\/image\\\/\",\"url\":\"https:\\\/\\\/fmgente.com.ar\\\/web\\\/wp-content\\\/uploads\\\/2023\\\/07\\\/cropped-cropped-logo-sombra2.png\",\"contentUrl\":\"https:\\\/\\\/fmgente.com.ar\\\/web\\\/wp-content\\\/uploads\\\/2023\\\/07\\\/cropped-cropped-logo-sombra2.png\",\"width\":1782,\"height\":1782,\"caption\":\"Fm Gente\"},\"image\":{\"@id\":\"https:\\\/\\\/fmgente.com.ar\\\/web\\\/#\\\/schema\\\/logo\\\/image\\\/\"}}]}<\/script>\n<!-- \/ Yoast SEO plugin. -->","yoast_head_json":{"title":"La dr\u00e1stica decisi\u00f3n de Nicol\u00e1s Cabr\u00e9 a d\u00edas de su boda con Roc\u00edo Pardo: \u201cColgarlo todo\u2026\u201d - Fm Gente","robots":{"index":"index","follow":"follow","max-snippet":"max-snippet:-1","max-image-preview":"max-image-preview:large","max-video-preview":"max-video-preview:-1"},"canonical":"https:\/\/fmgente.com.ar\/web\/la-drastica-decision-de-nicolas-cabre-a-dias-de-su-boda-con-rocio-pardo-colgarlo-todo\/","og_locale":"es_ES","og_type":"article","og_title":"La dr\u00e1stica decisi\u00f3n de Nicol\u00e1s Cabr\u00e9 a d\u00edas de su boda con Roc\u00edo Pardo: \u201cColgarlo todo\u2026\u201d - Fm Gente","og_description":"La vida de Nicol\u00e1s Cabr\u00e9 viene sumergida desde hace meses en situaciones tan fuertes como","og_url":"https:\/\/fmgente.com.ar\/web\/la-drastica-decision-de-nicolas-cabre-a-dias-de-su-boda-con-rocio-pardo-colgarlo-todo\/","og_site_name":"Fm Gente","article_published_time":"2025-11-22T01:04:58+00:00","og_image":[{"width":359,"height":226,"url":"https:\/\/fmgente.com.ar\/web\/wp-content\/uploads\/2025\/11\/Ventura-1-359x226-70.jpg","type":"image\/jpeg"}],"twitter_card":"summary_large_image","twitter_misc":{"Tiempo de lectura":"3 minutos"},"schema":{"@context":"https:\/\/schema.org","@graph":[{"@type":"Article","@id":"https:\/\/fmgente.com.ar\/web\/la-drastica-decision-de-nicolas-cabre-a-dias-de-su-boda-con-rocio-pardo-colgarlo-todo\/#article","isPartOf":{"@id":"https:\/\/fmgente.com.ar\/web\/la-drastica-decision-de-nicolas-cabre-a-dias-de-su-boda-con-rocio-pardo-colgarlo-todo\/"},"author":{"name":"","@id":""},"headline":"La dr\u00e1stica decisi\u00f3n de Nicol\u00e1s Cabr\u00e9 a d\u00edas de su boda con Roc\u00edo Pardo: \u201cColgarlo todo\u2026\u201d","datePublished":"2025-11-22T01:04:58+00:00","mainEntityOfPage":{"@id":"https:\/\/fmgente.com.ar\/web\/la-drastica-decision-de-nicolas-cabre-a-dias-de-su-boda-con-rocio-pardo-colgarlo-todo\/"},"wordCount":695,"publisher":{"@id":"https:\/\/fmgente.com.ar\/web\/#organization"},"image":{"@id":"https:\/\/fmgente.com.ar\/web\/la-drastica-decision-de-nicolas-cabre-a-dias-de-su-boda-con-rocio-pardo-colgarlo-todo\/#primaryimage"},"thumbnailUrl":"https:\/\/fmgente.com.ar\/web\/wp-content\/uploads\/2025\/11\/Ventura-1-359x226-70.jpg","articleSection":["DESTACADAS"],"inLanguage":"es"},{"@type":"WebPage","@id":"https:\/\/fmgente.com.ar\/web\/la-drastica-decision-de-nicolas-cabre-a-dias-de-su-boda-con-rocio-pardo-colgarlo-todo\/","url":"https:\/\/fmgente.com.ar\/web\/la-drastica-decision-de-nicolas-cabre-a-dias-de-su-boda-con-rocio-pardo-colgarlo-todo\/","name":"La dr\u00e1stica decisi\u00f3n de Nicol\u00e1s Cabr\u00e9 a d\u00edas de su boda con Roc\u00edo Pardo: \u201cColgarlo todo\u2026\u201d - Fm Gente","isPartOf":{"@id":"https:\/\/fmgente.com.ar\/web\/#website"},"primaryImageOfPage":{"@id":"https:\/\/fmgente.com.ar\/web\/la-drastica-decision-de-nicolas-cabre-a-dias-de-su-boda-con-rocio-pardo-colgarlo-todo\/#primaryimage"},"image":{"@id":"https:\/\/fmgente.com.ar\/web\/la-drastica-decision-de-nicolas-cabre-a-dias-de-su-boda-con-rocio-pardo-colgarlo-todo\/#primaryimage"},"thumbnailUrl":"https:\/\/fmgente.com.ar\/web\/wp-content\/uploads\/2025\/11\/Ventura-1-359x226-70.jpg","datePublished":"2025-11-22T01:04:58+00:00","inLanguage":"es","potentialAction":[{"@type":"ReadAction","target":["https:\/\/fmgente.com.ar\/web\/la-drastica-decision-de-nicolas-cabre-a-dias-de-su-boda-con-rocio-pardo-colgarlo-todo\/"]}]},{"@type":"ImageObject","inLanguage":"es","@id":"https:\/\/fmgente.com.ar\/web\/la-drastica-decision-de-nicolas-cabre-a-dias-de-su-boda-con-rocio-pardo-colgarlo-todo\/#primaryimage","url":"https:\/\/fmgente.com.ar\/web\/wp-content\/uploads\/2025\/11\/Ventura-1-359x226-70.jpg","contentUrl":"https:\/\/fmgente.com.ar\/web\/wp-content\/uploads\/2025\/11\/Ventura-1-359x226-70.jpg","width":359,"height":226},{"@type":"WebSite","@id":"https:\/\/fmgente.com.ar\/web\/#website","url":"https:\/\/fmgente.com.ar\/web\/","name":"Fm Gente","description":"- Jes\u00fas Mar\u00eda","publisher":{"@id":"https:\/\/fmgente.com.ar\/web\/#organization"},"potentialAction":[{"@type":"SearchAction","target":{"@type":"EntryPoint","urlTemplate":"https:\/\/fmgente.com.ar\/web\/?s={search_term_string}"},"query-input":{"@type":"PropertyValueSpecification","valueRequired":true,"valueName":"search_term_string"}}],"inLanguage":"es"},{"@type":"Organization","@id":"https:\/\/fmgente.com.ar\/web\/#organization","name":"Fm Gente","url":"https:\/\/fmgente.com.ar\/web\/","logo":{"@type":"ImageObject","inLanguage":"es","@id":"https:\/\/fmgente.com.ar\/web\/#\/schema\/logo\/image\/","url":"https:\/\/fmgente.com.ar\/web\/wp-content\/uploads\/2023\/07\/cropped-cropped-logo-sombra2.png","contentUrl":"https:\/\/fmgente.com.ar\/web\/wp-content\/uploads\/2023\/07\/cropped-cropped-logo-sombra2.png","width":1782,"height":1782,"caption":"Fm Gente"},"image":{"@id":"https:\/\/fmgente.com.ar\/web\/#\/schema\/logo\/image\/"}}]}},"_links":{"self":[{"href":"https:\/\/fmgente.com.ar\/web\/wp-json\/wp\/v2\/posts\/10352","targetHints":{"allow":["GET"]}}],"collection":[{"href":"https:\/\/fmgente.com.ar\/web\/wp-json\/wp\/v2\/posts"}],"about":[{"href":"https:\/\/fmgente.com.ar\/web\/wp-json\/wp\/v2\/types\/post"}],"replies":[{"embeddable":true,"href":"https:\/\/fmgente.com.ar\/web\/wp-json\/wp\/v2\/comments?post=10352"}],"version-history":[{"count":0,"href":"https:\/\/fmgente.com.ar\/web\/wp-json\/wp\/v2\/posts\/10352\/revisions"}],"wp:featuredmedia":[{"embeddable":true,"href":"https:\/\/fmgente.com.ar\/web\/wp-json\/wp\/v2\/media\/10353"}],"wp:attachment":[{"href":"https:\/\/fmgente.com.ar\/web\/wp-json\/wp\/v2\/media?parent=10352"}],"wp:term":[{"taxonomy":"category","embeddable":true,"href":"https:\/\/fmgente.com.ar\/web\/wp-json\/wp\/v2\/categories?post=10352"},{"taxonomy":"post_tag","embeddable":true,"href":"https:\/\/fmgente.com.ar\/web\/wp-json\/wp\/v2\/tags?post=10352"}],"curies":[{"name":"wp","href":"https:\/\/api.w.org\/{rel}","templated":true}]}}