{"id":10350,"date":"2025-11-21T22:04:58","date_gmt":"2025-11-22T01:04:58","guid":{"rendered":"https:\/\/fmgente.com.ar\/marcelo-tinelli-le-dedico-un-mensaje-muy-intimo-a-su-hija-juanita-tras-el-escandalo-familiar-en-las-malas\/"},"modified":"2025-11-21T22:04:58","modified_gmt":"2025-11-22T01:04:58","slug":"marcelo-tinelli-le-dedico-un-mensaje-muy-intimo-a-su-hija-juanita-tras-el-escandalo-familiar-en-las-malas","status":"publish","type":"post","link":"https:\/\/fmgente.com.ar\/web\/marcelo-tinelli-le-dedico-un-mensaje-muy-intimo-a-su-hija-juanita-tras-el-escandalo-familiar-en-las-malas\/","title":{"rendered":"Marcelo Tinelli le dedic\u00f3 un mensaje muy \u00edntimo a su hija Juanita tras el esc\u00e1ndalo familiar: \u201cEn las malas\u201d"},"content":{"rendered":"<p>La familia de Marcelo Tinelli atraviesa el presente m\u00e1s \u00e1lgido de toda su trayectoria, porque se ilumin\u00f3 una interna inesperada y principalmente por la complejidad de vivir una amenaza de muerte y todo lo que conlleva semejante amedrentamiento.&nbsp;<\/p>\n<p>La armon\u00eda se resquebraj\u00f3 en el clan, a tal punto que Juanita Tinelli cont\u00f3, en un posteo, que ya no posee una relaci\u00f3n con su padre, al mismo tiempo que Candelaria admiti\u00f3 que no tiene relaci\u00f3n con su hermana menor y la ex del conductor Soledad Aquino dispar\u00f3 contra Paula Robles.<\/p>\n<p>En medio de toda esa tensi\u00f3n, <a href=\"https:\/\/www.paparazzi.com.ar\/teve\/yanina-latorre-le-solto-la-mano-a-marcelo-tinelli-y-revelo-los-peores-datos-de-su-drama-tendria-que-haber-bancado\/\">Marcelo<\/a> le dedic\u00f3 un saludo de cumplea\u00f1os repleto de amor y frases sumamente conmovedoras. \u201cFeliz cumple, hija hermosa. Felices 23. Deseo que siempre brilles con esa sonrisa que ilumina todo. Que tengas mucho amor y alegr\u00eda. No puedo todav\u00eda creer c\u00f3mo pasa el tiempo tan r\u00e1pido, mi vida\u201d.<\/p>\n<div class=\"mt-box \">\n<h4 class=\"mt-heading\">Mir\u00e1 Tambi\u00e9n<\/h4>\n<p><a href=\"https:\/\/www.paparazzi.com.ar\/teve\/se-filtro-una-foto-de-la-china-suarez-sin-maquillaje-y-estallo-todo\/\"><\/p>\n<div class=\"mt-content\">\n<div class=\"mt-image-container\"><img decoding=\"async\" src=\"https:\/\/www.paparazzi.com.ar\/wp-content\/uploads\/2025\/11\/china-suarez-359x226.jpg\" alt=\"Se filtr\u00f3 una foto de la China Su\u00e1rez sin maquillaje y estall\u00f3 todo\" class=\"mt-image\" loading=\"lazy\" \/><\/div>\n<h5 class=\"mt-title\">Se filtr\u00f3 una foto de la China Su\u00e1rez sin maquillaje y estall\u00f3 todo<\/h5>\n<\/div>\n<p><\/a><\/div>\n<p>En ese posteo en Instagram, el famoso ahond\u00f3 en sus sensaciones y narr\u00f3 con el alma al desnudo: \u201cTodav\u00eda te recuerdo muy chiquita, bailando por toda la casa con esos tacos altos. Quiero tenerte en mi vida por muchos a\u00f1os m\u00e1s, en las buenas y en las malas\u201d.<\/p>\n<h2 class=\"wp-block-heading\">LA DEDICATORIA DE TINELLI A SU HIJA JUANITA<\/h2>\n<p>E incluso solt\u00f3 una reflexi\u00f3n de toda esta crisis galopante de la familia, dado que Tinelli escribi\u00f3: \u201c Hoy le\u00eda que \u2018nunca se va del alma quien est\u00e1 en el coraz\u00f3n. No hay distancia para eso\u2019. Est\u00e1s en mi coraz\u00f3n siempre. Te amo con toda mi alma, mi Pebe\u201d.<\/p>\n<p>Lo llamativo se centr\u00f3 en la respuesta r\u00e1pida de <a href=\"https:\/\/www.paparazzi.com.ar\/teve\/miente-revelaron-el-escandalo-mas-grande-sobre-las-amenazas-a-juanita-la-hija-de-marcelo-tinelli\/\">Juanita<\/a>, que caus\u00f3 asombro al agradecerle y ponerle palabras muy sentimentales. \u00abNunca va a existir distancia. Se puede ver, pero sentir jam\u00e1s. Sos mi pap\u00e1 y te amo con todo lo que soy. Crec\u00ed acompa\u00f1\u00e1ndote y viendo todo lo que sos. Eso no cambia, jam\u00e1s\u201d, arranc\u00f3.<\/p>\n<p>Y en ese comentario, la modelo asever\u00f3:&nbsp; \u201cLa Juana que soy hoy, tiene much\u00edsimo de vos, eso es lo que busco y quiero transmitir siempre. Tu historia. Mi historia. Te amo\u00bb.<\/p>\n<figure class=\"wp-block-image size-full\"><img decoding=\"async\" width=\"466\" height=\"330\" src=\"https:\/\/www.paparazzi.com.ar\/wp-content\/uploads\/2025\/11\/Captura-de-pantalla-2025-11-21-a-las-19.49.16.png.webp\" loading=\"lazy\" alt=\"\" class=\"wp-image-453987\" \/><\/figure>\n<div class=\"mt-box \">\n<h4 class=\"mt-heading\">Mir\u00e1 Tambi\u00e9n<\/h4>\n<p><a href=\"https:\/\/www.paparazzi.com.ar\/teve\/miente-revelaron-el-escandalo-mas-grande-sobre-las-amenazas-a-juanita-la-hija-de-marcelo-tinelli\/\"><\/p>\n<div class=\"mt-content\">\n<div class=\"mt-image-container\"><img decoding=\"async\" src=\"https:\/\/www.paparazzi.com.ar\/wp-content\/uploads\/2025\/11\/Juanita-Tinelli-Marcelo-Tinelli-x-359x226.jpg\" alt=\"\u00bfMiente? Revelaron el esc\u00e1ndalo m\u00e1s grande sobre las amenazas a Juanita, la hija de Marcelo Tinelli\" class=\"mt-image\" loading=\"lazy\" \/><\/div>\n<h5 class=\"mt-title\">\u00bfMiente? Revelaron el esc\u00e1ndalo m\u00e1s grande sobre las amenazas a Juanita, la hija de Marcelo Tinelli<\/h5>\n<\/div>\n<p><\/a><\/div>\n<div class=\"mt-box \">\n<h4 class=\"mt-heading\">Mir\u00e1 Tambi\u00e9n<\/h4>\n<p><a href=\"https:\/\/www.paparazzi.com.ar\/teve\/yanina-latorre-le-solto-la-mano-a-marcelo-tinelli-y-revelo-los-peores-datos-de-su-drama-tendria-que-haber-bancado\/\"><\/p>\n<div class=\"mt-content\">\n<div class=\"mt-image-container\"><img decoding=\"async\" src=\"https:\/\/www.paparazzi.com.ar\/wp-content\/uploads\/2025\/11\/Yanina-Latorre-Tinelli-1-359x226.jpg\" alt=\"Yanina Latorre le solt\u00f3 la mano a Marcelo Tinelli y revel\u00f3 los peores datos de su drama: &quot;Tendr\u00eda que haber bancado&quot;\" class=\"mt-image\" loading=\"lazy\" \/><\/div>\n<h5 class=\"mt-title\">Yanina Latorre le solt\u00f3 la mano a Marcelo Tinelli y revel\u00f3 los peores datos de su drama: \u00abTendr\u00eda que haber bancado\u00bb<\/h5>\n<\/div>\n<p><\/a><\/div>\n<p>The post <a href=\"https:\/\/www.paparazzi.com.ar\/teve\/marcelo-tinelli-le-dedico-un-mensaje-muy-intimo-a-su-hija-juanita-tras-el-escandalo-familiar-en-las-malas\/\">Marcelo Tinelli le dedic\u00f3 un mensaje muy \u00edntimo a su hija Juanita tras el esc\u00e1ndalo familiar: \u201cEn las malas\u201d<\/a> appeared first on <a href=\"https:\/\/www.paparazzi.com.ar\">Revista Paparazzi<\/a>.<\/p>\n","protected":false},"excerpt":{"rendered":"<p>La familia de Marcelo Tinelli atraviesa el presente m\u00e1s \u00e1lgido de toda su trayectoria, porque<\/p>\n","protected":false},"author":0,"featured_media":10351,"comment_status":"","ping_status":"","sticky":false,"template":"","format":"standard","meta":{"footnotes":""},"categories":[11],"tags":[],"class_list":["post-10350","post","type-post","status-publish","format-standard","has-post-thumbnail","hentry","category-destacadas"],"yoast_head":"<!-- This site is optimized with the Yoast SEO plugin v27.4 - https:\/\/yoast.com\/product\/yoast-seo-wordpress\/ -->\n<title>Marcelo Tinelli le dedic\u00f3 un mensaje muy \u00edntimo a su hija Juanita tras el esc\u00e1ndalo familiar: \u201cEn las malas\u201d - Fm Gente<\/title>\n<meta name=\"robots\" content=\"index, follow, max-snippet:-1, max-image-preview:large, max-video-preview:-1\" \/>\n<link rel=\"canonical\" href=\"https:\/\/fmgente.com.ar\/web\/marcelo-tinelli-le-dedico-un-mensaje-muy-intimo-a-su-hija-juanita-tras-el-escandalo-familiar-en-las-malas\/\" \/>\n<meta property=\"og:locale\" content=\"es_ES\" \/>\n<meta property=\"og:type\" content=\"article\" \/>\n<meta property=\"og:title\" content=\"Marcelo Tinelli le dedic\u00f3 un mensaje muy \u00edntimo a su hija Juanita tras el esc\u00e1ndalo familiar: \u201cEn las malas\u201d - Fm Gente\" \/>\n<meta property=\"og:description\" content=\"La familia de Marcelo Tinelli atraviesa el presente m\u00e1s \u00e1lgido de toda su trayectoria, porque\" \/>\n<meta property=\"og:url\" content=\"https:\/\/fmgente.com.ar\/web\/marcelo-tinelli-le-dedico-un-mensaje-muy-intimo-a-su-hija-juanita-tras-el-escandalo-familiar-en-las-malas\/\" \/>\n<meta property=\"og:site_name\" content=\"Fm Gente\" \/>\n<meta property=\"article:published_time\" content=\"2025-11-22T01:04:58+00:00\" \/>\n<meta property=\"og:image\" content=\"https:\/\/fmgente.com.ar\/web\/wp-content\/uploads\/2025\/11\/china-suarez-359x226-1.jpg\" \/>\n\t<meta property=\"og:image:width\" content=\"359\" \/>\n\t<meta property=\"og:image:height\" content=\"226\" \/>\n\t<meta property=\"og:image:type\" content=\"image\/jpeg\" \/>\n<meta name=\"twitter:card\" content=\"summary_large_image\" \/>\n<meta name=\"twitter:label1\" content=\"Tiempo de lectura\" \/>\n\t<meta name=\"twitter:data1\" content=\"2 minutos\" \/>\n<script type=\"application\/ld+json\" class=\"yoast-schema-graph\">{\"@context\":\"https:\\\/\\\/schema.org\",\"@graph\":[{\"@type\":\"Article\",\"@id\":\"https:\\\/\\\/fmgente.com.ar\\\/web\\\/marcelo-tinelli-le-dedico-un-mensaje-muy-intimo-a-su-hija-juanita-tras-el-escandalo-familiar-en-las-malas\\\/#article\",\"isPartOf\":{\"@id\":\"https:\\\/\\\/fmgente.com.ar\\\/web\\\/marcelo-tinelli-le-dedico-un-mensaje-muy-intimo-a-su-hija-juanita-tras-el-escandalo-familiar-en-las-malas\\\/\"},\"author\":{\"name\":\"\",\"@id\":\"\"},\"headline\":\"Marcelo Tinelli le dedic\u00f3 un mensaje muy \u00edntimo a su hija Juanita tras el esc\u00e1ndalo familiar: \u201cEn las malas\u201d\",\"datePublished\":\"2025-11-22T01:04:58+00:00\",\"mainEntityOfPage\":{\"@id\":\"https:\\\/\\\/fmgente.com.ar\\\/web\\\/marcelo-tinelli-le-dedico-un-mensaje-muy-intimo-a-su-hija-juanita-tras-el-escandalo-familiar-en-las-malas\\\/\"},\"wordCount\":467,\"publisher\":{\"@id\":\"https:\\\/\\\/fmgente.com.ar\\\/web\\\/#organization\"},\"image\":{\"@id\":\"https:\\\/\\\/fmgente.com.ar\\\/web\\\/marcelo-tinelli-le-dedico-un-mensaje-muy-intimo-a-su-hija-juanita-tras-el-escandalo-familiar-en-las-malas\\\/#primaryimage\"},\"thumbnailUrl\":\"https:\\\/\\\/fmgente.com.ar\\\/web\\\/wp-content\\\/uploads\\\/2025\\\/11\\\/china-suarez-359x226-1.jpg\",\"articleSection\":[\"DESTACADAS\"],\"inLanguage\":\"es\"},{\"@type\":\"WebPage\",\"@id\":\"https:\\\/\\\/fmgente.com.ar\\\/web\\\/marcelo-tinelli-le-dedico-un-mensaje-muy-intimo-a-su-hija-juanita-tras-el-escandalo-familiar-en-las-malas\\\/\",\"url\":\"https:\\\/\\\/fmgente.com.ar\\\/web\\\/marcelo-tinelli-le-dedico-un-mensaje-muy-intimo-a-su-hija-juanita-tras-el-escandalo-familiar-en-las-malas\\\/\",\"name\":\"Marcelo Tinelli le dedic\u00f3 un mensaje muy \u00edntimo a su hija Juanita tras el esc\u00e1ndalo familiar: \u201cEn las malas\u201d - Fm Gente\",\"isPartOf\":{\"@id\":\"https:\\\/\\\/fmgente.com.ar\\\/web\\\/#website\"},\"primaryImageOfPage\":{\"@id\":\"https:\\\/\\\/fmgente.com.ar\\\/web\\\/marcelo-tinelli-le-dedico-un-mensaje-muy-intimo-a-su-hija-juanita-tras-el-escandalo-familiar-en-las-malas\\\/#primaryimage\"},\"image\":{\"@id\":\"https:\\\/\\\/fmgente.com.ar\\\/web\\\/marcelo-tinelli-le-dedico-un-mensaje-muy-intimo-a-su-hija-juanita-tras-el-escandalo-familiar-en-las-malas\\\/#primaryimage\"},\"thumbnailUrl\":\"https:\\\/\\\/fmgente.com.ar\\\/web\\\/wp-content\\\/uploads\\\/2025\\\/11\\\/china-suarez-359x226-1.jpg\",\"datePublished\":\"2025-11-22T01:04:58+00:00\",\"inLanguage\":\"es\",\"potentialAction\":[{\"@type\":\"ReadAction\",\"target\":[\"https:\\\/\\\/fmgente.com.ar\\\/web\\\/marcelo-tinelli-le-dedico-un-mensaje-muy-intimo-a-su-hija-juanita-tras-el-escandalo-familiar-en-las-malas\\\/\"]}]},{\"@type\":\"ImageObject\",\"inLanguage\":\"es\",\"@id\":\"https:\\\/\\\/fmgente.com.ar\\\/web\\\/marcelo-tinelli-le-dedico-un-mensaje-muy-intimo-a-su-hija-juanita-tras-el-escandalo-familiar-en-las-malas\\\/#primaryimage\",\"url\":\"https:\\\/\\\/fmgente.com.ar\\\/web\\\/wp-content\\\/uploads\\\/2025\\\/11\\\/china-suarez-359x226-1.jpg\",\"contentUrl\":\"https:\\\/\\\/fmgente.com.ar\\\/web\\\/wp-content\\\/uploads\\\/2025\\\/11\\\/china-suarez-359x226-1.jpg\",\"width\":359,\"height\":226},{\"@type\":\"WebSite\",\"@id\":\"https:\\\/\\\/fmgente.com.ar\\\/web\\\/#website\",\"url\":\"https:\\\/\\\/fmgente.com.ar\\\/web\\\/\",\"name\":\"Fm Gente\",\"description\":\"- Jes\u00fas Mar\u00eda\",\"publisher\":{\"@id\":\"https:\\\/\\\/fmgente.com.ar\\\/web\\\/#organization\"},\"potentialAction\":[{\"@type\":\"SearchAction\",\"target\":{\"@type\":\"EntryPoint\",\"urlTemplate\":\"https:\\\/\\\/fmgente.com.ar\\\/web\\\/?s={search_term_string}\"},\"query-input\":{\"@type\":\"PropertyValueSpecification\",\"valueRequired\":true,\"valueName\":\"search_term_string\"}}],\"inLanguage\":\"es\"},{\"@type\":\"Organization\",\"@id\":\"https:\\\/\\\/fmgente.com.ar\\\/web\\\/#organization\",\"name\":\"Fm Gente\",\"url\":\"https:\\\/\\\/fmgente.com.ar\\\/web\\\/\",\"logo\":{\"@type\":\"ImageObject\",\"inLanguage\":\"es\",\"@id\":\"https:\\\/\\\/fmgente.com.ar\\\/web\\\/#\\\/schema\\\/logo\\\/image\\\/\",\"url\":\"https:\\\/\\\/fmgente.com.ar\\\/web\\\/wp-content\\\/uploads\\\/2023\\\/07\\\/cropped-cropped-logo-sombra2.png\",\"contentUrl\":\"https:\\\/\\\/fmgente.com.ar\\\/web\\\/wp-content\\\/uploads\\\/2023\\\/07\\\/cropped-cropped-logo-sombra2.png\",\"width\":1782,\"height\":1782,\"caption\":\"Fm Gente\"},\"image\":{\"@id\":\"https:\\\/\\\/fmgente.com.ar\\\/web\\\/#\\\/schema\\\/logo\\\/image\\\/\"}}]}<\/script>\n<!-- \/ Yoast SEO plugin. -->","yoast_head_json":{"title":"Marcelo Tinelli le dedic\u00f3 un mensaje muy \u00edntimo a su hija Juanita tras el esc\u00e1ndalo familiar: \u201cEn las malas\u201d - Fm Gente","robots":{"index":"index","follow":"follow","max-snippet":"max-snippet:-1","max-image-preview":"max-image-preview:large","max-video-preview":"max-video-preview:-1"},"canonical":"https:\/\/fmgente.com.ar\/web\/marcelo-tinelli-le-dedico-un-mensaje-muy-intimo-a-su-hija-juanita-tras-el-escandalo-familiar-en-las-malas\/","og_locale":"es_ES","og_type":"article","og_title":"Marcelo Tinelli le dedic\u00f3 un mensaje muy \u00edntimo a su hija Juanita tras el esc\u00e1ndalo familiar: \u201cEn las malas\u201d - Fm Gente","og_description":"La familia de Marcelo Tinelli atraviesa el presente m\u00e1s \u00e1lgido de toda su trayectoria, porque","og_url":"https:\/\/fmgente.com.ar\/web\/marcelo-tinelli-le-dedico-un-mensaje-muy-intimo-a-su-hija-juanita-tras-el-escandalo-familiar-en-las-malas\/","og_site_name":"Fm Gente","article_published_time":"2025-11-22T01:04:58+00:00","og_image":[{"width":359,"height":226,"url":"https:\/\/fmgente.com.ar\/web\/wp-content\/uploads\/2025\/11\/china-suarez-359x226-1.jpg","type":"image\/jpeg"}],"twitter_card":"summary_large_image","twitter_misc":{"Tiempo de lectura":"2 minutos"},"schema":{"@context":"https:\/\/schema.org","@graph":[{"@type":"Article","@id":"https:\/\/fmgente.com.ar\/web\/marcelo-tinelli-le-dedico-un-mensaje-muy-intimo-a-su-hija-juanita-tras-el-escandalo-familiar-en-las-malas\/#article","isPartOf":{"@id":"https:\/\/fmgente.com.ar\/web\/marcelo-tinelli-le-dedico-un-mensaje-muy-intimo-a-su-hija-juanita-tras-el-escandalo-familiar-en-las-malas\/"},"author":{"name":"","@id":""},"headline":"Marcelo Tinelli le dedic\u00f3 un mensaje muy \u00edntimo a su hija Juanita tras el esc\u00e1ndalo familiar: \u201cEn las malas\u201d","datePublished":"2025-11-22T01:04:58+00:00","mainEntityOfPage":{"@id":"https:\/\/fmgente.com.ar\/web\/marcelo-tinelli-le-dedico-un-mensaje-muy-intimo-a-su-hija-juanita-tras-el-escandalo-familiar-en-las-malas\/"},"wordCount":467,"publisher":{"@id":"https:\/\/fmgente.com.ar\/web\/#organization"},"image":{"@id":"https:\/\/fmgente.com.ar\/web\/marcelo-tinelli-le-dedico-un-mensaje-muy-intimo-a-su-hija-juanita-tras-el-escandalo-familiar-en-las-malas\/#primaryimage"},"thumbnailUrl":"https:\/\/fmgente.com.ar\/web\/wp-content\/uploads\/2025\/11\/china-suarez-359x226-1.jpg","articleSection":["DESTACADAS"],"inLanguage":"es"},{"@type":"WebPage","@id":"https:\/\/fmgente.com.ar\/web\/marcelo-tinelli-le-dedico-un-mensaje-muy-intimo-a-su-hija-juanita-tras-el-escandalo-familiar-en-las-malas\/","url":"https:\/\/fmgente.com.ar\/web\/marcelo-tinelli-le-dedico-un-mensaje-muy-intimo-a-su-hija-juanita-tras-el-escandalo-familiar-en-las-malas\/","name":"Marcelo Tinelli le dedic\u00f3 un mensaje muy \u00edntimo a su hija Juanita tras el esc\u00e1ndalo familiar: \u201cEn las malas\u201d - Fm Gente","isPartOf":{"@id":"https:\/\/fmgente.com.ar\/web\/#website"},"primaryImageOfPage":{"@id":"https:\/\/fmgente.com.ar\/web\/marcelo-tinelli-le-dedico-un-mensaje-muy-intimo-a-su-hija-juanita-tras-el-escandalo-familiar-en-las-malas\/#primaryimage"},"image":{"@id":"https:\/\/fmgente.com.ar\/web\/marcelo-tinelli-le-dedico-un-mensaje-muy-intimo-a-su-hija-juanita-tras-el-escandalo-familiar-en-las-malas\/#primaryimage"},"thumbnailUrl":"https:\/\/fmgente.com.ar\/web\/wp-content\/uploads\/2025\/11\/china-suarez-359x226-1.jpg","datePublished":"2025-11-22T01:04:58+00:00","inLanguage":"es","potentialAction":[{"@type":"ReadAction","target":["https:\/\/fmgente.com.ar\/web\/marcelo-tinelli-le-dedico-un-mensaje-muy-intimo-a-su-hija-juanita-tras-el-escandalo-familiar-en-las-malas\/"]}]},{"@type":"ImageObject","inLanguage":"es","@id":"https:\/\/fmgente.com.ar\/web\/marcelo-tinelli-le-dedico-un-mensaje-muy-intimo-a-su-hija-juanita-tras-el-escandalo-familiar-en-las-malas\/#primaryimage","url":"https:\/\/fmgente.com.ar\/web\/wp-content\/uploads\/2025\/11\/china-suarez-359x226-1.jpg","contentUrl":"https:\/\/fmgente.com.ar\/web\/wp-content\/uploads\/2025\/11\/china-suarez-359x226-1.jpg","width":359,"height":226},{"@type":"WebSite","@id":"https:\/\/fmgente.com.ar\/web\/#website","url":"https:\/\/fmgente.com.ar\/web\/","name":"Fm Gente","description":"- Jes\u00fas Mar\u00eda","publisher":{"@id":"https:\/\/fmgente.com.ar\/web\/#organization"},"potentialAction":[{"@type":"SearchAction","target":{"@type":"EntryPoint","urlTemplate":"https:\/\/fmgente.com.ar\/web\/?s={search_term_string}"},"query-input":{"@type":"PropertyValueSpecification","valueRequired":true,"valueName":"search_term_string"}}],"inLanguage":"es"},{"@type":"Organization","@id":"https:\/\/fmgente.com.ar\/web\/#organization","name":"Fm Gente","url":"https:\/\/fmgente.com.ar\/web\/","logo":{"@type":"ImageObject","inLanguage":"es","@id":"https:\/\/fmgente.com.ar\/web\/#\/schema\/logo\/image\/","url":"https:\/\/fmgente.com.ar\/web\/wp-content\/uploads\/2023\/07\/cropped-cropped-logo-sombra2.png","contentUrl":"https:\/\/fmgente.com.ar\/web\/wp-content\/uploads\/2023\/07\/cropped-cropped-logo-sombra2.png","width":1782,"height":1782,"caption":"Fm Gente"},"image":{"@id":"https:\/\/fmgente.com.ar\/web\/#\/schema\/logo\/image\/"}}]}},"_links":{"self":[{"href":"https:\/\/fmgente.com.ar\/web\/wp-json\/wp\/v2\/posts\/10350","targetHints":{"allow":["GET"]}}],"collection":[{"href":"https:\/\/fmgente.com.ar\/web\/wp-json\/wp\/v2\/posts"}],"about":[{"href":"https:\/\/fmgente.com.ar\/web\/wp-json\/wp\/v2\/types\/post"}],"replies":[{"embeddable":true,"href":"https:\/\/fmgente.com.ar\/web\/wp-json\/wp\/v2\/comments?post=10350"}],"version-history":[{"count":0,"href":"https:\/\/fmgente.com.ar\/web\/wp-json\/wp\/v2\/posts\/10350\/revisions"}],"wp:featuredmedia":[{"embeddable":true,"href":"https:\/\/fmgente.com.ar\/web\/wp-json\/wp\/v2\/media\/10351"}],"wp:attachment":[{"href":"https:\/\/fmgente.com.ar\/web\/wp-json\/wp\/v2\/media?parent=10350"}],"wp:term":[{"taxonomy":"category","embeddable":true,"href":"https:\/\/fmgente.com.ar\/web\/wp-json\/wp\/v2\/categories?post=10350"},{"taxonomy":"post_tag","embeddable":true,"href":"https:\/\/fmgente.com.ar\/web\/wp-json\/wp\/v2\/tags?post=10350"}],"curies":[{"name":"wp","href":"https:\/\/api.w.org\/{rel}","templated":true}]}}