{"id":10346,"date":"2025-11-21T21:05:14","date_gmt":"2025-11-22T00:05:14","guid":{"rendered":"https:\/\/fmgente.com.ar\/se-muda-a-la-argentina-mauro-icardi-revelo-como-seguira-su-carrera-deportiva-y-sorprendio-a-todos\/"},"modified":"2025-11-21T21:05:14","modified_gmt":"2025-11-22T00:05:14","slug":"se-muda-a-la-argentina-mauro-icardi-revelo-como-seguira-su-carrera-deportiva-y-sorprendio-a-todos","status":"publish","type":"post","link":"https:\/\/fmgente.com.ar\/web\/se-muda-a-la-argentina-mauro-icardi-revelo-como-seguira-su-carrera-deportiva-y-sorprendio-a-todos\/","title":{"rendered":"\u00bfSe muda a la Argentina? Mauro Icardi revel\u00f3 c\u00f3mo seguir\u00e1 su carrera deportiva y sorprendi\u00f3 a todos"},"content":{"rendered":"<p>El nombre de <strong>Mauro Icardi <\/strong>volvi\u00f3 a instalarse con fuerza por estos d\u00edas. Su visita rel\u00e1mpago al pa\u00eds junto a la <strong>China Su\u00e1rez<\/strong>, seguida de un inmediato regreso a Turqu\u00eda, dej\u00f3 flotando un interrogante sobre su futuro: \u00bfJugar\u00e1 en la Argentina en alg\u00fan momento? \u00bfRenovar\u00e1 con el Galatasaray o cambiar\u00e1 de liga?<\/p>\n<p>Repasemos: <strong><a href=\"https:\/\/www.paparazzi.com.ar\/romances\/wanda-nara-mostro-como-la-china-suarez-mintio-al-hablar-de-su-romance-con-mauro-icardi\/\">Icardi<\/a><\/strong> todav\u00eda tiene contrato con el Galatasaray hasta junio de 2026, aunque con la posibilidad de una rescisi\u00f3n pactada para diciembre de 2025. Esa cl\u00e1usula despert\u00f3 especulaciones sobre un posible retorno al f\u00fatbol argentino, algo que se viene diciendo desde hace rato. Hablamos de una posibilidad, aunque hasta ahora no aparece como una chance concreta.<\/p>\n<p>La posibilidad de que <strong>Icardi<\/strong> desembarque en el f\u00fatbol argentino no luce tan descabellada si tenemos en cuenta que el delantero quiere estar m\u00e1s cerca de <strong>Francesca<\/strong> e <strong>Isabella<\/strong>, sus hijas con <strong>Wanda Nara<\/strong>. Obviamente que todo esto tambi\u00e9n implicar\u00eda una mudanza mucho mayor, que la <strong><a href=\"https:\/\/www.paparazzi.com.ar\/romances\/el-revelador-dato-que-expone-que-el-romance-de-la-china-suarez-y-mauro-icardi-inicio-antes-del-wandagate\/\">China<\/a><\/strong> tambi\u00e9n regrese y que lo mismo pase con sus hijos.<\/p>\n<div class=\"mt-box \">\n<h4 class=\"mt-heading\">Mir\u00e1 Tambi\u00e9n<\/h4>\n<p><a href=\"https:\/\/www.paparazzi.com.ar\/videos\/exclusivo-la-sensible-revelacion-de-luis-ventura-sobre-sus-noches-duermo-con-los-seres-queridos-que-ya-partieron\/\"><\/p>\n<div class=\"mt-content\">\n<div class=\"mt-image-container\"><img decoding=\"async\" src=\"https:\/\/www.paparazzi.com.ar\/wp-content\/uploads\/2025\/11\/Ventura-1-359x226.jpg\" alt=\"\u00a1Exclusivo! La sensible revelaci\u00f3n de Luis Ventura sobre sus noches: &quot;Duermo con los seres queridos que ya partieron&quot;\" class=\"mt-image\" loading=\"lazy\" \/><\/div>\n<h5 class=\"mt-title\">\u00a1Exclusivo! La sensible revelaci\u00f3n de Luis Ventura sobre sus noches: \u00abDuermo con los seres queridos que ya partieron\u00bb<\/h5>\n<\/div>\n<p><\/a><\/div>\n<p>Sin embargo, para que pueda darse la llegada de <strong><a href=\"https:\/\/www.paparazzi.com.ar\/romances\/el-video-por-el-que-wanda-nara-trabo-el-acuerdo-por-sus-hijas-con-mauro-icardi-peligra-que-el-las-vuelva-a-ver\/\">Mauro<\/a><\/strong> al f\u00fatbol argentino existe una traba que nadie pasa por alto: \u00bfCu\u00e1nto le van a pagar?. Lo cierto es que el contrato actual del rosarino es uno de los m\u00e1s altos en Turqu\u00eda, un n\u00famero que para cualquier club argentino ser\u00eda pr\u00e1cticamente imposible de igualar.<\/p>\n<h2 class=\"wp-block-heading\">QU\u00c9 QUIERE MAURO ICARDI PARA EL FUTURO DE SU CARRERA DENTRO DEL F\u00daTBOL<\/h2>\n<p>Por estas horas, Gustavo M\u00e9ndez aclar\u00f3 un poco m\u00e1s la situaci\u00f3n de <strong>Icardi<\/strong> y su futuro deportivo. <em>\u201cSuena que viene a Newell\u2019s Old Boys, que viene a Estudiantes de la Plata, que la China Su\u00e1rez quiere que vaya a River, que no vaya a Boca&#8230;\u201d<\/em>, comenz\u00f3 explicando en<strong><em> La Ma\u00f1ana con Moria <\/em><\/strong>sobre los rumores que estuvieron circulando. Pero r\u00e1pidamente asegur\u00f3 que nada de eso suceder\u00eda.<\/p>\n<p>Seg\u00fan cont\u00f3, las charlas entre el representante del delantero, Letterio Pino, y las autoridades del Galatasaray avanzan con buen ritmo. <em>\u201cLo est\u00e1 hablando Elio (Letterio Pino, representante de Icardi), que est\u00e1 negociando con el Galatasaray. Lo que me dio a entender en sus palabras es que \u00e9l se quiere quedar en Turqu\u00eda\u201d<\/em>, explic\u00f3.&nbsp;<\/p>\n<div class=\"mt-box \">\n<h4 class=\"mt-heading\">Mir\u00e1 Tambi\u00e9n<\/h4>\n<p><a href=\"https:\/\/www.paparazzi.com.ar\/romances\/wanda-nara-mostro-como-la-china-suarez-mintio-al-hablar-de-su-romance-con-mauro-icardi\/\"><\/p>\n<div class=\"mt-content\">\n<div class=\"mt-image-container\"><img decoding=\"async\" src=\"https:\/\/www.paparazzi.com.ar\/wp-content\/uploads\/2025\/06\/Wanda-Nara-rompio-el-silencio-sobre-tras-el-pedido-de-Icardi-parar-estar-con-sus-hijas-y-la-China-Suarez.jpg.webp\" alt=\"No resiste archivo: Wanda Nara mostr\u00f3 c\u00f3mo la China Su\u00e1rez minti\u00f3 por su romance con Mauro Icardi\" class=\"mt-image\" loading=\"lazy\" \/><\/div>\n<h5 class=\"mt-title\">No resiste archivo: Wanda Nara mostr\u00f3 c\u00f3mo la China Su\u00e1rez minti\u00f3 por su romance con Mauro Icardi<\/h5>\n<\/div>\n<p><\/a><\/div>\n<p>La vida en Estambul le sienta bien a la pareja de famosos. Primero <strong>Mauro<\/strong> -que lleg\u00f3 a mediados de 2023- y luego la <strong>China<\/strong> se adaptaron sin mayores complicaciones, y hoy conviven all\u00ed muy c\u00f3modos. De hecho se mantienen lejos del ojo de la tormenta, algo que en alg\u00fan punto los beneficia en la pelea que todav\u00eda siguen teniendo contra <strong>Wanda<\/strong>.<\/p>\n<p><em>\u201cMe lo djieron desde el entorno que cuando \u00e9l se retire quiere vivir en Mil\u00e1n. Sus hijas nacieron ah\u00ed y a \u00e9l lo aman. El primer viaje que hicieron con la China fue a Mil\u00e1n\u201d<\/em>, asegur\u00f3 el periodista. Este es un dato fuerte pensando en c\u00f3mo y d\u00f3nde quiere vivir <strong>Icardi<\/strong> cuando se retire, por lo que tambi\u00e9n querr\u00e1 tener muy cerca a sus hijas. Por ahora, la guerra contra Wanda parece que da para largo.<\/p>\n<div class=\"mt-box \">\n<h4 class=\"mt-heading\">Mir\u00e1 Tambi\u00e9n<\/h4>\n<p><a href=\"https:\/\/www.paparazzi.com.ar\/romances\/el-revelador-dato-que-expone-que-el-romance-de-la-china-suarez-y-mauro-icardi-inicio-antes-del-wandagate\/\"><\/p>\n<div class=\"mt-content\">\n<div class=\"mt-image-container\"><img decoding=\"async\" src=\"https:\/\/www.paparazzi.com.ar\/wp-content\/uploads\/2025\/11\/China-Suarez-Mauro-Icardi-Wanda-Nara-359x226.jpg\" alt=\"El revelador dato que expone que el romance de la China Su\u00e1rez y Mauro Icardi inici\u00f3 antes del WandaGate\" class=\"mt-image\" loading=\"lazy\" \/><\/div>\n<h5 class=\"mt-title\">El revelador dato que expone que el romance de la China Su\u00e1rez y Mauro Icardi inici\u00f3 antes del WandaGate<\/h5>\n<\/div>\n<p><\/a><\/div>\n<div class=\"mt-box \">\n<h4 class=\"mt-heading\">Mir\u00e1 Tambi\u00e9n<\/h4>\n<p><a href=\"https:\/\/www.paparazzi.com.ar\/romances\/el-video-por-el-que-wanda-nara-trabo-el-acuerdo-por-sus-hijas-con-mauro-icardi-peligra-que-el-las-vuelva-a-ver\/\"><\/p>\n<div class=\"mt-content\">\n<div class=\"mt-image-container\"><img decoding=\"async\" src=\"https:\/\/www.paparazzi.com.ar\/wp-content\/uploads\/2025\/11\/Wanda-Nara-Mauro-Icardi-hijas-359x226.jpg\" alt=\"El video por el que Wanda Nara trab\u00f3 el acuerdo por sus hijas con Mauro Icardi: \u201cPeligra que \u00e9l las vuelva a ver\u2026\u201d\" class=\"mt-image\" loading=\"lazy\" \/><\/div>\n<h5 class=\"mt-title\">El video por el que Wanda Nara trab\u00f3 el acuerdo por sus hijas con Mauro Icardi: \u201cPeligra que \u00e9l las vuelva a ver\u2026\u201d<\/h5>\n<\/div>\n<p><\/a><\/div>\n<p>The post <a href=\"https:\/\/www.paparazzi.com.ar\/deportes\/se-muda-a-la-argentina-mauro-icardi-revelo-como-seguira-su-carrera-deportiva-y-sorprendio-a-todos\/\">\u00bfSe muda a la Argentina? Mauro Icardi revel\u00f3 c\u00f3mo seguir\u00e1 su carrera deportiva y sorprendi\u00f3 a todos<\/a> appeared first on <a href=\"https:\/\/www.paparazzi.com.ar\">Revista Paparazzi<\/a>.<\/p>\n","protected":false},"excerpt":{"rendered":"<p>El nombre de Mauro Icardi volvi\u00f3 a instalarse con fuerza por estos d\u00edas. Su visita<\/p>\n","protected":false},"author":0,"featured_media":10347,"comment_status":"","ping_status":"","sticky":false,"template":"","format":"standard","meta":{"footnotes":""},"categories":[11],"tags":[],"class_list":["post-10346","post","type-post","status-publish","format-standard","has-post-thumbnail","hentry","category-destacadas"],"yoast_head":"<!-- This site is optimized with the Yoast SEO plugin v27.4 - https:\/\/yoast.com\/product\/yoast-seo-wordpress\/ -->\n<title>\u00bfSe muda a la Argentina? Mauro Icardi revel\u00f3 c\u00f3mo seguir\u00e1 su carrera deportiva y sorprendi\u00f3 a todos - Fm Gente<\/title>\n<meta name=\"robots\" content=\"index, follow, max-snippet:-1, max-image-preview:large, max-video-preview:-1\" \/>\n<link rel=\"canonical\" href=\"https:\/\/fmgente.com.ar\/web\/se-muda-a-la-argentina-mauro-icardi-revelo-como-seguira-su-carrera-deportiva-y-sorprendio-a-todos\/\" \/>\n<meta property=\"og:locale\" content=\"es_ES\" \/>\n<meta property=\"og:type\" content=\"article\" \/>\n<meta property=\"og:title\" content=\"\u00bfSe muda a la Argentina? Mauro Icardi revel\u00f3 c\u00f3mo seguir\u00e1 su carrera deportiva y sorprendi\u00f3 a todos - Fm Gente\" \/>\n<meta property=\"og:description\" content=\"El nombre de Mauro Icardi volvi\u00f3 a instalarse con fuerza por estos d\u00edas. Su visita\" \/>\n<meta property=\"og:url\" content=\"https:\/\/fmgente.com.ar\/web\/se-muda-a-la-argentina-mauro-icardi-revelo-como-seguira-su-carrera-deportiva-y-sorprendio-a-todos\/\" \/>\n<meta property=\"og:site_name\" content=\"Fm Gente\" \/>\n<meta property=\"article:published_time\" content=\"2025-11-22T00:05:14+00:00\" \/>\n<meta property=\"og:image\" content=\"https:\/\/fmgente.com.ar\/web\/wp-content\/uploads\/2025\/11\/Ventura-1-359x226-69.jpg\" \/>\n\t<meta property=\"og:image:width\" content=\"359\" \/>\n\t<meta property=\"og:image:height\" content=\"226\" \/>\n\t<meta property=\"og:image:type\" content=\"image\/jpeg\" \/>\n<meta name=\"twitter:card\" content=\"summary_large_image\" \/>\n<meta name=\"twitter:label1\" content=\"Tiempo de lectura\" \/>\n\t<meta name=\"twitter:data1\" content=\"3 minutos\" \/>\n<script type=\"application\/ld+json\" class=\"yoast-schema-graph\">{\"@context\":\"https:\\\/\\\/schema.org\",\"@graph\":[{\"@type\":\"Article\",\"@id\":\"https:\\\/\\\/fmgente.com.ar\\\/web\\\/se-muda-a-la-argentina-mauro-icardi-revelo-como-seguira-su-carrera-deportiva-y-sorprendio-a-todos\\\/#article\",\"isPartOf\":{\"@id\":\"https:\\\/\\\/fmgente.com.ar\\\/web\\\/se-muda-a-la-argentina-mauro-icardi-revelo-como-seguira-su-carrera-deportiva-y-sorprendio-a-todos\\\/\"},\"author\":{\"name\":\"\",\"@id\":\"\"},\"headline\":\"\u00bfSe muda a la Argentina? Mauro Icardi revel\u00f3 c\u00f3mo seguir\u00e1 su carrera deportiva y sorprendi\u00f3 a todos\",\"datePublished\":\"2025-11-22T00:05:14+00:00\",\"mainEntityOfPage\":{\"@id\":\"https:\\\/\\\/fmgente.com.ar\\\/web\\\/se-muda-a-la-argentina-mauro-icardi-revelo-como-seguira-su-carrera-deportiva-y-sorprendio-a-todos\\\/\"},\"wordCount\":665,\"publisher\":{\"@id\":\"https:\\\/\\\/fmgente.com.ar\\\/web\\\/#organization\"},\"image\":{\"@id\":\"https:\\\/\\\/fmgente.com.ar\\\/web\\\/se-muda-a-la-argentina-mauro-icardi-revelo-como-seguira-su-carrera-deportiva-y-sorprendio-a-todos\\\/#primaryimage\"},\"thumbnailUrl\":\"https:\\\/\\\/fmgente.com.ar\\\/web\\\/wp-content\\\/uploads\\\/2025\\\/11\\\/Ventura-1-359x226-69.jpg\",\"articleSection\":[\"DESTACADAS\"],\"inLanguage\":\"es\"},{\"@type\":\"WebPage\",\"@id\":\"https:\\\/\\\/fmgente.com.ar\\\/web\\\/se-muda-a-la-argentina-mauro-icardi-revelo-como-seguira-su-carrera-deportiva-y-sorprendio-a-todos\\\/\",\"url\":\"https:\\\/\\\/fmgente.com.ar\\\/web\\\/se-muda-a-la-argentina-mauro-icardi-revelo-como-seguira-su-carrera-deportiva-y-sorprendio-a-todos\\\/\",\"name\":\"\u00bfSe muda a la Argentina? Mauro Icardi revel\u00f3 c\u00f3mo seguir\u00e1 su carrera deportiva y sorprendi\u00f3 a todos - Fm Gente\",\"isPartOf\":{\"@id\":\"https:\\\/\\\/fmgente.com.ar\\\/web\\\/#website\"},\"primaryImageOfPage\":{\"@id\":\"https:\\\/\\\/fmgente.com.ar\\\/web\\\/se-muda-a-la-argentina-mauro-icardi-revelo-como-seguira-su-carrera-deportiva-y-sorprendio-a-todos\\\/#primaryimage\"},\"image\":{\"@id\":\"https:\\\/\\\/fmgente.com.ar\\\/web\\\/se-muda-a-la-argentina-mauro-icardi-revelo-como-seguira-su-carrera-deportiva-y-sorprendio-a-todos\\\/#primaryimage\"},\"thumbnailUrl\":\"https:\\\/\\\/fmgente.com.ar\\\/web\\\/wp-content\\\/uploads\\\/2025\\\/11\\\/Ventura-1-359x226-69.jpg\",\"datePublished\":\"2025-11-22T00:05:14+00:00\",\"inLanguage\":\"es\",\"potentialAction\":[{\"@type\":\"ReadAction\",\"target\":[\"https:\\\/\\\/fmgente.com.ar\\\/web\\\/se-muda-a-la-argentina-mauro-icardi-revelo-como-seguira-su-carrera-deportiva-y-sorprendio-a-todos\\\/\"]}]},{\"@type\":\"ImageObject\",\"inLanguage\":\"es\",\"@id\":\"https:\\\/\\\/fmgente.com.ar\\\/web\\\/se-muda-a-la-argentina-mauro-icardi-revelo-como-seguira-su-carrera-deportiva-y-sorprendio-a-todos\\\/#primaryimage\",\"url\":\"https:\\\/\\\/fmgente.com.ar\\\/web\\\/wp-content\\\/uploads\\\/2025\\\/11\\\/Ventura-1-359x226-69.jpg\",\"contentUrl\":\"https:\\\/\\\/fmgente.com.ar\\\/web\\\/wp-content\\\/uploads\\\/2025\\\/11\\\/Ventura-1-359x226-69.jpg\",\"width\":359,\"height\":226},{\"@type\":\"WebSite\",\"@id\":\"https:\\\/\\\/fmgente.com.ar\\\/web\\\/#website\",\"url\":\"https:\\\/\\\/fmgente.com.ar\\\/web\\\/\",\"name\":\"Fm Gente\",\"description\":\"- Jes\u00fas Mar\u00eda\",\"publisher\":{\"@id\":\"https:\\\/\\\/fmgente.com.ar\\\/web\\\/#organization\"},\"potentialAction\":[{\"@type\":\"SearchAction\",\"target\":{\"@type\":\"EntryPoint\",\"urlTemplate\":\"https:\\\/\\\/fmgente.com.ar\\\/web\\\/?s={search_term_string}\"},\"query-input\":{\"@type\":\"PropertyValueSpecification\",\"valueRequired\":true,\"valueName\":\"search_term_string\"}}],\"inLanguage\":\"es\"},{\"@type\":\"Organization\",\"@id\":\"https:\\\/\\\/fmgente.com.ar\\\/web\\\/#organization\",\"name\":\"Fm Gente\",\"url\":\"https:\\\/\\\/fmgente.com.ar\\\/web\\\/\",\"logo\":{\"@type\":\"ImageObject\",\"inLanguage\":\"es\",\"@id\":\"https:\\\/\\\/fmgente.com.ar\\\/web\\\/#\\\/schema\\\/logo\\\/image\\\/\",\"url\":\"https:\\\/\\\/fmgente.com.ar\\\/web\\\/wp-content\\\/uploads\\\/2023\\\/07\\\/cropped-cropped-logo-sombra2.png\",\"contentUrl\":\"https:\\\/\\\/fmgente.com.ar\\\/web\\\/wp-content\\\/uploads\\\/2023\\\/07\\\/cropped-cropped-logo-sombra2.png\",\"width\":1782,\"height\":1782,\"caption\":\"Fm Gente\"},\"image\":{\"@id\":\"https:\\\/\\\/fmgente.com.ar\\\/web\\\/#\\\/schema\\\/logo\\\/image\\\/\"}}]}<\/script>\n<!-- \/ Yoast SEO plugin. -->","yoast_head_json":{"title":"\u00bfSe muda a la Argentina? Mauro Icardi revel\u00f3 c\u00f3mo seguir\u00e1 su carrera deportiva y sorprendi\u00f3 a todos - Fm Gente","robots":{"index":"index","follow":"follow","max-snippet":"max-snippet:-1","max-image-preview":"max-image-preview:large","max-video-preview":"max-video-preview:-1"},"canonical":"https:\/\/fmgente.com.ar\/web\/se-muda-a-la-argentina-mauro-icardi-revelo-como-seguira-su-carrera-deportiva-y-sorprendio-a-todos\/","og_locale":"es_ES","og_type":"article","og_title":"\u00bfSe muda a la Argentina? Mauro Icardi revel\u00f3 c\u00f3mo seguir\u00e1 su carrera deportiva y sorprendi\u00f3 a todos - Fm Gente","og_description":"El nombre de Mauro Icardi volvi\u00f3 a instalarse con fuerza por estos d\u00edas. Su visita","og_url":"https:\/\/fmgente.com.ar\/web\/se-muda-a-la-argentina-mauro-icardi-revelo-como-seguira-su-carrera-deportiva-y-sorprendio-a-todos\/","og_site_name":"Fm Gente","article_published_time":"2025-11-22T00:05:14+00:00","og_image":[{"width":359,"height":226,"url":"https:\/\/fmgente.com.ar\/web\/wp-content\/uploads\/2025\/11\/Ventura-1-359x226-69.jpg","type":"image\/jpeg"}],"twitter_card":"summary_large_image","twitter_misc":{"Tiempo de lectura":"3 minutos"},"schema":{"@context":"https:\/\/schema.org","@graph":[{"@type":"Article","@id":"https:\/\/fmgente.com.ar\/web\/se-muda-a-la-argentina-mauro-icardi-revelo-como-seguira-su-carrera-deportiva-y-sorprendio-a-todos\/#article","isPartOf":{"@id":"https:\/\/fmgente.com.ar\/web\/se-muda-a-la-argentina-mauro-icardi-revelo-como-seguira-su-carrera-deportiva-y-sorprendio-a-todos\/"},"author":{"name":"","@id":""},"headline":"\u00bfSe muda a la Argentina? Mauro Icardi revel\u00f3 c\u00f3mo seguir\u00e1 su carrera deportiva y sorprendi\u00f3 a todos","datePublished":"2025-11-22T00:05:14+00:00","mainEntityOfPage":{"@id":"https:\/\/fmgente.com.ar\/web\/se-muda-a-la-argentina-mauro-icardi-revelo-como-seguira-su-carrera-deportiva-y-sorprendio-a-todos\/"},"wordCount":665,"publisher":{"@id":"https:\/\/fmgente.com.ar\/web\/#organization"},"image":{"@id":"https:\/\/fmgente.com.ar\/web\/se-muda-a-la-argentina-mauro-icardi-revelo-como-seguira-su-carrera-deportiva-y-sorprendio-a-todos\/#primaryimage"},"thumbnailUrl":"https:\/\/fmgente.com.ar\/web\/wp-content\/uploads\/2025\/11\/Ventura-1-359x226-69.jpg","articleSection":["DESTACADAS"],"inLanguage":"es"},{"@type":"WebPage","@id":"https:\/\/fmgente.com.ar\/web\/se-muda-a-la-argentina-mauro-icardi-revelo-como-seguira-su-carrera-deportiva-y-sorprendio-a-todos\/","url":"https:\/\/fmgente.com.ar\/web\/se-muda-a-la-argentina-mauro-icardi-revelo-como-seguira-su-carrera-deportiva-y-sorprendio-a-todos\/","name":"\u00bfSe muda a la Argentina? Mauro Icardi revel\u00f3 c\u00f3mo seguir\u00e1 su carrera deportiva y sorprendi\u00f3 a todos - Fm Gente","isPartOf":{"@id":"https:\/\/fmgente.com.ar\/web\/#website"},"primaryImageOfPage":{"@id":"https:\/\/fmgente.com.ar\/web\/se-muda-a-la-argentina-mauro-icardi-revelo-como-seguira-su-carrera-deportiva-y-sorprendio-a-todos\/#primaryimage"},"image":{"@id":"https:\/\/fmgente.com.ar\/web\/se-muda-a-la-argentina-mauro-icardi-revelo-como-seguira-su-carrera-deportiva-y-sorprendio-a-todos\/#primaryimage"},"thumbnailUrl":"https:\/\/fmgente.com.ar\/web\/wp-content\/uploads\/2025\/11\/Ventura-1-359x226-69.jpg","datePublished":"2025-11-22T00:05:14+00:00","inLanguage":"es","potentialAction":[{"@type":"ReadAction","target":["https:\/\/fmgente.com.ar\/web\/se-muda-a-la-argentina-mauro-icardi-revelo-como-seguira-su-carrera-deportiva-y-sorprendio-a-todos\/"]}]},{"@type":"ImageObject","inLanguage":"es","@id":"https:\/\/fmgente.com.ar\/web\/se-muda-a-la-argentina-mauro-icardi-revelo-como-seguira-su-carrera-deportiva-y-sorprendio-a-todos\/#primaryimage","url":"https:\/\/fmgente.com.ar\/web\/wp-content\/uploads\/2025\/11\/Ventura-1-359x226-69.jpg","contentUrl":"https:\/\/fmgente.com.ar\/web\/wp-content\/uploads\/2025\/11\/Ventura-1-359x226-69.jpg","width":359,"height":226},{"@type":"WebSite","@id":"https:\/\/fmgente.com.ar\/web\/#website","url":"https:\/\/fmgente.com.ar\/web\/","name":"Fm Gente","description":"- Jes\u00fas Mar\u00eda","publisher":{"@id":"https:\/\/fmgente.com.ar\/web\/#organization"},"potentialAction":[{"@type":"SearchAction","target":{"@type":"EntryPoint","urlTemplate":"https:\/\/fmgente.com.ar\/web\/?s={search_term_string}"},"query-input":{"@type":"PropertyValueSpecification","valueRequired":true,"valueName":"search_term_string"}}],"inLanguage":"es"},{"@type":"Organization","@id":"https:\/\/fmgente.com.ar\/web\/#organization","name":"Fm Gente","url":"https:\/\/fmgente.com.ar\/web\/","logo":{"@type":"ImageObject","inLanguage":"es","@id":"https:\/\/fmgente.com.ar\/web\/#\/schema\/logo\/image\/","url":"https:\/\/fmgente.com.ar\/web\/wp-content\/uploads\/2023\/07\/cropped-cropped-logo-sombra2.png","contentUrl":"https:\/\/fmgente.com.ar\/web\/wp-content\/uploads\/2023\/07\/cropped-cropped-logo-sombra2.png","width":1782,"height":1782,"caption":"Fm Gente"},"image":{"@id":"https:\/\/fmgente.com.ar\/web\/#\/schema\/logo\/image\/"}}]}},"_links":{"self":[{"href":"https:\/\/fmgente.com.ar\/web\/wp-json\/wp\/v2\/posts\/10346","targetHints":{"allow":["GET"]}}],"collection":[{"href":"https:\/\/fmgente.com.ar\/web\/wp-json\/wp\/v2\/posts"}],"about":[{"href":"https:\/\/fmgente.com.ar\/web\/wp-json\/wp\/v2\/types\/post"}],"replies":[{"embeddable":true,"href":"https:\/\/fmgente.com.ar\/web\/wp-json\/wp\/v2\/comments?post=10346"}],"version-history":[{"count":0,"href":"https:\/\/fmgente.com.ar\/web\/wp-json\/wp\/v2\/posts\/10346\/revisions"}],"wp:featuredmedia":[{"embeddable":true,"href":"https:\/\/fmgente.com.ar\/web\/wp-json\/wp\/v2\/media\/10347"}],"wp:attachment":[{"href":"https:\/\/fmgente.com.ar\/web\/wp-json\/wp\/v2\/media?parent=10346"}],"wp:term":[{"taxonomy":"category","embeddable":true,"href":"https:\/\/fmgente.com.ar\/web\/wp-json\/wp\/v2\/categories?post=10346"},{"taxonomy":"post_tag","embeddable":true,"href":"https:\/\/fmgente.com.ar\/web\/wp-json\/wp\/v2\/tags?post=10346"}],"curies":[{"name":"wp","href":"https:\/\/api.w.org\/{rel}","templated":true}]}}