{"id":10344,"date":"2025-11-21T21:05:13","date_gmt":"2025-11-22T00:05:13","guid":{"rendered":"https:\/\/fmgente.com.ar\/lo-que-faltaba-roberto-moritan-aparecio-en-el-escandalo-de-benjamin-vicuna-y-la-china-suarez-el-es-un\/"},"modified":"2025-11-21T21:05:13","modified_gmt":"2025-11-22T00:05:13","slug":"lo-que-faltaba-roberto-moritan-aparecio-en-el-escandalo-de-benjamin-vicuna-y-la-china-suarez-el-es-un","status":"publish","type":"post","link":"https:\/\/fmgente.com.ar\/web\/lo-que-faltaba-roberto-moritan-aparecio-en-el-escandalo-de-benjamin-vicuna-y-la-china-suarez-el-es-un\/","title":{"rendered":"\u00a1Lo que faltaba! Roberto Morit\u00e1n apareci\u00f3 en el esc\u00e1ndalo de Benjam\u00edn Vicu\u00f1a y la China Su\u00e1rez: &quot;\u00c9l es un&#8230;&quot;"},"content":{"rendered":"<p><strong>Benjam\u00edn Vicu\u00f1a<\/strong> se encuentra atravesando un momento muy fuerte de exposici\u00f3n medi\u00e1tica y todo surgi\u00f3 desde las \u00faltimas declaraciones de la <strong>China Su\u00e1rez<\/strong>, con <strong>Mario Pergolini <\/strong>y <strong>Moria Cas\u00e1n<\/strong>. Y por si faltaba algo m\u00e1s a este embrollo, era la palabra de <strong><a href=\"https:\/\/www.paparazzi.com.ar\/teve\/la-conexion-de-roberto-garcia-moritan-con-el-robo-a-pampita-que-habia-dentro-de-la-caja-fuerte\/\">Roberto Garc\u00eda Morit\u00e1n<\/a><\/strong>.<\/p>\n<p>El ex marido de <strong>Pampita<\/strong>, que tuvo la oportunidad de conocerlo de cerca, compartir momentos privados y darse cuenta de qui\u00e9n es realmente,; por eso es que en medio de este conflicto que lleva con la <a href=\"https:\/\/www.paparazzi.com.ar\/romances\/escandalo-revelan-los-bombazos-de-la-china-suarez-contra-vicuna-que-fueron-censurados-en-el-nota-con-moria-casan\/\">China<\/a>, tom\u00f3 una clara posici\u00f3n.<\/p>\n<p>Defendiendo al actor de todo lo se dijo, y sin meterse en cuestiones que eran privadas del actor chileno y la mam\u00e1 de sus hijos m\u00e1s chicos, <a href=\"https:\/\/www.paparazzi.com.ar\/teve\/la-fuerte-revelacion-de-pampita-sobre-su-relacion-con-anita-su-hija-con-moritan-esta-mucho-peor\/\">Morit\u00e1n<\/a> fue seguro: \u201c<em>Es un gran padre y un tipazo. Pero yo estoy en otra cosa, no consumo demasiado<\/em>\u00ab.\u00a0<\/p>\n<div class=\"mt-box \">\n<h4 class=\"mt-heading\">Mir\u00e1 Tambi\u00e9n<\/h4>\n<p><a href=\"https:\/\/www.paparazzi.com.ar\/looks\/fotos-exclusivas-el-jugadisimo-cambio-de-look-de-pampita-nueva-era-total\/\"><\/p>\n<div class=\"mt-content\">\n<div class=\"mt-image-container\"><img decoding=\"async\" src=\"https:\/\/www.paparazzi.com.ar\/wp-content\/uploads\/2025\/11\/pampita-1-359x226.jpg\" alt=\"\u00a1Fotos exclusivas! El jugad\u00edsimo cambio de look de Pampita: nueva era total\" class=\"mt-image\" loading=\"lazy\" \/><\/div>\n<h5 class=\"mt-title\">\u00a1Fotos exclusivas! El jugad\u00edsimo cambio de look de Pampita: nueva era total<\/h5>\n<\/div>\n<p><\/a><\/div>\n<p>\u201c<em>Me meto m\u00e1s en otras cuestiones, pero lo que te puede decir es lo que yo viv\u00ed: me parece un gran tipo y un gran padre. Mucho m\u00e1s no te puedo decir<\/em>\u201d, sostuvo Roberto, en di\u00e1logo con <em>S\u00e1lvese quien pueda<\/em>, por Am\u00e9rica TV.<\/p>\n<h2 class=\"wp-block-heading\">MORIT\u00c1N OPIN\u00d3 DEL CONFLICTO DE VICU\u00d1A CON LA CHINA SU\u00c1REZ<\/h2>\n<p>Desde la posici\u00f3n que \u00e9l qued\u00f3 parado frente a esto, Roberto Garc\u00eda habl\u00f3 de la enorme popularidad a la que Vicu\u00f1a se expone d\u00eda a d\u00eda. Al ser uno de los famosos m\u00e1s importantes de la far\u00e1ndula, esto le ocurrir\u00e1&nbsp; una y otra vez.<\/p>\n<div class=\"mt-box \">\n<h4 class=\"mt-heading\">Mir\u00e1 Tambi\u00e9n<\/h4>\n<p><a href=\"https:\/\/www.paparazzi.com.ar\/romances\/roberto-garcia-moritan-revelo-si-se-casara-con-priscila-crivocapich-tras-los-rumores\/\"><\/p>\n<div class=\"mt-content\">\n<div class=\"mt-image-container\"><img decoding=\"async\" src=\"https:\/\/www.paparazzi.com.ar\/wp-content\/uploads\/2025\/05\/Roberto-Moritan-su-puso-de-novio-con-una-famosa-periodista-que-fanatica-de-Pampita-22Tendria-que-pedirle-la.22.jpg.webp\" alt=\"Roberto Garc\u00eda Morit\u00e1n revel\u00f3 si se casar\u00e1 con Priscila Crivocapich tras los rumores\" class=\"mt-image\" loading=\"lazy\" \/><\/div>\n<h5 class=\"mt-title\">Roberto Garc\u00eda Morit\u00e1n revel\u00f3 si se casar\u00e1 con Priscila Crivocapich tras los rumores<\/h5>\n<\/div>\n<p><\/a><\/div>\n<p>\u201c<em>Es un poco el costo de la popularidad. Cuando sos una persona p\u00fablica te sometes a esto. Me parece que cuando uno sabe leer un poco el trasfondo, se terminan aprendiendo cosas. Pero bueno, no s\u00e9 bien, es parte del juego. A m\u00ed en su momento me sirvi\u00f3 para entender que exponer las cosas tiene sus riesgos<\/em>\u201d, sostuvo Vicu\u00f1a.<\/p>\n<p>Por lo pronto, el pr\u00f3ximo 29 de noviembre estar\u00e1n todos juntos en familia festejando el cumplea\u00f1os del actor. Lo que habr\u00e1 que evaluar con el correr de los d\u00edas, es si <strong>Amancio<\/strong> y <strong>Magnolia<\/strong> se vuelven a ir con la China a Turqu\u00eda, o se quedan en Buenos Aires.<\/p>\n<div class=\"mt-box \">\n<h4 class=\"mt-heading\">Mir\u00e1 Tambi\u00e9n<\/h4>\n<p><a href=\"https:\/\/www.paparazzi.com.ar\/teve\/busqueda-desesperada-de-los-jubilados-desparecidos-en-chubut-encontraron-un-cuerpo-y-el-shock-es-total\/\"><\/p>\n<div class=\"mt-content\">\n<div class=\"mt-image-container\"><img decoding=\"async\" src=\"https:\/\/www.paparazzi.com.ar\/wp-content\/uploads\/2025\/10\/El-macabro-descubrimiento-que-impacto-en-la-busqueda-de-los-jubilados-en-Chubut-22En-las-visceras-de-un-tiburon22-359x226.jpg\" alt=\"B\u00fasqueda desesperada de los jubilados desparecidos en Chubut: encontraron un cuerpo y el shock es total\" class=\"mt-image\" loading=\"lazy\" \/><\/div>\n<h5 class=\"mt-title\">B\u00fasqueda desesperada de los jubilados desparecidos en Chubut: encontraron un cuerpo y el shock es total<\/h5>\n<\/div>\n<p><\/a><\/div>\n<p>The post <a href=\"https:\/\/www.paparazzi.com.ar\/teve\/lo-que-faltaba-roberto-moritan-aparecio-en-el-escandalo-de-benjamin-vicuna-y-la-china-suarez-el-es-un\/\">\u00a1Lo que faltaba! Roberto Morit\u00e1n apareci\u00f3 en el esc\u00e1ndalo de Benjam\u00edn Vicu\u00f1a y la China Su\u00e1rez: &quot;\u00c9l es un&#8230;&quot;<\/a> appeared first on <a href=\"https:\/\/www.paparazzi.com.ar\">Revista Paparazzi<\/a>.<\/p>\n","protected":false},"excerpt":{"rendered":"<p>Benjam\u00edn Vicu\u00f1a se encuentra atravesando un momento muy fuerte de exposici\u00f3n medi\u00e1tica y todo surgi\u00f3<\/p>\n","protected":false},"author":0,"featured_media":10345,"comment_status":"","ping_status":"","sticky":false,"template":"","format":"standard","meta":{"footnotes":""},"categories":[11],"tags":[],"class_list":["post-10344","post","type-post","status-publish","format-standard","has-post-thumbnail","hentry","category-destacadas"],"yoast_head":"<!-- This site is optimized with the Yoast SEO plugin v27.4 - https:\/\/yoast.com\/product\/yoast-seo-wordpress\/ -->\n<title>\u00a1Lo que faltaba! Roberto Morit\u00e1n apareci\u00f3 en el esc\u00e1ndalo de Benjam\u00edn Vicu\u00f1a y la China Su\u00e1rez: &quot;\u00c9l es un...&quot; - Fm Gente<\/title>\n<meta name=\"robots\" content=\"index, follow, max-snippet:-1, max-image-preview:large, max-video-preview:-1\" \/>\n<link rel=\"canonical\" href=\"https:\/\/fmgente.com.ar\/web\/lo-que-faltaba-roberto-moritan-aparecio-en-el-escandalo-de-benjamin-vicuna-y-la-china-suarez-el-es-un\/\" \/>\n<meta property=\"og:locale\" content=\"es_ES\" \/>\n<meta property=\"og:type\" content=\"article\" \/>\n<meta property=\"og:title\" content=\"\u00a1Lo que faltaba! Roberto Morit\u00e1n apareci\u00f3 en el esc\u00e1ndalo de Benjam\u00edn Vicu\u00f1a y la China Su\u00e1rez: &quot;\u00c9l es un...&quot; - Fm Gente\" \/>\n<meta property=\"og:description\" content=\"Benjam\u00edn Vicu\u00f1a se encuentra atravesando un momento muy fuerte de exposici\u00f3n medi\u00e1tica y todo surgi\u00f3\" \/>\n<meta property=\"og:url\" content=\"https:\/\/fmgente.com.ar\/web\/lo-que-faltaba-roberto-moritan-aparecio-en-el-escandalo-de-benjamin-vicuna-y-la-china-suarez-el-es-un\/\" \/>\n<meta property=\"og:site_name\" content=\"Fm Gente\" \/>\n<meta property=\"article:published_time\" content=\"2025-11-22T00:05:13+00:00\" \/>\n<meta property=\"og:image\" content=\"https:\/\/fmgente.com.ar\/web\/wp-content\/uploads\/2025\/11\/pampita-1-359x226-1.jpg\" \/>\n\t<meta property=\"og:image:width\" content=\"359\" \/>\n\t<meta property=\"og:image:height\" content=\"226\" \/>\n\t<meta property=\"og:image:type\" content=\"image\/jpeg\" \/>\n<meta name=\"twitter:card\" content=\"summary_large_image\" \/>\n<meta name=\"twitter:label1\" content=\"Tiempo de lectura\" \/>\n\t<meta name=\"twitter:data1\" content=\"2 minutos\" \/>\n<script type=\"application\/ld+json\" class=\"yoast-schema-graph\">{\"@context\":\"https:\\\/\\\/schema.org\",\"@graph\":[{\"@type\":\"Article\",\"@id\":\"https:\\\/\\\/fmgente.com.ar\\\/web\\\/lo-que-faltaba-roberto-moritan-aparecio-en-el-escandalo-de-benjamin-vicuna-y-la-china-suarez-el-es-un\\\/#article\",\"isPartOf\":{\"@id\":\"https:\\\/\\\/fmgente.com.ar\\\/web\\\/lo-que-faltaba-roberto-moritan-aparecio-en-el-escandalo-de-benjamin-vicuna-y-la-china-suarez-el-es-un\\\/\"},\"author\":{\"name\":\"\",\"@id\":\"\"},\"headline\":\"\u00a1Lo que faltaba! Roberto Morit\u00e1n apareci\u00f3 en el esc\u00e1ndalo de Benjam\u00edn Vicu\u00f1a y la China Su\u00e1rez: &quot;\u00c9l es un&#8230;&quot;\",\"datePublished\":\"2025-11-22T00:05:13+00:00\",\"mainEntityOfPage\":{\"@id\":\"https:\\\/\\\/fmgente.com.ar\\\/web\\\/lo-que-faltaba-roberto-moritan-aparecio-en-el-escandalo-de-benjamin-vicuna-y-la-china-suarez-el-es-un\\\/\"},\"wordCount\":485,\"publisher\":{\"@id\":\"https:\\\/\\\/fmgente.com.ar\\\/web\\\/#organization\"},\"image\":{\"@id\":\"https:\\\/\\\/fmgente.com.ar\\\/web\\\/lo-que-faltaba-roberto-moritan-aparecio-en-el-escandalo-de-benjamin-vicuna-y-la-china-suarez-el-es-un\\\/#primaryimage\"},\"thumbnailUrl\":\"https:\\\/\\\/fmgente.com.ar\\\/web\\\/wp-content\\\/uploads\\\/2025\\\/11\\\/pampita-1-359x226-1.jpg\",\"articleSection\":[\"DESTACADAS\"],\"inLanguage\":\"es\"},{\"@type\":\"WebPage\",\"@id\":\"https:\\\/\\\/fmgente.com.ar\\\/web\\\/lo-que-faltaba-roberto-moritan-aparecio-en-el-escandalo-de-benjamin-vicuna-y-la-china-suarez-el-es-un\\\/\",\"url\":\"https:\\\/\\\/fmgente.com.ar\\\/web\\\/lo-que-faltaba-roberto-moritan-aparecio-en-el-escandalo-de-benjamin-vicuna-y-la-china-suarez-el-es-un\\\/\",\"name\":\"\u00a1Lo que faltaba! Roberto Morit\u00e1n apareci\u00f3 en el esc\u00e1ndalo de Benjam\u00edn Vicu\u00f1a y la China Su\u00e1rez: &quot;\u00c9l es un...&quot; - Fm Gente\",\"isPartOf\":{\"@id\":\"https:\\\/\\\/fmgente.com.ar\\\/web\\\/#website\"},\"primaryImageOfPage\":{\"@id\":\"https:\\\/\\\/fmgente.com.ar\\\/web\\\/lo-que-faltaba-roberto-moritan-aparecio-en-el-escandalo-de-benjamin-vicuna-y-la-china-suarez-el-es-un\\\/#primaryimage\"},\"image\":{\"@id\":\"https:\\\/\\\/fmgente.com.ar\\\/web\\\/lo-que-faltaba-roberto-moritan-aparecio-en-el-escandalo-de-benjamin-vicuna-y-la-china-suarez-el-es-un\\\/#primaryimage\"},\"thumbnailUrl\":\"https:\\\/\\\/fmgente.com.ar\\\/web\\\/wp-content\\\/uploads\\\/2025\\\/11\\\/pampita-1-359x226-1.jpg\",\"datePublished\":\"2025-11-22T00:05:13+00:00\",\"inLanguage\":\"es\",\"potentialAction\":[{\"@type\":\"ReadAction\",\"target\":[\"https:\\\/\\\/fmgente.com.ar\\\/web\\\/lo-que-faltaba-roberto-moritan-aparecio-en-el-escandalo-de-benjamin-vicuna-y-la-china-suarez-el-es-un\\\/\"]}]},{\"@type\":\"ImageObject\",\"inLanguage\":\"es\",\"@id\":\"https:\\\/\\\/fmgente.com.ar\\\/web\\\/lo-que-faltaba-roberto-moritan-aparecio-en-el-escandalo-de-benjamin-vicuna-y-la-china-suarez-el-es-un\\\/#primaryimage\",\"url\":\"https:\\\/\\\/fmgente.com.ar\\\/web\\\/wp-content\\\/uploads\\\/2025\\\/11\\\/pampita-1-359x226-1.jpg\",\"contentUrl\":\"https:\\\/\\\/fmgente.com.ar\\\/web\\\/wp-content\\\/uploads\\\/2025\\\/11\\\/pampita-1-359x226-1.jpg\",\"width\":359,\"height\":226},{\"@type\":\"WebSite\",\"@id\":\"https:\\\/\\\/fmgente.com.ar\\\/web\\\/#website\",\"url\":\"https:\\\/\\\/fmgente.com.ar\\\/web\\\/\",\"name\":\"Fm Gente\",\"description\":\"- Jes\u00fas Mar\u00eda\",\"publisher\":{\"@id\":\"https:\\\/\\\/fmgente.com.ar\\\/web\\\/#organization\"},\"potentialAction\":[{\"@type\":\"SearchAction\",\"target\":{\"@type\":\"EntryPoint\",\"urlTemplate\":\"https:\\\/\\\/fmgente.com.ar\\\/web\\\/?s={search_term_string}\"},\"query-input\":{\"@type\":\"PropertyValueSpecification\",\"valueRequired\":true,\"valueName\":\"search_term_string\"}}],\"inLanguage\":\"es\"},{\"@type\":\"Organization\",\"@id\":\"https:\\\/\\\/fmgente.com.ar\\\/web\\\/#organization\",\"name\":\"Fm Gente\",\"url\":\"https:\\\/\\\/fmgente.com.ar\\\/web\\\/\",\"logo\":{\"@type\":\"ImageObject\",\"inLanguage\":\"es\",\"@id\":\"https:\\\/\\\/fmgente.com.ar\\\/web\\\/#\\\/schema\\\/logo\\\/image\\\/\",\"url\":\"https:\\\/\\\/fmgente.com.ar\\\/web\\\/wp-content\\\/uploads\\\/2023\\\/07\\\/cropped-cropped-logo-sombra2.png\",\"contentUrl\":\"https:\\\/\\\/fmgente.com.ar\\\/web\\\/wp-content\\\/uploads\\\/2023\\\/07\\\/cropped-cropped-logo-sombra2.png\",\"width\":1782,\"height\":1782,\"caption\":\"Fm Gente\"},\"image\":{\"@id\":\"https:\\\/\\\/fmgente.com.ar\\\/web\\\/#\\\/schema\\\/logo\\\/image\\\/\"}}]}<\/script>\n<!-- \/ Yoast SEO plugin. -->","yoast_head_json":{"title":"\u00a1Lo que faltaba! Roberto Morit\u00e1n apareci\u00f3 en el esc\u00e1ndalo de Benjam\u00edn Vicu\u00f1a y la China Su\u00e1rez: &quot;\u00c9l es un...&quot; - Fm Gente","robots":{"index":"index","follow":"follow","max-snippet":"max-snippet:-1","max-image-preview":"max-image-preview:large","max-video-preview":"max-video-preview:-1"},"canonical":"https:\/\/fmgente.com.ar\/web\/lo-que-faltaba-roberto-moritan-aparecio-en-el-escandalo-de-benjamin-vicuna-y-la-china-suarez-el-es-un\/","og_locale":"es_ES","og_type":"article","og_title":"\u00a1Lo que faltaba! Roberto Morit\u00e1n apareci\u00f3 en el esc\u00e1ndalo de Benjam\u00edn Vicu\u00f1a y la China Su\u00e1rez: &quot;\u00c9l es un...&quot; - Fm Gente","og_description":"Benjam\u00edn Vicu\u00f1a se encuentra atravesando un momento muy fuerte de exposici\u00f3n medi\u00e1tica y todo surgi\u00f3","og_url":"https:\/\/fmgente.com.ar\/web\/lo-que-faltaba-roberto-moritan-aparecio-en-el-escandalo-de-benjamin-vicuna-y-la-china-suarez-el-es-un\/","og_site_name":"Fm Gente","article_published_time":"2025-11-22T00:05:13+00:00","og_image":[{"width":359,"height":226,"url":"https:\/\/fmgente.com.ar\/web\/wp-content\/uploads\/2025\/11\/pampita-1-359x226-1.jpg","type":"image\/jpeg"}],"twitter_card":"summary_large_image","twitter_misc":{"Tiempo de lectura":"2 minutos"},"schema":{"@context":"https:\/\/schema.org","@graph":[{"@type":"Article","@id":"https:\/\/fmgente.com.ar\/web\/lo-que-faltaba-roberto-moritan-aparecio-en-el-escandalo-de-benjamin-vicuna-y-la-china-suarez-el-es-un\/#article","isPartOf":{"@id":"https:\/\/fmgente.com.ar\/web\/lo-que-faltaba-roberto-moritan-aparecio-en-el-escandalo-de-benjamin-vicuna-y-la-china-suarez-el-es-un\/"},"author":{"name":"","@id":""},"headline":"\u00a1Lo que faltaba! Roberto Morit\u00e1n apareci\u00f3 en el esc\u00e1ndalo de Benjam\u00edn Vicu\u00f1a y la China Su\u00e1rez: &quot;\u00c9l es un&#8230;&quot;","datePublished":"2025-11-22T00:05:13+00:00","mainEntityOfPage":{"@id":"https:\/\/fmgente.com.ar\/web\/lo-que-faltaba-roberto-moritan-aparecio-en-el-escandalo-de-benjamin-vicuna-y-la-china-suarez-el-es-un\/"},"wordCount":485,"publisher":{"@id":"https:\/\/fmgente.com.ar\/web\/#organization"},"image":{"@id":"https:\/\/fmgente.com.ar\/web\/lo-que-faltaba-roberto-moritan-aparecio-en-el-escandalo-de-benjamin-vicuna-y-la-china-suarez-el-es-un\/#primaryimage"},"thumbnailUrl":"https:\/\/fmgente.com.ar\/web\/wp-content\/uploads\/2025\/11\/pampita-1-359x226-1.jpg","articleSection":["DESTACADAS"],"inLanguage":"es"},{"@type":"WebPage","@id":"https:\/\/fmgente.com.ar\/web\/lo-que-faltaba-roberto-moritan-aparecio-en-el-escandalo-de-benjamin-vicuna-y-la-china-suarez-el-es-un\/","url":"https:\/\/fmgente.com.ar\/web\/lo-que-faltaba-roberto-moritan-aparecio-en-el-escandalo-de-benjamin-vicuna-y-la-china-suarez-el-es-un\/","name":"\u00a1Lo que faltaba! Roberto Morit\u00e1n apareci\u00f3 en el esc\u00e1ndalo de Benjam\u00edn Vicu\u00f1a y la China Su\u00e1rez: &quot;\u00c9l es un...&quot; - Fm Gente","isPartOf":{"@id":"https:\/\/fmgente.com.ar\/web\/#website"},"primaryImageOfPage":{"@id":"https:\/\/fmgente.com.ar\/web\/lo-que-faltaba-roberto-moritan-aparecio-en-el-escandalo-de-benjamin-vicuna-y-la-china-suarez-el-es-un\/#primaryimage"},"image":{"@id":"https:\/\/fmgente.com.ar\/web\/lo-que-faltaba-roberto-moritan-aparecio-en-el-escandalo-de-benjamin-vicuna-y-la-china-suarez-el-es-un\/#primaryimage"},"thumbnailUrl":"https:\/\/fmgente.com.ar\/web\/wp-content\/uploads\/2025\/11\/pampita-1-359x226-1.jpg","datePublished":"2025-11-22T00:05:13+00:00","inLanguage":"es","potentialAction":[{"@type":"ReadAction","target":["https:\/\/fmgente.com.ar\/web\/lo-que-faltaba-roberto-moritan-aparecio-en-el-escandalo-de-benjamin-vicuna-y-la-china-suarez-el-es-un\/"]}]},{"@type":"ImageObject","inLanguage":"es","@id":"https:\/\/fmgente.com.ar\/web\/lo-que-faltaba-roberto-moritan-aparecio-en-el-escandalo-de-benjamin-vicuna-y-la-china-suarez-el-es-un\/#primaryimage","url":"https:\/\/fmgente.com.ar\/web\/wp-content\/uploads\/2025\/11\/pampita-1-359x226-1.jpg","contentUrl":"https:\/\/fmgente.com.ar\/web\/wp-content\/uploads\/2025\/11\/pampita-1-359x226-1.jpg","width":359,"height":226},{"@type":"WebSite","@id":"https:\/\/fmgente.com.ar\/web\/#website","url":"https:\/\/fmgente.com.ar\/web\/","name":"Fm Gente","description":"- Jes\u00fas Mar\u00eda","publisher":{"@id":"https:\/\/fmgente.com.ar\/web\/#organization"},"potentialAction":[{"@type":"SearchAction","target":{"@type":"EntryPoint","urlTemplate":"https:\/\/fmgente.com.ar\/web\/?s={search_term_string}"},"query-input":{"@type":"PropertyValueSpecification","valueRequired":true,"valueName":"search_term_string"}}],"inLanguage":"es"},{"@type":"Organization","@id":"https:\/\/fmgente.com.ar\/web\/#organization","name":"Fm Gente","url":"https:\/\/fmgente.com.ar\/web\/","logo":{"@type":"ImageObject","inLanguage":"es","@id":"https:\/\/fmgente.com.ar\/web\/#\/schema\/logo\/image\/","url":"https:\/\/fmgente.com.ar\/web\/wp-content\/uploads\/2023\/07\/cropped-cropped-logo-sombra2.png","contentUrl":"https:\/\/fmgente.com.ar\/web\/wp-content\/uploads\/2023\/07\/cropped-cropped-logo-sombra2.png","width":1782,"height":1782,"caption":"Fm Gente"},"image":{"@id":"https:\/\/fmgente.com.ar\/web\/#\/schema\/logo\/image\/"}}]}},"_links":{"self":[{"href":"https:\/\/fmgente.com.ar\/web\/wp-json\/wp\/v2\/posts\/10344","targetHints":{"allow":["GET"]}}],"collection":[{"href":"https:\/\/fmgente.com.ar\/web\/wp-json\/wp\/v2\/posts"}],"about":[{"href":"https:\/\/fmgente.com.ar\/web\/wp-json\/wp\/v2\/types\/post"}],"replies":[{"embeddable":true,"href":"https:\/\/fmgente.com.ar\/web\/wp-json\/wp\/v2\/comments?post=10344"}],"version-history":[{"count":0,"href":"https:\/\/fmgente.com.ar\/web\/wp-json\/wp\/v2\/posts\/10344\/revisions"}],"wp:featuredmedia":[{"embeddable":true,"href":"https:\/\/fmgente.com.ar\/web\/wp-json\/wp\/v2\/media\/10345"}],"wp:attachment":[{"href":"https:\/\/fmgente.com.ar\/web\/wp-json\/wp\/v2\/media?parent=10344"}],"wp:term":[{"taxonomy":"category","embeddable":true,"href":"https:\/\/fmgente.com.ar\/web\/wp-json\/wp\/v2\/categories?post=10344"},{"taxonomy":"post_tag","embeddable":true,"href":"https:\/\/fmgente.com.ar\/web\/wp-json\/wp\/v2\/tags?post=10344"}],"curies":[{"name":"wp","href":"https:\/\/api.w.org\/{rel}","templated":true}]}}