{"id":10340,"date":"2025-11-21T20:05:05","date_gmt":"2025-11-21T23:05:05","guid":{"rendered":"https:\/\/fmgente.com.ar\/morena-rial-atraviesa-su-peor-momento-dentro-de-la-prision-esta-apartada-y\/"},"modified":"2025-11-21T20:05:05","modified_gmt":"2025-11-21T23:05:05","slug":"morena-rial-atraviesa-su-peor-momento-dentro-de-la-prision-esta-apartada-y","status":"publish","type":"post","link":"https:\/\/fmgente.com.ar\/web\/morena-rial-atraviesa-su-peor-momento-dentro-de-la-prision-esta-apartada-y\/","title":{"rendered":"Morena Rial atraviesa su peor momento dentro de la prisi\u00f3n: \u201cEst\u00e1 apartada y\u2026\u201d"},"content":{"rendered":"<p>El presente de <strong>Morena Rial<\/strong> es uno de los m\u00e1s duros que haya atravesado hasta ahora. Fue detenida hace ya 52 d\u00edas y llevada al penal de Magdalena, donde permanece encerrada y lucha por conseguir la prisi\u00f3n domiciliaria. Lejos de sus ya conocidos esc\u00e1ndalos dentro de la familia, sus problemas con la Justicia implican una gravedad mayor.<\/p>\n<p>La situaci\u00f3n judicial de <strong><a href=\"https:\/\/www.paparazzi.com.ar\/teve\/con-apenas-26-anos-morena-rial-recibio-la-peor-noticia-de-su-vida-en-la-carcel-se-lo-van-a-sacar\/\">Morena<\/a><\/strong> se encuentra vinculada a los robos en los que habr\u00eda participado, y desde ese momento su nombre qued\u00f3 en el centro de todas las miradas. Su hijo menor, <strong>Amadeo<\/strong>, qued\u00f3 bajo el cuidado de su hermana, <strong>Roc\u00edo Rial<\/strong>, y fue su abogado, Mart\u00edn Leiro, quien sali\u00f3 a explicar en qu\u00e9 estado se encuentra la medi\u00e1tica y c\u00f3mo vive este momento de incertidumbre.<\/p>\n<p><em>\u201cSi bien est\u00e1 el arresto domiciliario en tr\u00e1mite que existe la posibilidad de que no se lo den\u201d<\/em>, explic\u00f3 Leiro en di\u00e1logo con Carmen Barbieri sobre la situaci\u00f3n judicial que atraviesa <strong><a href=\"https:\/\/www.paparazzi.com.ar\/teve\/la-polemica-decision-de-jorge-rial-mientras-su-hija-morena-rial-esta-presa-que-indigno-a-todos\/\">Morena<\/a><\/strong>. Cabe destacar que si bien en su momento rechazaron la domiciliaria, todav\u00eda se termin\u00f3 de bajar de esa lucha y sigue buscando por conseguirla.<\/p>\n<div class=\"mt-box \">\n<h4 class=\"mt-heading\">Mir\u00e1 Tambi\u00e9n<\/h4>\n<p><a href=\"https:\/\/www.paparazzi.com.ar\/videos\/exclusivo-la-sensible-revelacion-de-luis-ventura-sobre-sus-noches-duermo-con-los-seres-queridos-que-ya-partieron\/\"><\/p>\n<div class=\"mt-content\">\n<div class=\"mt-image-container\"><img decoding=\"async\" src=\"https:\/\/www.paparazzi.com.ar\/wp-content\/uploads\/2025\/11\/Ventura-1-359x226.jpg\" alt=\"\u00a1Exclusivo! La sensible revelaci\u00f3n de Luis Ventura sobre sus noches: &quot;Duermo con los seres queridos que ya partieron&quot;\" class=\"mt-image\" loading=\"lazy\" \/><\/div>\n<h5 class=\"mt-title\">\u00a1Exclusivo! La sensible revelaci\u00f3n de Luis Ventura sobre sus noches: \u00abDuermo con los seres queridos que ya partieron\u00bb<\/h5>\n<\/div>\n<p><\/a><\/div>\n<p>En paralelo, el letrado destac\u00f3 algo que sorprendi\u00f3 a muchos: el acercamiento entre <strong><a href=\"https:\/\/www.paparazzi.com.ar\/teve\/morena-rial-sufrio-una-crisis-de-llanto-y-gritos-en-la-carcel-esta-mal-la-situacion-es-muy-delicada\/\">Morena<\/a><\/strong> y su padre. <em>\u201cYo estoy en constante comunicaci\u00f3n con su pap\u00e1, que lejos de soltarle la mano est\u00e1 m\u00e1s cerca que nunca. Se han revinculado como padre e hija, est\u00e1n teniendo comunicaci\u00f3n fluida\u201d<\/em>, revel\u00f3 sobre c\u00f3mo<strong> Jorge Rial <\/strong>logr\u00f3 acercarse a su hija en este \u00faltimo tiempo.<\/p>\n<h2 class=\"wp-block-heading\">UN AMIGA DE MORENA RIAL CONT\u00d3 EL CALVARIO QUE VIVE LA MEDI\u00c1TICA EN LA PRISI\u00d3N<\/h2>\n<p>El abogado record\u00f3 c\u00f3mo en su momento la relaci\u00f3n entre <strong>Jorge<\/strong> y <strong>Morena<\/strong> estaba pr\u00e1cticamente cortada. <em>\u201cHubo un tiempo, a penas asumimos la defensa, en que no ten\u00eda comunicaci\u00f3n con \u00e9l, pero se dio cuenta la seriedad en el rol que pusimos como abogados y ahora tenemos un di\u00e1logo seguido con Jorge\u201d<\/em>, cont\u00f3, dejando ver un panorama familiar que tambi\u00e9n intenta recomponerse.<\/p>\n<p>Respecto al estado emocional de <strong>Morena<\/strong> dentro de la c\u00e1rcel, Leiro fue claro: <em>\u201cMorena tiene las angustias de cualquier otro detenido, no es que pueda llegar algo con su integridad f\u00edsica ni mucho menos\u201d<\/em>. Pero la presi\u00f3n del encierro pesa. Su amiga Evelyn confirm\u00f3 un fuerte dato: <em>\u201cEn este \u00faltimo tiempo est\u00e1 mucho m\u00e1s ansiosa, con ganas de salir para ver a sus dos hijos. Obviamente est\u00e1 angustiada. No tiene amigas, no est\u00e1 apartada, pero est\u00e1 lejos del resto\u201d<\/em>.<\/p>\n<div class=\"mt-box \">\n<h4 class=\"mt-heading\">Mir\u00e1 Tambi\u00e9n<\/h4>\n<p><a href=\"https:\/\/www.paparazzi.com.ar\/teve\/con-apenas-26-anos-morena-rial-recibio-la-peor-noticia-de-su-vida-en-la-carcel-se-lo-van-a-sacar\/\"><\/p>\n<div class=\"mt-content\">\n<div class=\"mt-image-container\"><img decoding=\"async\" src=\"https:\/\/www.paparazzi.com.ar\/wp-content\/uploads\/2025\/11\/Con-apenas-26-anos-Morena-Rial-recibio-la-peor-noticia-de-su-vida-en-la-carcel-22Se-lo-van-a-sacar22-359x226.jpg\" alt=\"Con apenas 26 a\u00f1os, Morena Rial recibi\u00f3 la peor noticia de su vida en la c\u00e1rcel: &quot;Se lo van a sacar&quot;\" class=\"mt-image\" loading=\"lazy\" \/><\/div>\n<h5 class=\"mt-title\">Con apenas 26 a\u00f1os, Morena Rial recibi\u00f3 la peor noticia de su vida en la c\u00e1rcel: \u00abSe lo van a sacar\u00bb<\/h5>\n<\/div>\n<p><\/a><\/div>\n<p>Entre la ansiedad y la necesidad de sentir cerca a los suyos, el contacto diario se volvi\u00f3 un sost\u00e9n clave para <strong>Morena<\/strong>.<em> \u201cEn relaci\u00f3n a Amadeo, Morena tiene un celular con el que se comunica permanentemente con su hermana. Ese es un detalle que por una cuesti\u00f3n de secreto profesional no puedo revelar, pero est\u00e1 en comunicaci\u00f3n diaria con su hijo y con su pap\u00e1\u201d<\/em>, cerr\u00f3 Leiro.<\/p>\n<div class=\"mt-box \">\n<h4 class=\"mt-heading\">Mir\u00e1 Tambi\u00e9n<\/h4>\n<p><a href=\"https:\/\/www.paparazzi.com.ar\/teve\/la-polemica-decision-de-jorge-rial-mientras-su-hija-morena-rial-esta-presa-que-indigno-a-todos\/\"><\/p>\n<div class=\"mt-content\">\n<div class=\"mt-image-container\"><img decoding=\"async\" src=\"https:\/\/www.paparazzi.com.ar\/wp-content\/uploads\/2025\/08\/Jorge-Rial-anuncio-una-noticia-impactante-sobre-los-problemas-de-su-hija-Morena-Rial-22Hay-que-darla22.jpg.webp\" alt=\"La pol\u00e9mica decisi\u00f3n de Jorge Rial mientras su hija Morena Rial est\u00e1 presa que indign\u00f3 a todos\" class=\"mt-image\" loading=\"lazy\" \/><\/div>\n<h5 class=\"mt-title\">La pol\u00e9mica decisi\u00f3n de Jorge Rial mientras su hija Morena Rial est\u00e1 presa que indign\u00f3 a todos<\/h5>\n<\/div>\n<p><\/a><\/div>\n<div class=\"mt-box \">\n<h4 class=\"mt-heading\">Mir\u00e1 Tambi\u00e9n<\/h4>\n<p><a href=\"https:\/\/www.paparazzi.com.ar\/teve\/morena-rial-sufrio-una-crisis-de-llanto-y-gritos-en-la-carcel-esta-mal-la-situacion-es-muy-delicada\/\"><\/p>\n<div class=\"mt-content\">\n<div class=\"mt-image-container\"><img decoding=\"async\" src=\"https:\/\/www.paparazzi.com.ar\/wp-content\/uploads\/2025\/11\/Morena-Rial-sufrio-una-crisis-de-llanto-y-gritos-en-la-carcel-22Esta-mal.-La-situacion-es-muy-delicada22-359x226.jpg\" alt=\"Morena Rial sufri\u00f3 una crisis de llanto y gritos en la c\u00e1rcel: &quot;Est\u00e1 mal. La situaci\u00f3n es muy delicada&quot;\" class=\"mt-image\" loading=\"lazy\" \/><\/div>\n<h5 class=\"mt-title\">Morena Rial sufri\u00f3 una crisis de llanto y gritos en la c\u00e1rcel: \u00abEst\u00e1 mal. La situaci\u00f3n es muy delicada\u00bb<\/h5>\n<\/div>\n<p><\/a><\/div>\n<p>The post <a href=\"https:\/\/www.paparazzi.com.ar\/teve\/morena-rial-atraviesa-su-peor-momento-dentro-de-la-prision-esta-apartada-y\/\">Morena Rial atraviesa su peor momento dentro de la prisi\u00f3n: \u201cEst\u00e1 apartada y\u2026\u201d<\/a> appeared first on <a href=\"https:\/\/www.paparazzi.com.ar\">Revista Paparazzi<\/a>.<\/p>\n","protected":false},"excerpt":{"rendered":"<p>El presente de Morena Rial es uno de los m\u00e1s duros que haya atravesado hasta<\/p>\n","protected":false},"author":0,"featured_media":10341,"comment_status":"","ping_status":"","sticky":false,"template":"","format":"standard","meta":{"footnotes":""},"categories":[11],"tags":[],"class_list":["post-10340","post","type-post","status-publish","format-standard","has-post-thumbnail","hentry","category-destacadas"],"yoast_head":"<!-- This site is optimized with the Yoast SEO plugin v27.4 - https:\/\/yoast.com\/product\/yoast-seo-wordpress\/ -->\n<title>Morena Rial atraviesa su peor momento dentro de la prisi\u00f3n: \u201cEst\u00e1 apartada y\u2026\u201d - Fm Gente<\/title>\n<meta name=\"robots\" content=\"index, follow, max-snippet:-1, max-image-preview:large, max-video-preview:-1\" \/>\n<link rel=\"canonical\" href=\"https:\/\/fmgente.com.ar\/web\/morena-rial-atraviesa-su-peor-momento-dentro-de-la-prision-esta-apartada-y\/\" \/>\n<meta property=\"og:locale\" content=\"es_ES\" \/>\n<meta property=\"og:type\" content=\"article\" \/>\n<meta property=\"og:title\" content=\"Morena Rial atraviesa su peor momento dentro de la prisi\u00f3n: \u201cEst\u00e1 apartada y\u2026\u201d - Fm Gente\" \/>\n<meta property=\"og:description\" content=\"El presente de Morena Rial es uno de los m\u00e1s duros que haya atravesado hasta\" \/>\n<meta property=\"og:url\" content=\"https:\/\/fmgente.com.ar\/web\/morena-rial-atraviesa-su-peor-momento-dentro-de-la-prision-esta-apartada-y\/\" \/>\n<meta property=\"og:site_name\" content=\"Fm Gente\" \/>\n<meta property=\"article:published_time\" content=\"2025-11-21T23:05:05+00:00\" \/>\n<meta property=\"og:image\" content=\"https:\/\/fmgente.com.ar\/web\/wp-content\/uploads\/2025\/11\/Ventura-1-359x226-68.jpg\" \/>\n\t<meta property=\"og:image:width\" content=\"359\" \/>\n\t<meta property=\"og:image:height\" content=\"226\" \/>\n\t<meta property=\"og:image:type\" content=\"image\/jpeg\" \/>\n<meta name=\"twitter:card\" content=\"summary_large_image\" \/>\n<meta name=\"twitter:label1\" content=\"Tiempo de lectura\" \/>\n\t<meta name=\"twitter:data1\" content=\"3 minutos\" \/>\n<script type=\"application\/ld+json\" class=\"yoast-schema-graph\">{\"@context\":\"https:\\\/\\\/schema.org\",\"@graph\":[{\"@type\":\"Article\",\"@id\":\"https:\\\/\\\/fmgente.com.ar\\\/web\\\/morena-rial-atraviesa-su-peor-momento-dentro-de-la-prision-esta-apartada-y\\\/#article\",\"isPartOf\":{\"@id\":\"https:\\\/\\\/fmgente.com.ar\\\/web\\\/morena-rial-atraviesa-su-peor-momento-dentro-de-la-prision-esta-apartada-y\\\/\"},\"author\":{\"name\":\"\",\"@id\":\"\"},\"headline\":\"Morena Rial atraviesa su peor momento dentro de la prisi\u00f3n: \u201cEst\u00e1 apartada y\u2026\u201d\",\"datePublished\":\"2025-11-21T23:05:05+00:00\",\"mainEntityOfPage\":{\"@id\":\"https:\\\/\\\/fmgente.com.ar\\\/web\\\/morena-rial-atraviesa-su-peor-momento-dentro-de-la-prision-esta-apartada-y\\\/\"},\"wordCount\":627,\"publisher\":{\"@id\":\"https:\\\/\\\/fmgente.com.ar\\\/web\\\/#organization\"},\"image\":{\"@id\":\"https:\\\/\\\/fmgente.com.ar\\\/web\\\/morena-rial-atraviesa-su-peor-momento-dentro-de-la-prision-esta-apartada-y\\\/#primaryimage\"},\"thumbnailUrl\":\"https:\\\/\\\/fmgente.com.ar\\\/web\\\/wp-content\\\/uploads\\\/2025\\\/11\\\/Ventura-1-359x226-68.jpg\",\"articleSection\":[\"DESTACADAS\"],\"inLanguage\":\"es\"},{\"@type\":\"WebPage\",\"@id\":\"https:\\\/\\\/fmgente.com.ar\\\/web\\\/morena-rial-atraviesa-su-peor-momento-dentro-de-la-prision-esta-apartada-y\\\/\",\"url\":\"https:\\\/\\\/fmgente.com.ar\\\/web\\\/morena-rial-atraviesa-su-peor-momento-dentro-de-la-prision-esta-apartada-y\\\/\",\"name\":\"Morena Rial atraviesa su peor momento dentro de la prisi\u00f3n: \u201cEst\u00e1 apartada y\u2026\u201d - Fm Gente\",\"isPartOf\":{\"@id\":\"https:\\\/\\\/fmgente.com.ar\\\/web\\\/#website\"},\"primaryImageOfPage\":{\"@id\":\"https:\\\/\\\/fmgente.com.ar\\\/web\\\/morena-rial-atraviesa-su-peor-momento-dentro-de-la-prision-esta-apartada-y\\\/#primaryimage\"},\"image\":{\"@id\":\"https:\\\/\\\/fmgente.com.ar\\\/web\\\/morena-rial-atraviesa-su-peor-momento-dentro-de-la-prision-esta-apartada-y\\\/#primaryimage\"},\"thumbnailUrl\":\"https:\\\/\\\/fmgente.com.ar\\\/web\\\/wp-content\\\/uploads\\\/2025\\\/11\\\/Ventura-1-359x226-68.jpg\",\"datePublished\":\"2025-11-21T23:05:05+00:00\",\"inLanguage\":\"es\",\"potentialAction\":[{\"@type\":\"ReadAction\",\"target\":[\"https:\\\/\\\/fmgente.com.ar\\\/web\\\/morena-rial-atraviesa-su-peor-momento-dentro-de-la-prision-esta-apartada-y\\\/\"]}]},{\"@type\":\"ImageObject\",\"inLanguage\":\"es\",\"@id\":\"https:\\\/\\\/fmgente.com.ar\\\/web\\\/morena-rial-atraviesa-su-peor-momento-dentro-de-la-prision-esta-apartada-y\\\/#primaryimage\",\"url\":\"https:\\\/\\\/fmgente.com.ar\\\/web\\\/wp-content\\\/uploads\\\/2025\\\/11\\\/Ventura-1-359x226-68.jpg\",\"contentUrl\":\"https:\\\/\\\/fmgente.com.ar\\\/web\\\/wp-content\\\/uploads\\\/2025\\\/11\\\/Ventura-1-359x226-68.jpg\",\"width\":359,\"height\":226},{\"@type\":\"WebSite\",\"@id\":\"https:\\\/\\\/fmgente.com.ar\\\/web\\\/#website\",\"url\":\"https:\\\/\\\/fmgente.com.ar\\\/web\\\/\",\"name\":\"Fm Gente\",\"description\":\"- Jes\u00fas Mar\u00eda\",\"publisher\":{\"@id\":\"https:\\\/\\\/fmgente.com.ar\\\/web\\\/#organization\"},\"potentialAction\":[{\"@type\":\"SearchAction\",\"target\":{\"@type\":\"EntryPoint\",\"urlTemplate\":\"https:\\\/\\\/fmgente.com.ar\\\/web\\\/?s={search_term_string}\"},\"query-input\":{\"@type\":\"PropertyValueSpecification\",\"valueRequired\":true,\"valueName\":\"search_term_string\"}}],\"inLanguage\":\"es\"},{\"@type\":\"Organization\",\"@id\":\"https:\\\/\\\/fmgente.com.ar\\\/web\\\/#organization\",\"name\":\"Fm Gente\",\"url\":\"https:\\\/\\\/fmgente.com.ar\\\/web\\\/\",\"logo\":{\"@type\":\"ImageObject\",\"inLanguage\":\"es\",\"@id\":\"https:\\\/\\\/fmgente.com.ar\\\/web\\\/#\\\/schema\\\/logo\\\/image\\\/\",\"url\":\"https:\\\/\\\/fmgente.com.ar\\\/web\\\/wp-content\\\/uploads\\\/2023\\\/07\\\/cropped-cropped-logo-sombra2.png\",\"contentUrl\":\"https:\\\/\\\/fmgente.com.ar\\\/web\\\/wp-content\\\/uploads\\\/2023\\\/07\\\/cropped-cropped-logo-sombra2.png\",\"width\":1782,\"height\":1782,\"caption\":\"Fm Gente\"},\"image\":{\"@id\":\"https:\\\/\\\/fmgente.com.ar\\\/web\\\/#\\\/schema\\\/logo\\\/image\\\/\"}}]}<\/script>\n<!-- \/ Yoast SEO plugin. -->","yoast_head_json":{"title":"Morena Rial atraviesa su peor momento dentro de la prisi\u00f3n: \u201cEst\u00e1 apartada y\u2026\u201d - Fm Gente","robots":{"index":"index","follow":"follow","max-snippet":"max-snippet:-1","max-image-preview":"max-image-preview:large","max-video-preview":"max-video-preview:-1"},"canonical":"https:\/\/fmgente.com.ar\/web\/morena-rial-atraviesa-su-peor-momento-dentro-de-la-prision-esta-apartada-y\/","og_locale":"es_ES","og_type":"article","og_title":"Morena Rial atraviesa su peor momento dentro de la prisi\u00f3n: \u201cEst\u00e1 apartada y\u2026\u201d - Fm Gente","og_description":"El presente de Morena Rial es uno de los m\u00e1s duros que haya atravesado hasta","og_url":"https:\/\/fmgente.com.ar\/web\/morena-rial-atraviesa-su-peor-momento-dentro-de-la-prision-esta-apartada-y\/","og_site_name":"Fm Gente","article_published_time":"2025-11-21T23:05:05+00:00","og_image":[{"width":359,"height":226,"url":"https:\/\/fmgente.com.ar\/web\/wp-content\/uploads\/2025\/11\/Ventura-1-359x226-68.jpg","type":"image\/jpeg"}],"twitter_card":"summary_large_image","twitter_misc":{"Tiempo de lectura":"3 minutos"},"schema":{"@context":"https:\/\/schema.org","@graph":[{"@type":"Article","@id":"https:\/\/fmgente.com.ar\/web\/morena-rial-atraviesa-su-peor-momento-dentro-de-la-prision-esta-apartada-y\/#article","isPartOf":{"@id":"https:\/\/fmgente.com.ar\/web\/morena-rial-atraviesa-su-peor-momento-dentro-de-la-prision-esta-apartada-y\/"},"author":{"name":"","@id":""},"headline":"Morena Rial atraviesa su peor momento dentro de la prisi\u00f3n: \u201cEst\u00e1 apartada y\u2026\u201d","datePublished":"2025-11-21T23:05:05+00:00","mainEntityOfPage":{"@id":"https:\/\/fmgente.com.ar\/web\/morena-rial-atraviesa-su-peor-momento-dentro-de-la-prision-esta-apartada-y\/"},"wordCount":627,"publisher":{"@id":"https:\/\/fmgente.com.ar\/web\/#organization"},"image":{"@id":"https:\/\/fmgente.com.ar\/web\/morena-rial-atraviesa-su-peor-momento-dentro-de-la-prision-esta-apartada-y\/#primaryimage"},"thumbnailUrl":"https:\/\/fmgente.com.ar\/web\/wp-content\/uploads\/2025\/11\/Ventura-1-359x226-68.jpg","articleSection":["DESTACADAS"],"inLanguage":"es"},{"@type":"WebPage","@id":"https:\/\/fmgente.com.ar\/web\/morena-rial-atraviesa-su-peor-momento-dentro-de-la-prision-esta-apartada-y\/","url":"https:\/\/fmgente.com.ar\/web\/morena-rial-atraviesa-su-peor-momento-dentro-de-la-prision-esta-apartada-y\/","name":"Morena Rial atraviesa su peor momento dentro de la prisi\u00f3n: \u201cEst\u00e1 apartada y\u2026\u201d - Fm Gente","isPartOf":{"@id":"https:\/\/fmgente.com.ar\/web\/#website"},"primaryImageOfPage":{"@id":"https:\/\/fmgente.com.ar\/web\/morena-rial-atraviesa-su-peor-momento-dentro-de-la-prision-esta-apartada-y\/#primaryimage"},"image":{"@id":"https:\/\/fmgente.com.ar\/web\/morena-rial-atraviesa-su-peor-momento-dentro-de-la-prision-esta-apartada-y\/#primaryimage"},"thumbnailUrl":"https:\/\/fmgente.com.ar\/web\/wp-content\/uploads\/2025\/11\/Ventura-1-359x226-68.jpg","datePublished":"2025-11-21T23:05:05+00:00","inLanguage":"es","potentialAction":[{"@type":"ReadAction","target":["https:\/\/fmgente.com.ar\/web\/morena-rial-atraviesa-su-peor-momento-dentro-de-la-prision-esta-apartada-y\/"]}]},{"@type":"ImageObject","inLanguage":"es","@id":"https:\/\/fmgente.com.ar\/web\/morena-rial-atraviesa-su-peor-momento-dentro-de-la-prision-esta-apartada-y\/#primaryimage","url":"https:\/\/fmgente.com.ar\/web\/wp-content\/uploads\/2025\/11\/Ventura-1-359x226-68.jpg","contentUrl":"https:\/\/fmgente.com.ar\/web\/wp-content\/uploads\/2025\/11\/Ventura-1-359x226-68.jpg","width":359,"height":226},{"@type":"WebSite","@id":"https:\/\/fmgente.com.ar\/web\/#website","url":"https:\/\/fmgente.com.ar\/web\/","name":"Fm Gente","description":"- Jes\u00fas Mar\u00eda","publisher":{"@id":"https:\/\/fmgente.com.ar\/web\/#organization"},"potentialAction":[{"@type":"SearchAction","target":{"@type":"EntryPoint","urlTemplate":"https:\/\/fmgente.com.ar\/web\/?s={search_term_string}"},"query-input":{"@type":"PropertyValueSpecification","valueRequired":true,"valueName":"search_term_string"}}],"inLanguage":"es"},{"@type":"Organization","@id":"https:\/\/fmgente.com.ar\/web\/#organization","name":"Fm Gente","url":"https:\/\/fmgente.com.ar\/web\/","logo":{"@type":"ImageObject","inLanguage":"es","@id":"https:\/\/fmgente.com.ar\/web\/#\/schema\/logo\/image\/","url":"https:\/\/fmgente.com.ar\/web\/wp-content\/uploads\/2023\/07\/cropped-cropped-logo-sombra2.png","contentUrl":"https:\/\/fmgente.com.ar\/web\/wp-content\/uploads\/2023\/07\/cropped-cropped-logo-sombra2.png","width":1782,"height":1782,"caption":"Fm Gente"},"image":{"@id":"https:\/\/fmgente.com.ar\/web\/#\/schema\/logo\/image\/"}}]}},"_links":{"self":[{"href":"https:\/\/fmgente.com.ar\/web\/wp-json\/wp\/v2\/posts\/10340","targetHints":{"allow":["GET"]}}],"collection":[{"href":"https:\/\/fmgente.com.ar\/web\/wp-json\/wp\/v2\/posts"}],"about":[{"href":"https:\/\/fmgente.com.ar\/web\/wp-json\/wp\/v2\/types\/post"}],"replies":[{"embeddable":true,"href":"https:\/\/fmgente.com.ar\/web\/wp-json\/wp\/v2\/comments?post=10340"}],"version-history":[{"count":0,"href":"https:\/\/fmgente.com.ar\/web\/wp-json\/wp\/v2\/posts\/10340\/revisions"}],"wp:featuredmedia":[{"embeddable":true,"href":"https:\/\/fmgente.com.ar\/web\/wp-json\/wp\/v2\/media\/10341"}],"wp:attachment":[{"href":"https:\/\/fmgente.com.ar\/web\/wp-json\/wp\/v2\/media?parent=10340"}],"wp:term":[{"taxonomy":"category","embeddable":true,"href":"https:\/\/fmgente.com.ar\/web\/wp-json\/wp\/v2\/categories?post=10340"},{"taxonomy":"post_tag","embeddable":true,"href":"https:\/\/fmgente.com.ar\/web\/wp-json\/wp\/v2\/tags?post=10340"}],"curies":[{"name":"wp","href":"https:\/\/api.w.org\/{rel}","templated":true}]}}