{"id":10336,"date":"2025-11-21T19:05:54","date_gmt":"2025-11-21T22:05:54","guid":{"rendered":"https:\/\/fmgente.com.ar\/miente-revelaron-el-escandalo-mas-grande-sobre-las-amenazas-a-juanita-la-hija-de-marcelo-tinelli\/"},"modified":"2025-11-21T19:05:54","modified_gmt":"2025-11-21T22:05:54","slug":"miente-revelaron-el-escandalo-mas-grande-sobre-las-amenazas-a-juanita-la-hija-de-marcelo-tinelli","status":"publish","type":"post","link":"https:\/\/fmgente.com.ar\/web\/miente-revelaron-el-escandalo-mas-grande-sobre-las-amenazas-a-juanita-la-hija-de-marcelo-tinelli\/","title":{"rendered":"\u00bfMiente? Revelaron el esc\u00e1ndalo m\u00e1s grande sobre las amenazas a Juanita, la hija de Marcelo Tinelli"},"content":{"rendered":"<p>La interna de la familia <strong><em>Tinelli<\/em><\/strong> sigue arrojando nuevos y controversiales episodios, algunos m\u00e1s confusos que otros. La denuncia que <strong>Juanita Tinelli <\/strong>present\u00f3 por amenazas de muerte parec\u00eda marchar a su ritmo, pero en las \u00faltimas horas surgi\u00f3 un punto que puede cambiarlo todo. El clima se encuentra enrarecido dentro de la Fiscal\u00eda Penal, Contravencional y de Faltas N\u00b06, y <strong>Mauro Szeta <\/strong>dio detalles fuertes alrededor del caso.<\/p>\n<p>Luego de que <strong><a href=\"https:\/\/www.paparazzi.com.ar\/teve\/asi-fue-la-charla-de-marcelo-tinelli-y-paula-robles-que-termino-a-los-gritos-y-con-bloqueos-te-parece-decirle-eso-a-juanita\/\">Juanita<\/a><\/strong> expusiera su versi\u00f3n de los hechos, su pap\u00e1, <strong>Marcelo Tinelli<\/strong>, se present\u00f3 a declarar de manera presencial. Sin embargo, el periodista de policiales revel\u00f3 algo que dej\u00f3 una sensaci\u00f3n inesperada: la causa podr\u00eda no tener el recorrido que muchos imaginaban.<\/p>\n<p>Seg\u00fan precis\u00f3 <strong>Szeta<\/strong>, la presencia de <strong><a href=\"https:\/\/www.paparazzi.com.ar\/romances\/el-oscuro-motivo-de-la-separacion-de-juanita-tinelli-y-su-novio-descubrio-que-ella-es\/\">Marcelo<\/a><\/strong> en sede judicial fue extensa.<em> \u201cEn el marco de la causa que investiga las supuestas amenazas, declar\u00f3 de forma presencial Tinelli, lo hizo en el d\u00eda de ayer -precis\u00f3 el periodista-. Prest\u00f3 declaraci\u00f3n en car\u00e1cter de testigo durante cuarenta y cinco minutos. \u00c9l confirm\u00f3 que el d\u00eda de los hechos Juanita se comunic\u00f3 con \u00e9l para decirle que hab\u00eda recibido una llamada con una amenaza, y dio un relato similar al de su hija\u201d<\/em>.<\/p>\n<div class=\"mt-box \">\n<h4 class=\"mt-heading\">Mir\u00e1 Tambi\u00e9n<\/h4>\n<p><a href=\"https:\/\/www.paparazzi.com.ar\/videos\/exclusivo-la-sensible-revelacion-de-luis-ventura-sobre-sus-noches-duermo-con-los-seres-queridos-que-ya-partieron\/\"><\/p>\n<div class=\"mt-content\">\n<div class=\"mt-image-container\"><img decoding=\"async\" src=\"https:\/\/www.paparazzi.com.ar\/wp-content\/uploads\/2025\/11\/Ventura-1-359x226.jpg\" alt=\"\u00a1Exclusivo! La sensible revelaci\u00f3n de Luis Ventura sobre sus noches: &quot;Duermo con los seres queridos que ya partieron&quot;\" class=\"mt-image\" loading=\"lazy\" \/><\/div>\n<h5 class=\"mt-title\">\u00a1Exclusivo! La sensible revelaci\u00f3n de Luis Ventura sobre sus noches: \u00abDuermo con los seres queridos que ya partieron\u00bb<\/h5>\n<\/div>\n<p><\/a><\/div>\n<p>Hasta ese punto, todo parec\u00eda fluir dentro de la l\u00f3gica de una investigaci\u00f3n que reci\u00e9n empieza. Pero <strong>Szeta<\/strong> remarc\u00f3 un obst\u00e1culo que preocupa a los investigadores: el tel\u00e9fono de <strong><a href=\"https:\/\/www.paparazzi.com.ar\/teve\/paula-robles-conto-como-la-afectaron-las-amenazas-a-juanita-y-la-pelea-contra-marcelo-tinelli\/\">Juanita<\/a><\/strong> nunca fue aportado. \u00bfCu\u00e1l es el inconveniente? \u00bfPor qu\u00e9 el dispositivo no se encuentra ya en manos de la Justicia?<\/p>\n<h2 class=\"wp-block-heading\">MAURO SZETA REVEL\u00d3 LA POL\u00c9MICA ACTITUD DE JUANITA TINELLI ANTE LA FISCAL\u00cdA<\/h2>\n<p><em>\u201cEl principal problema de la causa es que ten\u00edan todo preparado para poder peritar el tel\u00e9fono de Juana y ella todav\u00eda no lo aport\u00f3 y, adem\u00e1s, ayer les qued\u00f3 la sensaci\u00f3n de que no lo va a dar Eso puede significar que ten\u00e9s miedo, que no ten\u00e9s inter\u00e9s en que avance la investigaci\u00f3n o que no quer\u00e9s que revisen todo y salgan cosas personales\u201d<\/em>, explic\u00f3 el periodista.<\/p>\n<p>Por otro lado, <strong>Mauro<\/strong> cont\u00f3 que <strong>Juanita<\/strong> dice haber borrado aquella llamada donde la amenazan, algo que no termina de cerrar demasiado para algunos. <em>\u201cA m\u00ed me reconfirman que ella borr\u00f3 la llamada, pero otro dato fundamental ac\u00e1 es que le preguntan a Tinelli si tiene miedo, y \u00e9l contesta que por \u00e9l no. Explic\u00f3 que no tiene idea del origen de la llamada\u201d<\/em>, cont\u00f3.<\/p>\n<div class=\"mt-box \">\n<h4 class=\"mt-heading\">Mir\u00e1 Tambi\u00e9n<\/h4>\n<p><a href=\"https:\/\/www.paparazzi.com.ar\/teve\/asi-fue-la-charla-de-marcelo-tinelli-y-paula-robles-que-termino-a-los-gritos-y-con-bloqueos-te-parece-decirle-eso-a-juanita\/\"><\/p>\n<div class=\"mt-content\">\n<div class=\"mt-image-container\"><img decoding=\"async\" src=\"https:\/\/www.paparazzi.com.ar\/wp-content\/uploads\/2025\/11\/Tinelli-Robles-1-359x226.jpg\" alt=\"As\u00ed fue la charla de Marcelo Tinelli y Paula Robles que termin\u00f3 a los gritos y con bloqueos: &quot;\u00bfTe parece decirle eso a Juanita?&quot;\" class=\"mt-image\" loading=\"lazy\" \/><\/div>\n<h5 class=\"mt-title\">As\u00ed fue la charla de Marcelo Tinelli y Paula Robles que termin\u00f3 a los gritos y con bloqueos: \u00ab\u00bfTe parece decirle eso a Juanita?\u00bb<\/h5>\n<\/div>\n<p><\/a><\/div>\n<p>Este punto es clave: sin el celular de <strong>Juanita<\/strong>, la fiscal\u00eda se queda sin la pieza central que permitir\u00eda rastrear el origen de la amenaza. Sin ese peritaje, la causa pr\u00e1cticamente se queda sin aire. Y eso fue justamente lo que el periodista dej\u00f3 entrever al analizar la situaci\u00f3n.<\/p>\n<p><em>\u201cMi percepci\u00f3n, despu\u00e9s de haber hablado con varios protagonistas de la historia, no deja de llamarle la atenci\u00f3n al fiscal que Juana no aporte el tel\u00e9fono, ella est\u00e1 en su derecho, pero si no hay un aporte nuevo esto va camino al archivo. Si no tienen un elemento pericial para investigar de d\u00f3nde vino la supuesta amenaza, el fiscal est\u00e1 atado de manos, no tiene herramientas. Con lo cual me dicen que, si no cambia nada, va a archivo\u201d<\/em>, concluy\u00f3 <strong>Szeta<\/strong>.<\/p>\n<div class=\"mt-box \">\n<h4 class=\"mt-heading\">Mir\u00e1 Tambi\u00e9n<\/h4>\n<p><a href=\"https:\/\/www.paparazzi.com.ar\/romances\/el-oscuro-motivo-de-la-separacion-de-juanita-tinelli-y-su-novio-descubrio-que-ella-es\/\"><\/p>\n<div class=\"mt-content\">\n<div class=\"mt-image-container\"><img decoding=\"async\" src=\"https:\/\/www.paparazzi.com.ar\/wp-content\/uploads\/2025\/11\/Juanita-Tinelli-separacion-359x226.jpg\" alt=\"El oscuro motivo de la separaci\u00f3n de Juanita Tinelli y su novio: \u201cDescubri\u00f3 que ella es\u2026\u201d\" class=\"mt-image\" loading=\"lazy\" \/><\/div>\n<h5 class=\"mt-title\">El oscuro motivo de la separaci\u00f3n de Juanita Tinelli y su novio: \u201cDescubri\u00f3 que ella es\u2026\u201d<\/h5>\n<\/div>\n<p><\/a><\/div>\n<div class=\"mt-box \">\n<h4 class=\"mt-heading\">Mir\u00e1 Tambi\u00e9n<\/h4>\n<p><a href=\"https:\/\/www.paparazzi.com.ar\/teve\/paula-robles-conto-como-la-afectaron-las-amenazas-a-juanita-y-la-pelea-contra-marcelo-tinelli\/\"><\/p>\n<div class=\"mt-content\">\n<div class=\"mt-image-container\"><img decoding=\"async\" src=\"https:\/\/www.paparazzi.com.ar\/wp-content\/uploads\/2025\/11\/Paula-Robles-Juanita-Tinelli-Marcelo-Tinelli-359x226.jpg\" alt=\"Paula Robles cont\u00f3 c\u00f3mo la afectaron las amenazas a Juanita y la pelea contra Marcelo Tinelli\" class=\"mt-image\" loading=\"lazy\" \/><\/div>\n<h5 class=\"mt-title\">Paula Robles cont\u00f3 c\u00f3mo la afectaron las amenazas a Juanita y la pelea contra Marcelo Tinelli<\/h5>\n<\/div>\n<p><\/a><\/div>\n<p>The post <a href=\"https:\/\/www.paparazzi.com.ar\/teve\/miente-revelaron-el-escandalo-mas-grande-sobre-las-amenazas-a-juanita-la-hija-de-marcelo-tinelli\/\">\u00bfMiente? Revelaron el esc\u00e1ndalo m\u00e1s grande sobre las amenazas a Juanita, la hija de Marcelo Tinelli<\/a> appeared first on <a href=\"https:\/\/www.paparazzi.com.ar\">Revista Paparazzi<\/a>.<\/p>\n","protected":false},"excerpt":{"rendered":"<p>La interna de la familia Tinelli sigue arrojando nuevos y controversiales episodios, algunos m\u00e1s confusos<\/p>\n","protected":false},"author":0,"featured_media":10337,"comment_status":"","ping_status":"","sticky":false,"template":"","format":"standard","meta":{"footnotes":""},"categories":[11],"tags":[],"class_list":["post-10336","post","type-post","status-publish","format-standard","has-post-thumbnail","hentry","category-destacadas"],"yoast_head":"<!-- This site is optimized with the Yoast SEO plugin v27.4 - https:\/\/yoast.com\/product\/yoast-seo-wordpress\/ -->\n<title>\u00bfMiente? Revelaron el esc\u00e1ndalo m\u00e1s grande sobre las amenazas a Juanita, la hija de Marcelo Tinelli - Fm Gente<\/title>\n<meta name=\"robots\" content=\"index, follow, max-snippet:-1, max-image-preview:large, max-video-preview:-1\" \/>\n<link rel=\"canonical\" href=\"https:\/\/fmgente.com.ar\/web\/miente-revelaron-el-escandalo-mas-grande-sobre-las-amenazas-a-juanita-la-hija-de-marcelo-tinelli\/\" \/>\n<meta property=\"og:locale\" content=\"es_ES\" \/>\n<meta property=\"og:type\" content=\"article\" \/>\n<meta property=\"og:title\" content=\"\u00bfMiente? Revelaron el esc\u00e1ndalo m\u00e1s grande sobre las amenazas a Juanita, la hija de Marcelo Tinelli - Fm Gente\" \/>\n<meta property=\"og:description\" content=\"La interna de la familia Tinelli sigue arrojando nuevos y controversiales episodios, algunos m\u00e1s confusos\" \/>\n<meta property=\"og:url\" content=\"https:\/\/fmgente.com.ar\/web\/miente-revelaron-el-escandalo-mas-grande-sobre-las-amenazas-a-juanita-la-hija-de-marcelo-tinelli\/\" \/>\n<meta property=\"og:site_name\" content=\"Fm Gente\" \/>\n<meta property=\"article:published_time\" content=\"2025-11-21T22:05:54+00:00\" \/>\n<meta property=\"og:image\" content=\"https:\/\/fmgente.com.ar\/web\/wp-content\/uploads\/2025\/11\/Ventura-1-359x226-67.jpg\" \/>\n\t<meta property=\"og:image:width\" content=\"359\" \/>\n\t<meta property=\"og:image:height\" content=\"226\" \/>\n\t<meta property=\"og:image:type\" content=\"image\/jpeg\" \/>\n<meta name=\"twitter:card\" content=\"summary_large_image\" \/>\n<meta name=\"twitter:label1\" content=\"Tiempo de lectura\" \/>\n\t<meta name=\"twitter:data1\" content=\"3 minutos\" \/>\n<script type=\"application\/ld+json\" class=\"yoast-schema-graph\">{\"@context\":\"https:\\\/\\\/schema.org\",\"@graph\":[{\"@type\":\"Article\",\"@id\":\"https:\\\/\\\/fmgente.com.ar\\\/web\\\/miente-revelaron-el-escandalo-mas-grande-sobre-las-amenazas-a-juanita-la-hija-de-marcelo-tinelli\\\/#article\",\"isPartOf\":{\"@id\":\"https:\\\/\\\/fmgente.com.ar\\\/web\\\/miente-revelaron-el-escandalo-mas-grande-sobre-las-amenazas-a-juanita-la-hija-de-marcelo-tinelli\\\/\"},\"author\":{\"name\":\"\",\"@id\":\"\"},\"headline\":\"\u00bfMiente? Revelaron el esc\u00e1ndalo m\u00e1s grande sobre las amenazas a Juanita, la hija de Marcelo Tinelli\",\"datePublished\":\"2025-11-21T22:05:54+00:00\",\"mainEntityOfPage\":{\"@id\":\"https:\\\/\\\/fmgente.com.ar\\\/web\\\/miente-revelaron-el-escandalo-mas-grande-sobre-las-amenazas-a-juanita-la-hija-de-marcelo-tinelli\\\/\"},\"wordCount\":689,\"publisher\":{\"@id\":\"https:\\\/\\\/fmgente.com.ar\\\/web\\\/#organization\"},\"image\":{\"@id\":\"https:\\\/\\\/fmgente.com.ar\\\/web\\\/miente-revelaron-el-escandalo-mas-grande-sobre-las-amenazas-a-juanita-la-hija-de-marcelo-tinelli\\\/#primaryimage\"},\"thumbnailUrl\":\"https:\\\/\\\/fmgente.com.ar\\\/web\\\/wp-content\\\/uploads\\\/2025\\\/11\\\/Ventura-1-359x226-67.jpg\",\"articleSection\":[\"DESTACADAS\"],\"inLanguage\":\"es\"},{\"@type\":\"WebPage\",\"@id\":\"https:\\\/\\\/fmgente.com.ar\\\/web\\\/miente-revelaron-el-escandalo-mas-grande-sobre-las-amenazas-a-juanita-la-hija-de-marcelo-tinelli\\\/\",\"url\":\"https:\\\/\\\/fmgente.com.ar\\\/web\\\/miente-revelaron-el-escandalo-mas-grande-sobre-las-amenazas-a-juanita-la-hija-de-marcelo-tinelli\\\/\",\"name\":\"\u00bfMiente? Revelaron el esc\u00e1ndalo m\u00e1s grande sobre las amenazas a Juanita, la hija de Marcelo Tinelli - Fm Gente\",\"isPartOf\":{\"@id\":\"https:\\\/\\\/fmgente.com.ar\\\/web\\\/#website\"},\"primaryImageOfPage\":{\"@id\":\"https:\\\/\\\/fmgente.com.ar\\\/web\\\/miente-revelaron-el-escandalo-mas-grande-sobre-las-amenazas-a-juanita-la-hija-de-marcelo-tinelli\\\/#primaryimage\"},\"image\":{\"@id\":\"https:\\\/\\\/fmgente.com.ar\\\/web\\\/miente-revelaron-el-escandalo-mas-grande-sobre-las-amenazas-a-juanita-la-hija-de-marcelo-tinelli\\\/#primaryimage\"},\"thumbnailUrl\":\"https:\\\/\\\/fmgente.com.ar\\\/web\\\/wp-content\\\/uploads\\\/2025\\\/11\\\/Ventura-1-359x226-67.jpg\",\"datePublished\":\"2025-11-21T22:05:54+00:00\",\"inLanguage\":\"es\",\"potentialAction\":[{\"@type\":\"ReadAction\",\"target\":[\"https:\\\/\\\/fmgente.com.ar\\\/web\\\/miente-revelaron-el-escandalo-mas-grande-sobre-las-amenazas-a-juanita-la-hija-de-marcelo-tinelli\\\/\"]}]},{\"@type\":\"ImageObject\",\"inLanguage\":\"es\",\"@id\":\"https:\\\/\\\/fmgente.com.ar\\\/web\\\/miente-revelaron-el-escandalo-mas-grande-sobre-las-amenazas-a-juanita-la-hija-de-marcelo-tinelli\\\/#primaryimage\",\"url\":\"https:\\\/\\\/fmgente.com.ar\\\/web\\\/wp-content\\\/uploads\\\/2025\\\/11\\\/Ventura-1-359x226-67.jpg\",\"contentUrl\":\"https:\\\/\\\/fmgente.com.ar\\\/web\\\/wp-content\\\/uploads\\\/2025\\\/11\\\/Ventura-1-359x226-67.jpg\",\"width\":359,\"height\":226},{\"@type\":\"WebSite\",\"@id\":\"https:\\\/\\\/fmgente.com.ar\\\/web\\\/#website\",\"url\":\"https:\\\/\\\/fmgente.com.ar\\\/web\\\/\",\"name\":\"Fm Gente\",\"description\":\"- Jes\u00fas Mar\u00eda\",\"publisher\":{\"@id\":\"https:\\\/\\\/fmgente.com.ar\\\/web\\\/#organization\"},\"potentialAction\":[{\"@type\":\"SearchAction\",\"target\":{\"@type\":\"EntryPoint\",\"urlTemplate\":\"https:\\\/\\\/fmgente.com.ar\\\/web\\\/?s={search_term_string}\"},\"query-input\":{\"@type\":\"PropertyValueSpecification\",\"valueRequired\":true,\"valueName\":\"search_term_string\"}}],\"inLanguage\":\"es\"},{\"@type\":\"Organization\",\"@id\":\"https:\\\/\\\/fmgente.com.ar\\\/web\\\/#organization\",\"name\":\"Fm Gente\",\"url\":\"https:\\\/\\\/fmgente.com.ar\\\/web\\\/\",\"logo\":{\"@type\":\"ImageObject\",\"inLanguage\":\"es\",\"@id\":\"https:\\\/\\\/fmgente.com.ar\\\/web\\\/#\\\/schema\\\/logo\\\/image\\\/\",\"url\":\"https:\\\/\\\/fmgente.com.ar\\\/web\\\/wp-content\\\/uploads\\\/2023\\\/07\\\/cropped-cropped-logo-sombra2.png\",\"contentUrl\":\"https:\\\/\\\/fmgente.com.ar\\\/web\\\/wp-content\\\/uploads\\\/2023\\\/07\\\/cropped-cropped-logo-sombra2.png\",\"width\":1782,\"height\":1782,\"caption\":\"Fm Gente\"},\"image\":{\"@id\":\"https:\\\/\\\/fmgente.com.ar\\\/web\\\/#\\\/schema\\\/logo\\\/image\\\/\"}}]}<\/script>\n<!-- \/ Yoast SEO plugin. -->","yoast_head_json":{"title":"\u00bfMiente? Revelaron el esc\u00e1ndalo m\u00e1s grande sobre las amenazas a Juanita, la hija de Marcelo Tinelli - Fm Gente","robots":{"index":"index","follow":"follow","max-snippet":"max-snippet:-1","max-image-preview":"max-image-preview:large","max-video-preview":"max-video-preview:-1"},"canonical":"https:\/\/fmgente.com.ar\/web\/miente-revelaron-el-escandalo-mas-grande-sobre-las-amenazas-a-juanita-la-hija-de-marcelo-tinelli\/","og_locale":"es_ES","og_type":"article","og_title":"\u00bfMiente? Revelaron el esc\u00e1ndalo m\u00e1s grande sobre las amenazas a Juanita, la hija de Marcelo Tinelli - Fm Gente","og_description":"La interna de la familia Tinelli sigue arrojando nuevos y controversiales episodios, algunos m\u00e1s confusos","og_url":"https:\/\/fmgente.com.ar\/web\/miente-revelaron-el-escandalo-mas-grande-sobre-las-amenazas-a-juanita-la-hija-de-marcelo-tinelli\/","og_site_name":"Fm Gente","article_published_time":"2025-11-21T22:05:54+00:00","og_image":[{"width":359,"height":226,"url":"https:\/\/fmgente.com.ar\/web\/wp-content\/uploads\/2025\/11\/Ventura-1-359x226-67.jpg","type":"image\/jpeg"}],"twitter_card":"summary_large_image","twitter_misc":{"Tiempo de lectura":"3 minutos"},"schema":{"@context":"https:\/\/schema.org","@graph":[{"@type":"Article","@id":"https:\/\/fmgente.com.ar\/web\/miente-revelaron-el-escandalo-mas-grande-sobre-las-amenazas-a-juanita-la-hija-de-marcelo-tinelli\/#article","isPartOf":{"@id":"https:\/\/fmgente.com.ar\/web\/miente-revelaron-el-escandalo-mas-grande-sobre-las-amenazas-a-juanita-la-hija-de-marcelo-tinelli\/"},"author":{"name":"","@id":""},"headline":"\u00bfMiente? Revelaron el esc\u00e1ndalo m\u00e1s grande sobre las amenazas a Juanita, la hija de Marcelo Tinelli","datePublished":"2025-11-21T22:05:54+00:00","mainEntityOfPage":{"@id":"https:\/\/fmgente.com.ar\/web\/miente-revelaron-el-escandalo-mas-grande-sobre-las-amenazas-a-juanita-la-hija-de-marcelo-tinelli\/"},"wordCount":689,"publisher":{"@id":"https:\/\/fmgente.com.ar\/web\/#organization"},"image":{"@id":"https:\/\/fmgente.com.ar\/web\/miente-revelaron-el-escandalo-mas-grande-sobre-las-amenazas-a-juanita-la-hija-de-marcelo-tinelli\/#primaryimage"},"thumbnailUrl":"https:\/\/fmgente.com.ar\/web\/wp-content\/uploads\/2025\/11\/Ventura-1-359x226-67.jpg","articleSection":["DESTACADAS"],"inLanguage":"es"},{"@type":"WebPage","@id":"https:\/\/fmgente.com.ar\/web\/miente-revelaron-el-escandalo-mas-grande-sobre-las-amenazas-a-juanita-la-hija-de-marcelo-tinelli\/","url":"https:\/\/fmgente.com.ar\/web\/miente-revelaron-el-escandalo-mas-grande-sobre-las-amenazas-a-juanita-la-hija-de-marcelo-tinelli\/","name":"\u00bfMiente? Revelaron el esc\u00e1ndalo m\u00e1s grande sobre las amenazas a Juanita, la hija de Marcelo Tinelli - Fm Gente","isPartOf":{"@id":"https:\/\/fmgente.com.ar\/web\/#website"},"primaryImageOfPage":{"@id":"https:\/\/fmgente.com.ar\/web\/miente-revelaron-el-escandalo-mas-grande-sobre-las-amenazas-a-juanita-la-hija-de-marcelo-tinelli\/#primaryimage"},"image":{"@id":"https:\/\/fmgente.com.ar\/web\/miente-revelaron-el-escandalo-mas-grande-sobre-las-amenazas-a-juanita-la-hija-de-marcelo-tinelli\/#primaryimage"},"thumbnailUrl":"https:\/\/fmgente.com.ar\/web\/wp-content\/uploads\/2025\/11\/Ventura-1-359x226-67.jpg","datePublished":"2025-11-21T22:05:54+00:00","inLanguage":"es","potentialAction":[{"@type":"ReadAction","target":["https:\/\/fmgente.com.ar\/web\/miente-revelaron-el-escandalo-mas-grande-sobre-las-amenazas-a-juanita-la-hija-de-marcelo-tinelli\/"]}]},{"@type":"ImageObject","inLanguage":"es","@id":"https:\/\/fmgente.com.ar\/web\/miente-revelaron-el-escandalo-mas-grande-sobre-las-amenazas-a-juanita-la-hija-de-marcelo-tinelli\/#primaryimage","url":"https:\/\/fmgente.com.ar\/web\/wp-content\/uploads\/2025\/11\/Ventura-1-359x226-67.jpg","contentUrl":"https:\/\/fmgente.com.ar\/web\/wp-content\/uploads\/2025\/11\/Ventura-1-359x226-67.jpg","width":359,"height":226},{"@type":"WebSite","@id":"https:\/\/fmgente.com.ar\/web\/#website","url":"https:\/\/fmgente.com.ar\/web\/","name":"Fm Gente","description":"- Jes\u00fas Mar\u00eda","publisher":{"@id":"https:\/\/fmgente.com.ar\/web\/#organization"},"potentialAction":[{"@type":"SearchAction","target":{"@type":"EntryPoint","urlTemplate":"https:\/\/fmgente.com.ar\/web\/?s={search_term_string}"},"query-input":{"@type":"PropertyValueSpecification","valueRequired":true,"valueName":"search_term_string"}}],"inLanguage":"es"},{"@type":"Organization","@id":"https:\/\/fmgente.com.ar\/web\/#organization","name":"Fm Gente","url":"https:\/\/fmgente.com.ar\/web\/","logo":{"@type":"ImageObject","inLanguage":"es","@id":"https:\/\/fmgente.com.ar\/web\/#\/schema\/logo\/image\/","url":"https:\/\/fmgente.com.ar\/web\/wp-content\/uploads\/2023\/07\/cropped-cropped-logo-sombra2.png","contentUrl":"https:\/\/fmgente.com.ar\/web\/wp-content\/uploads\/2023\/07\/cropped-cropped-logo-sombra2.png","width":1782,"height":1782,"caption":"Fm Gente"},"image":{"@id":"https:\/\/fmgente.com.ar\/web\/#\/schema\/logo\/image\/"}}]}},"_links":{"self":[{"href":"https:\/\/fmgente.com.ar\/web\/wp-json\/wp\/v2\/posts\/10336","targetHints":{"allow":["GET"]}}],"collection":[{"href":"https:\/\/fmgente.com.ar\/web\/wp-json\/wp\/v2\/posts"}],"about":[{"href":"https:\/\/fmgente.com.ar\/web\/wp-json\/wp\/v2\/types\/post"}],"replies":[{"embeddable":true,"href":"https:\/\/fmgente.com.ar\/web\/wp-json\/wp\/v2\/comments?post=10336"}],"version-history":[{"count":0,"href":"https:\/\/fmgente.com.ar\/web\/wp-json\/wp\/v2\/posts\/10336\/revisions"}],"wp:featuredmedia":[{"embeddable":true,"href":"https:\/\/fmgente.com.ar\/web\/wp-json\/wp\/v2\/media\/10337"}],"wp:attachment":[{"href":"https:\/\/fmgente.com.ar\/web\/wp-json\/wp\/v2\/media?parent=10336"}],"wp:term":[{"taxonomy":"category","embeddable":true,"href":"https:\/\/fmgente.com.ar\/web\/wp-json\/wp\/v2\/categories?post=10336"},{"taxonomy":"post_tag","embeddable":true,"href":"https:\/\/fmgente.com.ar\/web\/wp-json\/wp\/v2\/tags?post=10336"}],"curies":[{"name":"wp","href":"https:\/\/api.w.org\/{rel}","templated":true}]}}