{"id":10334,"date":"2025-11-21T18:05:24","date_gmt":"2025-11-21T21:05:24","guid":{"rendered":"https:\/\/fmgente.com.ar\/video-la-fuerte-actitud-de-lowrdez-fernandez-y-lissa-vera-en-medio-del-escandalo-de-bandana\/"},"modified":"2025-11-21T18:05:24","modified_gmt":"2025-11-21T21:05:24","slug":"video-la-fuerte-actitud-de-lowrdez-fernandez-y-lissa-vera-en-medio-del-escandalo-de-bandana","status":"publish","type":"post","link":"https:\/\/fmgente.com.ar\/web\/video-la-fuerte-actitud-de-lowrdez-fernandez-y-lissa-vera-en-medio-del-escandalo-de-bandana\/","title":{"rendered":"Video: la fuerte actitud de Lowrdez Fern\u00e1ndez y Lissa Vera en medio del esc\u00e1ndalo de Bandana"},"content":{"rendered":"<p>La tensi\u00f3n alrededor del grupo <strong>Bandana<\/strong> ha sido cada vez m\u00e1s fuerte en las \u00faltimas semanas. Desde el esc\u00e1ndalo con <strong>Lowrdez Fern\u00e1ndez<\/strong>, que fue secuestrada por su exnovio y protagoniz\u00f3 momentos dram\u00e1ticos, la trama ha tejido mucha controversia. Pero por estas horas, mientras la banda prepara su regreso a los escenarios, otra de las protagonistas qued\u00f3 en el centro de la pol\u00e9mica: <strong>Lissa Vera<\/strong>.<\/p>\n<p>Por estos d\u00edas, <strong><a href=\"https:\/\/www.paparazzi.com.ar\/teve\/que-le-pasa-a-lissa-de-bandana-insulto-en-una-nota-y-moria-casan-le-dijo-me-asuste-al-verte-tan-desarreglada\/\">Bandana<\/a><\/strong> iba a presentarse en LAM con el objetivo de promocionar el show que est\u00e1n preparando. Sin embargo, a \u00faltimo momento la banda se baj\u00f3. Comenzaron a decirse muchas cosas, pero lo cierto es que horas despu\u00e9s se conoci\u00f3 que <strong>Lissa<\/strong> estaba viviendo un estr\u00e9s postraum\u00e1tico.<\/p>\n<p>Todo esto desnud\u00f3 un fuerte conflicto de fondo, con una pelea entre <strong>Lissa<\/strong> y <strong><a href=\"https:\/\/www.paparazzi.com.ar\/teve\/explota-todo-lissa-vera-destapo-su-grave-crisis-con-lowrdez-y-todas-sus-companeras-a-horas-del-regreso-de-bandana\/\">Lowrdez<\/a><\/strong>. Es que esto no sucede en un vac\u00edo, sino que hay un contexto pesado detr\u00e1s, marcado especialmente por la situaci\u00f3n judicial que involucra a <strong>Leandro Garc\u00eda G\u00f3mez<\/strong>, el ex de <strong>Fern\u00e1ndez<\/strong>. Este conflicto no solo impact\u00f3 en el \u00e1nimo del grupo, sino que llev\u00f3 a <strong>Vera<\/strong> a tomar una medida extrema.<\/p>\n<div class=\"mt-box \">\n<h4 class=\"mt-heading\">Mir\u00e1 Tambi\u00e9n<\/h4>\n<p><a href=\"https:\/\/www.paparazzi.com.ar\/videos\/exclusivo-la-sensible-revelacion-de-luis-ventura-sobre-sus-noches-duermo-con-los-seres-queridos-que-ya-partieron\/\"><\/p>\n<div class=\"mt-content\">\n<div class=\"mt-image-container\"><img decoding=\"async\" src=\"https:\/\/www.paparazzi.com.ar\/wp-content\/uploads\/2025\/11\/Ventura-1-359x226.jpg\" alt=\"\u00a1Exclusivo! La sensible revelaci\u00f3n de Luis Ventura sobre sus noches: &quot;Duermo con los seres queridos que ya partieron&quot;\" class=\"mt-image\" loading=\"lazy\" \/><\/div>\n<h5 class=\"mt-title\">\u00a1Exclusivo! La sensible revelaci\u00f3n de Luis Ventura sobre sus noches: \u00abDuermo con los seres queridos que ya partieron\u00bb<\/h5>\n<\/div>\n<p><\/a><\/div>\n<p>En una entrevista con<em> Desayuno Americano<\/em>, <strong><a href=\"https:\/\/www.paparazzi.com.ar\/teve\/revelaron-el-infierno-que-vive-lissa-vera-de-bandana-sufre-estres-postraumatico-por\/\">Lissa<\/a><\/strong> cont\u00f3 que le dieron un bot\u00f3n antip\u00e1nico despu\u00e9s de acompa\u00f1ar a Mabel, la mam\u00e1 de <strong>Lowrdez<\/strong>, en la denuncia contra el hombre.<em> \u201cCabe la posibilidad de que intente acercarse o lastimarme. Debe estar muy enojado\u201c<\/em>, expres\u00f3 la cantante.<\/p>\n<h2 class=\"wp-block-heading\">EL ABRAZO DE LOWRDEZ Y LISSA DE BANDANA DURANTE LOS ENSAYOS DEL GRUPO<\/h2>\n<p>M\u00e1s adelante, <strong>Vera<\/strong> hizo foco en sus miedos y aclar\u00f3 que estas medidas que tom\u00f3 no fueron exageradas: <em>\u201cNo sabr\u00eda decirte, pero no me cabe la menor duda de que puede llegar a intentarlo. Si no puede \u00e9l, quiz\u00e1s mande a alguien. \u2018Lastimarme\u2019 puede ser golpearme, atacarme, amenazarme o asustarme. Cualquier cosa que atente contra mi integridad\u201d<\/em>.<\/p>\n<p>El clima viene enrarecido y nuevamente con una interna entre las integrantes de la reconocida banda pop. La historia ya ven\u00eda algo tensa -de hecho Ivonne Guzm\u00e1n hace a\u00f1os no quiere regresar con el grupo-, y ahora todo parec\u00eda empeorar. Sin embargo, recientemente se dio un gesto que cambi\u00f3 el tono de todo lo que se viene hablando y devolvi\u00f3 algo de calma.&nbsp;<\/p>\n<div class=\"mt-box \">\n<h4 class=\"mt-heading\">Mir\u00e1 Tambi\u00e9n<\/h4>\n<p><a href=\"https:\/\/www.paparazzi.com.ar\/teve\/que-le-pasa-a-lissa-de-bandana-insulto-en-una-nota-y-moria-casan-le-dijo-me-asuste-al-verte-tan-desarreglada\/\"><\/p>\n<div class=\"mt-content\">\n<div class=\"mt-image-container\"><img decoding=\"async\" src=\"https:\/\/www.paparazzi.com.ar\/wp-content\/uploads\/2025\/11\/Lissa-Moria-11-359x226.jpg\" alt=\"\u00bfQu\u00e9 le pasa a Lissa de Bandana? Insult\u00f3 en una nota y Moria Cas\u00e1n le dijo &quot;Me asust\u00e9 al verte tan desarreglada&quot;\" class=\"mt-image\" loading=\"lazy\" \/><\/div>\n<h5 class=\"mt-title\">\u00bfQu\u00e9 le pasa a Lissa de Bandana? Insult\u00f3 en una nota y Moria Cas\u00e1n le dijo \u00abMe asust\u00e9 al verte tan desarreglada\u00bb<\/h5>\n<\/div>\n<p><\/a><\/div>\n<p>Se trat\u00f3 del esperado abrazo entre <strong>Lowrdez<\/strong> y <strong>Lissa<\/strong>, registrado en un video que las artistas compartieron en sus redes y que funcion\u00f3 como un mensaje directo entre tanto torbellino. Puertas adentro hubo un punto de reencuentro, donde ambas parecen haber hecho las paces.<\/p>\n<p>La escena ocurri\u00f3 durante un ensayo, en plena preparaci\u00f3n para la pr\u00f3xima presentaci\u00f3n del grupo, un show que ya ven\u00eda generando expectativa entre los seguidores de la banda. En el video se ve c\u00f3mo las dos cantantes se acercan en medio de la coreograf\u00eda, sin decir una sola palabra, para fundirse en un fuerte abrazo.&nbsp;<\/p>\n<div class=\"mt-box \">\n<h4 class=\"mt-heading\">Mir\u00e1 Tambi\u00e9n<\/h4>\n<p><a href=\"https:\/\/www.paparazzi.com.ar\/teve\/explota-todo-lissa-vera-destapo-su-grave-crisis-con-lowrdez-y-todas-sus-companeras-a-horas-del-regreso-de-bandana\/\"><\/p>\n<div class=\"mt-content\">\n<div class=\"mt-image-container\"><img decoding=\"async\" src=\"https:\/\/www.paparazzi.com.ar\/wp-content\/uploads\/2025\/11\/lissa-vera-bandana-359x226.jpg\" alt=\"\u00a1Explota todo! Lissa Vera destap\u00f3 su grave crisis con Lowrdez y todas sus compa\u00f1eras a horas del regreso de Bandana\" class=\"mt-image\" loading=\"lazy\" \/><\/div>\n<h5 class=\"mt-title\">\u00a1Explota todo! Lissa Vera destap\u00f3 su grave crisis con Lowrdez y todas sus compa\u00f1eras a horas del regreso de Bandana<\/h5>\n<\/div>\n<p><\/a><\/div>\n<p>Para los fans, la secuencia fue una especie de alivio colectivo. Ese abrazo entre <strong>Lissa<\/strong> y <strong>Lowrdez<\/strong> fue interpretado como una se\u00f1al de paz. Y definitivamente el grupo lo ven\u00eda necesitando. Esto puede ser el cierre a un episodio fuerte donde las declaraciones cruzadas y los esc\u00e1ndalos volv\u00edan a ponerse por encima de <strong>Bandana<\/strong>.<\/p>\n<div class=\"mt-box \">\n<h4 class=\"mt-heading\">Mir\u00e1 Tambi\u00e9n<\/h4>\n<p><a href=\"https:\/\/www.paparazzi.com.ar\/teve\/revelaron-el-infierno-que-vive-lissa-vera-de-bandana-sufre-estres-postraumatico-por\/\"><\/p>\n<div class=\"mt-content\">\n<div class=\"mt-image-container\"><img decoding=\"async\" src=\"https:\/\/www.paparazzi.com.ar\/wp-content\/uploads\/2025\/11\/Lissa-Vera-359x226.jpg\" alt=\"Revelaron el infierno que vive Lissa Vera de Bandana: \u201cSufre estr\u00e9s postraum\u00e1tico por\u2026\u201d\" class=\"mt-image\" loading=\"lazy\" \/><\/div>\n<h5 class=\"mt-title\">Revelaron el infierno que vive Lissa Vera de Bandana: \u201cSufre estr\u00e9s postraum\u00e1tico por\u2026\u201d<\/h5>\n<\/div>\n<p><\/a><\/div>\n<div class=\"mt-box \">\n<h4 class=\"mt-heading\">Mir\u00e1 Tambi\u00e9n<\/h4>\n<p><a href=\"https:\/\/www.paparazzi.com.ar\/teve\/el-fuerte-reencuentro-de-lowrdez-de-bandana-con-su-mama-tras-el-horror-que-vivio-con-su-ex\/\"><\/p>\n<div class=\"mt-content\">\n<div class=\"mt-image-container\"><img decoding=\"async\" src=\"https:\/\/www.paparazzi.com.ar\/wp-content\/uploads\/2025\/11\/Lowrdez-Bandana-359x226.jpg\" alt=\"El fuerte reencuentro de Lowrdez de Bandana con su mam\u00e1 tras el horror que vivi\u00f3 con su ex\" class=\"mt-image\" loading=\"lazy\" \/><\/div>\n<h5 class=\"mt-title\">El fuerte reencuentro de Lowrdez de Bandana con su mam\u00e1 tras el horror que vivi\u00f3 con su ex<\/h5>\n<\/div>\n<p><\/a><\/div>\n<p>The post <a href=\"https:\/\/www.paparazzi.com.ar\/teve\/video-la-inesperada-actitud-de-lowrdez-fernandez-y-lissa-vera-en-medio-del-escandalo-de-bandana\/\">Video: la fuerte actitud de Lowrdez Fern\u00e1ndez y Lissa Vera en medio del esc\u00e1ndalo de Bandana<\/a> appeared first on <a href=\"https:\/\/www.paparazzi.com.ar\">Revista Paparazzi<\/a>.<\/p>\n","protected":false},"excerpt":{"rendered":"<p>La tensi\u00f3n alrededor del grupo Bandana ha sido cada vez m\u00e1s fuerte en las \u00faltimas<\/p>\n","protected":false},"author":0,"featured_media":10335,"comment_status":"","ping_status":"","sticky":false,"template":"","format":"standard","meta":{"footnotes":""},"categories":[11],"tags":[],"class_list":["post-10334","post","type-post","status-publish","format-standard","has-post-thumbnail","hentry","category-destacadas"],"yoast_head":"<!-- This site is optimized with the Yoast SEO plugin v27.4 - https:\/\/yoast.com\/product\/yoast-seo-wordpress\/ -->\n<title>Video: la fuerte actitud de Lowrdez Fern\u00e1ndez y Lissa Vera en medio del esc\u00e1ndalo de Bandana - Fm Gente<\/title>\n<meta name=\"robots\" content=\"index, follow, max-snippet:-1, max-image-preview:large, max-video-preview:-1\" \/>\n<link rel=\"canonical\" href=\"https:\/\/fmgente.com.ar\/web\/video-la-fuerte-actitud-de-lowrdez-fernandez-y-lissa-vera-en-medio-del-escandalo-de-bandana\/\" \/>\n<meta property=\"og:locale\" content=\"es_ES\" \/>\n<meta property=\"og:type\" content=\"article\" \/>\n<meta property=\"og:title\" content=\"Video: la fuerte actitud de Lowrdez Fern\u00e1ndez y Lissa Vera en medio del esc\u00e1ndalo de Bandana - Fm Gente\" \/>\n<meta property=\"og:description\" content=\"La tensi\u00f3n alrededor del grupo Bandana ha sido cada vez m\u00e1s fuerte en las \u00faltimas\" \/>\n<meta property=\"og:url\" content=\"https:\/\/fmgente.com.ar\/web\/video-la-fuerte-actitud-de-lowrdez-fernandez-y-lissa-vera-en-medio-del-escandalo-de-bandana\/\" \/>\n<meta property=\"og:site_name\" content=\"Fm Gente\" \/>\n<meta property=\"article:published_time\" content=\"2025-11-21T21:05:24+00:00\" \/>\n<meta property=\"og:image\" content=\"https:\/\/fmgente.com.ar\/web\/wp-content\/uploads\/2025\/11\/Ventura-1-359x226-66.jpg\" \/>\n\t<meta property=\"og:image:width\" content=\"359\" \/>\n\t<meta property=\"og:image:height\" content=\"226\" \/>\n\t<meta property=\"og:image:type\" content=\"image\/jpeg\" \/>\n<meta name=\"twitter:card\" content=\"summary_large_image\" \/>\n<meta name=\"twitter:label1\" content=\"Tiempo de lectura\" \/>\n\t<meta name=\"twitter:data1\" content=\"3 minutos\" \/>\n<script type=\"application\/ld+json\" class=\"yoast-schema-graph\">{\"@context\":\"https:\\\/\\\/schema.org\",\"@graph\":[{\"@type\":\"Article\",\"@id\":\"https:\\\/\\\/fmgente.com.ar\\\/web\\\/video-la-fuerte-actitud-de-lowrdez-fernandez-y-lissa-vera-en-medio-del-escandalo-de-bandana\\\/#article\",\"isPartOf\":{\"@id\":\"https:\\\/\\\/fmgente.com.ar\\\/web\\\/video-la-fuerte-actitud-de-lowrdez-fernandez-y-lissa-vera-en-medio-del-escandalo-de-bandana\\\/\"},\"author\":{\"name\":\"\",\"@id\":\"\"},\"headline\":\"Video: la fuerte actitud de Lowrdez Fern\u00e1ndez y Lissa Vera en medio del esc\u00e1ndalo de Bandana\",\"datePublished\":\"2025-11-21T21:05:24+00:00\",\"mainEntityOfPage\":{\"@id\":\"https:\\\/\\\/fmgente.com.ar\\\/web\\\/video-la-fuerte-actitud-de-lowrdez-fernandez-y-lissa-vera-en-medio-del-escandalo-de-bandana\\\/\"},\"wordCount\":704,\"publisher\":{\"@id\":\"https:\\\/\\\/fmgente.com.ar\\\/web\\\/#organization\"},\"image\":{\"@id\":\"https:\\\/\\\/fmgente.com.ar\\\/web\\\/video-la-fuerte-actitud-de-lowrdez-fernandez-y-lissa-vera-en-medio-del-escandalo-de-bandana\\\/#primaryimage\"},\"thumbnailUrl\":\"https:\\\/\\\/fmgente.com.ar\\\/web\\\/wp-content\\\/uploads\\\/2025\\\/11\\\/Ventura-1-359x226-66.jpg\",\"articleSection\":[\"DESTACADAS\"],\"inLanguage\":\"es\"},{\"@type\":\"WebPage\",\"@id\":\"https:\\\/\\\/fmgente.com.ar\\\/web\\\/video-la-fuerte-actitud-de-lowrdez-fernandez-y-lissa-vera-en-medio-del-escandalo-de-bandana\\\/\",\"url\":\"https:\\\/\\\/fmgente.com.ar\\\/web\\\/video-la-fuerte-actitud-de-lowrdez-fernandez-y-lissa-vera-en-medio-del-escandalo-de-bandana\\\/\",\"name\":\"Video: la fuerte actitud de Lowrdez Fern\u00e1ndez y Lissa Vera en medio del esc\u00e1ndalo de Bandana - Fm Gente\",\"isPartOf\":{\"@id\":\"https:\\\/\\\/fmgente.com.ar\\\/web\\\/#website\"},\"primaryImageOfPage\":{\"@id\":\"https:\\\/\\\/fmgente.com.ar\\\/web\\\/video-la-fuerte-actitud-de-lowrdez-fernandez-y-lissa-vera-en-medio-del-escandalo-de-bandana\\\/#primaryimage\"},\"image\":{\"@id\":\"https:\\\/\\\/fmgente.com.ar\\\/web\\\/video-la-fuerte-actitud-de-lowrdez-fernandez-y-lissa-vera-en-medio-del-escandalo-de-bandana\\\/#primaryimage\"},\"thumbnailUrl\":\"https:\\\/\\\/fmgente.com.ar\\\/web\\\/wp-content\\\/uploads\\\/2025\\\/11\\\/Ventura-1-359x226-66.jpg\",\"datePublished\":\"2025-11-21T21:05:24+00:00\",\"inLanguage\":\"es\",\"potentialAction\":[{\"@type\":\"ReadAction\",\"target\":[\"https:\\\/\\\/fmgente.com.ar\\\/web\\\/video-la-fuerte-actitud-de-lowrdez-fernandez-y-lissa-vera-en-medio-del-escandalo-de-bandana\\\/\"]}]},{\"@type\":\"ImageObject\",\"inLanguage\":\"es\",\"@id\":\"https:\\\/\\\/fmgente.com.ar\\\/web\\\/video-la-fuerte-actitud-de-lowrdez-fernandez-y-lissa-vera-en-medio-del-escandalo-de-bandana\\\/#primaryimage\",\"url\":\"https:\\\/\\\/fmgente.com.ar\\\/web\\\/wp-content\\\/uploads\\\/2025\\\/11\\\/Ventura-1-359x226-66.jpg\",\"contentUrl\":\"https:\\\/\\\/fmgente.com.ar\\\/web\\\/wp-content\\\/uploads\\\/2025\\\/11\\\/Ventura-1-359x226-66.jpg\",\"width\":359,\"height\":226},{\"@type\":\"WebSite\",\"@id\":\"https:\\\/\\\/fmgente.com.ar\\\/web\\\/#website\",\"url\":\"https:\\\/\\\/fmgente.com.ar\\\/web\\\/\",\"name\":\"Fm Gente\",\"description\":\"- Jes\u00fas Mar\u00eda\",\"publisher\":{\"@id\":\"https:\\\/\\\/fmgente.com.ar\\\/web\\\/#organization\"},\"potentialAction\":[{\"@type\":\"SearchAction\",\"target\":{\"@type\":\"EntryPoint\",\"urlTemplate\":\"https:\\\/\\\/fmgente.com.ar\\\/web\\\/?s={search_term_string}\"},\"query-input\":{\"@type\":\"PropertyValueSpecification\",\"valueRequired\":true,\"valueName\":\"search_term_string\"}}],\"inLanguage\":\"es\"},{\"@type\":\"Organization\",\"@id\":\"https:\\\/\\\/fmgente.com.ar\\\/web\\\/#organization\",\"name\":\"Fm Gente\",\"url\":\"https:\\\/\\\/fmgente.com.ar\\\/web\\\/\",\"logo\":{\"@type\":\"ImageObject\",\"inLanguage\":\"es\",\"@id\":\"https:\\\/\\\/fmgente.com.ar\\\/web\\\/#\\\/schema\\\/logo\\\/image\\\/\",\"url\":\"https:\\\/\\\/fmgente.com.ar\\\/web\\\/wp-content\\\/uploads\\\/2023\\\/07\\\/cropped-cropped-logo-sombra2.png\",\"contentUrl\":\"https:\\\/\\\/fmgente.com.ar\\\/web\\\/wp-content\\\/uploads\\\/2023\\\/07\\\/cropped-cropped-logo-sombra2.png\",\"width\":1782,\"height\":1782,\"caption\":\"Fm Gente\"},\"image\":{\"@id\":\"https:\\\/\\\/fmgente.com.ar\\\/web\\\/#\\\/schema\\\/logo\\\/image\\\/\"}}]}<\/script>\n<!-- \/ Yoast SEO plugin. -->","yoast_head_json":{"title":"Video: la fuerte actitud de Lowrdez Fern\u00e1ndez y Lissa Vera en medio del esc\u00e1ndalo de Bandana - Fm Gente","robots":{"index":"index","follow":"follow","max-snippet":"max-snippet:-1","max-image-preview":"max-image-preview:large","max-video-preview":"max-video-preview:-1"},"canonical":"https:\/\/fmgente.com.ar\/web\/video-la-fuerte-actitud-de-lowrdez-fernandez-y-lissa-vera-en-medio-del-escandalo-de-bandana\/","og_locale":"es_ES","og_type":"article","og_title":"Video: la fuerte actitud de Lowrdez Fern\u00e1ndez y Lissa Vera en medio del esc\u00e1ndalo de Bandana - Fm Gente","og_description":"La tensi\u00f3n alrededor del grupo Bandana ha sido cada vez m\u00e1s fuerte en las \u00faltimas","og_url":"https:\/\/fmgente.com.ar\/web\/video-la-fuerte-actitud-de-lowrdez-fernandez-y-lissa-vera-en-medio-del-escandalo-de-bandana\/","og_site_name":"Fm Gente","article_published_time":"2025-11-21T21:05:24+00:00","og_image":[{"width":359,"height":226,"url":"https:\/\/fmgente.com.ar\/web\/wp-content\/uploads\/2025\/11\/Ventura-1-359x226-66.jpg","type":"image\/jpeg"}],"twitter_card":"summary_large_image","twitter_misc":{"Tiempo de lectura":"3 minutos"},"schema":{"@context":"https:\/\/schema.org","@graph":[{"@type":"Article","@id":"https:\/\/fmgente.com.ar\/web\/video-la-fuerte-actitud-de-lowrdez-fernandez-y-lissa-vera-en-medio-del-escandalo-de-bandana\/#article","isPartOf":{"@id":"https:\/\/fmgente.com.ar\/web\/video-la-fuerte-actitud-de-lowrdez-fernandez-y-lissa-vera-en-medio-del-escandalo-de-bandana\/"},"author":{"name":"","@id":""},"headline":"Video: la fuerte actitud de Lowrdez Fern\u00e1ndez y Lissa Vera en medio del esc\u00e1ndalo de Bandana","datePublished":"2025-11-21T21:05:24+00:00","mainEntityOfPage":{"@id":"https:\/\/fmgente.com.ar\/web\/video-la-fuerte-actitud-de-lowrdez-fernandez-y-lissa-vera-en-medio-del-escandalo-de-bandana\/"},"wordCount":704,"publisher":{"@id":"https:\/\/fmgente.com.ar\/web\/#organization"},"image":{"@id":"https:\/\/fmgente.com.ar\/web\/video-la-fuerte-actitud-de-lowrdez-fernandez-y-lissa-vera-en-medio-del-escandalo-de-bandana\/#primaryimage"},"thumbnailUrl":"https:\/\/fmgente.com.ar\/web\/wp-content\/uploads\/2025\/11\/Ventura-1-359x226-66.jpg","articleSection":["DESTACADAS"],"inLanguage":"es"},{"@type":"WebPage","@id":"https:\/\/fmgente.com.ar\/web\/video-la-fuerte-actitud-de-lowrdez-fernandez-y-lissa-vera-en-medio-del-escandalo-de-bandana\/","url":"https:\/\/fmgente.com.ar\/web\/video-la-fuerte-actitud-de-lowrdez-fernandez-y-lissa-vera-en-medio-del-escandalo-de-bandana\/","name":"Video: la fuerte actitud de Lowrdez Fern\u00e1ndez y Lissa Vera en medio del esc\u00e1ndalo de Bandana - Fm Gente","isPartOf":{"@id":"https:\/\/fmgente.com.ar\/web\/#website"},"primaryImageOfPage":{"@id":"https:\/\/fmgente.com.ar\/web\/video-la-fuerte-actitud-de-lowrdez-fernandez-y-lissa-vera-en-medio-del-escandalo-de-bandana\/#primaryimage"},"image":{"@id":"https:\/\/fmgente.com.ar\/web\/video-la-fuerte-actitud-de-lowrdez-fernandez-y-lissa-vera-en-medio-del-escandalo-de-bandana\/#primaryimage"},"thumbnailUrl":"https:\/\/fmgente.com.ar\/web\/wp-content\/uploads\/2025\/11\/Ventura-1-359x226-66.jpg","datePublished":"2025-11-21T21:05:24+00:00","inLanguage":"es","potentialAction":[{"@type":"ReadAction","target":["https:\/\/fmgente.com.ar\/web\/video-la-fuerte-actitud-de-lowrdez-fernandez-y-lissa-vera-en-medio-del-escandalo-de-bandana\/"]}]},{"@type":"ImageObject","inLanguage":"es","@id":"https:\/\/fmgente.com.ar\/web\/video-la-fuerte-actitud-de-lowrdez-fernandez-y-lissa-vera-en-medio-del-escandalo-de-bandana\/#primaryimage","url":"https:\/\/fmgente.com.ar\/web\/wp-content\/uploads\/2025\/11\/Ventura-1-359x226-66.jpg","contentUrl":"https:\/\/fmgente.com.ar\/web\/wp-content\/uploads\/2025\/11\/Ventura-1-359x226-66.jpg","width":359,"height":226},{"@type":"WebSite","@id":"https:\/\/fmgente.com.ar\/web\/#website","url":"https:\/\/fmgente.com.ar\/web\/","name":"Fm Gente","description":"- Jes\u00fas Mar\u00eda","publisher":{"@id":"https:\/\/fmgente.com.ar\/web\/#organization"},"potentialAction":[{"@type":"SearchAction","target":{"@type":"EntryPoint","urlTemplate":"https:\/\/fmgente.com.ar\/web\/?s={search_term_string}"},"query-input":{"@type":"PropertyValueSpecification","valueRequired":true,"valueName":"search_term_string"}}],"inLanguage":"es"},{"@type":"Organization","@id":"https:\/\/fmgente.com.ar\/web\/#organization","name":"Fm Gente","url":"https:\/\/fmgente.com.ar\/web\/","logo":{"@type":"ImageObject","inLanguage":"es","@id":"https:\/\/fmgente.com.ar\/web\/#\/schema\/logo\/image\/","url":"https:\/\/fmgente.com.ar\/web\/wp-content\/uploads\/2023\/07\/cropped-cropped-logo-sombra2.png","contentUrl":"https:\/\/fmgente.com.ar\/web\/wp-content\/uploads\/2023\/07\/cropped-cropped-logo-sombra2.png","width":1782,"height":1782,"caption":"Fm Gente"},"image":{"@id":"https:\/\/fmgente.com.ar\/web\/#\/schema\/logo\/image\/"}}]}},"_links":{"self":[{"href":"https:\/\/fmgente.com.ar\/web\/wp-json\/wp\/v2\/posts\/10334","targetHints":{"allow":["GET"]}}],"collection":[{"href":"https:\/\/fmgente.com.ar\/web\/wp-json\/wp\/v2\/posts"}],"about":[{"href":"https:\/\/fmgente.com.ar\/web\/wp-json\/wp\/v2\/types\/post"}],"replies":[{"embeddable":true,"href":"https:\/\/fmgente.com.ar\/web\/wp-json\/wp\/v2\/comments?post=10334"}],"version-history":[{"count":0,"href":"https:\/\/fmgente.com.ar\/web\/wp-json\/wp\/v2\/posts\/10334\/revisions"}],"wp:featuredmedia":[{"embeddable":true,"href":"https:\/\/fmgente.com.ar\/web\/wp-json\/wp\/v2\/media\/10335"}],"wp:attachment":[{"href":"https:\/\/fmgente.com.ar\/web\/wp-json\/wp\/v2\/media?parent=10334"}],"wp:term":[{"taxonomy":"category","embeddable":true,"href":"https:\/\/fmgente.com.ar\/web\/wp-json\/wp\/v2\/categories?post=10334"},{"taxonomy":"post_tag","embeddable":true,"href":"https:\/\/fmgente.com.ar\/web\/wp-json\/wp\/v2\/tags?post=10334"}],"curies":[{"name":"wp","href":"https:\/\/api.w.org\/{rel}","templated":true}]}}