{"id":10332,"date":"2025-11-21T18:05:24","date_gmt":"2025-11-21T21:05:24","guid":{"rendered":"https:\/\/fmgente.com.ar\/bomba-total-revelan-quien-es-el-polemico-famoso-que-reemplazara-a-marcelo-tinelli-en-carnaval\/"},"modified":"2025-11-21T18:05:24","modified_gmt":"2025-11-21T21:05:24","slug":"bomba-total-revelan-quien-es-el-polemico-famoso-que-reemplazara-a-marcelo-tinelli-en-carnaval","status":"publish","type":"post","link":"https:\/\/fmgente.com.ar\/web\/bomba-total-revelan-quien-es-el-polemico-famoso-que-reemplazara-a-marcelo-tinelli-en-carnaval\/","title":{"rendered":"\u00a1Bomba total! Revelan qui\u00e9n es el pol\u00e9mico famoso que reemplazar\u00e1 a Marcelo Tinelli en Carnaval"},"content":{"rendered":"<p>El sacud\u00f3n en <strong>Carnaval <\/strong>todav\u00eda se siente: la renuncia de <strong>Marcelo Tinelli<\/strong>, sumada a esas dos semanas de reemplazo inc\u00f3modo por <strong>Jos\u00e9 Mar\u00eda Listorti <\/strong>en <strong>Estamos de paso<\/strong>, dej\u00f3 vac\u00eda la silla m\u00e1s caliente del canal de streaming. Y ahora, la bomba: ya hay heredero y llega con revancha personal. As\u00ed lo anticip\u00f3 <strong>Marina Calabr\u00f3<\/strong> con iron\u00eda: <em>\u201cAl que hab\u00edan corrido por Marce\u2026\u201d<\/em>.<\/p>\n<p>Acto seguido, Calabr\u00f3 solt\u00f3: <em>\u201c\u00a1JR, por supuesto!\u201d<\/em>. S\u00ed: <strong>Jorge Rial<\/strong> vuelve a su horario original y, seg\u00fan la panelista de <strong>Lape Club Social <\/strong>(<strong>Am\u00e9rica<\/strong>), se lo estar\u00eda recordando a los due\u00f1os de Carnaval con una sonrisa venenosa. <em>\u201c\u00bfVieron que este no iba a durar nada?\u201d<\/em>, habr\u00eda dicho <a href=\"https:\/\/www.paparazzi.com.ar\/tag\/jorge-rial\/\">Jorge<\/a>. Todo vuelve, incluso las internas m\u00e1s viejas.<\/p>\n<p>La periodista se\u00f1al\u00f3 que, tras la baja de <a href=\"https:\/\/www.paparazzi.com.ar\/tag\/marcelo-tinelli\/\">Tinelli<\/a>, Rial vuelve a su espacio original:<em> \u201cEl programa de Rial con Viviana Canosa, Revueltos, iba a los mi\u00e9rcoles a las 20, en el horario que despu\u00e9s ocup\u00f3 Marcelo\u201d<\/em>. Y agreg\u00f3, picante. <em>\u201cFue como una mojada de oreja tambi\u00e9n. Porque Rial mucho no lo quiere a Marcelo\u201d<\/em>.<\/p>\n<div class=\"mt-box \">\n<h4 class=\"mt-heading\">Mir\u00e1 Tambi\u00e9n<\/h4>\n<p><a href=\"https:\/\/www.paparazzi.com.ar\/teve\/asi-fue-la-charla-de-marcelo-tinelli-y-paula-robles-que-termino-a-los-gritos-y-con-bloqueos-te-parece-decirle-eso-a-juanita\/\"><\/p>\n<div class=\"mt-content\">\n<div class=\"mt-image-container\"><img decoding=\"async\" src=\"https:\/\/www.paparazzi.com.ar\/wp-content\/uploads\/2025\/11\/Tinelli-Robles-1-359x226.jpg\" alt=\"As\u00ed fue la charla de Marcelo Tinelli y Paula Robles que termin\u00f3 a los gritos y con bloqueos: &quot;\u00bfTe parece decirle eso a Juanita?&quot;\" class=\"mt-image\" loading=\"lazy\" \/><\/div>\n<h5 class=\"mt-title\">As\u00ed fue la charla de Marcelo Tinelli y Paula Robles que termin\u00f3 a los gritos y con bloqueos: \u00ab\u00bfTe parece decirle eso a Juanita?\u00bb<\/h5>\n<\/div>\n<p><\/a><\/div>\n<p>Pero lo m\u00e1s filoso lleg\u00f3 al final, cuando contradijo la versi\u00f3n de Tinelli sobre su renuncia. <em>\u201cA m\u00ed lo que me dicen los de Carnaval es que Marce medio que la cont\u00f3 cambiada\u2026 Si vos no est\u00e1s, no nos interesa. Y como Marcelo no ten\u00eda certeza de cu\u00e1ndo volv\u00eda, se termin\u00f3\u201d<\/em>.&nbsp;<\/p>\n<h2 class=\"wp-block-heading\">EL MENSAJE DE MARCELO TINELLI A SU HIJA JUANITA TRAS RENUNCIAR A CARNAVAL<\/h2>\n<p>Se sabe que la baja de <a href=\"https:\/\/www.paparazzi.com.ar\/teve\/yanina-latorre-le-solto-la-mano-a-marcelo-tinelli-y-revelo-los-peores-datos-de-su-drama-tendria-que-haber-bancado\/\">Tinelli <\/a>de su programa de streaming se debe al conflicto familiar con su hija Juanita. Sin embargo, este viernes 21 Marcelo lim\u00f3 asperezas con la joven al saludarla por su cumplea\u00f1os de 23, mensaje que ella le respondi\u00f3 cari\u00f1osamente.\u00a0<\/p>\n<p><em>\u201cQuiero tenerte en mi vida por muchos a\u00f1os m\u00e1s, en las buenas y en las malas. Hoy le\u00eda que \u2018nunca se va del alma quien est\u00e1 en el coraz\u00f3n. No hay distancia para eso\u2019. Est\u00e1s en mi coraz\u00f3n siempre. Te amo con toda mi alma mi Pebe\u00bb<\/em>, expres\u00f3 el empresario en uno de los tramos m\u00e1s sentidos.\u00a0<\/p>\n<div class=\"mt-box \">\n<h4 class=\"mt-heading\">Mir\u00e1 Tambi\u00e9n<\/h4>\n<p><a href=\"https:\/\/www.paparazzi.com.ar\/teve\/juana-tinelli-se-puso-mas-firme-que-nunca-y-ubico-la-relacion-con-su-papa-en-la-mira-nunca-va-a-existir\/\"><\/p>\n<div class=\"mt-content\">\n<div class=\"mt-image-container\"><img decoding=\"async\" src=\"https:\/\/www.paparazzi.com.ar\/wp-content\/uploads\/2025\/11\/Juana-Tinelli-se-puso-mas-firme-que-nunca-y-ubico-la-relacion-con-su-papa-en-la-mira-22Nunca-va-a-existir.22-359x226.jpg\" alt=\"Juana Tinelli se puso m\u00e1s firme que nunca y ubic\u00f3 la relaci\u00f3n con su pap\u00e1 en la mira: &quot;Nunca va a existir...&quot;\" class=\"mt-image\" loading=\"lazy\" \/><\/div>\n<h5 class=\"mt-title\">Juana Tinelli se puso m\u00e1s firme que nunca y ubic\u00f3 la relaci\u00f3n con su pap\u00e1 en la mira: \u00abNunca va a existir&#8230;\u00bb<\/h5>\n<\/div>\n<p><\/a><\/div>\n<p>Palabras que Juanita contest\u00f3 con amor: <em>\u201cNunca va a existir distancia. Se puede ver, pero sentir jam\u00e1s. Sos mi pap\u00e1 y te amo con todo lo que soy. Crec\u00ed acompa\u00f1\u00e1ndote y viendo todo lo que sos. Eso no cambia, jam\u00e1s. La Juana que soy hoy, tiene much\u00edsimo de vos, eso es lo que busco y quiero transmitir siempre. Tu historia. Mi historia. Te amo\u00bb<\/em>.<\/p>\n<div class=\"mt-box \">\n<h4 class=\"mt-heading\">Mir\u00e1 Tambi\u00e9n<\/h4>\n<p><a href=\"https:\/\/www.paparazzi.com.ar\/romances\/que-video-moria-casan-expuso-la-peligrosa-actitud-de-la-china-suarez-con-mauro-icardi-ella-tiene-una\/\"><\/p>\n<div class=\"mt-content\">\n<div class=\"mt-image-container\"><img decoding=\"async\" src=\"https:\/\/www.paparazzi.com.ar\/wp-content\/uploads\/2025\/11\/moria-casan-china-suarez-mauro-icardi-359x226.jpg\" alt=\"\u00a1Qu\u00e9 video! Moria Cas\u00e1n expuso la peligrosa actitud de la China Su\u00e1rez con Mauro Icardi: \u201cElla tiene una...\u201d\" class=\"mt-image\" loading=\"lazy\" \/><\/div>\n<h5 class=\"mt-title\">\u00a1Qu\u00e9 video! Moria Cas\u00e1n expuso la peligrosa actitud de la China Su\u00e1rez con Mauro Icardi: \u201cElla tiene una&#8230;\u201d<\/h5>\n<\/div>\n<p><\/a><\/div>\n<div class=\"mt-box \">\n<h4 class=\"mt-heading\">Mir\u00e1 Tambi\u00e9n<\/h4>\n<p><a href=\"https:\/\/www.paparazzi.com.ar\/romances\/escandalo-revelan-los-bombazos-de-la-china-suarez-contra-vicuna-que-fueron-censurados-en-el-nota-con-moria-casan\/\"><\/p>\n<div class=\"mt-content\">\n<div class=\"mt-image-container\"><img decoding=\"async\" src=\"https:\/\/www.paparazzi.com.ar\/wp-content\/uploads\/2025\/11\/China-Vicuna-1-2-359x226.jpg\" alt=\"\u00a1Esc\u00e1ndalo! Revelan los bombazos de la China Su\u00e1rez contra Vicu\u00f1a que fueron censurados en el nota con Moria Cas\u00e1n\" class=\"mt-image\" loading=\"lazy\" \/><\/div>\n<h5 class=\"mt-title\">\u00a1Esc\u00e1ndalo! Revelan los bombazos de la China Su\u00e1rez contra Vicu\u00f1a que fueron censurados en el nota con Moria Cas\u00e1n<\/h5>\n<\/div>\n<p><\/a><\/div>\n<p>The post <a href=\"https:\/\/www.paparazzi.com.ar\/teve\/bomba-total-revelan-quien-es-el-polemico-famoso-que-reemplazara-a-marcelo-tinelli-en-carnaval\/\">\u00a1Bomba total! Revelan qui\u00e9n es el pol\u00e9mico famoso que reemplazar\u00e1 a Marcelo Tinelli en Carnaval<\/a> appeared first on <a href=\"https:\/\/www.paparazzi.com.ar\">Revista Paparazzi<\/a>.<\/p>\n","protected":false},"excerpt":{"rendered":"<p>El sacud\u00f3n en Carnaval todav\u00eda se siente: la renuncia de Marcelo Tinelli, sumada a esas<\/p>\n","protected":false},"author":0,"featured_media":10333,"comment_status":"","ping_status":"","sticky":false,"template":"","format":"standard","meta":{"footnotes":""},"categories":[11],"tags":[],"class_list":["post-10332","post","type-post","status-publish","format-standard","has-post-thumbnail","hentry","category-destacadas"],"yoast_head":"<!-- This site is optimized with the Yoast SEO plugin v27.4 - https:\/\/yoast.com\/product\/yoast-seo-wordpress\/ -->\n<title>\u00a1Bomba total! Revelan qui\u00e9n es el pol\u00e9mico famoso que reemplazar\u00e1 a Marcelo Tinelli en Carnaval - Fm Gente<\/title>\n<meta name=\"robots\" content=\"index, follow, max-snippet:-1, max-image-preview:large, max-video-preview:-1\" \/>\n<link rel=\"canonical\" href=\"https:\/\/fmgente.com.ar\/web\/bomba-total-revelan-quien-es-el-polemico-famoso-que-reemplazara-a-marcelo-tinelli-en-carnaval\/\" \/>\n<meta property=\"og:locale\" content=\"es_ES\" \/>\n<meta property=\"og:type\" content=\"article\" \/>\n<meta property=\"og:title\" content=\"\u00a1Bomba total! Revelan qui\u00e9n es el pol\u00e9mico famoso que reemplazar\u00e1 a Marcelo Tinelli en Carnaval - Fm Gente\" \/>\n<meta property=\"og:description\" content=\"El sacud\u00f3n en Carnaval todav\u00eda se siente: la renuncia de Marcelo Tinelli, sumada a esas\" \/>\n<meta property=\"og:url\" content=\"https:\/\/fmgente.com.ar\/web\/bomba-total-revelan-quien-es-el-polemico-famoso-que-reemplazara-a-marcelo-tinelli-en-carnaval\/\" \/>\n<meta property=\"og:site_name\" content=\"Fm Gente\" \/>\n<meta property=\"article:published_time\" content=\"2025-11-21T21:05:24+00:00\" \/>\n<meta property=\"og:image\" content=\"https:\/\/fmgente.com.ar\/web\/wp-content\/uploads\/2025\/11\/Tinelli-Robles-1-359x226-2.jpg\" \/>\n\t<meta property=\"og:image:width\" content=\"359\" \/>\n\t<meta property=\"og:image:height\" content=\"226\" \/>\n\t<meta property=\"og:image:type\" content=\"image\/jpeg\" \/>\n<meta name=\"twitter:card\" content=\"summary_large_image\" \/>\n<meta name=\"twitter:label1\" content=\"Tiempo de lectura\" \/>\n\t<meta name=\"twitter:data1\" content=\"3 minutos\" \/>\n<script type=\"application\/ld+json\" class=\"yoast-schema-graph\">{\"@context\":\"https:\\\/\\\/schema.org\",\"@graph\":[{\"@type\":\"Article\",\"@id\":\"https:\\\/\\\/fmgente.com.ar\\\/web\\\/bomba-total-revelan-quien-es-el-polemico-famoso-que-reemplazara-a-marcelo-tinelli-en-carnaval\\\/#article\",\"isPartOf\":{\"@id\":\"https:\\\/\\\/fmgente.com.ar\\\/web\\\/bomba-total-revelan-quien-es-el-polemico-famoso-que-reemplazara-a-marcelo-tinelli-en-carnaval\\\/\"},\"author\":{\"name\":\"\",\"@id\":\"\"},\"headline\":\"\u00a1Bomba total! Revelan qui\u00e9n es el pol\u00e9mico famoso que reemplazar\u00e1 a Marcelo Tinelli en Carnaval\",\"datePublished\":\"2025-11-21T21:05:24+00:00\",\"mainEntityOfPage\":{\"@id\":\"https:\\\/\\\/fmgente.com.ar\\\/web\\\/bomba-total-revelan-quien-es-el-polemico-famoso-que-reemplazara-a-marcelo-tinelli-en-carnaval\\\/\"},\"wordCount\":582,\"publisher\":{\"@id\":\"https:\\\/\\\/fmgente.com.ar\\\/web\\\/#organization\"},\"image\":{\"@id\":\"https:\\\/\\\/fmgente.com.ar\\\/web\\\/bomba-total-revelan-quien-es-el-polemico-famoso-que-reemplazara-a-marcelo-tinelli-en-carnaval\\\/#primaryimage\"},\"thumbnailUrl\":\"https:\\\/\\\/fmgente.com.ar\\\/web\\\/wp-content\\\/uploads\\\/2025\\\/11\\\/Tinelli-Robles-1-359x226-2.jpg\",\"articleSection\":[\"DESTACADAS\"],\"inLanguage\":\"es\"},{\"@type\":\"WebPage\",\"@id\":\"https:\\\/\\\/fmgente.com.ar\\\/web\\\/bomba-total-revelan-quien-es-el-polemico-famoso-que-reemplazara-a-marcelo-tinelli-en-carnaval\\\/\",\"url\":\"https:\\\/\\\/fmgente.com.ar\\\/web\\\/bomba-total-revelan-quien-es-el-polemico-famoso-que-reemplazara-a-marcelo-tinelli-en-carnaval\\\/\",\"name\":\"\u00a1Bomba total! Revelan qui\u00e9n es el pol\u00e9mico famoso que reemplazar\u00e1 a Marcelo Tinelli en Carnaval - Fm Gente\",\"isPartOf\":{\"@id\":\"https:\\\/\\\/fmgente.com.ar\\\/web\\\/#website\"},\"primaryImageOfPage\":{\"@id\":\"https:\\\/\\\/fmgente.com.ar\\\/web\\\/bomba-total-revelan-quien-es-el-polemico-famoso-que-reemplazara-a-marcelo-tinelli-en-carnaval\\\/#primaryimage\"},\"image\":{\"@id\":\"https:\\\/\\\/fmgente.com.ar\\\/web\\\/bomba-total-revelan-quien-es-el-polemico-famoso-que-reemplazara-a-marcelo-tinelli-en-carnaval\\\/#primaryimage\"},\"thumbnailUrl\":\"https:\\\/\\\/fmgente.com.ar\\\/web\\\/wp-content\\\/uploads\\\/2025\\\/11\\\/Tinelli-Robles-1-359x226-2.jpg\",\"datePublished\":\"2025-11-21T21:05:24+00:00\",\"inLanguage\":\"es\",\"potentialAction\":[{\"@type\":\"ReadAction\",\"target\":[\"https:\\\/\\\/fmgente.com.ar\\\/web\\\/bomba-total-revelan-quien-es-el-polemico-famoso-que-reemplazara-a-marcelo-tinelli-en-carnaval\\\/\"]}]},{\"@type\":\"ImageObject\",\"inLanguage\":\"es\",\"@id\":\"https:\\\/\\\/fmgente.com.ar\\\/web\\\/bomba-total-revelan-quien-es-el-polemico-famoso-que-reemplazara-a-marcelo-tinelli-en-carnaval\\\/#primaryimage\",\"url\":\"https:\\\/\\\/fmgente.com.ar\\\/web\\\/wp-content\\\/uploads\\\/2025\\\/11\\\/Tinelli-Robles-1-359x226-2.jpg\",\"contentUrl\":\"https:\\\/\\\/fmgente.com.ar\\\/web\\\/wp-content\\\/uploads\\\/2025\\\/11\\\/Tinelli-Robles-1-359x226-2.jpg\",\"width\":359,\"height\":226},{\"@type\":\"WebSite\",\"@id\":\"https:\\\/\\\/fmgente.com.ar\\\/web\\\/#website\",\"url\":\"https:\\\/\\\/fmgente.com.ar\\\/web\\\/\",\"name\":\"Fm Gente\",\"description\":\"- Jes\u00fas Mar\u00eda\",\"publisher\":{\"@id\":\"https:\\\/\\\/fmgente.com.ar\\\/web\\\/#organization\"},\"potentialAction\":[{\"@type\":\"SearchAction\",\"target\":{\"@type\":\"EntryPoint\",\"urlTemplate\":\"https:\\\/\\\/fmgente.com.ar\\\/web\\\/?s={search_term_string}\"},\"query-input\":{\"@type\":\"PropertyValueSpecification\",\"valueRequired\":true,\"valueName\":\"search_term_string\"}}],\"inLanguage\":\"es\"},{\"@type\":\"Organization\",\"@id\":\"https:\\\/\\\/fmgente.com.ar\\\/web\\\/#organization\",\"name\":\"Fm Gente\",\"url\":\"https:\\\/\\\/fmgente.com.ar\\\/web\\\/\",\"logo\":{\"@type\":\"ImageObject\",\"inLanguage\":\"es\",\"@id\":\"https:\\\/\\\/fmgente.com.ar\\\/web\\\/#\\\/schema\\\/logo\\\/image\\\/\",\"url\":\"https:\\\/\\\/fmgente.com.ar\\\/web\\\/wp-content\\\/uploads\\\/2023\\\/07\\\/cropped-cropped-logo-sombra2.png\",\"contentUrl\":\"https:\\\/\\\/fmgente.com.ar\\\/web\\\/wp-content\\\/uploads\\\/2023\\\/07\\\/cropped-cropped-logo-sombra2.png\",\"width\":1782,\"height\":1782,\"caption\":\"Fm Gente\"},\"image\":{\"@id\":\"https:\\\/\\\/fmgente.com.ar\\\/web\\\/#\\\/schema\\\/logo\\\/image\\\/\"}}]}<\/script>\n<!-- \/ Yoast SEO plugin. -->","yoast_head_json":{"title":"\u00a1Bomba total! Revelan qui\u00e9n es el pol\u00e9mico famoso que reemplazar\u00e1 a Marcelo Tinelli en Carnaval - Fm Gente","robots":{"index":"index","follow":"follow","max-snippet":"max-snippet:-1","max-image-preview":"max-image-preview:large","max-video-preview":"max-video-preview:-1"},"canonical":"https:\/\/fmgente.com.ar\/web\/bomba-total-revelan-quien-es-el-polemico-famoso-que-reemplazara-a-marcelo-tinelli-en-carnaval\/","og_locale":"es_ES","og_type":"article","og_title":"\u00a1Bomba total! Revelan qui\u00e9n es el pol\u00e9mico famoso que reemplazar\u00e1 a Marcelo Tinelli en Carnaval - Fm Gente","og_description":"El sacud\u00f3n en Carnaval todav\u00eda se siente: la renuncia de Marcelo Tinelli, sumada a esas","og_url":"https:\/\/fmgente.com.ar\/web\/bomba-total-revelan-quien-es-el-polemico-famoso-que-reemplazara-a-marcelo-tinelli-en-carnaval\/","og_site_name":"Fm Gente","article_published_time":"2025-11-21T21:05:24+00:00","og_image":[{"width":359,"height":226,"url":"https:\/\/fmgente.com.ar\/web\/wp-content\/uploads\/2025\/11\/Tinelli-Robles-1-359x226-2.jpg","type":"image\/jpeg"}],"twitter_card":"summary_large_image","twitter_misc":{"Tiempo de lectura":"3 minutos"},"schema":{"@context":"https:\/\/schema.org","@graph":[{"@type":"Article","@id":"https:\/\/fmgente.com.ar\/web\/bomba-total-revelan-quien-es-el-polemico-famoso-que-reemplazara-a-marcelo-tinelli-en-carnaval\/#article","isPartOf":{"@id":"https:\/\/fmgente.com.ar\/web\/bomba-total-revelan-quien-es-el-polemico-famoso-que-reemplazara-a-marcelo-tinelli-en-carnaval\/"},"author":{"name":"","@id":""},"headline":"\u00a1Bomba total! Revelan qui\u00e9n es el pol\u00e9mico famoso que reemplazar\u00e1 a Marcelo Tinelli en Carnaval","datePublished":"2025-11-21T21:05:24+00:00","mainEntityOfPage":{"@id":"https:\/\/fmgente.com.ar\/web\/bomba-total-revelan-quien-es-el-polemico-famoso-que-reemplazara-a-marcelo-tinelli-en-carnaval\/"},"wordCount":582,"publisher":{"@id":"https:\/\/fmgente.com.ar\/web\/#organization"},"image":{"@id":"https:\/\/fmgente.com.ar\/web\/bomba-total-revelan-quien-es-el-polemico-famoso-que-reemplazara-a-marcelo-tinelli-en-carnaval\/#primaryimage"},"thumbnailUrl":"https:\/\/fmgente.com.ar\/web\/wp-content\/uploads\/2025\/11\/Tinelli-Robles-1-359x226-2.jpg","articleSection":["DESTACADAS"],"inLanguage":"es"},{"@type":"WebPage","@id":"https:\/\/fmgente.com.ar\/web\/bomba-total-revelan-quien-es-el-polemico-famoso-que-reemplazara-a-marcelo-tinelli-en-carnaval\/","url":"https:\/\/fmgente.com.ar\/web\/bomba-total-revelan-quien-es-el-polemico-famoso-que-reemplazara-a-marcelo-tinelli-en-carnaval\/","name":"\u00a1Bomba total! Revelan qui\u00e9n es el pol\u00e9mico famoso que reemplazar\u00e1 a Marcelo Tinelli en Carnaval - Fm Gente","isPartOf":{"@id":"https:\/\/fmgente.com.ar\/web\/#website"},"primaryImageOfPage":{"@id":"https:\/\/fmgente.com.ar\/web\/bomba-total-revelan-quien-es-el-polemico-famoso-que-reemplazara-a-marcelo-tinelli-en-carnaval\/#primaryimage"},"image":{"@id":"https:\/\/fmgente.com.ar\/web\/bomba-total-revelan-quien-es-el-polemico-famoso-que-reemplazara-a-marcelo-tinelli-en-carnaval\/#primaryimage"},"thumbnailUrl":"https:\/\/fmgente.com.ar\/web\/wp-content\/uploads\/2025\/11\/Tinelli-Robles-1-359x226-2.jpg","datePublished":"2025-11-21T21:05:24+00:00","inLanguage":"es","potentialAction":[{"@type":"ReadAction","target":["https:\/\/fmgente.com.ar\/web\/bomba-total-revelan-quien-es-el-polemico-famoso-que-reemplazara-a-marcelo-tinelli-en-carnaval\/"]}]},{"@type":"ImageObject","inLanguage":"es","@id":"https:\/\/fmgente.com.ar\/web\/bomba-total-revelan-quien-es-el-polemico-famoso-que-reemplazara-a-marcelo-tinelli-en-carnaval\/#primaryimage","url":"https:\/\/fmgente.com.ar\/web\/wp-content\/uploads\/2025\/11\/Tinelli-Robles-1-359x226-2.jpg","contentUrl":"https:\/\/fmgente.com.ar\/web\/wp-content\/uploads\/2025\/11\/Tinelli-Robles-1-359x226-2.jpg","width":359,"height":226},{"@type":"WebSite","@id":"https:\/\/fmgente.com.ar\/web\/#website","url":"https:\/\/fmgente.com.ar\/web\/","name":"Fm Gente","description":"- Jes\u00fas Mar\u00eda","publisher":{"@id":"https:\/\/fmgente.com.ar\/web\/#organization"},"potentialAction":[{"@type":"SearchAction","target":{"@type":"EntryPoint","urlTemplate":"https:\/\/fmgente.com.ar\/web\/?s={search_term_string}"},"query-input":{"@type":"PropertyValueSpecification","valueRequired":true,"valueName":"search_term_string"}}],"inLanguage":"es"},{"@type":"Organization","@id":"https:\/\/fmgente.com.ar\/web\/#organization","name":"Fm Gente","url":"https:\/\/fmgente.com.ar\/web\/","logo":{"@type":"ImageObject","inLanguage":"es","@id":"https:\/\/fmgente.com.ar\/web\/#\/schema\/logo\/image\/","url":"https:\/\/fmgente.com.ar\/web\/wp-content\/uploads\/2023\/07\/cropped-cropped-logo-sombra2.png","contentUrl":"https:\/\/fmgente.com.ar\/web\/wp-content\/uploads\/2023\/07\/cropped-cropped-logo-sombra2.png","width":1782,"height":1782,"caption":"Fm Gente"},"image":{"@id":"https:\/\/fmgente.com.ar\/web\/#\/schema\/logo\/image\/"}}]}},"_links":{"self":[{"href":"https:\/\/fmgente.com.ar\/web\/wp-json\/wp\/v2\/posts\/10332","targetHints":{"allow":["GET"]}}],"collection":[{"href":"https:\/\/fmgente.com.ar\/web\/wp-json\/wp\/v2\/posts"}],"about":[{"href":"https:\/\/fmgente.com.ar\/web\/wp-json\/wp\/v2\/types\/post"}],"replies":[{"embeddable":true,"href":"https:\/\/fmgente.com.ar\/web\/wp-json\/wp\/v2\/comments?post=10332"}],"version-history":[{"count":0,"href":"https:\/\/fmgente.com.ar\/web\/wp-json\/wp\/v2\/posts\/10332\/revisions"}],"wp:featuredmedia":[{"embeddable":true,"href":"https:\/\/fmgente.com.ar\/web\/wp-json\/wp\/v2\/media\/10333"}],"wp:attachment":[{"href":"https:\/\/fmgente.com.ar\/web\/wp-json\/wp\/v2\/media?parent=10332"}],"wp:term":[{"taxonomy":"category","embeddable":true,"href":"https:\/\/fmgente.com.ar\/web\/wp-json\/wp\/v2\/categories?post=10332"},{"taxonomy":"post_tag","embeddable":true,"href":"https:\/\/fmgente.com.ar\/web\/wp-json\/wp\/v2\/tags?post=10332"}],"curies":[{"name":"wp","href":"https:\/\/api.w.org\/{rel}","templated":true}]}}