{"id":10330,"date":"2025-11-21T17:04:56","date_gmt":"2025-11-21T20:04:56","guid":{"rendered":"https:\/\/fmgente.com.ar\/angel-de-brito-confirmo-la-salida-de-yanina-latorre-en-lam-y-abandona-para-siempre-el-programa\/"},"modified":"2025-11-21T17:04:56","modified_gmt":"2025-11-21T20:04:56","slug":"angel-de-brito-confirmo-la-salida-de-yanina-latorre-en-lam-y-abandona-para-siempre-el-programa","status":"publish","type":"post","link":"https:\/\/fmgente.com.ar\/web\/angel-de-brito-confirmo-la-salida-de-yanina-latorre-en-lam-y-abandona-para-siempre-el-programa\/","title":{"rendered":"\u00c1ngel de Brito confirm\u00f3 la salida de Yanina Latorre en LAM y abandona para siempre el programa"},"content":{"rendered":"<p>Todo ciclo exitoso, por m\u00e1s importante y grande que sea, en alg\u00fan momento llega a su fin. Y esto es lo que hoy est\u00e1 pasando en <em>LAM<\/em>, donde a partir del a\u00f1o que viene ya no contar\u00e1n con la presencia de <strong><a href=\"https:\/\/www.paparazzi.com.ar\/teve\/el-desaforado-video-de-yanina-latorre-a-los-gritos-por-su-hijo-emocion-nervios-y-una-declaracion-inesperada\/\">Yanina Latorre<\/a><\/strong>.<\/p>\n<p>La panelista hace tiempo anunci\u00f3 que dejar\u00eda el programa y esa decisi\u00f3n, entre varias cuestiones, se debe a su otro programa,<em> S\u00e1lvese quien pueda<\/em>, el cual la tiene como conductora y en el horario antes del arranque de \u00c1ngel.<\/p>\n<p>Dado a que tuvo que faltar a diferentes ediciones de <em>LAM<\/em>, o llegar tarde, lo que a ella como profesional no la hace sentir bien, opt\u00f3 por priorizar su crecimiento en el canal. Claro que esta decisi\u00f3n fue muy bien aceptada por <a href=\"https:\/\/www.paparazzi.com.ar\/romances\/chisme-angel-de-brito-le-conto-a-nazarena-velez-el-romance-de-su-novio-con-ginette-reynal-y-ella-exploto-me-revienta-la-vena\/\">de Brito<\/a>, quien anunci\u00f3 la fecha de su salida.<\/p>\n<div class=\"mt-box \">\n<h4 class=\"mt-heading\">Mir\u00e1 Tambi\u00e9n<\/h4>\n<p><a href=\"https:\/\/www.paparazzi.com.ar\/teve\/exclusivo-la-increible-salida-de-mirtha-legrand-viviendo-la-noche-portena-a-sus-98-anos\/\"><\/p>\n<div class=\"mt-content\">\n<div class=\"mt-image-container\"><img decoding=\"async\" src=\"https:\/\/www.paparazzi.com.ar\/wp-content\/uploads\/2025\/11\/\u00a1Exclusivo-La-increible-salida-de-Mirtha-Legrand-viviendo-la-noche-portena-a-sus-98-anos-359x226.jpg\" alt=\"\u00a1Exclusivo! La incre\u00edble salida de Mirtha Legrand viviendo la noche porte\u00f1a a sus 98 a\u00f1os\" class=\"mt-image\" loading=\"lazy\" \/><\/div>\n<h5 class=\"mt-title\">\u00a1Exclusivo! La incre\u00edble salida de Mirtha Legrand viviendo la noche porte\u00f1a a sus 98 a\u00f1os<\/h5>\n<\/div>\n<p><\/a><\/div>\n<p>\u201c<em>\u00bfHasta cu\u00e1ndo va a estar Yani en LAM?<\/em>\u201d, pregunt\u00f3 un usuario an\u00f3nimo. Frente a esta situaci\u00f3n, el presentador no tuvo problemas en revelar que el pr\u00f3ximo \u201c<strong>27 de diciembre<\/strong>\u201d, ser\u00e1 el \u00faltimo d\u00eda de Yanina como panelista.<\/p>\n<h2 class=\"wp-block-heading\">SE CONCRETA LA SALIDA DE YANINA LATORRE EN LAM<\/h2>\n<p>Hace apenas unas semanas cuando <a href=\"https:\/\/www.paparazzi.com.ar\/teve\/yanina-latorre-puso-contra-las-cuerdas-a-mauro-icardi-por-sus-hijas-se-quedaron-solas-no-habian-comido-y\/\">Yanina<\/a> confirm\u00f3 la noticia en El Observador, se vivi\u00f3 como un sacud\u00f3n en el mundo del espect\u00e1culo: \u201c<em>El a\u00f1o que viene dejo LAM, lo dijimos todo el a\u00f1o con \u00c1ngel, pero parece que no qued\u00f3 claro.\u00a0<\/em><\/p>\n<div class=\"mt-box \">\n<h4 class=\"mt-heading\">Mir\u00e1 Tambi\u00e9n<\/h4>\n<p><a href=\"https:\/\/www.paparazzi.com.ar\/teve\/la-enorme-lista-de-caprichos-de-yanina-latorre-para-seguir-en-america-tv-soy-conductora-me-tienen-que-dar-un\/\"><\/p>\n<div class=\"mt-content\">\n<div class=\"mt-image-container\"><img decoding=\"async\" src=\"https:\/\/www.paparazzi.com.ar\/wp-content\/uploads\/2025\/11\/Yanina-Latorre-sqp-359x226.jpg\" alt=\"La enorme lista de caprichos de Yanina Latorre para seguir en Am\u00e9rica TV: \u201cSoy conductora me tienen que dar un\u2026\u201d\" class=\"mt-image\" loading=\"lazy\" \/><\/div>\n<h5 class=\"mt-title\">La enorme lista de caprichos de Yanina Latorre para seguir en Am\u00e9rica TV: \u201cSoy conductora me tienen que dar un\u2026\u201d<\/h5>\n<\/div>\n<p><\/a><\/div>\n<p>Y en cuanto a los motivos que sum\u00f3 de su salida, explic\u00f3<em>: \u201cEs l\u00f3gico, no puedo seguir conduciendo, terminando y yendo a otro programa, llegando veinte minutos tarde. Ya empec\u00e9 a no ir los feriados, falt\u00f3 cada tanto, que antes no faltaba<\/em>\u201d.<\/p>\n<figure class=\"wp-block-image size-large\"><img decoding=\"async\" src=\"https:\/\/www.paparazzi.com.ar\/wp-content\/uploads\/2025\/11\/image-176-857x1024.png.webp\" loading=\"lazy\" alt=\"\" class=\"wp-image-453959\" \/><\/figure>\n<div class=\"mt-box \">\n<h4 class=\"mt-heading\">Mir\u00e1 Tambi\u00e9n<\/h4>\n<p><a href=\"https:\/\/www.paparazzi.com.ar\/teve\/el-motivo-oculto-por-el-que-diego-maradona-le-regalo-una-casa-a-rocio-oliva\/\"><\/p>\n<div class=\"mt-content\">\n<div class=\"mt-image-container\"><img decoding=\"async\" src=\"https:\/\/www.paparazzi.com.ar\/wp-content\/uploads\/2022\/11\/rocio-oliva-maradona-1.jpg.webp\" alt=\"El motivo oculto por el que Diego Maradona le regal\u00f3 una casa a Roc\u00edo Oliva\" class=\"mt-image\" loading=\"lazy\" \/><\/div>\n<h5 class=\"mt-title\">El motivo oculto por el que Diego Maradona le regal\u00f3 una casa a Roc\u00edo Oliva<\/h5>\n<\/div>\n<p><\/a><\/div>\n<div class=\"mt-box \">\n<h4 class=\"mt-heading\">Mir\u00e1 Tambi\u00e9n<\/h4>\n<p><a href=\"https:\/\/www.paparazzi.com.ar\/teve\/el-duro-momento-de-salud-de-la-chepi-que-la-llevo-de-urgencia-a-la-clinica-saquenme-este-dolor\/\"><\/p>\n<div class=\"mt-content\">\n<div class=\"mt-image-container\"><img decoding=\"async\" src=\"https:\/\/www.paparazzi.com.ar\/wp-content\/uploads\/2023\/07\/dani-la-chepi-insultos.png.webp\" alt=\"El duro momento de salud de La Chepi que la llev\u00f3 de urgencia a la cl\u00ednica: &quot;\u00a1S\u00e1quenme este dolor!&quot;\" class=\"mt-image\" loading=\"lazy\" \/><\/div>\n<h5 class=\"mt-title\">El duro momento de salud de La Chepi que la llev\u00f3 de urgencia a la cl\u00ednica: \u00ab\u00a1S\u00e1quenme este dolor!\u00bb<\/h5>\n<\/div>\n<p><\/a><\/div>\n<p>The post <a href=\"https:\/\/www.paparazzi.com.ar\/teve\/angel-de-brito-confirmo-la-salida-de-yanina-latorre-en-lam-y-abandona-para-siempre-el-programa\/\">\u00c1ngel de Brito confirm\u00f3 la salida de Yanina Latorre en LAM y abandona para siempre el programa<\/a> appeared first on <a href=\"https:\/\/www.paparazzi.com.ar\">Revista Paparazzi<\/a>.<\/p>\n","protected":false},"excerpt":{"rendered":"<p>Todo ciclo exitoso, por m\u00e1s importante y grande que sea, en alg\u00fan momento llega a<\/p>\n","protected":false},"author":0,"featured_media":10331,"comment_status":"","ping_status":"","sticky":false,"template":"","format":"standard","meta":{"footnotes":""},"categories":[11],"tags":[],"class_list":["post-10330","post","type-post","status-publish","format-standard","has-post-thumbnail","hentry","category-destacadas"],"yoast_head":"<!-- This site is optimized with the Yoast SEO plugin v27.4 - https:\/\/yoast.com\/product\/yoast-seo-wordpress\/ -->\n<title>\u00c1ngel de Brito confirm\u00f3 la salida de Yanina Latorre en LAM y abandona para siempre el programa - Fm Gente<\/title>\n<meta name=\"robots\" content=\"index, follow, max-snippet:-1, max-image-preview:large, max-video-preview:-1\" \/>\n<link rel=\"canonical\" href=\"https:\/\/fmgente.com.ar\/web\/angel-de-brito-confirmo-la-salida-de-yanina-latorre-en-lam-y-abandona-para-siempre-el-programa\/\" \/>\n<meta property=\"og:locale\" content=\"es_ES\" \/>\n<meta property=\"og:type\" content=\"article\" \/>\n<meta property=\"og:title\" content=\"\u00c1ngel de Brito confirm\u00f3 la salida de Yanina Latorre en LAM y abandona para siempre el programa - Fm Gente\" \/>\n<meta property=\"og:description\" content=\"Todo ciclo exitoso, por m\u00e1s importante y grande que sea, en alg\u00fan momento llega a\" \/>\n<meta property=\"og:url\" content=\"https:\/\/fmgente.com.ar\/web\/angel-de-brito-confirmo-la-salida-de-yanina-latorre-en-lam-y-abandona-para-siempre-el-programa\/\" \/>\n<meta property=\"og:site_name\" content=\"Fm Gente\" \/>\n<meta property=\"article:published_time\" content=\"2025-11-21T20:04:56+00:00\" \/>\n<meta property=\"og:image\" content=\"https:\/\/fmgente.com.ar\/web\/wp-content\/uploads\/2025\/11\/\u00a1Exclusivo-La-increible-salida-de-Mirtha-Legrand-viviendo-la-noche-portena-a-sus-98-anos-359x226-4.jpg\" \/>\n\t<meta property=\"og:image:width\" content=\"359\" \/>\n\t<meta property=\"og:image:height\" content=\"226\" \/>\n\t<meta property=\"og:image:type\" content=\"image\/jpeg\" \/>\n<meta name=\"twitter:card\" content=\"summary_large_image\" \/>\n<meta name=\"twitter:label1\" content=\"Tiempo de lectura\" \/>\n\t<meta name=\"twitter:data1\" content=\"2 minutos\" \/>\n<script type=\"application\/ld+json\" class=\"yoast-schema-graph\">{\"@context\":\"https:\\\/\\\/schema.org\",\"@graph\":[{\"@type\":\"Article\",\"@id\":\"https:\\\/\\\/fmgente.com.ar\\\/web\\\/angel-de-brito-confirmo-la-salida-de-yanina-latorre-en-lam-y-abandona-para-siempre-el-programa\\\/#article\",\"isPartOf\":{\"@id\":\"https:\\\/\\\/fmgente.com.ar\\\/web\\\/angel-de-brito-confirmo-la-salida-de-yanina-latorre-en-lam-y-abandona-para-siempre-el-programa\\\/\"},\"author\":{\"name\":\"\",\"@id\":\"\"},\"headline\":\"\u00c1ngel de Brito confirm\u00f3 la salida de Yanina Latorre en LAM y abandona para siempre el programa\",\"datePublished\":\"2025-11-21T20:04:56+00:00\",\"mainEntityOfPage\":{\"@id\":\"https:\\\/\\\/fmgente.com.ar\\\/web\\\/angel-de-brito-confirmo-la-salida-de-yanina-latorre-en-lam-y-abandona-para-siempre-el-programa\\\/\"},\"wordCount\":407,\"publisher\":{\"@id\":\"https:\\\/\\\/fmgente.com.ar\\\/web\\\/#organization\"},\"image\":{\"@id\":\"https:\\\/\\\/fmgente.com.ar\\\/web\\\/angel-de-brito-confirmo-la-salida-de-yanina-latorre-en-lam-y-abandona-para-siempre-el-programa\\\/#primaryimage\"},\"thumbnailUrl\":\"https:\\\/\\\/fmgente.com.ar\\\/web\\\/wp-content\\\/uploads\\\/2025\\\/11\\\/\u00a1Exclusivo-La-increible-salida-de-Mirtha-Legrand-viviendo-la-noche-portena-a-sus-98-anos-359x226-4.jpg\",\"articleSection\":[\"DESTACADAS\"],\"inLanguage\":\"es\"},{\"@type\":\"WebPage\",\"@id\":\"https:\\\/\\\/fmgente.com.ar\\\/web\\\/angel-de-brito-confirmo-la-salida-de-yanina-latorre-en-lam-y-abandona-para-siempre-el-programa\\\/\",\"url\":\"https:\\\/\\\/fmgente.com.ar\\\/web\\\/angel-de-brito-confirmo-la-salida-de-yanina-latorre-en-lam-y-abandona-para-siempre-el-programa\\\/\",\"name\":\"\u00c1ngel de Brito confirm\u00f3 la salida de Yanina Latorre en LAM y abandona para siempre el programa - Fm Gente\",\"isPartOf\":{\"@id\":\"https:\\\/\\\/fmgente.com.ar\\\/web\\\/#website\"},\"primaryImageOfPage\":{\"@id\":\"https:\\\/\\\/fmgente.com.ar\\\/web\\\/angel-de-brito-confirmo-la-salida-de-yanina-latorre-en-lam-y-abandona-para-siempre-el-programa\\\/#primaryimage\"},\"image\":{\"@id\":\"https:\\\/\\\/fmgente.com.ar\\\/web\\\/angel-de-brito-confirmo-la-salida-de-yanina-latorre-en-lam-y-abandona-para-siempre-el-programa\\\/#primaryimage\"},\"thumbnailUrl\":\"https:\\\/\\\/fmgente.com.ar\\\/web\\\/wp-content\\\/uploads\\\/2025\\\/11\\\/\u00a1Exclusivo-La-increible-salida-de-Mirtha-Legrand-viviendo-la-noche-portena-a-sus-98-anos-359x226-4.jpg\",\"datePublished\":\"2025-11-21T20:04:56+00:00\",\"inLanguage\":\"es\",\"potentialAction\":[{\"@type\":\"ReadAction\",\"target\":[\"https:\\\/\\\/fmgente.com.ar\\\/web\\\/angel-de-brito-confirmo-la-salida-de-yanina-latorre-en-lam-y-abandona-para-siempre-el-programa\\\/\"]}]},{\"@type\":\"ImageObject\",\"inLanguage\":\"es\",\"@id\":\"https:\\\/\\\/fmgente.com.ar\\\/web\\\/angel-de-brito-confirmo-la-salida-de-yanina-latorre-en-lam-y-abandona-para-siempre-el-programa\\\/#primaryimage\",\"url\":\"https:\\\/\\\/fmgente.com.ar\\\/web\\\/wp-content\\\/uploads\\\/2025\\\/11\\\/\u00a1Exclusivo-La-increible-salida-de-Mirtha-Legrand-viviendo-la-noche-portena-a-sus-98-anos-359x226-4.jpg\",\"contentUrl\":\"https:\\\/\\\/fmgente.com.ar\\\/web\\\/wp-content\\\/uploads\\\/2025\\\/11\\\/\u00a1Exclusivo-La-increible-salida-de-Mirtha-Legrand-viviendo-la-noche-portena-a-sus-98-anos-359x226-4.jpg\",\"width\":359,\"height\":226},{\"@type\":\"WebSite\",\"@id\":\"https:\\\/\\\/fmgente.com.ar\\\/web\\\/#website\",\"url\":\"https:\\\/\\\/fmgente.com.ar\\\/web\\\/\",\"name\":\"Fm Gente\",\"description\":\"- Jes\u00fas Mar\u00eda\",\"publisher\":{\"@id\":\"https:\\\/\\\/fmgente.com.ar\\\/web\\\/#organization\"},\"potentialAction\":[{\"@type\":\"SearchAction\",\"target\":{\"@type\":\"EntryPoint\",\"urlTemplate\":\"https:\\\/\\\/fmgente.com.ar\\\/web\\\/?s={search_term_string}\"},\"query-input\":{\"@type\":\"PropertyValueSpecification\",\"valueRequired\":true,\"valueName\":\"search_term_string\"}}],\"inLanguage\":\"es\"},{\"@type\":\"Organization\",\"@id\":\"https:\\\/\\\/fmgente.com.ar\\\/web\\\/#organization\",\"name\":\"Fm Gente\",\"url\":\"https:\\\/\\\/fmgente.com.ar\\\/web\\\/\",\"logo\":{\"@type\":\"ImageObject\",\"inLanguage\":\"es\",\"@id\":\"https:\\\/\\\/fmgente.com.ar\\\/web\\\/#\\\/schema\\\/logo\\\/image\\\/\",\"url\":\"https:\\\/\\\/fmgente.com.ar\\\/web\\\/wp-content\\\/uploads\\\/2023\\\/07\\\/cropped-cropped-logo-sombra2.png\",\"contentUrl\":\"https:\\\/\\\/fmgente.com.ar\\\/web\\\/wp-content\\\/uploads\\\/2023\\\/07\\\/cropped-cropped-logo-sombra2.png\",\"width\":1782,\"height\":1782,\"caption\":\"Fm Gente\"},\"image\":{\"@id\":\"https:\\\/\\\/fmgente.com.ar\\\/web\\\/#\\\/schema\\\/logo\\\/image\\\/\"}}]}<\/script>\n<!-- \/ Yoast SEO plugin. -->","yoast_head_json":{"title":"\u00c1ngel de Brito confirm\u00f3 la salida de Yanina Latorre en LAM y abandona para siempre el programa - Fm Gente","robots":{"index":"index","follow":"follow","max-snippet":"max-snippet:-1","max-image-preview":"max-image-preview:large","max-video-preview":"max-video-preview:-1"},"canonical":"https:\/\/fmgente.com.ar\/web\/angel-de-brito-confirmo-la-salida-de-yanina-latorre-en-lam-y-abandona-para-siempre-el-programa\/","og_locale":"es_ES","og_type":"article","og_title":"\u00c1ngel de Brito confirm\u00f3 la salida de Yanina Latorre en LAM y abandona para siempre el programa - Fm Gente","og_description":"Todo ciclo exitoso, por m\u00e1s importante y grande que sea, en alg\u00fan momento llega a","og_url":"https:\/\/fmgente.com.ar\/web\/angel-de-brito-confirmo-la-salida-de-yanina-latorre-en-lam-y-abandona-para-siempre-el-programa\/","og_site_name":"Fm Gente","article_published_time":"2025-11-21T20:04:56+00:00","og_image":[{"width":359,"height":226,"url":"https:\/\/fmgente.com.ar\/web\/wp-content\/uploads\/2025\/11\/\u00a1Exclusivo-La-increible-salida-de-Mirtha-Legrand-viviendo-la-noche-portena-a-sus-98-anos-359x226-4.jpg","type":"image\/jpeg"}],"twitter_card":"summary_large_image","twitter_misc":{"Tiempo de lectura":"2 minutos"},"schema":{"@context":"https:\/\/schema.org","@graph":[{"@type":"Article","@id":"https:\/\/fmgente.com.ar\/web\/angel-de-brito-confirmo-la-salida-de-yanina-latorre-en-lam-y-abandona-para-siempre-el-programa\/#article","isPartOf":{"@id":"https:\/\/fmgente.com.ar\/web\/angel-de-brito-confirmo-la-salida-de-yanina-latorre-en-lam-y-abandona-para-siempre-el-programa\/"},"author":{"name":"","@id":""},"headline":"\u00c1ngel de Brito confirm\u00f3 la salida de Yanina Latorre en LAM y abandona para siempre el programa","datePublished":"2025-11-21T20:04:56+00:00","mainEntityOfPage":{"@id":"https:\/\/fmgente.com.ar\/web\/angel-de-brito-confirmo-la-salida-de-yanina-latorre-en-lam-y-abandona-para-siempre-el-programa\/"},"wordCount":407,"publisher":{"@id":"https:\/\/fmgente.com.ar\/web\/#organization"},"image":{"@id":"https:\/\/fmgente.com.ar\/web\/angel-de-brito-confirmo-la-salida-de-yanina-latorre-en-lam-y-abandona-para-siempre-el-programa\/#primaryimage"},"thumbnailUrl":"https:\/\/fmgente.com.ar\/web\/wp-content\/uploads\/2025\/11\/\u00a1Exclusivo-La-increible-salida-de-Mirtha-Legrand-viviendo-la-noche-portena-a-sus-98-anos-359x226-4.jpg","articleSection":["DESTACADAS"],"inLanguage":"es"},{"@type":"WebPage","@id":"https:\/\/fmgente.com.ar\/web\/angel-de-brito-confirmo-la-salida-de-yanina-latorre-en-lam-y-abandona-para-siempre-el-programa\/","url":"https:\/\/fmgente.com.ar\/web\/angel-de-brito-confirmo-la-salida-de-yanina-latorre-en-lam-y-abandona-para-siempre-el-programa\/","name":"\u00c1ngel de Brito confirm\u00f3 la salida de Yanina Latorre en LAM y abandona para siempre el programa - Fm Gente","isPartOf":{"@id":"https:\/\/fmgente.com.ar\/web\/#website"},"primaryImageOfPage":{"@id":"https:\/\/fmgente.com.ar\/web\/angel-de-brito-confirmo-la-salida-de-yanina-latorre-en-lam-y-abandona-para-siempre-el-programa\/#primaryimage"},"image":{"@id":"https:\/\/fmgente.com.ar\/web\/angel-de-brito-confirmo-la-salida-de-yanina-latorre-en-lam-y-abandona-para-siempre-el-programa\/#primaryimage"},"thumbnailUrl":"https:\/\/fmgente.com.ar\/web\/wp-content\/uploads\/2025\/11\/\u00a1Exclusivo-La-increible-salida-de-Mirtha-Legrand-viviendo-la-noche-portena-a-sus-98-anos-359x226-4.jpg","datePublished":"2025-11-21T20:04:56+00:00","inLanguage":"es","potentialAction":[{"@type":"ReadAction","target":["https:\/\/fmgente.com.ar\/web\/angel-de-brito-confirmo-la-salida-de-yanina-latorre-en-lam-y-abandona-para-siempre-el-programa\/"]}]},{"@type":"ImageObject","inLanguage":"es","@id":"https:\/\/fmgente.com.ar\/web\/angel-de-brito-confirmo-la-salida-de-yanina-latorre-en-lam-y-abandona-para-siempre-el-programa\/#primaryimage","url":"https:\/\/fmgente.com.ar\/web\/wp-content\/uploads\/2025\/11\/\u00a1Exclusivo-La-increible-salida-de-Mirtha-Legrand-viviendo-la-noche-portena-a-sus-98-anos-359x226-4.jpg","contentUrl":"https:\/\/fmgente.com.ar\/web\/wp-content\/uploads\/2025\/11\/\u00a1Exclusivo-La-increible-salida-de-Mirtha-Legrand-viviendo-la-noche-portena-a-sus-98-anos-359x226-4.jpg","width":359,"height":226},{"@type":"WebSite","@id":"https:\/\/fmgente.com.ar\/web\/#website","url":"https:\/\/fmgente.com.ar\/web\/","name":"Fm Gente","description":"- Jes\u00fas Mar\u00eda","publisher":{"@id":"https:\/\/fmgente.com.ar\/web\/#organization"},"potentialAction":[{"@type":"SearchAction","target":{"@type":"EntryPoint","urlTemplate":"https:\/\/fmgente.com.ar\/web\/?s={search_term_string}"},"query-input":{"@type":"PropertyValueSpecification","valueRequired":true,"valueName":"search_term_string"}}],"inLanguage":"es"},{"@type":"Organization","@id":"https:\/\/fmgente.com.ar\/web\/#organization","name":"Fm Gente","url":"https:\/\/fmgente.com.ar\/web\/","logo":{"@type":"ImageObject","inLanguage":"es","@id":"https:\/\/fmgente.com.ar\/web\/#\/schema\/logo\/image\/","url":"https:\/\/fmgente.com.ar\/web\/wp-content\/uploads\/2023\/07\/cropped-cropped-logo-sombra2.png","contentUrl":"https:\/\/fmgente.com.ar\/web\/wp-content\/uploads\/2023\/07\/cropped-cropped-logo-sombra2.png","width":1782,"height":1782,"caption":"Fm Gente"},"image":{"@id":"https:\/\/fmgente.com.ar\/web\/#\/schema\/logo\/image\/"}}]}},"_links":{"self":[{"href":"https:\/\/fmgente.com.ar\/web\/wp-json\/wp\/v2\/posts\/10330","targetHints":{"allow":["GET"]}}],"collection":[{"href":"https:\/\/fmgente.com.ar\/web\/wp-json\/wp\/v2\/posts"}],"about":[{"href":"https:\/\/fmgente.com.ar\/web\/wp-json\/wp\/v2\/types\/post"}],"replies":[{"embeddable":true,"href":"https:\/\/fmgente.com.ar\/web\/wp-json\/wp\/v2\/comments?post=10330"}],"version-history":[{"count":0,"href":"https:\/\/fmgente.com.ar\/web\/wp-json\/wp\/v2\/posts\/10330\/revisions"}],"wp:featuredmedia":[{"embeddable":true,"href":"https:\/\/fmgente.com.ar\/web\/wp-json\/wp\/v2\/media\/10331"}],"wp:attachment":[{"href":"https:\/\/fmgente.com.ar\/web\/wp-json\/wp\/v2\/media?parent=10330"}],"wp:term":[{"taxonomy":"category","embeddable":true,"href":"https:\/\/fmgente.com.ar\/web\/wp-json\/wp\/v2\/categories?post=10330"},{"taxonomy":"post_tag","embeddable":true,"href":"https:\/\/fmgente.com.ar\/web\/wp-json\/wp\/v2\/tags?post=10330"}],"curies":[{"name":"wp","href":"https:\/\/api.w.org\/{rel}","templated":true}]}}