{"id":10328,"date":"2025-11-21T17:04:55","date_gmt":"2025-11-21T20:04:55","guid":{"rendered":"https:\/\/fmgente.com.ar\/que-le-pasa-a-lissa-de-bandana-insulto-en-una-nota-y-moria-casan-le-dijo-me-asuste-al-verte-tan-desarreglada\/"},"modified":"2025-11-21T17:04:55","modified_gmt":"2025-11-21T20:04:55","slug":"que-le-pasa-a-lissa-de-bandana-insulto-en-una-nota-y-moria-casan-le-dijo-me-asuste-al-verte-tan-desarreglada","status":"publish","type":"post","link":"https:\/\/fmgente.com.ar\/web\/que-le-pasa-a-lissa-de-bandana-insulto-en-una-nota-y-moria-casan-le-dijo-me-asuste-al-verte-tan-desarreglada\/","title":{"rendered":"\u00bfQu\u00e9 le pasa a Lissa de Bandana? Insult\u00f3 en una nota y Moria Cas\u00e1n le dijo &quot;Me asust\u00e9 al verte tan desarreglada&quot;"},"content":{"rendered":"<p>Hay vida farandulera m\u00e1s all\u00e1 de la China Su\u00e1rez, Icardi, Wanda Nara o el esc\u00e1ndalo de los Tinelli. Si bien todas esas cuestiones monopolizaron el inter\u00e9s del ambiente televisivo -y sobre todo chismoso- en lo que va de noviembre, hubo otros focos de inter\u00e9s que tambi\u00e9n merecieron alguna atenci\u00f3n. Uno de ellos fue, una vez m\u00e1s, una ex Bandana. Y as\u00ed como hace tres semanas la que se rob\u00f3 la atenci\u00f3n fue Lowrdez Fern\u00e1ndez, ahora las miradas recaen en Lissa Vera, precisamente una de las m\u00e1s preocupadas por lo que sucedi\u00f3 con su compa\u00f1era.<\/p>\n<p>Las dudas nacieron a partir de algo que sucedi\u00f3 en LAM. O mejor dicho, que no sucedi\u00f3 en el programa de Angel De Brito. All\u00ed iban a entrevistar a las Bandana (en realidad, a las 4 que aceptaron participar del regreso, Lourdes, Virginia, Lissa y Valeria, ya que Ivonne desisti\u00f3) pero la nota no se pudo hacer. \u00bfPor qu\u00e9? Porque tres de las cuatro estaban dispuestas y preparadas, pero Lissa no. Ten\u00eda \u00abinconvenientes\u00bb seg\u00fan se dijo y de la entrevista, anunciada con bombos y platillos, no hubo ni rastros.<\/p>\n<p>Y como el antecedente m\u00e1s inmediato es el de Lowrdes y siempre hubo rumores acerca de conductas y estabilidades dentro del grupo, las preguntas y sobre todo los rumores explotaron en cuesti\u00f3n de minutos. A esos \u00abinconvenientes\u00bb la gente le puso otros nombres que no vale repetir en este texto. \u00bfQu\u00e9 hizo el periodisimo? La l\u00f3gica: fu\u00e9 a buscar a Lissa para ver qu\u00e9 le pasaba, y c\u00f3mo Lissa no aparec\u00eda por ning\u00fan lado empez\u00f3 a contactarse con \u00absu c\u00edrculo \u00edntimo\u00bb. <\/p>\n<div class=\"mt-box \">\n<h4 class=\"mt-heading\">Mir\u00e1 Tambi\u00e9n<\/h4>\n<p><a href=\"https:\/\/www.paparazzi.com.ar\/teve\/asi-fue-la-charla-de-marcelo-tinelli-y-paula-robles-que-termino-a-los-gritos-y-con-bloqueos-te-parece-decirle-eso-a-juanita\/\"><\/p>\n<div class=\"mt-content\">\n<div class=\"mt-image-container\"><img decoding=\"async\" src=\"https:\/\/www.paparazzi.com.ar\/wp-content\/uploads\/2025\/11\/Tinelli-Robles-1-359x226.jpg\" alt=\"As\u00ed fue la charla de Marcelo Tinelli y Paula Robles que termin\u00f3 a los gritos y con bloqueos: &quot;\u00bfTe parece decirle eso a Juanita?&quot;\" class=\"mt-image\" loading=\"lazy\" \/><\/div>\n<h5 class=\"mt-title\">As\u00ed fue la charla de Marcelo Tinelli y Paula Robles que termin\u00f3 a los gritos y con bloqueos: \u00ab\u00bfTe parece decirle eso a Juanita?\u00bb<\/h5>\n<\/div>\n<p><\/a><\/div>\n<p>Tras una intensa b\u00fasqueda, a Lissa la encontr\u00f3 el programa Los Profesionales de Siempre, que con la conducci\u00f3n de Flor de la Ve sale todas las tardes por el 9. La \u00abnota\u00bb se hizo en la calle y con la cantante caminando, pero las preguntas de la notera parecieron sacarla de quicio despu\u00e9s de un inicio donde se apoy\u00f3 en el argumento de que \u00abestoy estresada\u00bb para justificar su repentina ausencia a la presentaci\u00f3n en LAM.<\/p>\n<h2 class=\"wp-block-heading\">QUE LE PASA A LISSA DE BANDANA: INSULTOS EN UNA NOTA Y UN COMENTARIO BRUTAL DE MORIA CASAN CUANDO LA VIO<\/h2>\n<p>A medida que se suced\u00edan las inquietudes de la joven movilera de Los profesionales, Lissa fue cambiando su actitud. Y aunque siempre contest\u00f3 a las apuradas, al principio parec\u00eda \u00abbastante macanuda\u00bb pero despu\u00e9s pas\u00f3 a estar tensa. Y como las \u00faltimas preguntas le molestaron, explot\u00f3: \u00abNo, boluda\u00bb le respondi\u00f3 a la cronista. \u00abEsos cambios de \u00e1nimo y esas explosiones son llamativas\u00bb se dijo por todos lados.<\/p>\n<p>El otro episodio sucedi\u00f3 hoy a la ma\u00f1ana, cuando Lissa le dio una nota a Moria Cas\u00e1n, la nueva reina de las ma\u00f1anas desde que desembarc\u00f3 en Canal 13. La diva recibi\u00f3 a la artista con una frase sorprendente. La vio -eran las 10 de la ma\u00f1ana- y fue brutalmente directa: \u00abAy&#8230;.qu\u00e9 te pas\u00f3&#8230;.debo reconocer que me asust\u00e9 cuando te vi tan desarreglada\u00bb.  <\/p>\n<div class=\"mt-box \">\n<h4 class=\"mt-heading\">Mir\u00e1 Tambi\u00e9n<\/h4>\n<p><a href=\"https:\/\/www.paparazzi.com.ar\/teve\/yanina-latorre-le-solto-la-mano-a-marcelo-tinelli-y-revelo-los-peores-datos-de-su-drama-tendria-que-haber-bancado\/\"><\/p>\n<div class=\"mt-content\">\n<div class=\"mt-image-container\"><img decoding=\"async\" src=\"https:\/\/www.paparazzi.com.ar\/wp-content\/uploads\/2025\/11\/Yanina-Latorre-Tinelli-1-359x226.jpg\" alt=\"Yanina Latorre le solt\u00f3 la mano a Marcelo Tinelli y revel\u00f3 los peores datos de su drama: &quot;Tendr\u00eda que haber bancado&quot;\" class=\"mt-image\" loading=\"lazy\" \/><\/div>\n<h5 class=\"mt-title\">Yanina Latorre le solt\u00f3 la mano a Marcelo Tinelli y revel\u00f3 los peores datos de su drama: \u00abTendr\u00eda que haber bancado\u00bb<\/h5>\n<\/div>\n<p><\/a><\/div>\n<div class=\"mt-box \">\n<h4 class=\"mt-heading\">Mir\u00e1 Tambi\u00e9n<\/h4>\n<p><a href=\"https:\/\/www.paparazzi.com.ar\/teve\/lo-fulmino-el-reclamo-inesperado-de-valentino-lopez-que-hizo-quebrar-en-llanto-a-maxi-lopez-en-masterchef\/\"><\/p>\n<div class=\"mt-content\">\n<div class=\"mt-image-container\"><img decoding=\"async\" src=\"https:\/\/www.paparazzi.com.ar\/wp-content\/uploads\/2025\/11\/maxi-lopez-masterchef-359x226.jpg\" alt=\"\u00a1Lo fulmin\u00f3! El reclamo inesperado de Valentino L\u00f3pez que hizo quebrar en llanto a Maxi L\u00f3pez en MasterChef\" class=\"mt-image\" loading=\"lazy\" \/><\/div>\n<h5 class=\"mt-title\">\u00a1Lo fulmin\u00f3! El reclamo inesperado de Valentino L\u00f3pez que hizo quebrar en llanto a Maxi L\u00f3pez en MasterChef<\/h5>\n<\/div>\n<p><\/a><\/div>\n<p>The post <a href=\"https:\/\/www.paparazzi.com.ar\/teve\/que-le-pasa-a-lissa-de-bandana-insulto-en-una-nota-y-moria-casan-le-dijo-me-asuste-al-verte-tan-desarreglada\/\">\u00bfQu\u00e9 le pasa a Lissa de Bandana? Insult\u00f3 en una nota y Moria Cas\u00e1n le dijo &quot;Me asust\u00e9 al verte tan desarreglada&quot;<\/a> appeared first on <a href=\"https:\/\/www.paparazzi.com.ar\">Revista Paparazzi<\/a>.<\/p>\n","protected":false},"excerpt":{"rendered":"<p>Hay vida farandulera m\u00e1s all\u00e1 de la China Su\u00e1rez, Icardi, Wanda Nara o el esc\u00e1ndalo<\/p>\n","protected":false},"author":0,"featured_media":10329,"comment_status":"","ping_status":"","sticky":false,"template":"","format":"standard","meta":{"footnotes":""},"categories":[11],"tags":[],"class_list":["post-10328","post","type-post","status-publish","format-standard","has-post-thumbnail","hentry","category-destacadas"],"yoast_head":"<!-- This site is optimized with the Yoast SEO plugin v27.4 - https:\/\/yoast.com\/product\/yoast-seo-wordpress\/ -->\n<title>\u00bfQu\u00e9 le pasa a Lissa de Bandana? Insult\u00f3 en una nota y Moria Cas\u00e1n le dijo &quot;Me asust\u00e9 al verte tan desarreglada&quot; - Fm Gente<\/title>\n<meta name=\"robots\" content=\"index, follow, max-snippet:-1, max-image-preview:large, max-video-preview:-1\" \/>\n<link rel=\"canonical\" href=\"https:\/\/fmgente.com.ar\/web\/que-le-pasa-a-lissa-de-bandana-insulto-en-una-nota-y-moria-casan-le-dijo-me-asuste-al-verte-tan-desarreglada\/\" \/>\n<meta property=\"og:locale\" content=\"es_ES\" \/>\n<meta property=\"og:type\" content=\"article\" \/>\n<meta property=\"og:title\" content=\"\u00bfQu\u00e9 le pasa a Lissa de Bandana? Insult\u00f3 en una nota y Moria Cas\u00e1n le dijo &quot;Me asust\u00e9 al verte tan desarreglada&quot; - Fm Gente\" \/>\n<meta property=\"og:description\" content=\"Hay vida farandulera m\u00e1s all\u00e1 de la China Su\u00e1rez, Icardi, Wanda Nara o el esc\u00e1ndalo\" \/>\n<meta property=\"og:url\" content=\"https:\/\/fmgente.com.ar\/web\/que-le-pasa-a-lissa-de-bandana-insulto-en-una-nota-y-moria-casan-le-dijo-me-asuste-al-verte-tan-desarreglada\/\" \/>\n<meta property=\"og:site_name\" content=\"Fm Gente\" \/>\n<meta property=\"article:published_time\" content=\"2025-11-21T20:04:55+00:00\" \/>\n<meta property=\"og:image\" content=\"https:\/\/fmgente.com.ar\/web\/wp-content\/uploads\/2025\/11\/Tinelli-Robles-1-359x226-1.jpg\" \/>\n\t<meta property=\"og:image:width\" content=\"359\" \/>\n\t<meta property=\"og:image:height\" content=\"226\" \/>\n\t<meta property=\"og:image:type\" content=\"image\/jpeg\" \/>\n<meta name=\"twitter:card\" content=\"summary_large_image\" \/>\n<meta name=\"twitter:label1\" content=\"Tiempo de lectura\" \/>\n\t<meta name=\"twitter:data1\" content=\"3 minutos\" \/>\n<script type=\"application\/ld+json\" class=\"yoast-schema-graph\">{\"@context\":\"https:\\\/\\\/schema.org\",\"@graph\":[{\"@type\":\"Article\",\"@id\":\"https:\\\/\\\/fmgente.com.ar\\\/web\\\/que-le-pasa-a-lissa-de-bandana-insulto-en-una-nota-y-moria-casan-le-dijo-me-asuste-al-verte-tan-desarreglada\\\/#article\",\"isPartOf\":{\"@id\":\"https:\\\/\\\/fmgente.com.ar\\\/web\\\/que-le-pasa-a-lissa-de-bandana-insulto-en-una-nota-y-moria-casan-le-dijo-me-asuste-al-verte-tan-desarreglada\\\/\"},\"author\":{\"name\":\"\",\"@id\":\"\"},\"headline\":\"\u00bfQu\u00e9 le pasa a Lissa de Bandana? Insult\u00f3 en una nota y Moria Cas\u00e1n le dijo &quot;Me asust\u00e9 al verte tan desarreglada&quot;\",\"datePublished\":\"2025-11-21T20:04:55+00:00\",\"mainEntityOfPage\":{\"@id\":\"https:\\\/\\\/fmgente.com.ar\\\/web\\\/que-le-pasa-a-lissa-de-bandana-insulto-en-una-nota-y-moria-casan-le-dijo-me-asuste-al-verte-tan-desarreglada\\\/\"},\"wordCount\":652,\"publisher\":{\"@id\":\"https:\\\/\\\/fmgente.com.ar\\\/web\\\/#organization\"},\"image\":{\"@id\":\"https:\\\/\\\/fmgente.com.ar\\\/web\\\/que-le-pasa-a-lissa-de-bandana-insulto-en-una-nota-y-moria-casan-le-dijo-me-asuste-al-verte-tan-desarreglada\\\/#primaryimage\"},\"thumbnailUrl\":\"https:\\\/\\\/fmgente.com.ar\\\/web\\\/wp-content\\\/uploads\\\/2025\\\/11\\\/Tinelli-Robles-1-359x226-1.jpg\",\"articleSection\":[\"DESTACADAS\"],\"inLanguage\":\"es\"},{\"@type\":\"WebPage\",\"@id\":\"https:\\\/\\\/fmgente.com.ar\\\/web\\\/que-le-pasa-a-lissa-de-bandana-insulto-en-una-nota-y-moria-casan-le-dijo-me-asuste-al-verte-tan-desarreglada\\\/\",\"url\":\"https:\\\/\\\/fmgente.com.ar\\\/web\\\/que-le-pasa-a-lissa-de-bandana-insulto-en-una-nota-y-moria-casan-le-dijo-me-asuste-al-verte-tan-desarreglada\\\/\",\"name\":\"\u00bfQu\u00e9 le pasa a Lissa de Bandana? Insult\u00f3 en una nota y Moria Cas\u00e1n le dijo &quot;Me asust\u00e9 al verte tan desarreglada&quot; - Fm Gente\",\"isPartOf\":{\"@id\":\"https:\\\/\\\/fmgente.com.ar\\\/web\\\/#website\"},\"primaryImageOfPage\":{\"@id\":\"https:\\\/\\\/fmgente.com.ar\\\/web\\\/que-le-pasa-a-lissa-de-bandana-insulto-en-una-nota-y-moria-casan-le-dijo-me-asuste-al-verte-tan-desarreglada\\\/#primaryimage\"},\"image\":{\"@id\":\"https:\\\/\\\/fmgente.com.ar\\\/web\\\/que-le-pasa-a-lissa-de-bandana-insulto-en-una-nota-y-moria-casan-le-dijo-me-asuste-al-verte-tan-desarreglada\\\/#primaryimage\"},\"thumbnailUrl\":\"https:\\\/\\\/fmgente.com.ar\\\/web\\\/wp-content\\\/uploads\\\/2025\\\/11\\\/Tinelli-Robles-1-359x226-1.jpg\",\"datePublished\":\"2025-11-21T20:04:55+00:00\",\"inLanguage\":\"es\",\"potentialAction\":[{\"@type\":\"ReadAction\",\"target\":[\"https:\\\/\\\/fmgente.com.ar\\\/web\\\/que-le-pasa-a-lissa-de-bandana-insulto-en-una-nota-y-moria-casan-le-dijo-me-asuste-al-verte-tan-desarreglada\\\/\"]}]},{\"@type\":\"ImageObject\",\"inLanguage\":\"es\",\"@id\":\"https:\\\/\\\/fmgente.com.ar\\\/web\\\/que-le-pasa-a-lissa-de-bandana-insulto-en-una-nota-y-moria-casan-le-dijo-me-asuste-al-verte-tan-desarreglada\\\/#primaryimage\",\"url\":\"https:\\\/\\\/fmgente.com.ar\\\/web\\\/wp-content\\\/uploads\\\/2025\\\/11\\\/Tinelli-Robles-1-359x226-1.jpg\",\"contentUrl\":\"https:\\\/\\\/fmgente.com.ar\\\/web\\\/wp-content\\\/uploads\\\/2025\\\/11\\\/Tinelli-Robles-1-359x226-1.jpg\",\"width\":359,\"height\":226},{\"@type\":\"WebSite\",\"@id\":\"https:\\\/\\\/fmgente.com.ar\\\/web\\\/#website\",\"url\":\"https:\\\/\\\/fmgente.com.ar\\\/web\\\/\",\"name\":\"Fm Gente\",\"description\":\"- Jes\u00fas Mar\u00eda\",\"publisher\":{\"@id\":\"https:\\\/\\\/fmgente.com.ar\\\/web\\\/#organization\"},\"potentialAction\":[{\"@type\":\"SearchAction\",\"target\":{\"@type\":\"EntryPoint\",\"urlTemplate\":\"https:\\\/\\\/fmgente.com.ar\\\/web\\\/?s={search_term_string}\"},\"query-input\":{\"@type\":\"PropertyValueSpecification\",\"valueRequired\":true,\"valueName\":\"search_term_string\"}}],\"inLanguage\":\"es\"},{\"@type\":\"Organization\",\"@id\":\"https:\\\/\\\/fmgente.com.ar\\\/web\\\/#organization\",\"name\":\"Fm Gente\",\"url\":\"https:\\\/\\\/fmgente.com.ar\\\/web\\\/\",\"logo\":{\"@type\":\"ImageObject\",\"inLanguage\":\"es\",\"@id\":\"https:\\\/\\\/fmgente.com.ar\\\/web\\\/#\\\/schema\\\/logo\\\/image\\\/\",\"url\":\"https:\\\/\\\/fmgente.com.ar\\\/web\\\/wp-content\\\/uploads\\\/2023\\\/07\\\/cropped-cropped-logo-sombra2.png\",\"contentUrl\":\"https:\\\/\\\/fmgente.com.ar\\\/web\\\/wp-content\\\/uploads\\\/2023\\\/07\\\/cropped-cropped-logo-sombra2.png\",\"width\":1782,\"height\":1782,\"caption\":\"Fm Gente\"},\"image\":{\"@id\":\"https:\\\/\\\/fmgente.com.ar\\\/web\\\/#\\\/schema\\\/logo\\\/image\\\/\"}}]}<\/script>\n<!-- \/ Yoast SEO plugin. -->","yoast_head_json":{"title":"\u00bfQu\u00e9 le pasa a Lissa de Bandana? Insult\u00f3 en una nota y Moria Cas\u00e1n le dijo &quot;Me asust\u00e9 al verte tan desarreglada&quot; - Fm Gente","robots":{"index":"index","follow":"follow","max-snippet":"max-snippet:-1","max-image-preview":"max-image-preview:large","max-video-preview":"max-video-preview:-1"},"canonical":"https:\/\/fmgente.com.ar\/web\/que-le-pasa-a-lissa-de-bandana-insulto-en-una-nota-y-moria-casan-le-dijo-me-asuste-al-verte-tan-desarreglada\/","og_locale":"es_ES","og_type":"article","og_title":"\u00bfQu\u00e9 le pasa a Lissa de Bandana? Insult\u00f3 en una nota y Moria Cas\u00e1n le dijo &quot;Me asust\u00e9 al verte tan desarreglada&quot; - Fm Gente","og_description":"Hay vida farandulera m\u00e1s all\u00e1 de la China Su\u00e1rez, Icardi, Wanda Nara o el esc\u00e1ndalo","og_url":"https:\/\/fmgente.com.ar\/web\/que-le-pasa-a-lissa-de-bandana-insulto-en-una-nota-y-moria-casan-le-dijo-me-asuste-al-verte-tan-desarreglada\/","og_site_name":"Fm Gente","article_published_time":"2025-11-21T20:04:55+00:00","og_image":[{"width":359,"height":226,"url":"https:\/\/fmgente.com.ar\/web\/wp-content\/uploads\/2025\/11\/Tinelli-Robles-1-359x226-1.jpg","type":"image\/jpeg"}],"twitter_card":"summary_large_image","twitter_misc":{"Tiempo de lectura":"3 minutos"},"schema":{"@context":"https:\/\/schema.org","@graph":[{"@type":"Article","@id":"https:\/\/fmgente.com.ar\/web\/que-le-pasa-a-lissa-de-bandana-insulto-en-una-nota-y-moria-casan-le-dijo-me-asuste-al-verte-tan-desarreglada\/#article","isPartOf":{"@id":"https:\/\/fmgente.com.ar\/web\/que-le-pasa-a-lissa-de-bandana-insulto-en-una-nota-y-moria-casan-le-dijo-me-asuste-al-verte-tan-desarreglada\/"},"author":{"name":"","@id":""},"headline":"\u00bfQu\u00e9 le pasa a Lissa de Bandana? Insult\u00f3 en una nota y Moria Cas\u00e1n le dijo &quot;Me asust\u00e9 al verte tan desarreglada&quot;","datePublished":"2025-11-21T20:04:55+00:00","mainEntityOfPage":{"@id":"https:\/\/fmgente.com.ar\/web\/que-le-pasa-a-lissa-de-bandana-insulto-en-una-nota-y-moria-casan-le-dijo-me-asuste-al-verte-tan-desarreglada\/"},"wordCount":652,"publisher":{"@id":"https:\/\/fmgente.com.ar\/web\/#organization"},"image":{"@id":"https:\/\/fmgente.com.ar\/web\/que-le-pasa-a-lissa-de-bandana-insulto-en-una-nota-y-moria-casan-le-dijo-me-asuste-al-verte-tan-desarreglada\/#primaryimage"},"thumbnailUrl":"https:\/\/fmgente.com.ar\/web\/wp-content\/uploads\/2025\/11\/Tinelli-Robles-1-359x226-1.jpg","articleSection":["DESTACADAS"],"inLanguage":"es"},{"@type":"WebPage","@id":"https:\/\/fmgente.com.ar\/web\/que-le-pasa-a-lissa-de-bandana-insulto-en-una-nota-y-moria-casan-le-dijo-me-asuste-al-verte-tan-desarreglada\/","url":"https:\/\/fmgente.com.ar\/web\/que-le-pasa-a-lissa-de-bandana-insulto-en-una-nota-y-moria-casan-le-dijo-me-asuste-al-verte-tan-desarreglada\/","name":"\u00bfQu\u00e9 le pasa a Lissa de Bandana? Insult\u00f3 en una nota y Moria Cas\u00e1n le dijo &quot;Me asust\u00e9 al verte tan desarreglada&quot; - Fm Gente","isPartOf":{"@id":"https:\/\/fmgente.com.ar\/web\/#website"},"primaryImageOfPage":{"@id":"https:\/\/fmgente.com.ar\/web\/que-le-pasa-a-lissa-de-bandana-insulto-en-una-nota-y-moria-casan-le-dijo-me-asuste-al-verte-tan-desarreglada\/#primaryimage"},"image":{"@id":"https:\/\/fmgente.com.ar\/web\/que-le-pasa-a-lissa-de-bandana-insulto-en-una-nota-y-moria-casan-le-dijo-me-asuste-al-verte-tan-desarreglada\/#primaryimage"},"thumbnailUrl":"https:\/\/fmgente.com.ar\/web\/wp-content\/uploads\/2025\/11\/Tinelli-Robles-1-359x226-1.jpg","datePublished":"2025-11-21T20:04:55+00:00","inLanguage":"es","potentialAction":[{"@type":"ReadAction","target":["https:\/\/fmgente.com.ar\/web\/que-le-pasa-a-lissa-de-bandana-insulto-en-una-nota-y-moria-casan-le-dijo-me-asuste-al-verte-tan-desarreglada\/"]}]},{"@type":"ImageObject","inLanguage":"es","@id":"https:\/\/fmgente.com.ar\/web\/que-le-pasa-a-lissa-de-bandana-insulto-en-una-nota-y-moria-casan-le-dijo-me-asuste-al-verte-tan-desarreglada\/#primaryimage","url":"https:\/\/fmgente.com.ar\/web\/wp-content\/uploads\/2025\/11\/Tinelli-Robles-1-359x226-1.jpg","contentUrl":"https:\/\/fmgente.com.ar\/web\/wp-content\/uploads\/2025\/11\/Tinelli-Robles-1-359x226-1.jpg","width":359,"height":226},{"@type":"WebSite","@id":"https:\/\/fmgente.com.ar\/web\/#website","url":"https:\/\/fmgente.com.ar\/web\/","name":"Fm Gente","description":"- Jes\u00fas Mar\u00eda","publisher":{"@id":"https:\/\/fmgente.com.ar\/web\/#organization"},"potentialAction":[{"@type":"SearchAction","target":{"@type":"EntryPoint","urlTemplate":"https:\/\/fmgente.com.ar\/web\/?s={search_term_string}"},"query-input":{"@type":"PropertyValueSpecification","valueRequired":true,"valueName":"search_term_string"}}],"inLanguage":"es"},{"@type":"Organization","@id":"https:\/\/fmgente.com.ar\/web\/#organization","name":"Fm Gente","url":"https:\/\/fmgente.com.ar\/web\/","logo":{"@type":"ImageObject","inLanguage":"es","@id":"https:\/\/fmgente.com.ar\/web\/#\/schema\/logo\/image\/","url":"https:\/\/fmgente.com.ar\/web\/wp-content\/uploads\/2023\/07\/cropped-cropped-logo-sombra2.png","contentUrl":"https:\/\/fmgente.com.ar\/web\/wp-content\/uploads\/2023\/07\/cropped-cropped-logo-sombra2.png","width":1782,"height":1782,"caption":"Fm Gente"},"image":{"@id":"https:\/\/fmgente.com.ar\/web\/#\/schema\/logo\/image\/"}}]}},"_links":{"self":[{"href":"https:\/\/fmgente.com.ar\/web\/wp-json\/wp\/v2\/posts\/10328","targetHints":{"allow":["GET"]}}],"collection":[{"href":"https:\/\/fmgente.com.ar\/web\/wp-json\/wp\/v2\/posts"}],"about":[{"href":"https:\/\/fmgente.com.ar\/web\/wp-json\/wp\/v2\/types\/post"}],"replies":[{"embeddable":true,"href":"https:\/\/fmgente.com.ar\/web\/wp-json\/wp\/v2\/comments?post=10328"}],"version-history":[{"count":0,"href":"https:\/\/fmgente.com.ar\/web\/wp-json\/wp\/v2\/posts\/10328\/revisions"}],"wp:featuredmedia":[{"embeddable":true,"href":"https:\/\/fmgente.com.ar\/web\/wp-json\/wp\/v2\/media\/10329"}],"wp:attachment":[{"href":"https:\/\/fmgente.com.ar\/web\/wp-json\/wp\/v2\/media?parent=10328"}],"wp:term":[{"taxonomy":"category","embeddable":true,"href":"https:\/\/fmgente.com.ar\/web\/wp-json\/wp\/v2\/categories?post=10328"},{"taxonomy":"post_tag","embeddable":true,"href":"https:\/\/fmgente.com.ar\/web\/wp-json\/wp\/v2\/tags?post=10328"}],"curies":[{"name":"wp","href":"https:\/\/api.w.org\/{rel}","templated":true}]}}