{"id":10326,"date":"2025-11-21T17:04:55","date_gmt":"2025-11-21T20:04:55","guid":{"rendered":"https:\/\/fmgente.com.ar\/preocupacion-por-el-dramatico-robo-que-sufrio-alejandra-maglietti-se-llevaron-mi\/"},"modified":"2025-11-21T17:04:55","modified_gmt":"2025-11-21T20:04:55","slug":"preocupacion-por-el-dramatico-robo-que-sufrio-alejandra-maglietti-se-llevaron-mi","status":"publish","type":"post","link":"https:\/\/fmgente.com.ar\/web\/preocupacion-por-el-dramatico-robo-que-sufrio-alejandra-maglietti-se-llevaron-mi\/","title":{"rendered":"Preocupaci\u00f3n por el dram\u00e1tico robo que sufri\u00f3 Alejandra Maglietti: \u201cSe llevaron mi\u2026\u201d"},"content":{"rendered":"<p><strong>Alejandra Maglietti<\/strong> viene teniendo d\u00edas atravesados por la angustia, la impotencia y una inevitable cuota de alerta. Cuando todav\u00eda intentaba procesar el impacto del incendio que arras\u00f3 con la f\u00e1brica de su esposo en el Polo Industrial Spegazzini, la panelista volvi\u00f3 a sufrir otro golpe inesperado: un robo en pleno Palermo Soho mientras realizaba un tr\u00e1mite.<\/p>\n<p>Todo ocurri\u00f3 sobre la calle El Salvador, en una zona que suele estar repleta de movimiento. <strong><a href=\"https:\/\/www.paparazzi.com.ar\/romances\/el-marido-de-alejandra-maglietti-revelo-como-lo-salvo-del-incendio-feroz-en-ezeiza-ella-tenia-que\/\">Maglietti<\/a><\/strong> hab\u00eda dejado su auto para entrar unos minutos a un local y retirar unas cosas. Lo que no imagin\u00f3 es que esos segundos bastar\u00edan para que delincuentes aprovecharan la distracci\u00f3n utilizando un inhibidor.<\/p>\n<p>Al regresar, <strong><a href=\"https:\/\/www.paparazzi.com.ar\/teve\/el-desolador-momento-de-alejandra-maglietti-victima-de-la-explosion-en-ezeiza-se-perdio\/\">Alejandra<\/a><\/strong> descubri\u00f3 que le hab\u00edan abierto el veh\u00edculo y que su bolso ya no estaba. El malestar inicial se multiplic\u00f3 cuando comparti\u00f3 en su Instagram lo que sufri\u00f3. <em>\u201cAyer me robaron en Palermo Soho con el famoso \u2018inhibidor\u2019. Se llevaron mi bolso con maquillaje, ropa y accesorios que iba a usar en Bendita. Desde que lo cont\u00e9, no paro de recibir mensajes de gente a la que le pas\u00f3 lo mismo, sobre todo en zonas comerciales. Tengan cuidado!!\u201d<\/em>, escribi\u00f3.<\/p>\n<div class=\"mt-box \">\n<h4 class=\"mt-heading\">Mir\u00e1 Tambi\u00e9n<\/h4>\n<p><a href=\"https:\/\/www.paparazzi.com.ar\/videos\/exclusivo-la-sensible-revelacion-de-luis-ventura-sobre-sus-noches-duermo-con-los-seres-queridos-que-ya-partieron\/\"><\/p>\n<div class=\"mt-content\">\n<div class=\"mt-image-container\"><img decoding=\"async\" src=\"https:\/\/www.paparazzi.com.ar\/wp-content\/uploads\/2025\/11\/Ventura-1-359x226.jpg\" alt=\"\u00a1Exclusivo! La sensible revelaci\u00f3n de Luis Ventura sobre sus noches: &quot;Duermo con los seres queridos que ya partieron&quot;\" class=\"mt-image\" loading=\"lazy\" \/><\/div>\n<h5 class=\"mt-title\">\u00a1Exclusivo! La sensible revelaci\u00f3n de Luis Ventura sobre sus noches: \u00abDuermo con los seres queridos que ya partieron\u00bb<\/h5>\n<\/div>\n<p><\/a><\/div>\n<p>Pero su relato no qued\u00f3 ah\u00ed. Al hablar con gente de la zona, el panorama fue a\u00fan m\u00e1s desalentador. <em>\u201cAhora hablo con la gente del local sobre la calle El Salvador al que hab\u00eda ido a retirar cosas y me dicen que es una constante. Estoy tratando de conseguir las c\u00e1maras para hacer la denuncia, pero evidentemente lo hacen en zonas donde la gente se baja del auto un ratito, pasan con una mochila o algo que disimula el inhibidor. \u00a1As\u00ed que ya saben corroboren el auto haya cerrado correctamente!\u201d<\/em>, advirti\u00f3 <strong><a href=\"https:\/\/www.paparazzi.com.ar\/teve\/alejandra-maglietti-revelo-las-noches-de-terror-que-sufrio-con-su-bebe-de-2-meses-mucho-miedo\/\">Maglietti<\/a><\/strong>. No se trataba de un hecho aislado.<\/p>\n<h2 class=\"wp-block-heading\">ALEJANDRA MAGLIETTI RELAT\u00d3 EL ROBO QUE SUFRI\u00d3 EN SU AUTO<\/h2>\n<p>El episodio se suma a una modalidad delictiva que varias personas de Palermo vienen se\u00f1alando desde hace tiempo: robos r\u00e1pidos, silenciosos y muy dif\u00edciles de detectar, especialmente en zonas donde los conductores se detienen solo un momento. Para <strong>Maglietti<\/strong>, que ya ven\u00eda golpeada por el incendio del polo industrial de Ezeiza, fue otro golpe en una semana donde sobr\u00f3 tensi\u00f3n.<\/p>\n<p>El incendio hab\u00eda ocurrido d\u00edas antes, afectando a m\u00e1s de una docena de empresas, entre ellas Pl\u00e1sticos Lago, propiedad de su esposo, Juan Manuel Lago. <strong>Alejandra<\/strong> cont\u00f3 el dolor de ver c\u00f3mo a\u00f1os de esfuerzo se perd\u00edan en cuesti\u00f3n de horas.<\/p>\n<div class=\"mt-box \">\n<h4 class=\"mt-heading\">Mir\u00e1 Tambi\u00e9n<\/h4>\n<p><a href=\"https:\/\/www.paparazzi.com.ar\/romances\/el-marido-de-alejandra-maglietti-revelo-como-lo-salvo-del-incendio-feroz-en-ezeiza-ella-tenia-que\/\"><\/p>\n<div class=\"mt-content\">\n<div class=\"mt-image-container\"><img decoding=\"async\" src=\"https:\/\/www.paparazzi.com.ar\/wp-content\/uploads\/2025\/11\/Alejandra-Maglietti-359x226.jpg\" alt=\"El marido de Alejandra Maglietti revel\u00f3 c\u00f3mo lo salv\u00f3 del incendio feroz en Ezeiza: \u201cElla ten\u00eda que\u2026\u201d\" class=\"mt-image\" loading=\"lazy\" \/><\/div>\n<h5 class=\"mt-title\">El marido de Alejandra Maglietti revel\u00f3 c\u00f3mo lo salv\u00f3 del incendio feroz en Ezeiza: \u201cElla ten\u00eda que\u2026\u201d<\/h5>\n<\/div>\n<p><\/a><\/div>\n<p><em>\u201cFue terrible y todav\u00eda estoy recuper\u00e1ndome de estos momentos porque fue el trabajo de toda una vida que se perdi\u00f3. Mi pareja es uno de los afectados, Pl\u00e1sticos Lago, no es donde se produjo la explosi\u00f3n. Son como 13 o 14 empresas que est\u00e1n afectadas. Son 3000 puestos de trabajo porque es una explosi\u00f3n que se llev\u00f3 puesto pr\u00e1cticamente todo un polo industrial\u201d<\/em>, describi\u00f3.<\/p>\n<p>Sin dudas que la vida de <strong>Maglietti<\/strong> ha tenido varios giros negativos por estos d\u00edas. Entre un incendio devastador y un abrupto robo, la panelista busca esperar que esta tormenta pase pronto y pueda acomodarse nuevamente. Y es que, por lo menos hasta ahora, parece no pegar una.<\/p>\n<figure class=\"wp-block-image size-full\"><img decoding=\"async\" width=\"322\" height=\"575\" src=\"https:\/\/www.paparazzi.com.ar\/wp-content\/uploads\/2025\/11\/alejandra-maglietti-1.png.webp\" loading=\"lazy\" alt=\"\" class=\"wp-image-453977\" \/><\/figure>\n<div class=\"mt-box \">\n<h4 class=\"mt-heading\">Mir\u00e1 Tambi\u00e9n<\/h4>\n<p><a href=\"https:\/\/www.paparazzi.com.ar\/teve\/el-desolador-momento-de-alejandra-maglietti-victima-de-la-explosion-en-ezeiza-se-perdio\/\"><\/p>\n<div class=\"mt-content\">\n<div class=\"mt-image-container\"><img decoding=\"async\" src=\"https:\/\/www.paparazzi.com.ar\/wp-content\/uploads\/2025\/11\/Alejandra-Maglietti-Incendio-359x226.jpg\" alt=\"El desolador momento de Alejandra Maglietti, v\u00edctima de la explosi\u00f3n en Ezeiza: \u201cSe perdi\u00f3\u2026\u201d\" class=\"mt-image\" loading=\"lazy\" \/><\/div>\n<h5 class=\"mt-title\">El desolador momento de Alejandra Maglietti, v\u00edctima de la explosi\u00f3n en Ezeiza: \u201cSe perdi\u00f3\u2026\u201d<\/h5>\n<\/div>\n<p><\/a><\/div>\n<div class=\"mt-box \">\n<h4 class=\"mt-heading\">Mir\u00e1 Tambi\u00e9n<\/h4>\n<p><a href=\"https:\/\/www.paparazzi.com.ar\/teve\/alejandra-maglietti-revelo-las-noches-de-terror-que-sufrio-con-su-bebe-de-2-meses-mucho-miedo\/\"><\/p>\n<div class=\"mt-content\">\n<div class=\"mt-image-container\"><img decoding=\"async\" src=\"https:\/\/www.paparazzi.com.ar\/wp-content\/uploads\/2025\/10\/Alejandra-Maglietti-359x226.jpg\" alt=\"Alejandra Maglietti revel\u00f3 las noches de terror que sufri\u00f3 con su beb\u00e9 de 2 meses: \u201cMucho miedo\u201d\" class=\"mt-image\" loading=\"lazy\" \/><\/div>\n<h5 class=\"mt-title\">Alejandra Maglietti revel\u00f3 las noches de terror que sufri\u00f3 con su beb\u00e9 de 2 meses: \u201cMucho miedo\u201d<\/h5>\n<\/div>\n<p><\/a><\/div>\n<p>The post <a href=\"https:\/\/www.paparazzi.com.ar\/teve\/preocupacion-por-el-dramatico-robo-que-sufrio-alejandra-maglietti-se-llevaron-mi\/\">Preocupaci\u00f3n por el dram\u00e1tico robo que sufri\u00f3 Alejandra Maglietti: \u201cSe llevaron mi\u2026\u201d<\/a> appeared first on <a href=\"https:\/\/www.paparazzi.com.ar\">Revista Paparazzi<\/a>.<\/p>\n","protected":false},"excerpt":{"rendered":"<p>Alejandra Maglietti viene teniendo d\u00edas atravesados por la angustia, la impotencia y una inevitable cuota<\/p>\n","protected":false},"author":0,"featured_media":10327,"comment_status":"","ping_status":"","sticky":false,"template":"","format":"standard","meta":{"footnotes":""},"categories":[11],"tags":[],"class_list":["post-10326","post","type-post","status-publish","format-standard","has-post-thumbnail","hentry","category-destacadas"],"yoast_head":"<!-- This site is optimized with the Yoast SEO plugin v27.4 - https:\/\/yoast.com\/product\/yoast-seo-wordpress\/ -->\n<title>Preocupaci\u00f3n por el dram\u00e1tico robo que sufri\u00f3 Alejandra Maglietti: \u201cSe llevaron mi\u2026\u201d - Fm Gente<\/title>\n<meta name=\"robots\" content=\"index, follow, max-snippet:-1, max-image-preview:large, max-video-preview:-1\" \/>\n<link rel=\"canonical\" href=\"https:\/\/fmgente.com.ar\/web\/preocupacion-por-el-dramatico-robo-que-sufrio-alejandra-maglietti-se-llevaron-mi\/\" \/>\n<meta property=\"og:locale\" content=\"es_ES\" \/>\n<meta property=\"og:type\" content=\"article\" \/>\n<meta property=\"og:title\" content=\"Preocupaci\u00f3n por el dram\u00e1tico robo que sufri\u00f3 Alejandra Maglietti: \u201cSe llevaron mi\u2026\u201d - Fm Gente\" \/>\n<meta property=\"og:description\" content=\"Alejandra Maglietti viene teniendo d\u00edas atravesados por la angustia, la impotencia y una inevitable cuota\" \/>\n<meta property=\"og:url\" content=\"https:\/\/fmgente.com.ar\/web\/preocupacion-por-el-dramatico-robo-que-sufrio-alejandra-maglietti-se-llevaron-mi\/\" \/>\n<meta property=\"og:site_name\" content=\"Fm Gente\" \/>\n<meta property=\"article:published_time\" content=\"2025-11-21T20:04:55+00:00\" \/>\n<meta property=\"og:image\" content=\"https:\/\/fmgente.com.ar\/web\/wp-content\/uploads\/2025\/11\/Ventura-1-359x226-65.jpg\" \/>\n\t<meta property=\"og:image:width\" content=\"359\" \/>\n\t<meta property=\"og:image:height\" content=\"226\" \/>\n\t<meta property=\"og:image:type\" content=\"image\/jpeg\" \/>\n<meta name=\"twitter:card\" content=\"summary_large_image\" \/>\n<meta name=\"twitter:label1\" content=\"Tiempo de lectura\" \/>\n\t<meta name=\"twitter:data1\" content=\"3 minutos\" \/>\n<script type=\"application\/ld+json\" class=\"yoast-schema-graph\">{\"@context\":\"https:\\\/\\\/schema.org\",\"@graph\":[{\"@type\":\"Article\",\"@id\":\"https:\\\/\\\/fmgente.com.ar\\\/web\\\/preocupacion-por-el-dramatico-robo-que-sufrio-alejandra-maglietti-se-llevaron-mi\\\/#article\",\"isPartOf\":{\"@id\":\"https:\\\/\\\/fmgente.com.ar\\\/web\\\/preocupacion-por-el-dramatico-robo-que-sufrio-alejandra-maglietti-se-llevaron-mi\\\/\"},\"author\":{\"name\":\"\",\"@id\":\"\"},\"headline\":\"Preocupaci\u00f3n por el dram\u00e1tico robo que sufri\u00f3 Alejandra Maglietti: \u201cSe llevaron mi\u2026\u201d\",\"datePublished\":\"2025-11-21T20:04:55+00:00\",\"mainEntityOfPage\":{\"@id\":\"https:\\\/\\\/fmgente.com.ar\\\/web\\\/preocupacion-por-el-dramatico-robo-que-sufrio-alejandra-maglietti-se-llevaron-mi\\\/\"},\"wordCount\":657,\"publisher\":{\"@id\":\"https:\\\/\\\/fmgente.com.ar\\\/web\\\/#organization\"},\"image\":{\"@id\":\"https:\\\/\\\/fmgente.com.ar\\\/web\\\/preocupacion-por-el-dramatico-robo-que-sufrio-alejandra-maglietti-se-llevaron-mi\\\/#primaryimage\"},\"thumbnailUrl\":\"https:\\\/\\\/fmgente.com.ar\\\/web\\\/wp-content\\\/uploads\\\/2025\\\/11\\\/Ventura-1-359x226-65.jpg\",\"articleSection\":[\"DESTACADAS\"],\"inLanguage\":\"es\"},{\"@type\":\"WebPage\",\"@id\":\"https:\\\/\\\/fmgente.com.ar\\\/web\\\/preocupacion-por-el-dramatico-robo-que-sufrio-alejandra-maglietti-se-llevaron-mi\\\/\",\"url\":\"https:\\\/\\\/fmgente.com.ar\\\/web\\\/preocupacion-por-el-dramatico-robo-que-sufrio-alejandra-maglietti-se-llevaron-mi\\\/\",\"name\":\"Preocupaci\u00f3n por el dram\u00e1tico robo que sufri\u00f3 Alejandra Maglietti: \u201cSe llevaron mi\u2026\u201d - Fm Gente\",\"isPartOf\":{\"@id\":\"https:\\\/\\\/fmgente.com.ar\\\/web\\\/#website\"},\"primaryImageOfPage\":{\"@id\":\"https:\\\/\\\/fmgente.com.ar\\\/web\\\/preocupacion-por-el-dramatico-robo-que-sufrio-alejandra-maglietti-se-llevaron-mi\\\/#primaryimage\"},\"image\":{\"@id\":\"https:\\\/\\\/fmgente.com.ar\\\/web\\\/preocupacion-por-el-dramatico-robo-que-sufrio-alejandra-maglietti-se-llevaron-mi\\\/#primaryimage\"},\"thumbnailUrl\":\"https:\\\/\\\/fmgente.com.ar\\\/web\\\/wp-content\\\/uploads\\\/2025\\\/11\\\/Ventura-1-359x226-65.jpg\",\"datePublished\":\"2025-11-21T20:04:55+00:00\",\"inLanguage\":\"es\",\"potentialAction\":[{\"@type\":\"ReadAction\",\"target\":[\"https:\\\/\\\/fmgente.com.ar\\\/web\\\/preocupacion-por-el-dramatico-robo-que-sufrio-alejandra-maglietti-se-llevaron-mi\\\/\"]}]},{\"@type\":\"ImageObject\",\"inLanguage\":\"es\",\"@id\":\"https:\\\/\\\/fmgente.com.ar\\\/web\\\/preocupacion-por-el-dramatico-robo-que-sufrio-alejandra-maglietti-se-llevaron-mi\\\/#primaryimage\",\"url\":\"https:\\\/\\\/fmgente.com.ar\\\/web\\\/wp-content\\\/uploads\\\/2025\\\/11\\\/Ventura-1-359x226-65.jpg\",\"contentUrl\":\"https:\\\/\\\/fmgente.com.ar\\\/web\\\/wp-content\\\/uploads\\\/2025\\\/11\\\/Ventura-1-359x226-65.jpg\",\"width\":359,\"height\":226},{\"@type\":\"WebSite\",\"@id\":\"https:\\\/\\\/fmgente.com.ar\\\/web\\\/#website\",\"url\":\"https:\\\/\\\/fmgente.com.ar\\\/web\\\/\",\"name\":\"Fm Gente\",\"description\":\"- Jes\u00fas Mar\u00eda\",\"publisher\":{\"@id\":\"https:\\\/\\\/fmgente.com.ar\\\/web\\\/#organization\"},\"potentialAction\":[{\"@type\":\"SearchAction\",\"target\":{\"@type\":\"EntryPoint\",\"urlTemplate\":\"https:\\\/\\\/fmgente.com.ar\\\/web\\\/?s={search_term_string}\"},\"query-input\":{\"@type\":\"PropertyValueSpecification\",\"valueRequired\":true,\"valueName\":\"search_term_string\"}}],\"inLanguage\":\"es\"},{\"@type\":\"Organization\",\"@id\":\"https:\\\/\\\/fmgente.com.ar\\\/web\\\/#organization\",\"name\":\"Fm Gente\",\"url\":\"https:\\\/\\\/fmgente.com.ar\\\/web\\\/\",\"logo\":{\"@type\":\"ImageObject\",\"inLanguage\":\"es\",\"@id\":\"https:\\\/\\\/fmgente.com.ar\\\/web\\\/#\\\/schema\\\/logo\\\/image\\\/\",\"url\":\"https:\\\/\\\/fmgente.com.ar\\\/web\\\/wp-content\\\/uploads\\\/2023\\\/07\\\/cropped-cropped-logo-sombra2.png\",\"contentUrl\":\"https:\\\/\\\/fmgente.com.ar\\\/web\\\/wp-content\\\/uploads\\\/2023\\\/07\\\/cropped-cropped-logo-sombra2.png\",\"width\":1782,\"height\":1782,\"caption\":\"Fm Gente\"},\"image\":{\"@id\":\"https:\\\/\\\/fmgente.com.ar\\\/web\\\/#\\\/schema\\\/logo\\\/image\\\/\"}}]}<\/script>\n<!-- \/ Yoast SEO plugin. -->","yoast_head_json":{"title":"Preocupaci\u00f3n por el dram\u00e1tico robo que sufri\u00f3 Alejandra Maglietti: \u201cSe llevaron mi\u2026\u201d - Fm Gente","robots":{"index":"index","follow":"follow","max-snippet":"max-snippet:-1","max-image-preview":"max-image-preview:large","max-video-preview":"max-video-preview:-1"},"canonical":"https:\/\/fmgente.com.ar\/web\/preocupacion-por-el-dramatico-robo-que-sufrio-alejandra-maglietti-se-llevaron-mi\/","og_locale":"es_ES","og_type":"article","og_title":"Preocupaci\u00f3n por el dram\u00e1tico robo que sufri\u00f3 Alejandra Maglietti: \u201cSe llevaron mi\u2026\u201d - Fm Gente","og_description":"Alejandra Maglietti viene teniendo d\u00edas atravesados por la angustia, la impotencia y una inevitable cuota","og_url":"https:\/\/fmgente.com.ar\/web\/preocupacion-por-el-dramatico-robo-que-sufrio-alejandra-maglietti-se-llevaron-mi\/","og_site_name":"Fm Gente","article_published_time":"2025-11-21T20:04:55+00:00","og_image":[{"width":359,"height":226,"url":"https:\/\/fmgente.com.ar\/web\/wp-content\/uploads\/2025\/11\/Ventura-1-359x226-65.jpg","type":"image\/jpeg"}],"twitter_card":"summary_large_image","twitter_misc":{"Tiempo de lectura":"3 minutos"},"schema":{"@context":"https:\/\/schema.org","@graph":[{"@type":"Article","@id":"https:\/\/fmgente.com.ar\/web\/preocupacion-por-el-dramatico-robo-que-sufrio-alejandra-maglietti-se-llevaron-mi\/#article","isPartOf":{"@id":"https:\/\/fmgente.com.ar\/web\/preocupacion-por-el-dramatico-robo-que-sufrio-alejandra-maglietti-se-llevaron-mi\/"},"author":{"name":"","@id":""},"headline":"Preocupaci\u00f3n por el dram\u00e1tico robo que sufri\u00f3 Alejandra Maglietti: \u201cSe llevaron mi\u2026\u201d","datePublished":"2025-11-21T20:04:55+00:00","mainEntityOfPage":{"@id":"https:\/\/fmgente.com.ar\/web\/preocupacion-por-el-dramatico-robo-que-sufrio-alejandra-maglietti-se-llevaron-mi\/"},"wordCount":657,"publisher":{"@id":"https:\/\/fmgente.com.ar\/web\/#organization"},"image":{"@id":"https:\/\/fmgente.com.ar\/web\/preocupacion-por-el-dramatico-robo-que-sufrio-alejandra-maglietti-se-llevaron-mi\/#primaryimage"},"thumbnailUrl":"https:\/\/fmgente.com.ar\/web\/wp-content\/uploads\/2025\/11\/Ventura-1-359x226-65.jpg","articleSection":["DESTACADAS"],"inLanguage":"es"},{"@type":"WebPage","@id":"https:\/\/fmgente.com.ar\/web\/preocupacion-por-el-dramatico-robo-que-sufrio-alejandra-maglietti-se-llevaron-mi\/","url":"https:\/\/fmgente.com.ar\/web\/preocupacion-por-el-dramatico-robo-que-sufrio-alejandra-maglietti-se-llevaron-mi\/","name":"Preocupaci\u00f3n por el dram\u00e1tico robo que sufri\u00f3 Alejandra Maglietti: \u201cSe llevaron mi\u2026\u201d - Fm Gente","isPartOf":{"@id":"https:\/\/fmgente.com.ar\/web\/#website"},"primaryImageOfPage":{"@id":"https:\/\/fmgente.com.ar\/web\/preocupacion-por-el-dramatico-robo-que-sufrio-alejandra-maglietti-se-llevaron-mi\/#primaryimage"},"image":{"@id":"https:\/\/fmgente.com.ar\/web\/preocupacion-por-el-dramatico-robo-que-sufrio-alejandra-maglietti-se-llevaron-mi\/#primaryimage"},"thumbnailUrl":"https:\/\/fmgente.com.ar\/web\/wp-content\/uploads\/2025\/11\/Ventura-1-359x226-65.jpg","datePublished":"2025-11-21T20:04:55+00:00","inLanguage":"es","potentialAction":[{"@type":"ReadAction","target":["https:\/\/fmgente.com.ar\/web\/preocupacion-por-el-dramatico-robo-que-sufrio-alejandra-maglietti-se-llevaron-mi\/"]}]},{"@type":"ImageObject","inLanguage":"es","@id":"https:\/\/fmgente.com.ar\/web\/preocupacion-por-el-dramatico-robo-que-sufrio-alejandra-maglietti-se-llevaron-mi\/#primaryimage","url":"https:\/\/fmgente.com.ar\/web\/wp-content\/uploads\/2025\/11\/Ventura-1-359x226-65.jpg","contentUrl":"https:\/\/fmgente.com.ar\/web\/wp-content\/uploads\/2025\/11\/Ventura-1-359x226-65.jpg","width":359,"height":226},{"@type":"WebSite","@id":"https:\/\/fmgente.com.ar\/web\/#website","url":"https:\/\/fmgente.com.ar\/web\/","name":"Fm Gente","description":"- Jes\u00fas Mar\u00eda","publisher":{"@id":"https:\/\/fmgente.com.ar\/web\/#organization"},"potentialAction":[{"@type":"SearchAction","target":{"@type":"EntryPoint","urlTemplate":"https:\/\/fmgente.com.ar\/web\/?s={search_term_string}"},"query-input":{"@type":"PropertyValueSpecification","valueRequired":true,"valueName":"search_term_string"}}],"inLanguage":"es"},{"@type":"Organization","@id":"https:\/\/fmgente.com.ar\/web\/#organization","name":"Fm Gente","url":"https:\/\/fmgente.com.ar\/web\/","logo":{"@type":"ImageObject","inLanguage":"es","@id":"https:\/\/fmgente.com.ar\/web\/#\/schema\/logo\/image\/","url":"https:\/\/fmgente.com.ar\/web\/wp-content\/uploads\/2023\/07\/cropped-cropped-logo-sombra2.png","contentUrl":"https:\/\/fmgente.com.ar\/web\/wp-content\/uploads\/2023\/07\/cropped-cropped-logo-sombra2.png","width":1782,"height":1782,"caption":"Fm Gente"},"image":{"@id":"https:\/\/fmgente.com.ar\/web\/#\/schema\/logo\/image\/"}}]}},"_links":{"self":[{"href":"https:\/\/fmgente.com.ar\/web\/wp-json\/wp\/v2\/posts\/10326","targetHints":{"allow":["GET"]}}],"collection":[{"href":"https:\/\/fmgente.com.ar\/web\/wp-json\/wp\/v2\/posts"}],"about":[{"href":"https:\/\/fmgente.com.ar\/web\/wp-json\/wp\/v2\/types\/post"}],"replies":[{"embeddable":true,"href":"https:\/\/fmgente.com.ar\/web\/wp-json\/wp\/v2\/comments?post=10326"}],"version-history":[{"count":0,"href":"https:\/\/fmgente.com.ar\/web\/wp-json\/wp\/v2\/posts\/10326\/revisions"}],"wp:featuredmedia":[{"embeddable":true,"href":"https:\/\/fmgente.com.ar\/web\/wp-json\/wp\/v2\/media\/10327"}],"wp:attachment":[{"href":"https:\/\/fmgente.com.ar\/web\/wp-json\/wp\/v2\/media?parent=10326"}],"wp:term":[{"taxonomy":"category","embeddable":true,"href":"https:\/\/fmgente.com.ar\/web\/wp-json\/wp\/v2\/categories?post=10326"},{"taxonomy":"post_tag","embeddable":true,"href":"https:\/\/fmgente.com.ar\/web\/wp-json\/wp\/v2\/tags?post=10326"}],"curies":[{"name":"wp","href":"https:\/\/api.w.org\/{rel}","templated":true}]}}