{"id":10324,"date":"2025-11-21T16:05:07","date_gmt":"2025-11-21T19:05:07","guid":{"rendered":"https:\/\/fmgente.com.ar\/con-apenas-26-anos-morena-rial-recibio-la-peor-noticia-de-su-vida-en-la-carcel-se-lo-van-a-sacar\/"},"modified":"2025-11-21T16:05:07","modified_gmt":"2025-11-21T19:05:07","slug":"con-apenas-26-anos-morena-rial-recibio-la-peor-noticia-de-su-vida-en-la-carcel-se-lo-van-a-sacar","status":"publish","type":"post","link":"https:\/\/fmgente.com.ar\/web\/con-apenas-26-anos-morena-rial-recibio-la-peor-noticia-de-su-vida-en-la-carcel-se-lo-van-a-sacar\/","title":{"rendered":"Con apenas 26 a\u00f1os, Morena Rial recibi\u00f3 la peor noticia de su vida en la c\u00e1rcel: &quot;Se lo van a sacar&quot;"},"content":{"rendered":"<p><strong><a href=\"https:\/\/www.paparazzi.com.ar\/teve\/la-polemica-decision-de-jorge-rial-mientras-su-hija-morena-rial-esta-presa-que-indigno-a-todos\/\">Morena Rial<\/a><\/strong> vive uno de sus peores a\u00f1os; el 2025 se transform\u00f3 hace unos meses en un verdadero infierno. A partir de su detenci\u00f3n, la joven qued\u00f3 realmente comprometida con su futuro y es probable que no salga por un tiempo contundente.<\/p>\n<p>Hace solo unos d\u00edas se supo que <a href=\"https:\/\/www.paparazzi.com.ar\/teve\/morena-rial-sufrio-una-crisis-de-llanto-y-gritos-en-la-carcel-esta-mal-la-situacion-es-muy-delicada\/\">Morena<\/a> tuvo una crisis nerviosa dentro de la c\u00e1rcel, la pol\u00e9mica no tard\u00f3 en aparecer; se filtr\u00f3 un chat de ella con otra persona y esto gener\u00f3 todo un revuelo, dado a que, seg\u00fan se inform\u00f3 en la previa de su detenci\u00f3n, no pod\u00eda tener celular.<\/p>\n<p>\u201c<em>Qu\u00e9 onda<\/em>\u201d, le envi\u00f3 la hija de Rial a uno de sus contactos. En esa misma sinton\u00eda, apareci\u00f3 una imagen en su cuenta de Instagram, la cual se supon\u00eda que estaba prohibido que las use, desde la Unidad 51 tomaron cartas en el asunto y le quitar\u00e1n el tel\u00e9fono.<\/p>\n<div class=\"mt-box \">\n<h4 class=\"mt-heading\">Mir\u00e1 Tambi\u00e9n<\/h4>\n<p><a href=\"https:\/\/www.paparazzi.com.ar\/teve\/exclusivo-la-increible-salida-de-mirtha-legrand-viviendo-la-noche-portena-a-sus-98-anos\/\"><\/p>\n<div class=\"mt-content\">\n<div class=\"mt-image-container\"><img decoding=\"async\" src=\"https:\/\/www.paparazzi.com.ar\/wp-content\/uploads\/2025\/11\/\u00a1Exclusivo-La-increible-salida-de-Mirtha-Legrand-viviendo-la-noche-portena-a-sus-98-anos-359x226.jpg\" alt=\"\u00a1Exclusivo! La incre\u00edble salida de Mirtha Legrand viviendo la noche porte\u00f1a a sus 98 a\u00f1os\" class=\"mt-image\" loading=\"lazy\" \/><\/div>\n<h5 class=\"mt-title\">\u00a1Exclusivo! La incre\u00edble salida de Mirtha Legrand viviendo la noche porte\u00f1a a sus 98 a\u00f1os<\/h5>\n<\/div>\n<p><\/a><\/div>\n<p>\u201c<em>A las 17 se lo van a sacar<\/em>\u201d, asever\u00f3 <a href=\"https:\/\/www.paparazzi.com.ar\/teve\/la-durisima-respuesta-de-marixa-balli-luego-de-que-guido-zaffora-la-acusara-de-acostarse-con-medio-pais\/\">Z\u00e1ffora<\/a>. Mientras que <strong>Mart\u00edn Leiro<\/strong>, el nuevo abogado que tiene Morena, sali\u00f3 a romper el silencio. Sacando a la luz los detalles de esta situaci\u00f3n, expres\u00f3 cu\u00e1l es el acuerdo al lograron llegar.<\/p>\n<h2 class=\"wp-block-heading\">MORENA RIAL EN UNA DUALIDAD COMPLICADA DENTRO DE LA C\u00c1RCEL<\/h2>\n<p>\u201c<em>Ella firm\u00f3 un acta de compromiso: tiene prohibido entrar a las redes y hablar con la prensa. Ella no hizo ninguna publicaci\u00f3n. Esa cuenta, @morenarialokk, est\u00e1 captando seguidores, pe<\/em>ro no la usa Morena, la maneja otra persona, que desconozco qui\u00e9n es\u201d, explic\u00f3 el letrado.<\/p>\n<div class=\"mt-box \">\n<h4 class=\"mt-heading\">Mir\u00e1 Tambi\u00e9n<\/h4>\n<p><a href=\"https:\/\/www.paparazzi.com.ar\/teve\/la-polemica-decision-de-jorge-rial-mientras-su-hija-morena-rial-esta-presa-que-indigno-a-todos\/\"><\/p>\n<div class=\"mt-content\">\n<div class=\"mt-image-container\"><img decoding=\"async\" src=\"https:\/\/www.paparazzi.com.ar\/wp-content\/uploads\/2025\/08\/Jorge-Rial-anuncio-una-noticia-impactante-sobre-los-problemas-de-su-hija-Morena-Rial-22Hay-que-darla22.jpg.webp\" alt=\"La pol\u00e9mica decisi\u00f3n de Jorge Rial mientras su hija Morena Rial est\u00e1 presa que indign\u00f3 a todos\" class=\"mt-image\" loading=\"lazy\" \/><\/div>\n<h5 class=\"mt-title\">La pol\u00e9mica decisi\u00f3n de Jorge Rial mientras su hija Morena Rial est\u00e1 presa que indign\u00f3 a todos<\/h5>\n<\/div>\n<p><\/a><\/div>\n<p>Y aportando m\u00e1s detalles sobre su caso, aport\u00f3: \u201c<em>La m\u00e1xima autoridad del servicio penitenciario de la Unidad me dijo que ella viene bien con el tel\u00e9fono. Est\u00e1 totalmente cambiada y lo est\u00e1 demostrando d\u00eda a d\u00eda. Habla con el pap\u00e1 y se pone a llorar. Est\u00e1 bien y contenta porque est\u00e1 en plena comunicaci\u00f3n con Jorge Rial. Se est\u00e1n revinculando<\/em>\u00ab.<\/p>\n<div class=\"mt-box \">\n<h4 class=\"mt-heading\">Mir\u00e1 Tambi\u00e9n<\/h4>\n<p><a href=\"https:\/\/www.paparazzi.com.ar\/teve\/juana-tinelli-se-puso-mas-firme-que-nunca-y-ubico-la-relacion-con-su-papa-en-la-mira-nunca-va-a-existir\/\"><\/p>\n<div class=\"mt-content\">\n<div class=\"mt-image-container\"><img decoding=\"async\" src=\"https:\/\/www.paparazzi.com.ar\/wp-content\/uploads\/2025\/11\/Juana-Tinelli-se-puso-mas-firme-que-nunca-y-ubico-la-relacion-con-su-papa-en-la-mira-22Nunca-va-a-existir.22-359x226.jpg\" alt=\"Juana Tinelli se puso m\u00e1s firme que nunca y ubic\u00f3 la relaci\u00f3n con su pap\u00e1 en la mira: &quot;Nunca va a existir...&quot;\" class=\"mt-image\" loading=\"lazy\" \/><\/div>\n<h5 class=\"mt-title\">Juana Tinelli se puso m\u00e1s firme que nunca y ubic\u00f3 la relaci\u00f3n con su pap\u00e1 en la mira: \u00abNunca va a existir&#8230;\u00bb<\/h5>\n<\/div>\n<p><\/a><\/div>\n<div class=\"mt-box \">\n<h4 class=\"mt-heading\">Mir\u00e1 Tambi\u00e9n<\/h4>\n<p><a href=\"https:\/\/www.paparazzi.com.ar\/teve\/el-escandaloso-video-de-la-china-suarez-que-enfurecio-a-wanda-nara-se-arruino-todo-con-icardi-por-sus-hijas\/\"><\/p>\n<div class=\"mt-content\">\n<div class=\"mt-image-container\"><img decoding=\"async\" src=\"https:\/\/www.paparazzi.com.ar\/wp-content\/uploads\/2025\/11\/El-escandaloso-video-de-la-China-Suarez-que-enfurecio-a-Wanda-Nara-se-arruino-todo-con-Icardi-por-sus-hijas-359x226.jpeg\" alt=\"El escandaloso video de la China Su\u00e1rez que enfureci\u00f3 a Wanda Nara: se arruin\u00f3 todo con Icardi por sus hijas\" class=\"mt-image\" loading=\"lazy\" \/><\/div>\n<h5 class=\"mt-title\">El escandaloso video de la China Su\u00e1rez que enfureci\u00f3 a Wanda Nara: se arruin\u00f3 todo con Icardi por sus hijas<\/h5>\n<\/div>\n<p><\/a><\/div>\n<p>The post <a href=\"https:\/\/www.paparazzi.com.ar\/teve\/con-apenas-26-anos-morena-rial-recibio-la-peor-noticia-de-su-vida-en-la-carcel-se-lo-van-a-sacar\/\">Con apenas 26 a\u00f1os, Morena Rial recibi\u00f3 la peor noticia de su vida en la c\u00e1rcel: &quot;Se lo van a sacar&quot;<\/a> appeared first on <a href=\"https:\/\/www.paparazzi.com.ar\">Revista Paparazzi<\/a>.<\/p>\n","protected":false},"excerpt":{"rendered":"<p>Morena Rial vive uno de sus peores a\u00f1os; el 2025 se transform\u00f3 hace unos meses<\/p>\n","protected":false},"author":0,"featured_media":10325,"comment_status":"","ping_status":"","sticky":false,"template":"","format":"standard","meta":{"footnotes":""},"categories":[11],"tags":[],"class_list":["post-10324","post","type-post","status-publish","format-standard","has-post-thumbnail","hentry","category-destacadas"],"yoast_head":"<!-- This site is optimized with the Yoast SEO plugin v27.4 - https:\/\/yoast.com\/product\/yoast-seo-wordpress\/ -->\n<title>Con apenas 26 a\u00f1os, Morena Rial recibi\u00f3 la peor noticia de su vida en la c\u00e1rcel: &quot;Se lo van a sacar&quot; - Fm Gente<\/title>\n<meta name=\"robots\" content=\"index, follow, max-snippet:-1, max-image-preview:large, max-video-preview:-1\" \/>\n<link rel=\"canonical\" href=\"https:\/\/fmgente.com.ar\/web\/con-apenas-26-anos-morena-rial-recibio-la-peor-noticia-de-su-vida-en-la-carcel-se-lo-van-a-sacar\/\" \/>\n<meta property=\"og:locale\" content=\"es_ES\" \/>\n<meta property=\"og:type\" content=\"article\" \/>\n<meta property=\"og:title\" content=\"Con apenas 26 a\u00f1os, Morena Rial recibi\u00f3 la peor noticia de su vida en la c\u00e1rcel: &quot;Se lo van a sacar&quot; - Fm Gente\" \/>\n<meta property=\"og:description\" content=\"Morena Rial vive uno de sus peores a\u00f1os; el 2025 se transform\u00f3 hace unos meses\" \/>\n<meta property=\"og:url\" content=\"https:\/\/fmgente.com.ar\/web\/con-apenas-26-anos-morena-rial-recibio-la-peor-noticia-de-su-vida-en-la-carcel-se-lo-van-a-sacar\/\" \/>\n<meta property=\"og:site_name\" content=\"Fm Gente\" \/>\n<meta property=\"article:published_time\" content=\"2025-11-21T19:05:07+00:00\" \/>\n<meta property=\"og:image\" content=\"https:\/\/fmgente.com.ar\/web\/wp-content\/uploads\/2025\/11\/\u00a1Exclusivo-La-increible-salida-de-Mirtha-Legrand-viviendo-la-noche-portena-a-sus-98-anos-359x226-3.jpg\" \/>\n\t<meta property=\"og:image:width\" content=\"359\" \/>\n\t<meta property=\"og:image:height\" content=\"226\" \/>\n\t<meta property=\"og:image:type\" content=\"image\/jpeg\" \/>\n<meta name=\"twitter:card\" content=\"summary_large_image\" \/>\n<meta name=\"twitter:label1\" content=\"Tiempo de lectura\" \/>\n\t<meta name=\"twitter:data1\" content=\"2 minutos\" \/>\n<script type=\"application\/ld+json\" class=\"yoast-schema-graph\">{\"@context\":\"https:\\\/\\\/schema.org\",\"@graph\":[{\"@type\":\"Article\",\"@id\":\"https:\\\/\\\/fmgente.com.ar\\\/web\\\/con-apenas-26-anos-morena-rial-recibio-la-peor-noticia-de-su-vida-en-la-carcel-se-lo-van-a-sacar\\\/#article\",\"isPartOf\":{\"@id\":\"https:\\\/\\\/fmgente.com.ar\\\/web\\\/con-apenas-26-anos-morena-rial-recibio-la-peor-noticia-de-su-vida-en-la-carcel-se-lo-van-a-sacar\\\/\"},\"author\":{\"name\":\"\",\"@id\":\"\"},\"headline\":\"Con apenas 26 a\u00f1os, Morena Rial recibi\u00f3 la peor noticia de su vida en la c\u00e1rcel: &quot;Se lo van a sacar&quot;\",\"datePublished\":\"2025-11-21T19:05:07+00:00\",\"mainEntityOfPage\":{\"@id\":\"https:\\\/\\\/fmgente.com.ar\\\/web\\\/con-apenas-26-anos-morena-rial-recibio-la-peor-noticia-de-su-vida-en-la-carcel-se-lo-van-a-sacar\\\/\"},\"wordCount\":471,\"publisher\":{\"@id\":\"https:\\\/\\\/fmgente.com.ar\\\/web\\\/#organization\"},\"image\":{\"@id\":\"https:\\\/\\\/fmgente.com.ar\\\/web\\\/con-apenas-26-anos-morena-rial-recibio-la-peor-noticia-de-su-vida-en-la-carcel-se-lo-van-a-sacar\\\/#primaryimage\"},\"thumbnailUrl\":\"https:\\\/\\\/fmgente.com.ar\\\/web\\\/wp-content\\\/uploads\\\/2025\\\/11\\\/\u00a1Exclusivo-La-increible-salida-de-Mirtha-Legrand-viviendo-la-noche-portena-a-sus-98-anos-359x226-3.jpg\",\"articleSection\":[\"DESTACADAS\"],\"inLanguage\":\"es\"},{\"@type\":\"WebPage\",\"@id\":\"https:\\\/\\\/fmgente.com.ar\\\/web\\\/con-apenas-26-anos-morena-rial-recibio-la-peor-noticia-de-su-vida-en-la-carcel-se-lo-van-a-sacar\\\/\",\"url\":\"https:\\\/\\\/fmgente.com.ar\\\/web\\\/con-apenas-26-anos-morena-rial-recibio-la-peor-noticia-de-su-vida-en-la-carcel-se-lo-van-a-sacar\\\/\",\"name\":\"Con apenas 26 a\u00f1os, Morena Rial recibi\u00f3 la peor noticia de su vida en la c\u00e1rcel: &quot;Se lo van a sacar&quot; - Fm Gente\",\"isPartOf\":{\"@id\":\"https:\\\/\\\/fmgente.com.ar\\\/web\\\/#website\"},\"primaryImageOfPage\":{\"@id\":\"https:\\\/\\\/fmgente.com.ar\\\/web\\\/con-apenas-26-anos-morena-rial-recibio-la-peor-noticia-de-su-vida-en-la-carcel-se-lo-van-a-sacar\\\/#primaryimage\"},\"image\":{\"@id\":\"https:\\\/\\\/fmgente.com.ar\\\/web\\\/con-apenas-26-anos-morena-rial-recibio-la-peor-noticia-de-su-vida-en-la-carcel-se-lo-van-a-sacar\\\/#primaryimage\"},\"thumbnailUrl\":\"https:\\\/\\\/fmgente.com.ar\\\/web\\\/wp-content\\\/uploads\\\/2025\\\/11\\\/\u00a1Exclusivo-La-increible-salida-de-Mirtha-Legrand-viviendo-la-noche-portena-a-sus-98-anos-359x226-3.jpg\",\"datePublished\":\"2025-11-21T19:05:07+00:00\",\"inLanguage\":\"es\",\"potentialAction\":[{\"@type\":\"ReadAction\",\"target\":[\"https:\\\/\\\/fmgente.com.ar\\\/web\\\/con-apenas-26-anos-morena-rial-recibio-la-peor-noticia-de-su-vida-en-la-carcel-se-lo-van-a-sacar\\\/\"]}]},{\"@type\":\"ImageObject\",\"inLanguage\":\"es\",\"@id\":\"https:\\\/\\\/fmgente.com.ar\\\/web\\\/con-apenas-26-anos-morena-rial-recibio-la-peor-noticia-de-su-vida-en-la-carcel-se-lo-van-a-sacar\\\/#primaryimage\",\"url\":\"https:\\\/\\\/fmgente.com.ar\\\/web\\\/wp-content\\\/uploads\\\/2025\\\/11\\\/\u00a1Exclusivo-La-increible-salida-de-Mirtha-Legrand-viviendo-la-noche-portena-a-sus-98-anos-359x226-3.jpg\",\"contentUrl\":\"https:\\\/\\\/fmgente.com.ar\\\/web\\\/wp-content\\\/uploads\\\/2025\\\/11\\\/\u00a1Exclusivo-La-increible-salida-de-Mirtha-Legrand-viviendo-la-noche-portena-a-sus-98-anos-359x226-3.jpg\",\"width\":359,\"height\":226},{\"@type\":\"WebSite\",\"@id\":\"https:\\\/\\\/fmgente.com.ar\\\/web\\\/#website\",\"url\":\"https:\\\/\\\/fmgente.com.ar\\\/web\\\/\",\"name\":\"Fm Gente\",\"description\":\"- Jes\u00fas Mar\u00eda\",\"publisher\":{\"@id\":\"https:\\\/\\\/fmgente.com.ar\\\/web\\\/#organization\"},\"potentialAction\":[{\"@type\":\"SearchAction\",\"target\":{\"@type\":\"EntryPoint\",\"urlTemplate\":\"https:\\\/\\\/fmgente.com.ar\\\/web\\\/?s={search_term_string}\"},\"query-input\":{\"@type\":\"PropertyValueSpecification\",\"valueRequired\":true,\"valueName\":\"search_term_string\"}}],\"inLanguage\":\"es\"},{\"@type\":\"Organization\",\"@id\":\"https:\\\/\\\/fmgente.com.ar\\\/web\\\/#organization\",\"name\":\"Fm Gente\",\"url\":\"https:\\\/\\\/fmgente.com.ar\\\/web\\\/\",\"logo\":{\"@type\":\"ImageObject\",\"inLanguage\":\"es\",\"@id\":\"https:\\\/\\\/fmgente.com.ar\\\/web\\\/#\\\/schema\\\/logo\\\/image\\\/\",\"url\":\"https:\\\/\\\/fmgente.com.ar\\\/web\\\/wp-content\\\/uploads\\\/2023\\\/07\\\/cropped-cropped-logo-sombra2.png\",\"contentUrl\":\"https:\\\/\\\/fmgente.com.ar\\\/web\\\/wp-content\\\/uploads\\\/2023\\\/07\\\/cropped-cropped-logo-sombra2.png\",\"width\":1782,\"height\":1782,\"caption\":\"Fm Gente\"},\"image\":{\"@id\":\"https:\\\/\\\/fmgente.com.ar\\\/web\\\/#\\\/schema\\\/logo\\\/image\\\/\"}}]}<\/script>\n<!-- \/ Yoast SEO plugin. -->","yoast_head_json":{"title":"Con apenas 26 a\u00f1os, Morena Rial recibi\u00f3 la peor noticia de su vida en la c\u00e1rcel: &quot;Se lo van a sacar&quot; - Fm Gente","robots":{"index":"index","follow":"follow","max-snippet":"max-snippet:-1","max-image-preview":"max-image-preview:large","max-video-preview":"max-video-preview:-1"},"canonical":"https:\/\/fmgente.com.ar\/web\/con-apenas-26-anos-morena-rial-recibio-la-peor-noticia-de-su-vida-en-la-carcel-se-lo-van-a-sacar\/","og_locale":"es_ES","og_type":"article","og_title":"Con apenas 26 a\u00f1os, Morena Rial recibi\u00f3 la peor noticia de su vida en la c\u00e1rcel: &quot;Se lo van a sacar&quot; - Fm Gente","og_description":"Morena Rial vive uno de sus peores a\u00f1os; el 2025 se transform\u00f3 hace unos meses","og_url":"https:\/\/fmgente.com.ar\/web\/con-apenas-26-anos-morena-rial-recibio-la-peor-noticia-de-su-vida-en-la-carcel-se-lo-van-a-sacar\/","og_site_name":"Fm Gente","article_published_time":"2025-11-21T19:05:07+00:00","og_image":[{"width":359,"height":226,"url":"https:\/\/fmgente.com.ar\/web\/wp-content\/uploads\/2025\/11\/\u00a1Exclusivo-La-increible-salida-de-Mirtha-Legrand-viviendo-la-noche-portena-a-sus-98-anos-359x226-3.jpg","type":"image\/jpeg"}],"twitter_card":"summary_large_image","twitter_misc":{"Tiempo de lectura":"2 minutos"},"schema":{"@context":"https:\/\/schema.org","@graph":[{"@type":"Article","@id":"https:\/\/fmgente.com.ar\/web\/con-apenas-26-anos-morena-rial-recibio-la-peor-noticia-de-su-vida-en-la-carcel-se-lo-van-a-sacar\/#article","isPartOf":{"@id":"https:\/\/fmgente.com.ar\/web\/con-apenas-26-anos-morena-rial-recibio-la-peor-noticia-de-su-vida-en-la-carcel-se-lo-van-a-sacar\/"},"author":{"name":"","@id":""},"headline":"Con apenas 26 a\u00f1os, Morena Rial recibi\u00f3 la peor noticia de su vida en la c\u00e1rcel: &quot;Se lo van a sacar&quot;","datePublished":"2025-11-21T19:05:07+00:00","mainEntityOfPage":{"@id":"https:\/\/fmgente.com.ar\/web\/con-apenas-26-anos-morena-rial-recibio-la-peor-noticia-de-su-vida-en-la-carcel-se-lo-van-a-sacar\/"},"wordCount":471,"publisher":{"@id":"https:\/\/fmgente.com.ar\/web\/#organization"},"image":{"@id":"https:\/\/fmgente.com.ar\/web\/con-apenas-26-anos-morena-rial-recibio-la-peor-noticia-de-su-vida-en-la-carcel-se-lo-van-a-sacar\/#primaryimage"},"thumbnailUrl":"https:\/\/fmgente.com.ar\/web\/wp-content\/uploads\/2025\/11\/\u00a1Exclusivo-La-increible-salida-de-Mirtha-Legrand-viviendo-la-noche-portena-a-sus-98-anos-359x226-3.jpg","articleSection":["DESTACADAS"],"inLanguage":"es"},{"@type":"WebPage","@id":"https:\/\/fmgente.com.ar\/web\/con-apenas-26-anos-morena-rial-recibio-la-peor-noticia-de-su-vida-en-la-carcel-se-lo-van-a-sacar\/","url":"https:\/\/fmgente.com.ar\/web\/con-apenas-26-anos-morena-rial-recibio-la-peor-noticia-de-su-vida-en-la-carcel-se-lo-van-a-sacar\/","name":"Con apenas 26 a\u00f1os, Morena Rial recibi\u00f3 la peor noticia de su vida en la c\u00e1rcel: &quot;Se lo van a sacar&quot; - Fm Gente","isPartOf":{"@id":"https:\/\/fmgente.com.ar\/web\/#website"},"primaryImageOfPage":{"@id":"https:\/\/fmgente.com.ar\/web\/con-apenas-26-anos-morena-rial-recibio-la-peor-noticia-de-su-vida-en-la-carcel-se-lo-van-a-sacar\/#primaryimage"},"image":{"@id":"https:\/\/fmgente.com.ar\/web\/con-apenas-26-anos-morena-rial-recibio-la-peor-noticia-de-su-vida-en-la-carcel-se-lo-van-a-sacar\/#primaryimage"},"thumbnailUrl":"https:\/\/fmgente.com.ar\/web\/wp-content\/uploads\/2025\/11\/\u00a1Exclusivo-La-increible-salida-de-Mirtha-Legrand-viviendo-la-noche-portena-a-sus-98-anos-359x226-3.jpg","datePublished":"2025-11-21T19:05:07+00:00","inLanguage":"es","potentialAction":[{"@type":"ReadAction","target":["https:\/\/fmgente.com.ar\/web\/con-apenas-26-anos-morena-rial-recibio-la-peor-noticia-de-su-vida-en-la-carcel-se-lo-van-a-sacar\/"]}]},{"@type":"ImageObject","inLanguage":"es","@id":"https:\/\/fmgente.com.ar\/web\/con-apenas-26-anos-morena-rial-recibio-la-peor-noticia-de-su-vida-en-la-carcel-se-lo-van-a-sacar\/#primaryimage","url":"https:\/\/fmgente.com.ar\/web\/wp-content\/uploads\/2025\/11\/\u00a1Exclusivo-La-increible-salida-de-Mirtha-Legrand-viviendo-la-noche-portena-a-sus-98-anos-359x226-3.jpg","contentUrl":"https:\/\/fmgente.com.ar\/web\/wp-content\/uploads\/2025\/11\/\u00a1Exclusivo-La-increible-salida-de-Mirtha-Legrand-viviendo-la-noche-portena-a-sus-98-anos-359x226-3.jpg","width":359,"height":226},{"@type":"WebSite","@id":"https:\/\/fmgente.com.ar\/web\/#website","url":"https:\/\/fmgente.com.ar\/web\/","name":"Fm Gente","description":"- Jes\u00fas Mar\u00eda","publisher":{"@id":"https:\/\/fmgente.com.ar\/web\/#organization"},"potentialAction":[{"@type":"SearchAction","target":{"@type":"EntryPoint","urlTemplate":"https:\/\/fmgente.com.ar\/web\/?s={search_term_string}"},"query-input":{"@type":"PropertyValueSpecification","valueRequired":true,"valueName":"search_term_string"}}],"inLanguage":"es"},{"@type":"Organization","@id":"https:\/\/fmgente.com.ar\/web\/#organization","name":"Fm Gente","url":"https:\/\/fmgente.com.ar\/web\/","logo":{"@type":"ImageObject","inLanguage":"es","@id":"https:\/\/fmgente.com.ar\/web\/#\/schema\/logo\/image\/","url":"https:\/\/fmgente.com.ar\/web\/wp-content\/uploads\/2023\/07\/cropped-cropped-logo-sombra2.png","contentUrl":"https:\/\/fmgente.com.ar\/web\/wp-content\/uploads\/2023\/07\/cropped-cropped-logo-sombra2.png","width":1782,"height":1782,"caption":"Fm Gente"},"image":{"@id":"https:\/\/fmgente.com.ar\/web\/#\/schema\/logo\/image\/"}}]}},"_links":{"self":[{"href":"https:\/\/fmgente.com.ar\/web\/wp-json\/wp\/v2\/posts\/10324","targetHints":{"allow":["GET"]}}],"collection":[{"href":"https:\/\/fmgente.com.ar\/web\/wp-json\/wp\/v2\/posts"}],"about":[{"href":"https:\/\/fmgente.com.ar\/web\/wp-json\/wp\/v2\/types\/post"}],"replies":[{"embeddable":true,"href":"https:\/\/fmgente.com.ar\/web\/wp-json\/wp\/v2\/comments?post=10324"}],"version-history":[{"count":0,"href":"https:\/\/fmgente.com.ar\/web\/wp-json\/wp\/v2\/posts\/10324\/revisions"}],"wp:featuredmedia":[{"embeddable":true,"href":"https:\/\/fmgente.com.ar\/web\/wp-json\/wp\/v2\/media\/10325"}],"wp:attachment":[{"href":"https:\/\/fmgente.com.ar\/web\/wp-json\/wp\/v2\/media?parent=10324"}],"wp:term":[{"taxonomy":"category","embeddable":true,"href":"https:\/\/fmgente.com.ar\/web\/wp-json\/wp\/v2\/categories?post=10324"},{"taxonomy":"post_tag","embeddable":true,"href":"https:\/\/fmgente.com.ar\/web\/wp-json\/wp\/v2\/tags?post=10324"}],"curies":[{"name":"wp","href":"https:\/\/api.w.org\/{rel}","templated":true}]}}