{"id":10322,"date":"2025-11-21T16:05:07","date_gmt":"2025-11-21T19:05:07","guid":{"rendered":"https:\/\/fmgente.com.ar\/explota-todo-lissa-vera-destapo-su-grave-crisis-con-lowrdez-y-todas-sus-companeras-a-horas-del-regreso-de-bandana\/"},"modified":"2025-11-21T16:05:07","modified_gmt":"2025-11-21T19:05:07","slug":"explota-todo-lissa-vera-destapo-su-grave-crisis-con-lowrdez-y-todas-sus-companeras-a-horas-del-regreso-de-bandana","status":"publish","type":"post","link":"https:\/\/fmgente.com.ar\/web\/explota-todo-lissa-vera-destapo-su-grave-crisis-con-lowrdez-y-todas-sus-companeras-a-horas-del-regreso-de-bandana\/","title":{"rendered":"\u00a1Explota todo! Lissa Vera destap\u00f3 su grave crisis con Lowrdez y todas sus compa\u00f1eras a horas del regreso de Bandana"},"content":{"rendered":"<p>El regreso de <strong>Bandana<\/strong> luego de 25 a\u00f1os es como un milagro luego del drama que padeci\u00f3 <strong>Lowrdez Fern\u00e1ndez<\/strong>. Pero en vez de vivirlo como una fiesta, todo es caos e incertidumbre para <strong>Lissa Vera<\/strong>,quien rompi\u00f3 el silencio en <strong>La Ma\u00f1ana con Moria<\/strong>. Lejos de minimizar el conflicto que atraviesa el grupo en la previa, dej\u00f3 en claro que la interna con <strong><a href=\"https:\/\/www.paparazzi.com.ar\/tag\/lowrdez-fernandez\/\">Lowrdez <\/a><\/strong>no s\u00f3lo sigue viva: la tiene agotada y al borde del colapso.<\/p>\n<p>Entre cansada y furiosa, <a href=\"https:\/\/www.paparazzi.com.ar\/tag\/lissa-vera\/\">Lissa <\/a>confes\u00f3 que no viene pasando su mejor momento y que incluso tuvo que bajarse de varias notas, como la de <strong>LAM<\/strong>, por el nivel de estr\u00e9s que sufre. Su hermano sali\u00f3 a bancarla y revel\u00f3 que atraviesa un cuadro de <em>\u201cestr\u00e9s postraum\u00e1tico\u201d <\/em>por todo lo que pas\u00f3 con el ex novio de su amiga, <strong>Leandro Garc\u00eda G\u00f3mez<\/strong>, a quien denunci\u00f3 por violencia junto con la mam\u00e1 de Fern\u00e1ndez.<\/p>\n<p>Primero, Lissa sent\u00f3 posici\u00f3n: \u201c<em>Bandana no tiene manager<\/em>\u201d, lanz\u00f3, filosa. Asegur\u00f3 que trabaja con su propio equipo y que no piensa dejarse manejar por <em>\u201cgente non sancta\u201d<\/em> que ya sac\u00f3 de su vida. Y aclar\u00f3 que su \u00fanico compromiso real es con el show del domingo en el Movistar Arena: lo hace porque es parte del acuerdo, no por entusiasmo. <\/p>\n<div class=\"mt-box \">\n<h4 class=\"mt-heading\">Mir\u00e1 Tambi\u00e9n<\/h4>\n<p><a href=\"https:\/\/www.paparazzi.com.ar\/teve\/el-angustiante-momento-que-vivio-lissa-vera-luego-de-que-dejara-de-funcionar-su-boton-antipanico\/\"><\/p>\n<div class=\"mt-content\">\n<div class=\"mt-image-container\"><img decoding=\"async\" src=\"https:\/\/www.paparazzi.com.ar\/wp-content\/uploads\/2022\/07\/lissa-vera-home.png.webp\" alt=\"El angustiante momento que vivi\u00f3 Lissa Vera luego de que dejara de funcionar su bot\u00f3n antip\u00e1nico\" class=\"mt-image\" loading=\"lazy\" \/><\/div>\n<h5 class=\"mt-title\">El angustiante momento que vivi\u00f3 Lissa Vera luego de que dejara de funcionar su bot\u00f3n antip\u00e1nico<\/h5>\n<\/div>\n<p><\/a><\/div>\n<p>Despu\u00e9s vino la frase que encendi\u00f3 todas las alarmas. Seg\u00fan Lissa, la crisis explot\u00f3 cuando <a href=\"https:\/\/www.paparazzi.com.ar\/teve\/los-detalles-del-calvario-de-lowrdez-de-bandana-mas-conmocionantes-los-gritos-de-auxilio\/\">Lowrdez <\/a>filtr\u00f3 mensajes internos y la dej\u00f3 expuesta. \u201c<em>Me trat\u00f3 de mentirosa para que nada de lo que diga se tome en serio<\/em>\u201d, cont\u00f3. Y sostuvo que esa maniobra fue clave para debilitarla frente al resto de las chicas. <\/p>\n<h2 class=\"wp-block-heading\">LISSA VERA HABL\u00d3 DE SUS CONFLICTOS CON LOWRDEZ<\/h2>\n<p>Lissa Vera cont\u00f3 que estos roces con Lowrdez no son nuevos. \u201c<em>El a\u00f1o pasado dej\u00e9 de hablarle porque no pod\u00eda trabajar con ella<\/em>\u201d, revel\u00f3 la artista\u00a0 sin titubear. Y explic\u00f3 que hab\u00edan logrado recomponer algo por el aniversario de la banda\u2026 hasta que los c\u00f3digos se rompieron una vez m\u00e1s. <\/p>\n<p>Ah\u00ed apareci\u00f3 su confesi\u00f3n m\u00e1s dolorosa: la sensaci\u00f3n de abandono. \u201c<em>Todos me soltaron la mano<\/em>\u201d, dijo Vera, dolida, comparando el trato que recibe con el blindaje hist\u00f3rico hacia su compa\u00f1era. Y cerr\u00f3 con una cruda y realista reflexi\u00f3n: \u201c<em>Si le hubiese pasado algo a Lourdes, la fecha del domingo no exist\u00eda<\/em>\u201d.<\/p>\n<div class=\"mt-box \">\n<h4 class=\"mt-heading\">Mir\u00e1 Tambi\u00e9n<\/h4>\n<p><a href=\"https:\/\/www.paparazzi.com.ar\/teve\/terrorifico-augurio-de-lissa-vera-sobre-lowrdez-fernandez-va-a-volver-con-el-y-el-final-del-cuento-puede-ser-otro\/\"><\/p>\n<div class=\"mt-content\">\n<div class=\"mt-image-container\"><img decoding=\"async\" src=\"https:\/\/www.paparazzi.com.ar\/wp-content\/uploads\/2025\/10\/Lissa-Lowrdez-1-1-359x226.jpg\" alt=\"Terror\u00edfico augurio de Lissa Vera sobre Lowrdez Fern\u00e1ndez: &quot;Va a volver con \u00e9l y el final del cuento puede ser otro&quot;\" class=\"mt-image\" loading=\"lazy\" \/><\/div>\n<h5 class=\"mt-title\">Terror\u00edfico augurio de Lissa Vera sobre Lowrdez Fern\u00e1ndez: \u00abVa a volver con \u00e9l y el final del cuento puede ser otro\u00bb<\/h5>\n<\/div>\n<p><\/a><\/div>\n<p>\u201c<em>Estoy obligada a que salga bien, nada m\u00e1s<\/em>\u201d, cerr\u00f3 la cantante, dejando al descubierto la interna que arde entre las integrantes de Bandana y que ya no puede ni quiere disimular. Ante este nivel de tensiones, el regreso de la banda surgida en <strong>Popstars <\/strong>pas\u00f3 a convertirse en una bomba de tiempo. \u00bfQu\u00e9 pasar\u00e1?<\/p>\n<div class=\"mt-box \">\n<h4 class=\"mt-heading\">Mir\u00e1 Tambi\u00e9n<\/h4>\n<p><a href=\"https:\/\/www.paparazzi.com.ar\/teve\/el-drama-de-juana-repetto-por-la-decision-que-tomo-uno-de-sus-hijos-en-medio-de-su-embarazo-se-va\/\"><\/p>\n<div class=\"mt-content\">\n<div class=\"mt-image-container\"><img decoding=\"async\" src=\"https:\/\/www.paparazzi.com.ar\/wp-content\/uploads\/2025\/11\/juana-repetto-2-359x226.jpg\" alt=\"El drama de Juana Repetto por la decisi\u00f3n que tom\u00f3 uno de sus hijos en medio de su embarazo: \u201cSe va&quot;\" class=\"mt-image\" loading=\"lazy\" \/><\/div>\n<h5 class=\"mt-title\">El drama de Juana Repetto por la decisi\u00f3n que tom\u00f3 uno de sus hijos en medio de su embarazo: \u201cSe va\u00bb<\/h5>\n<\/div>\n<p><\/a><\/div>\n<div class=\"mt-box \">\n<h4 class=\"mt-heading\">Mir\u00e1 Tambi\u00e9n<\/h4>\n<p><a href=\"https:\/\/www.paparazzi.com.ar\/romances\/la-china-suarez-volvio-a-turquia-con-mauro-icardi-pero-sin-sus-tres-hijos-el-verdadero-motivo\/\"><\/p>\n<div class=\"mt-content\">\n<div class=\"mt-image-container\"><img decoding=\"async\" src=\"https:\/\/www.paparazzi.com.ar\/wp-content\/uploads\/2025\/11\/China-Suarez-hijos-359x226.jpg\" alt=\"La China Su\u00e1rez volvi\u00f3 a Turqu\u00eda con Mauro Icardi pero sin sus tres hijos: el verdadero motivo\" class=\"mt-image\" loading=\"lazy\" \/><\/div>\n<h5 class=\"mt-title\">La China Su\u00e1rez volvi\u00f3 a Turqu\u00eda con Mauro Icardi pero sin sus tres hijos: el verdadero motivo<\/h5>\n<\/div>\n<p><\/a><\/div>\n<p>The post <a href=\"https:\/\/www.paparazzi.com.ar\/teve\/explota-todo-lissa-vera-destapo-su-grave-crisis-con-lowrdez-y-todas-sus-companeras-a-horas-del-regreso-de-bandana\/\">\u00a1Explota todo! Lissa Vera destap\u00f3 su grave crisis con Lowrdez y todas sus compa\u00f1eras a horas del regreso de Bandana<\/a> appeared first on <a href=\"https:\/\/www.paparazzi.com.ar\">Revista Paparazzi<\/a>.<\/p>\n","protected":false},"excerpt":{"rendered":"<p>El regreso de Bandana luego de 25 a\u00f1os es como un milagro luego del drama<\/p>\n","protected":false},"author":0,"featured_media":10323,"comment_status":"","ping_status":"","sticky":false,"template":"","format":"standard","meta":{"footnotes":""},"categories":[11],"tags":[],"class_list":["post-10322","post","type-post","status-publish","format-standard","has-post-thumbnail","hentry","category-destacadas"],"yoast_head":"<!-- This site is optimized with the Yoast SEO plugin v27.4 - https:\/\/yoast.com\/product\/yoast-seo-wordpress\/ -->\n<title>\u00a1Explota todo! Lissa Vera destap\u00f3 su grave crisis con Lowrdez y todas sus compa\u00f1eras a horas del regreso de Bandana - Fm Gente<\/title>\n<meta name=\"robots\" content=\"index, follow, max-snippet:-1, max-image-preview:large, max-video-preview:-1\" \/>\n<link rel=\"canonical\" href=\"https:\/\/fmgente.com.ar\/web\/explota-todo-lissa-vera-destapo-su-grave-crisis-con-lowrdez-y-todas-sus-companeras-a-horas-del-regreso-de-bandana\/\" \/>\n<meta property=\"og:locale\" content=\"es_ES\" \/>\n<meta property=\"og:type\" content=\"article\" \/>\n<meta property=\"og:title\" content=\"\u00a1Explota todo! Lissa Vera destap\u00f3 su grave crisis con Lowrdez y todas sus compa\u00f1eras a horas del regreso de Bandana - Fm Gente\" \/>\n<meta property=\"og:description\" content=\"El regreso de Bandana luego de 25 a\u00f1os es como un milagro luego del drama\" \/>\n<meta property=\"og:url\" content=\"https:\/\/fmgente.com.ar\/web\/explota-todo-lissa-vera-destapo-su-grave-crisis-con-lowrdez-y-todas-sus-companeras-a-horas-del-regreso-de-bandana\/\" \/>\n<meta property=\"og:site_name\" content=\"Fm Gente\" \/>\n<meta property=\"article:published_time\" content=\"2025-11-21T19:05:07+00:00\" \/>\n<meta property=\"og:image\" content=\"https:\/\/fmgente.com.ar\/web\/wp-content\/uploads\/2025\/11\/lissa-vera-home.png.webp\" \/>\n\t<meta property=\"og:image:width\" content=\"752\" \/>\n\t<meta property=\"og:image:height\" content=\"475\" \/>\n\t<meta property=\"og:image:type\" content=\"image\/webp\" \/>\n<meta name=\"twitter:card\" content=\"summary_large_image\" \/>\n<meta name=\"twitter:label1\" content=\"Tiempo de lectura\" \/>\n\t<meta name=\"twitter:data1\" content=\"3 minutos\" \/>\n<script type=\"application\/ld+json\" class=\"yoast-schema-graph\">{\"@context\":\"https:\\\/\\\/schema.org\",\"@graph\":[{\"@type\":\"Article\",\"@id\":\"https:\\\/\\\/fmgente.com.ar\\\/web\\\/explota-todo-lissa-vera-destapo-su-grave-crisis-con-lowrdez-y-todas-sus-companeras-a-horas-del-regreso-de-bandana\\\/#article\",\"isPartOf\":{\"@id\":\"https:\\\/\\\/fmgente.com.ar\\\/web\\\/explota-todo-lissa-vera-destapo-su-grave-crisis-con-lowrdez-y-todas-sus-companeras-a-horas-del-regreso-de-bandana\\\/\"},\"author\":{\"name\":\"\",\"@id\":\"\"},\"headline\":\"\u00a1Explota todo! Lissa Vera destap\u00f3 su grave crisis con Lowrdez y todas sus compa\u00f1eras a horas del regreso de Bandana\",\"datePublished\":\"2025-11-21T19:05:07+00:00\",\"mainEntityOfPage\":{\"@id\":\"https:\\\/\\\/fmgente.com.ar\\\/web\\\/explota-todo-lissa-vera-destapo-su-grave-crisis-con-lowrdez-y-todas-sus-companeras-a-horas-del-regreso-de-bandana\\\/\"},\"wordCount\":594,\"publisher\":{\"@id\":\"https:\\\/\\\/fmgente.com.ar\\\/web\\\/#organization\"},\"image\":{\"@id\":\"https:\\\/\\\/fmgente.com.ar\\\/web\\\/explota-todo-lissa-vera-destapo-su-grave-crisis-con-lowrdez-y-todas-sus-companeras-a-horas-del-regreso-de-bandana\\\/#primaryimage\"},\"thumbnailUrl\":\"https:\\\/\\\/fmgente.com.ar\\\/web\\\/wp-content\\\/uploads\\\/2025\\\/11\\\/lissa-vera-home.png.webp\",\"articleSection\":[\"DESTACADAS\"],\"inLanguage\":\"es\"},{\"@type\":\"WebPage\",\"@id\":\"https:\\\/\\\/fmgente.com.ar\\\/web\\\/explota-todo-lissa-vera-destapo-su-grave-crisis-con-lowrdez-y-todas-sus-companeras-a-horas-del-regreso-de-bandana\\\/\",\"url\":\"https:\\\/\\\/fmgente.com.ar\\\/web\\\/explota-todo-lissa-vera-destapo-su-grave-crisis-con-lowrdez-y-todas-sus-companeras-a-horas-del-regreso-de-bandana\\\/\",\"name\":\"\u00a1Explota todo! Lissa Vera destap\u00f3 su grave crisis con Lowrdez y todas sus compa\u00f1eras a horas del regreso de Bandana - Fm Gente\",\"isPartOf\":{\"@id\":\"https:\\\/\\\/fmgente.com.ar\\\/web\\\/#website\"},\"primaryImageOfPage\":{\"@id\":\"https:\\\/\\\/fmgente.com.ar\\\/web\\\/explota-todo-lissa-vera-destapo-su-grave-crisis-con-lowrdez-y-todas-sus-companeras-a-horas-del-regreso-de-bandana\\\/#primaryimage\"},\"image\":{\"@id\":\"https:\\\/\\\/fmgente.com.ar\\\/web\\\/explota-todo-lissa-vera-destapo-su-grave-crisis-con-lowrdez-y-todas-sus-companeras-a-horas-del-regreso-de-bandana\\\/#primaryimage\"},\"thumbnailUrl\":\"https:\\\/\\\/fmgente.com.ar\\\/web\\\/wp-content\\\/uploads\\\/2025\\\/11\\\/lissa-vera-home.png.webp\",\"datePublished\":\"2025-11-21T19:05:07+00:00\",\"inLanguage\":\"es\",\"potentialAction\":[{\"@type\":\"ReadAction\",\"target\":[\"https:\\\/\\\/fmgente.com.ar\\\/web\\\/explota-todo-lissa-vera-destapo-su-grave-crisis-con-lowrdez-y-todas-sus-companeras-a-horas-del-regreso-de-bandana\\\/\"]}]},{\"@type\":\"ImageObject\",\"inLanguage\":\"es\",\"@id\":\"https:\\\/\\\/fmgente.com.ar\\\/web\\\/explota-todo-lissa-vera-destapo-su-grave-crisis-con-lowrdez-y-todas-sus-companeras-a-horas-del-regreso-de-bandana\\\/#primaryimage\",\"url\":\"https:\\\/\\\/fmgente.com.ar\\\/web\\\/wp-content\\\/uploads\\\/2025\\\/11\\\/lissa-vera-home.png.webp\",\"contentUrl\":\"https:\\\/\\\/fmgente.com.ar\\\/web\\\/wp-content\\\/uploads\\\/2025\\\/11\\\/lissa-vera-home.png.webp\",\"width\":752,\"height\":475},{\"@type\":\"WebSite\",\"@id\":\"https:\\\/\\\/fmgente.com.ar\\\/web\\\/#website\",\"url\":\"https:\\\/\\\/fmgente.com.ar\\\/web\\\/\",\"name\":\"Fm Gente\",\"description\":\"- Jes\u00fas Mar\u00eda\",\"publisher\":{\"@id\":\"https:\\\/\\\/fmgente.com.ar\\\/web\\\/#organization\"},\"potentialAction\":[{\"@type\":\"SearchAction\",\"target\":{\"@type\":\"EntryPoint\",\"urlTemplate\":\"https:\\\/\\\/fmgente.com.ar\\\/web\\\/?s={search_term_string}\"},\"query-input\":{\"@type\":\"PropertyValueSpecification\",\"valueRequired\":true,\"valueName\":\"search_term_string\"}}],\"inLanguage\":\"es\"},{\"@type\":\"Organization\",\"@id\":\"https:\\\/\\\/fmgente.com.ar\\\/web\\\/#organization\",\"name\":\"Fm Gente\",\"url\":\"https:\\\/\\\/fmgente.com.ar\\\/web\\\/\",\"logo\":{\"@type\":\"ImageObject\",\"inLanguage\":\"es\",\"@id\":\"https:\\\/\\\/fmgente.com.ar\\\/web\\\/#\\\/schema\\\/logo\\\/image\\\/\",\"url\":\"https:\\\/\\\/fmgente.com.ar\\\/web\\\/wp-content\\\/uploads\\\/2023\\\/07\\\/cropped-cropped-logo-sombra2.png\",\"contentUrl\":\"https:\\\/\\\/fmgente.com.ar\\\/web\\\/wp-content\\\/uploads\\\/2023\\\/07\\\/cropped-cropped-logo-sombra2.png\",\"width\":1782,\"height\":1782,\"caption\":\"Fm Gente\"},\"image\":{\"@id\":\"https:\\\/\\\/fmgente.com.ar\\\/web\\\/#\\\/schema\\\/logo\\\/image\\\/\"}}]}<\/script>\n<!-- \/ Yoast SEO plugin. -->","yoast_head_json":{"title":"\u00a1Explota todo! Lissa Vera destap\u00f3 su grave crisis con Lowrdez y todas sus compa\u00f1eras a horas del regreso de Bandana - Fm Gente","robots":{"index":"index","follow":"follow","max-snippet":"max-snippet:-1","max-image-preview":"max-image-preview:large","max-video-preview":"max-video-preview:-1"},"canonical":"https:\/\/fmgente.com.ar\/web\/explota-todo-lissa-vera-destapo-su-grave-crisis-con-lowrdez-y-todas-sus-companeras-a-horas-del-regreso-de-bandana\/","og_locale":"es_ES","og_type":"article","og_title":"\u00a1Explota todo! Lissa Vera destap\u00f3 su grave crisis con Lowrdez y todas sus compa\u00f1eras a horas del regreso de Bandana - Fm Gente","og_description":"El regreso de Bandana luego de 25 a\u00f1os es como un milagro luego del drama","og_url":"https:\/\/fmgente.com.ar\/web\/explota-todo-lissa-vera-destapo-su-grave-crisis-con-lowrdez-y-todas-sus-companeras-a-horas-del-regreso-de-bandana\/","og_site_name":"Fm Gente","article_published_time":"2025-11-21T19:05:07+00:00","og_image":[{"width":752,"height":475,"url":"https:\/\/fmgente.com.ar\/web\/wp-content\/uploads\/2025\/11\/lissa-vera-home.png.webp","type":"image\/webp"}],"twitter_card":"summary_large_image","twitter_misc":{"Tiempo de lectura":"3 minutos"},"schema":{"@context":"https:\/\/schema.org","@graph":[{"@type":"Article","@id":"https:\/\/fmgente.com.ar\/web\/explota-todo-lissa-vera-destapo-su-grave-crisis-con-lowrdez-y-todas-sus-companeras-a-horas-del-regreso-de-bandana\/#article","isPartOf":{"@id":"https:\/\/fmgente.com.ar\/web\/explota-todo-lissa-vera-destapo-su-grave-crisis-con-lowrdez-y-todas-sus-companeras-a-horas-del-regreso-de-bandana\/"},"author":{"name":"","@id":""},"headline":"\u00a1Explota todo! Lissa Vera destap\u00f3 su grave crisis con Lowrdez y todas sus compa\u00f1eras a horas del regreso de Bandana","datePublished":"2025-11-21T19:05:07+00:00","mainEntityOfPage":{"@id":"https:\/\/fmgente.com.ar\/web\/explota-todo-lissa-vera-destapo-su-grave-crisis-con-lowrdez-y-todas-sus-companeras-a-horas-del-regreso-de-bandana\/"},"wordCount":594,"publisher":{"@id":"https:\/\/fmgente.com.ar\/web\/#organization"},"image":{"@id":"https:\/\/fmgente.com.ar\/web\/explota-todo-lissa-vera-destapo-su-grave-crisis-con-lowrdez-y-todas-sus-companeras-a-horas-del-regreso-de-bandana\/#primaryimage"},"thumbnailUrl":"https:\/\/fmgente.com.ar\/web\/wp-content\/uploads\/2025\/11\/lissa-vera-home.png.webp","articleSection":["DESTACADAS"],"inLanguage":"es"},{"@type":"WebPage","@id":"https:\/\/fmgente.com.ar\/web\/explota-todo-lissa-vera-destapo-su-grave-crisis-con-lowrdez-y-todas-sus-companeras-a-horas-del-regreso-de-bandana\/","url":"https:\/\/fmgente.com.ar\/web\/explota-todo-lissa-vera-destapo-su-grave-crisis-con-lowrdez-y-todas-sus-companeras-a-horas-del-regreso-de-bandana\/","name":"\u00a1Explota todo! Lissa Vera destap\u00f3 su grave crisis con Lowrdez y todas sus compa\u00f1eras a horas del regreso de Bandana - Fm Gente","isPartOf":{"@id":"https:\/\/fmgente.com.ar\/web\/#website"},"primaryImageOfPage":{"@id":"https:\/\/fmgente.com.ar\/web\/explota-todo-lissa-vera-destapo-su-grave-crisis-con-lowrdez-y-todas-sus-companeras-a-horas-del-regreso-de-bandana\/#primaryimage"},"image":{"@id":"https:\/\/fmgente.com.ar\/web\/explota-todo-lissa-vera-destapo-su-grave-crisis-con-lowrdez-y-todas-sus-companeras-a-horas-del-regreso-de-bandana\/#primaryimage"},"thumbnailUrl":"https:\/\/fmgente.com.ar\/web\/wp-content\/uploads\/2025\/11\/lissa-vera-home.png.webp","datePublished":"2025-11-21T19:05:07+00:00","inLanguage":"es","potentialAction":[{"@type":"ReadAction","target":["https:\/\/fmgente.com.ar\/web\/explota-todo-lissa-vera-destapo-su-grave-crisis-con-lowrdez-y-todas-sus-companeras-a-horas-del-regreso-de-bandana\/"]}]},{"@type":"ImageObject","inLanguage":"es","@id":"https:\/\/fmgente.com.ar\/web\/explota-todo-lissa-vera-destapo-su-grave-crisis-con-lowrdez-y-todas-sus-companeras-a-horas-del-regreso-de-bandana\/#primaryimage","url":"https:\/\/fmgente.com.ar\/web\/wp-content\/uploads\/2025\/11\/lissa-vera-home.png.webp","contentUrl":"https:\/\/fmgente.com.ar\/web\/wp-content\/uploads\/2025\/11\/lissa-vera-home.png.webp","width":752,"height":475},{"@type":"WebSite","@id":"https:\/\/fmgente.com.ar\/web\/#website","url":"https:\/\/fmgente.com.ar\/web\/","name":"Fm Gente","description":"- Jes\u00fas Mar\u00eda","publisher":{"@id":"https:\/\/fmgente.com.ar\/web\/#organization"},"potentialAction":[{"@type":"SearchAction","target":{"@type":"EntryPoint","urlTemplate":"https:\/\/fmgente.com.ar\/web\/?s={search_term_string}"},"query-input":{"@type":"PropertyValueSpecification","valueRequired":true,"valueName":"search_term_string"}}],"inLanguage":"es"},{"@type":"Organization","@id":"https:\/\/fmgente.com.ar\/web\/#organization","name":"Fm Gente","url":"https:\/\/fmgente.com.ar\/web\/","logo":{"@type":"ImageObject","inLanguage":"es","@id":"https:\/\/fmgente.com.ar\/web\/#\/schema\/logo\/image\/","url":"https:\/\/fmgente.com.ar\/web\/wp-content\/uploads\/2023\/07\/cropped-cropped-logo-sombra2.png","contentUrl":"https:\/\/fmgente.com.ar\/web\/wp-content\/uploads\/2023\/07\/cropped-cropped-logo-sombra2.png","width":1782,"height":1782,"caption":"Fm Gente"},"image":{"@id":"https:\/\/fmgente.com.ar\/web\/#\/schema\/logo\/image\/"}}]}},"_links":{"self":[{"href":"https:\/\/fmgente.com.ar\/web\/wp-json\/wp\/v2\/posts\/10322","targetHints":{"allow":["GET"]}}],"collection":[{"href":"https:\/\/fmgente.com.ar\/web\/wp-json\/wp\/v2\/posts"}],"about":[{"href":"https:\/\/fmgente.com.ar\/web\/wp-json\/wp\/v2\/types\/post"}],"replies":[{"embeddable":true,"href":"https:\/\/fmgente.com.ar\/web\/wp-json\/wp\/v2\/comments?post=10322"}],"version-history":[{"count":0,"href":"https:\/\/fmgente.com.ar\/web\/wp-json\/wp\/v2\/posts\/10322\/revisions"}],"wp:featuredmedia":[{"embeddable":true,"href":"https:\/\/fmgente.com.ar\/web\/wp-json\/wp\/v2\/media\/10323"}],"wp:attachment":[{"href":"https:\/\/fmgente.com.ar\/web\/wp-json\/wp\/v2\/media?parent=10322"}],"wp:term":[{"taxonomy":"category","embeddable":true,"href":"https:\/\/fmgente.com.ar\/web\/wp-json\/wp\/v2\/categories?post=10322"},{"taxonomy":"post_tag","embeddable":true,"href":"https:\/\/fmgente.com.ar\/web\/wp-json\/wp\/v2\/tags?post=10322"}],"curies":[{"name":"wp","href":"https:\/\/api.w.org\/{rel}","templated":true}]}}