{"id":10318,"date":"2025-11-21T15:05:02","date_gmt":"2025-11-21T18:05:02","guid":{"rendered":"https:\/\/fmgente.com.ar\/busqueda-desesperada-de-los-jubilados-desparecidos-en-chubut-encontraron-un-cuerpo-y-el-shock-es-total\/"},"modified":"2025-11-21T15:05:02","modified_gmt":"2025-11-21T18:05:02","slug":"busqueda-desesperada-de-los-jubilados-desparecidos-en-chubut-encontraron-un-cuerpo-y-el-shock-es-total","status":"publish","type":"post","link":"https:\/\/fmgente.com.ar\/web\/busqueda-desesperada-de-los-jubilados-desparecidos-en-chubut-encontraron-un-cuerpo-y-el-shock-es-total\/","title":{"rendered":"B\u00fasqueda desesperada de los Jubilados desparecidos en Chubut: encontraron un cuerpo y el shock es total"},"content":{"rendered":"<p>Dos jubilados, <strong><a href=\"https:\/\/www.paparazzi.com.ar\/teve\/la-desgarradora-hipotesis-de-los-jubilados-desaparecidos-en-chubut-pedro-kreder-y-juana-morales-arrastrados-por-el-mar\/\">Pedro Alberto Kreder<\/a><\/strong> (79) y <strong><a href=\"https:\/\/www.paparazzi.com.ar\/teve\/hallan-huellas-jubilados-desaparecidos-chubut-pampa-salamanca\/\">Juana In\u00e9s Morales<\/a><\/strong> (69), siguen siendo buscados con desesperaci\u00f3n en Chubut, luego de haber desaparecido el 11 de octubre durante un paseo que comenz\u00f3 como una escapada tranquila y que hoy se convirti\u00f3 en un misterio angustiante.<\/p>\n<p>Hace pocos d\u00edas, emergi\u00f3 un suceso que trajo esperanza y temor al mismo tiempo: un cuerpo fue hallado en la costa de Santa Cruz, empujado por la marea. Las autoridades, con cautela y dolor, han dispuesto an\u00e1lisis forenses para tratar de determinar si se trata de alguno de los dos jubilados.<\/p>\n<p>El ministro de Seguridad de Chubut, <strong>H\u00e9ctor Iturrioz<\/strong>, no oculta su angustia. Sostiene que su \u00abtesitura es que se los trag\u00f3 el mar\u00bb, una frase dura, pero te\u00f1ida de una crudeza que expresa lo necesario: cerrar un cap\u00edtulo, aunque sea con la verdad m\u00e1s dolorosa.<\/p>\n<div class=\"mt-box \">\n<h4 class=\"mt-heading\">Mir\u00e1 Tambi\u00e9n<\/h4>\n<p><a href=\"https:\/\/www.paparazzi.com.ar\/romances\/exclusivo-pampita-se-junto-con-benjamin-vicuna-tras-el-feroz-ataque-de-la-china-suarez\/\"><\/p>\n<div class=\"mt-content\">\n<div class=\"mt-image-container\"><img decoding=\"async\" src=\"https:\/\/www.paparazzi.com.ar\/wp-content\/uploads\/2025\/11\/pampita-pepa-vicuna-359x226.jpg\" alt=\"\u00a1Exclusivo! Pampita se junt\u00f3 con Benjam\u00edn Vicu\u00f1a tras el feroz ataque de la China Su\u00e1rez\" class=\"mt-image\" loading=\"lazy\" \/><\/div>\n<h5 class=\"mt-title\">\u00a1Exclusivo! Pampita se junt\u00f3 con Benjam\u00edn Vicu\u00f1a tras el feroz ataque de la China Su\u00e1rez<\/h5>\n<\/div>\n<p><\/a><\/div>\n<p>Mientras tanto, los rastrillajes contin\u00faan sin freno. Se utilizan cuatriciclos, veh\u00edculos 4\u00d74, drones, patrullas costeras y equipos especializados del Conicet. El terreno no perdona: acantilados inestables, playas extensas y corrientes traicioneras hacen que cada metro recorrido tenga el peso del silencio y la incertidumbre.<\/p>\n<h2 class=\"wp-block-heading\">QU\u00c9 OCURRE CON EL CASO DE LOS JUBILADOS DESAPARECIDOS EN CHUBUT<\/h2>\n<p>Para la familia, cada d\u00eda es una mezcla de fe y desesperanza. No solo luchan contra el tiempo, sino contra la falta de certezas. En ese contexto, el periodista <strong><a href=\"https:\/\/www.paparazzi.com.ar\/teve\/mauro-szeta-accedio-a-la-declaracion-de-lowrdez-fernandez-el-dato-escandaloso-que-cambia-todo\/\">Mauro Szeta<\/a><\/strong>, especialista en policiales, puso el foco en detalles que conmueven. En una charla con las hijas de Pedro, revel\u00f3 que en los alrededores de la camioneta abandonada, los investigadores detectaron restos de una fogata. Esa imagen, una pieza aparentemente insignificante, puede representar tanto una pista de supervivencia como la \u00faltima huella de un viaje que termin\u00f3 de forma tr\u00e1gica.<\/p>\n<div class=\"mt-box \">\n<h4 class=\"mt-heading\">Mir\u00e1 Tambi\u00e9n<\/h4>\n<p><a href=\"https:\/\/www.paparazzi.com.ar\/teve\/la-desgarradora-hipotesis-de-los-jubilados-desaparecidos-en-chubut-pedro-kreder-y-juana-morales-arrastrados-por-el-mar\/\"><\/p>\n<div class=\"mt-content\">\n<div class=\"mt-image-container\"><img decoding=\"async\" src=\"https:\/\/www.paparazzi.com.ar\/wp-content\/uploads\/2025\/11\/La-desgarradora-hipotesis-de-los-jubilados-desaparecidos-en-Chubut-Pedro-Kreder-y-Juana-Morales-22Arrastrados-por-el-mar22-359x226.jpg\" alt=\"La desgarradora hip\u00f3tesis de los jubilados desaparecidos en Chubut, Pedro Kreder y Juana Morales: &quot;Arrastrados por el mar&quot;\" class=\"mt-image\" loading=\"lazy\" \/><\/div>\n<h5 class=\"mt-title\">La desgarradora hip\u00f3tesis de los jubilados desaparecidos en Chubut, Pedro Kreder y Juana Morales: \u00abArrastrados por el mar\u00bb<\/h5>\n<\/div>\n<p><\/a><\/div>\n<p>Desde el \u00e1mbito judicial, el fiscal <strong>Cristian Olaz\u00e1bal<\/strong> coordina los peritajes y las medidas. El reto es enorme: cotejar ADN, descartar escenarios catastr\u00f3ficos o criminales, y dar respuestas a una familia que no deja de pedirlas.<\/p>\n<p>En medio de ese dolor colectivo, emerge una reflexi\u00f3n profunda: no es solo una b\u00fasqueda policial, sino humana. Pedro y Juana no son solo nombres en un expediente; eran dos vidas que decidieron compartir su tiempo. Ahora, su ausencia se siente en cada ola, en cada brisa de la costa. La Patagonia, testigo silenciosa, se vuelve escenario de un reclamo urgente: que la verdad, por m\u00e1s dif\u00edcil que sea, sea hallada.<\/p>\n<div class=\"mt-box \">\n<h4 class=\"mt-heading\">Mir\u00e1 Tambi\u00e9n<\/h4>\n<p><a href=\"https:\/\/www.paparazzi.com.ar\/teve\/juana-tinelli-se-puso-mas-firme-que-nunca-y-ubico-la-relacion-con-su-papa-en-la-mira-nunca-va-a-existir\/\"><\/p>\n<div class=\"mt-content\">\n<div class=\"mt-image-container\"><img decoding=\"async\" src=\"https:\/\/www.paparazzi.com.ar\/wp-content\/uploads\/2025\/11\/Juana-Tinelli-se-puso-mas-firme-que-nunca-y-ubico-la-relacion-con-su-papa-en-la-mira-22Nunca-va-a-existir.22-359x226.jpg\" alt=\"Juana Tinelli se puso m\u00e1s firme que nunca y ubic\u00f3 la relaci\u00f3n con su pap\u00e1 en la mira: &quot;Nunca va a existir...&quot;\" class=\"mt-image\" loading=\"lazy\" \/><\/div>\n<h5 class=\"mt-title\">Juana Tinelli se puso m\u00e1s firme que nunca y ubic\u00f3 la relaci\u00f3n con su pap\u00e1 en la mira: \u00abNunca va a existir&#8230;\u00bb<\/h5>\n<\/div>\n<p><\/a><\/div>\n<div class=\"mt-box \">\n<h4 class=\"mt-heading\">Mir\u00e1 Tambi\u00e9n<\/h4>\n<p><a href=\"https:\/\/www.paparazzi.com.ar\/romances\/pampita-se-metio-en-el-escandalo-de-la-china-suarez-con-benjamin-vicuna-y-fue-letal\/\"><\/p>\n<div class=\"mt-content\">\n<div class=\"mt-image-container\"><img decoding=\"async\" src=\"https:\/\/www.paparazzi.com.ar\/wp-content\/uploads\/2025\/11\/Pampita-China-Suarez-Benjamin-Vicuna-359x226.jpg\" alt=\"Pampita se meti\u00f3 en el esc\u00e1ndalo de la China Su\u00e1rez con Benjam\u00edn Vicu\u00f1a y fue letal\" class=\"mt-image\" loading=\"lazy\" \/><\/div>\n<h5 class=\"mt-title\">Pampita se meti\u00f3 en el esc\u00e1ndalo de la China Su\u00e1rez con Benjam\u00edn Vicu\u00f1a y fue letal<\/h5>\n<\/div>\n<p><\/a><\/div>\n<p>The post <a href=\"https:\/\/www.paparazzi.com.ar\/sin-categoria\/busqueda-desesperada-de-los-jubilados-desparecidos-en-chubut-encontraron-un-cuerpo-y-el-shock-es-total\/\">B\u00fasqueda desesperada de los Jubilados desparecidos en Chubut: encontraron un cuerpo y el shock es total<\/a> appeared first on <a href=\"https:\/\/www.paparazzi.com.ar\">Revista Paparazzi<\/a>.<\/p>\n","protected":false},"excerpt":{"rendered":"<p>Dos jubilados, Pedro Alberto Kreder (79) y Juana In\u00e9s Morales (69), siguen siendo buscados con<\/p>\n","protected":false},"author":0,"featured_media":10319,"comment_status":"","ping_status":"","sticky":false,"template":"","format":"standard","meta":{"footnotes":""},"categories":[11],"tags":[],"class_list":["post-10318","post","type-post","status-publish","format-standard","has-post-thumbnail","hentry","category-destacadas"],"yoast_head":"<!-- This site is optimized with the Yoast SEO plugin v27.4 - https:\/\/yoast.com\/product\/yoast-seo-wordpress\/ -->\n<title>B\u00fasqueda desesperada de los Jubilados desparecidos en Chubut: encontraron un cuerpo y el shock es total - Fm Gente<\/title>\n<meta name=\"robots\" content=\"index, follow, max-snippet:-1, max-image-preview:large, max-video-preview:-1\" \/>\n<link rel=\"canonical\" href=\"https:\/\/fmgente.com.ar\/web\/busqueda-desesperada-de-los-jubilados-desparecidos-en-chubut-encontraron-un-cuerpo-y-el-shock-es-total\/\" \/>\n<meta property=\"og:locale\" content=\"es_ES\" \/>\n<meta property=\"og:type\" content=\"article\" \/>\n<meta property=\"og:title\" content=\"B\u00fasqueda desesperada de los Jubilados desparecidos en Chubut: encontraron un cuerpo y el shock es total - Fm Gente\" \/>\n<meta property=\"og:description\" content=\"Dos jubilados, Pedro Alberto Kreder (79) y Juana In\u00e9s Morales (69), siguen siendo buscados con\" \/>\n<meta property=\"og:url\" content=\"https:\/\/fmgente.com.ar\/web\/busqueda-desesperada-de-los-jubilados-desparecidos-en-chubut-encontraron-un-cuerpo-y-el-shock-es-total\/\" \/>\n<meta property=\"og:site_name\" content=\"Fm Gente\" \/>\n<meta property=\"article:published_time\" content=\"2025-11-21T18:05:02+00:00\" \/>\n<meta property=\"og:image\" content=\"https:\/\/fmgente.com.ar\/web\/wp-content\/uploads\/2025\/11\/pampita-pepa-vicuna-359x226-5.jpg\" \/>\n\t<meta property=\"og:image:width\" content=\"359\" \/>\n\t<meta property=\"og:image:height\" content=\"226\" \/>\n\t<meta property=\"og:image:type\" content=\"image\/jpeg\" \/>\n<meta name=\"twitter:card\" content=\"summary_large_image\" \/>\n<meta name=\"twitter:label1\" content=\"Tiempo de lectura\" \/>\n\t<meta name=\"twitter:data1\" content=\"3 minutos\" \/>\n<script type=\"application\/ld+json\" class=\"yoast-schema-graph\">{\"@context\":\"https:\\\/\\\/schema.org\",\"@graph\":[{\"@type\":\"Article\",\"@id\":\"https:\\\/\\\/fmgente.com.ar\\\/web\\\/busqueda-desesperada-de-los-jubilados-desparecidos-en-chubut-encontraron-un-cuerpo-y-el-shock-es-total\\\/#article\",\"isPartOf\":{\"@id\":\"https:\\\/\\\/fmgente.com.ar\\\/web\\\/busqueda-desesperada-de-los-jubilados-desparecidos-en-chubut-encontraron-un-cuerpo-y-el-shock-es-total\\\/\"},\"author\":{\"name\":\"\",\"@id\":\"\"},\"headline\":\"B\u00fasqueda desesperada de los Jubilados desparecidos en Chubut: encontraron un cuerpo y el shock es total\",\"datePublished\":\"2025-11-21T18:05:02+00:00\",\"mainEntityOfPage\":{\"@id\":\"https:\\\/\\\/fmgente.com.ar\\\/web\\\/busqueda-desesperada-de-los-jubilados-desparecidos-en-chubut-encontraron-un-cuerpo-y-el-shock-es-total\\\/\"},\"wordCount\":540,\"publisher\":{\"@id\":\"https:\\\/\\\/fmgente.com.ar\\\/web\\\/#organization\"},\"image\":{\"@id\":\"https:\\\/\\\/fmgente.com.ar\\\/web\\\/busqueda-desesperada-de-los-jubilados-desparecidos-en-chubut-encontraron-un-cuerpo-y-el-shock-es-total\\\/#primaryimage\"},\"thumbnailUrl\":\"https:\\\/\\\/fmgente.com.ar\\\/web\\\/wp-content\\\/uploads\\\/2025\\\/11\\\/pampita-pepa-vicuna-359x226-5.jpg\",\"articleSection\":[\"DESTACADAS\"],\"inLanguage\":\"es\"},{\"@type\":\"WebPage\",\"@id\":\"https:\\\/\\\/fmgente.com.ar\\\/web\\\/busqueda-desesperada-de-los-jubilados-desparecidos-en-chubut-encontraron-un-cuerpo-y-el-shock-es-total\\\/\",\"url\":\"https:\\\/\\\/fmgente.com.ar\\\/web\\\/busqueda-desesperada-de-los-jubilados-desparecidos-en-chubut-encontraron-un-cuerpo-y-el-shock-es-total\\\/\",\"name\":\"B\u00fasqueda desesperada de los Jubilados desparecidos en Chubut: encontraron un cuerpo y el shock es total - Fm Gente\",\"isPartOf\":{\"@id\":\"https:\\\/\\\/fmgente.com.ar\\\/web\\\/#website\"},\"primaryImageOfPage\":{\"@id\":\"https:\\\/\\\/fmgente.com.ar\\\/web\\\/busqueda-desesperada-de-los-jubilados-desparecidos-en-chubut-encontraron-un-cuerpo-y-el-shock-es-total\\\/#primaryimage\"},\"image\":{\"@id\":\"https:\\\/\\\/fmgente.com.ar\\\/web\\\/busqueda-desesperada-de-los-jubilados-desparecidos-en-chubut-encontraron-un-cuerpo-y-el-shock-es-total\\\/#primaryimage\"},\"thumbnailUrl\":\"https:\\\/\\\/fmgente.com.ar\\\/web\\\/wp-content\\\/uploads\\\/2025\\\/11\\\/pampita-pepa-vicuna-359x226-5.jpg\",\"datePublished\":\"2025-11-21T18:05:02+00:00\",\"inLanguage\":\"es\",\"potentialAction\":[{\"@type\":\"ReadAction\",\"target\":[\"https:\\\/\\\/fmgente.com.ar\\\/web\\\/busqueda-desesperada-de-los-jubilados-desparecidos-en-chubut-encontraron-un-cuerpo-y-el-shock-es-total\\\/\"]}]},{\"@type\":\"ImageObject\",\"inLanguage\":\"es\",\"@id\":\"https:\\\/\\\/fmgente.com.ar\\\/web\\\/busqueda-desesperada-de-los-jubilados-desparecidos-en-chubut-encontraron-un-cuerpo-y-el-shock-es-total\\\/#primaryimage\",\"url\":\"https:\\\/\\\/fmgente.com.ar\\\/web\\\/wp-content\\\/uploads\\\/2025\\\/11\\\/pampita-pepa-vicuna-359x226-5.jpg\",\"contentUrl\":\"https:\\\/\\\/fmgente.com.ar\\\/web\\\/wp-content\\\/uploads\\\/2025\\\/11\\\/pampita-pepa-vicuna-359x226-5.jpg\",\"width\":359,\"height\":226},{\"@type\":\"WebSite\",\"@id\":\"https:\\\/\\\/fmgente.com.ar\\\/web\\\/#website\",\"url\":\"https:\\\/\\\/fmgente.com.ar\\\/web\\\/\",\"name\":\"Fm Gente\",\"description\":\"- Jes\u00fas Mar\u00eda\",\"publisher\":{\"@id\":\"https:\\\/\\\/fmgente.com.ar\\\/web\\\/#organization\"},\"potentialAction\":[{\"@type\":\"SearchAction\",\"target\":{\"@type\":\"EntryPoint\",\"urlTemplate\":\"https:\\\/\\\/fmgente.com.ar\\\/web\\\/?s={search_term_string}\"},\"query-input\":{\"@type\":\"PropertyValueSpecification\",\"valueRequired\":true,\"valueName\":\"search_term_string\"}}],\"inLanguage\":\"es\"},{\"@type\":\"Organization\",\"@id\":\"https:\\\/\\\/fmgente.com.ar\\\/web\\\/#organization\",\"name\":\"Fm Gente\",\"url\":\"https:\\\/\\\/fmgente.com.ar\\\/web\\\/\",\"logo\":{\"@type\":\"ImageObject\",\"inLanguage\":\"es\",\"@id\":\"https:\\\/\\\/fmgente.com.ar\\\/web\\\/#\\\/schema\\\/logo\\\/image\\\/\",\"url\":\"https:\\\/\\\/fmgente.com.ar\\\/web\\\/wp-content\\\/uploads\\\/2023\\\/07\\\/cropped-cropped-logo-sombra2.png\",\"contentUrl\":\"https:\\\/\\\/fmgente.com.ar\\\/web\\\/wp-content\\\/uploads\\\/2023\\\/07\\\/cropped-cropped-logo-sombra2.png\",\"width\":1782,\"height\":1782,\"caption\":\"Fm Gente\"},\"image\":{\"@id\":\"https:\\\/\\\/fmgente.com.ar\\\/web\\\/#\\\/schema\\\/logo\\\/image\\\/\"}}]}<\/script>\n<!-- \/ Yoast SEO plugin. -->","yoast_head_json":{"title":"B\u00fasqueda desesperada de los Jubilados desparecidos en Chubut: encontraron un cuerpo y el shock es total - Fm Gente","robots":{"index":"index","follow":"follow","max-snippet":"max-snippet:-1","max-image-preview":"max-image-preview:large","max-video-preview":"max-video-preview:-1"},"canonical":"https:\/\/fmgente.com.ar\/web\/busqueda-desesperada-de-los-jubilados-desparecidos-en-chubut-encontraron-un-cuerpo-y-el-shock-es-total\/","og_locale":"es_ES","og_type":"article","og_title":"B\u00fasqueda desesperada de los Jubilados desparecidos en Chubut: encontraron un cuerpo y el shock es total - Fm Gente","og_description":"Dos jubilados, Pedro Alberto Kreder (79) y Juana In\u00e9s Morales (69), siguen siendo buscados con","og_url":"https:\/\/fmgente.com.ar\/web\/busqueda-desesperada-de-los-jubilados-desparecidos-en-chubut-encontraron-un-cuerpo-y-el-shock-es-total\/","og_site_name":"Fm Gente","article_published_time":"2025-11-21T18:05:02+00:00","og_image":[{"width":359,"height":226,"url":"https:\/\/fmgente.com.ar\/web\/wp-content\/uploads\/2025\/11\/pampita-pepa-vicuna-359x226-5.jpg","type":"image\/jpeg"}],"twitter_card":"summary_large_image","twitter_misc":{"Tiempo de lectura":"3 minutos"},"schema":{"@context":"https:\/\/schema.org","@graph":[{"@type":"Article","@id":"https:\/\/fmgente.com.ar\/web\/busqueda-desesperada-de-los-jubilados-desparecidos-en-chubut-encontraron-un-cuerpo-y-el-shock-es-total\/#article","isPartOf":{"@id":"https:\/\/fmgente.com.ar\/web\/busqueda-desesperada-de-los-jubilados-desparecidos-en-chubut-encontraron-un-cuerpo-y-el-shock-es-total\/"},"author":{"name":"","@id":""},"headline":"B\u00fasqueda desesperada de los Jubilados desparecidos en Chubut: encontraron un cuerpo y el shock es total","datePublished":"2025-11-21T18:05:02+00:00","mainEntityOfPage":{"@id":"https:\/\/fmgente.com.ar\/web\/busqueda-desesperada-de-los-jubilados-desparecidos-en-chubut-encontraron-un-cuerpo-y-el-shock-es-total\/"},"wordCount":540,"publisher":{"@id":"https:\/\/fmgente.com.ar\/web\/#organization"},"image":{"@id":"https:\/\/fmgente.com.ar\/web\/busqueda-desesperada-de-los-jubilados-desparecidos-en-chubut-encontraron-un-cuerpo-y-el-shock-es-total\/#primaryimage"},"thumbnailUrl":"https:\/\/fmgente.com.ar\/web\/wp-content\/uploads\/2025\/11\/pampita-pepa-vicuna-359x226-5.jpg","articleSection":["DESTACADAS"],"inLanguage":"es"},{"@type":"WebPage","@id":"https:\/\/fmgente.com.ar\/web\/busqueda-desesperada-de-los-jubilados-desparecidos-en-chubut-encontraron-un-cuerpo-y-el-shock-es-total\/","url":"https:\/\/fmgente.com.ar\/web\/busqueda-desesperada-de-los-jubilados-desparecidos-en-chubut-encontraron-un-cuerpo-y-el-shock-es-total\/","name":"B\u00fasqueda desesperada de los Jubilados desparecidos en Chubut: encontraron un cuerpo y el shock es total - Fm Gente","isPartOf":{"@id":"https:\/\/fmgente.com.ar\/web\/#website"},"primaryImageOfPage":{"@id":"https:\/\/fmgente.com.ar\/web\/busqueda-desesperada-de-los-jubilados-desparecidos-en-chubut-encontraron-un-cuerpo-y-el-shock-es-total\/#primaryimage"},"image":{"@id":"https:\/\/fmgente.com.ar\/web\/busqueda-desesperada-de-los-jubilados-desparecidos-en-chubut-encontraron-un-cuerpo-y-el-shock-es-total\/#primaryimage"},"thumbnailUrl":"https:\/\/fmgente.com.ar\/web\/wp-content\/uploads\/2025\/11\/pampita-pepa-vicuna-359x226-5.jpg","datePublished":"2025-11-21T18:05:02+00:00","inLanguage":"es","potentialAction":[{"@type":"ReadAction","target":["https:\/\/fmgente.com.ar\/web\/busqueda-desesperada-de-los-jubilados-desparecidos-en-chubut-encontraron-un-cuerpo-y-el-shock-es-total\/"]}]},{"@type":"ImageObject","inLanguage":"es","@id":"https:\/\/fmgente.com.ar\/web\/busqueda-desesperada-de-los-jubilados-desparecidos-en-chubut-encontraron-un-cuerpo-y-el-shock-es-total\/#primaryimage","url":"https:\/\/fmgente.com.ar\/web\/wp-content\/uploads\/2025\/11\/pampita-pepa-vicuna-359x226-5.jpg","contentUrl":"https:\/\/fmgente.com.ar\/web\/wp-content\/uploads\/2025\/11\/pampita-pepa-vicuna-359x226-5.jpg","width":359,"height":226},{"@type":"WebSite","@id":"https:\/\/fmgente.com.ar\/web\/#website","url":"https:\/\/fmgente.com.ar\/web\/","name":"Fm Gente","description":"- Jes\u00fas Mar\u00eda","publisher":{"@id":"https:\/\/fmgente.com.ar\/web\/#organization"},"potentialAction":[{"@type":"SearchAction","target":{"@type":"EntryPoint","urlTemplate":"https:\/\/fmgente.com.ar\/web\/?s={search_term_string}"},"query-input":{"@type":"PropertyValueSpecification","valueRequired":true,"valueName":"search_term_string"}}],"inLanguage":"es"},{"@type":"Organization","@id":"https:\/\/fmgente.com.ar\/web\/#organization","name":"Fm Gente","url":"https:\/\/fmgente.com.ar\/web\/","logo":{"@type":"ImageObject","inLanguage":"es","@id":"https:\/\/fmgente.com.ar\/web\/#\/schema\/logo\/image\/","url":"https:\/\/fmgente.com.ar\/web\/wp-content\/uploads\/2023\/07\/cropped-cropped-logo-sombra2.png","contentUrl":"https:\/\/fmgente.com.ar\/web\/wp-content\/uploads\/2023\/07\/cropped-cropped-logo-sombra2.png","width":1782,"height":1782,"caption":"Fm Gente"},"image":{"@id":"https:\/\/fmgente.com.ar\/web\/#\/schema\/logo\/image\/"}}]}},"_links":{"self":[{"href":"https:\/\/fmgente.com.ar\/web\/wp-json\/wp\/v2\/posts\/10318","targetHints":{"allow":["GET"]}}],"collection":[{"href":"https:\/\/fmgente.com.ar\/web\/wp-json\/wp\/v2\/posts"}],"about":[{"href":"https:\/\/fmgente.com.ar\/web\/wp-json\/wp\/v2\/types\/post"}],"replies":[{"embeddable":true,"href":"https:\/\/fmgente.com.ar\/web\/wp-json\/wp\/v2\/comments?post=10318"}],"version-history":[{"count":0,"href":"https:\/\/fmgente.com.ar\/web\/wp-json\/wp\/v2\/posts\/10318\/revisions"}],"wp:featuredmedia":[{"embeddable":true,"href":"https:\/\/fmgente.com.ar\/web\/wp-json\/wp\/v2\/media\/10319"}],"wp:attachment":[{"href":"https:\/\/fmgente.com.ar\/web\/wp-json\/wp\/v2\/media?parent=10318"}],"wp:term":[{"taxonomy":"category","embeddable":true,"href":"https:\/\/fmgente.com.ar\/web\/wp-json\/wp\/v2\/categories?post=10318"},{"taxonomy":"post_tag","embeddable":true,"href":"https:\/\/fmgente.com.ar\/web\/wp-json\/wp\/v2\/tags?post=10318"}],"curies":[{"name":"wp","href":"https:\/\/api.w.org\/{rel}","templated":true}]}}